{"id":12590,"date":"2018-12-04T20:17:31","date_gmt":"2018-12-04T20:17:31","guid":{"rendered":"http:\/\/www2.tecdmx.org.mx\/?p=12590"},"modified":"2019-01-03T20:22:16","modified_gmt":"2019-01-03T20:22:16","slug":"confirma-tecdmx-resolucion-del-consejo-general-del-iecm-sobre-perdida-de-registro-del-partido-humanista-como-partido-politico-local","status":"publish","type":"post","link":"https:\/\/www.tecdmx.org.mx\/index.php\/destacados\/2018\/12\/04\/confirma-tecdmx-resolucion-del-consejo-general-del-iecm-sobre-perdida-de-registro-del-partido-humanista-como-partido-politico-local\/","title":{"rendered":"Confirma TECDMX resoluci\u00f3n del Consejo General del IECM sobre p\u00e9rdida de registro del Partido Humanista como partido pol\u00edtico local"},"content":{"rendered":"<ul>\n<li>La p\u00e9rdida del registro es consecuencia de no haber obtenido al menos el tres por ciento de la votaci\u00f3n v\u00e1lida emitida en la jornada electoral llevada a cabo este a\u00f1o.<\/li>\n<li>Se resolvieron cinco Procedimientos Especiales Sancionadores y dos juicios electorales.<\/li>\n<\/ul>\n<p>Esta tarde, el Magistrado Presidente, Gustavo Anzaldo Hern\u00e1ndez, las Magistradas Alejandra Ch\u00e1vez Camarena y Martha Mercado Ram\u00edrez, as\u00ed como los Magistrados Armando Hern\u00e1ndez Cruz y Juan Carlos S\u00e1nchez Le\u00f3n, celebraron Sesi\u00f3n P\u00fablica en la que resolvieron diversos asuntos.<\/p>\n<p>En el juicio TECDMX-JEL-339\/2018, promovido por Luis Daniel Olivera Benhumea, quien controvierte la omisi\u00f3n de la entonces Jefatura Delegacional en Coyoac\u00e1n, as\u00ed como de la actual Alcald\u00eda en dicha demarcaci\u00f3n territorial, de ejecutar los proyectos \u201cInstalaci\u00f3n y Mantenimiento de Luminarias en toda la colonia, hasta donde alcance el presupuesto\u201d, que resultaron ganadores de la Consulta sobre Presupuesto Participativo 2017 y 2018, as\u00ed como la falta de participaci\u00f3n en cuanto a la vigilancia en su ejecuci\u00f3n por parte del Comit\u00e9 Ciudadano de la colonia CTM V Culhuac\u00e1n; el Pleno determin\u00f3 declarar la inexistencia de las omisiones antes mencionadas.<\/p>\n<p>Respecto al juicio TECDMX-JEL-341\/2018, promovido por el Partido Humanista para controvertir la resoluci\u00f3n del Consejo General del Instituto Electoral de la Ciudad de M\u00e9xico por el que determin\u00f3 declarar la p\u00e9rdida de su registro como partido pol\u00edtico local, al no haber obtenido por lo menos el tres por ciento de la votaci\u00f3n v\u00e1lida emitida en las elecciones correspondientes a la Jefatura de Gobierno, Diputaciones y Alcald\u00edas de la Ciudad de M\u00e9xico; las Magistraturas confirmaron el acuerdo en lo que fue materia de impugnaci\u00f3n.<\/p>\n<p>Al resolver el procedimiento TECDMX- PES-205\/2018, promovido por Morena en contra de Edgar Jim\u00e9nez Santill\u00e1n por el presunto uso indebido de recursos p\u00fablicos e inducci\u00f3n al voto; y de Alejandra Barrales Magdaleno y el Partido de la Revoluci\u00f3n Democr\u00e1tica por supuesta inducci\u00f3n al voto, derivado de la presunta entrega de computadoras port\u00e1tiles a j\u00f3venes a cambio de votar por Alejandra Barrales; el Pleno determin\u00f3 declarar la inexistencia de los hechos denunciados.<\/p>\n<p>Sobre el procedimiento TECDMX-PES-244\/2018, iniciado de manera oficiosa por el Instituto Electoral en contra de \u201cFM Medios Publicitarios\u201d por la elaboraci\u00f3n, colocaci\u00f3n y retiro de propaganda relacionada con el Informe de Labores del entonces Diputado V\u00edctor Hugo Romo Guerra, y Carlos Oth\u00f3n Arciniega Molina por la contrataci\u00f3n y pago a la persona jur\u00eddica antes se\u00f1alada; las Magistradas y Magistrados determinaron la existencia de las conductas denunciadas y sancion\u00f3 a los involucrados con amonestaci\u00f3n.<\/p>\n<p>En el procedimiento TECDMX-PES-245\/2018, Morena acusaba a Jos\u00e9 David Rodr\u00edguez Lara por presunta coacci\u00f3n del voto, uso indebido de recursos p\u00fablicos y de programas sociales con fines electorales; asimismo en contra de Oscar Ulises Garc\u00eda Cervantes, Margarita Mart\u00ednez Fisher, Alejandra Barrales Magdaleno y Coalici\u00f3n \u201cPor la CDMX al frente\u201d; y, en contra de Jos\u00e9 de Jes\u00fas Su\u00e1rez Garc\u00eda y Leticia Ordo\u00f1ez L\u00f3pez, por la supuesta coacci\u00f3n del voto.<\/p>\n<p>Sobre el particular, las Magistraturas resolvieron sobreseer las conductas atribuidas a Rodr\u00edguez Lara, Garc\u00eda Cervantes, Mart\u00ednez Fisher, Barrales Magdaleno y la citada coalici\u00f3n al actualizarse la causal de cosa juzgada; asimismo declararon la inexistencia de los hechos atribuidos a Su\u00e1rez Garc\u00eda y Ord\u00f3\u00f1ez L\u00f3pez.<\/p>\n<p>Al resolver el procedimiento TECDMX-PES-246\/2018, promovido por Andrea Victoria Valle P\u00e9rez en contra de Elizabeth Mateos Hern\u00e1ndez y de la Delegaci\u00f3n Iztacalco por el supuesto uso indebido de recursos p\u00fablicos, derivado de la realizaci\u00f3n del evento de cierre de campa\u00f1a en la explanada de la delegaci\u00f3n; el Pleno determin\u00f3 sobreseer el procedimiento respecto a Mateos Hern\u00e1ndez al no tener la calidad de servidora p\u00fablica y declarar la inexistencia respecto a dicha Delegaci\u00f3n.<\/p>\n<p>Finalmente, en el procedimiento TECDMX-PES-247\/2018, promovido por Morena en contra de Jos\u00e9 Augusto Vel\u00e1zquez Ibarra y la Coalici\u00f3n \u201cPor la CDMX al Frente\u201d por el supuesto uso indebido de recursos p\u00fablicos, de programas sociales y de inducci\u00f3n o coacci\u00f3n al voto; las Magistradas y Magistrados determinaron sobreseer el procedimiento al actualizarse la causal consistente en la cosa juzgada.<\/p>\n","protected":false},"excerpt":{"rendered":"<p>La p\u00e9rdida del registro es consecuencia de no haber obtenido al menos el tres por ciento de la votaci\u00f3n v\u00e1lida emitida en la jornada electoral llevada a cabo este a\u00f1o. [&hellip;]<\/p>\n","protected":false},"author":13,"featured_media":3208,"comment_status":"open","ping_status":"open","sticky":false,"template":"","format":"standard","meta":{"_acf_changed":false,"_exactmetrics_skip_tracking":false,"_exactmetrics_sitenote_active":false,"_exactmetrics_sitenote_note":"","_exactmetrics_sitenote_category":0,"footnotes":""},"categories":[32,47],"tags":[],"acf":[],"yoast_head":"<!-- This site is optimized with the Yoast SEO plugin v22.3 - https:\/\/yoast.com\/wordpress\/plugins\/seo\/ -->\n<title>Confirma TECDMX resoluci\u00f3n del Consejo General del IECM sobre p\u00e9rdida de registro del Partido Humanista como partido pol\u00edtico local - Tribunal Electoral de la Ciudad de M\u00e9xico<\/title>\n<meta name=\"robots\" content=\"index, follow, max-snippet:-1, max-image-preview:large, max-video-preview:-1\" \/>\n<link rel=\"canonical\" href=\"https:\/\/www.tecdmx.org.mx\/index.php\/destacados\/2018\/12\/04\/confirma-tecdmx-resolucion-del-consejo-general-del-iecm-sobre-perdida-de-registro-del-partido-humanista-como-partido-politico-local\/\" \/>\n<meta property=\"og:locale\" content=\"es_ES\" \/>\n<meta property=\"og:type\" content=\"article\" \/>\n<meta property=\"og:title\" content=\"Confirma TECDMX resoluci\u00f3n del Consejo General del IECM sobre p\u00e9rdida de registro del Partido Humanista como partido pol\u00edtico local - Tribunal Electoral de la Ciudad de M\u00e9xico\" \/>\n<meta property=\"og:description\" content=\"La p\u00e9rdida del registro es consecuencia de no haber obtenido al menos el tres por ciento de la votaci\u00f3n v\u00e1lida emitida en la jornada electoral llevada a cabo este a\u00f1o. [&hellip;]\" \/>\n<meta property=\"og:url\" content=\"https:\/\/www.tecdmx.org.mx\/index.php\/destacados\/2018\/12\/04\/confirma-tecdmx-resolucion-del-consejo-general-del-iecm-sobre-perdida-de-registro-del-partido-humanista-como-partido-politico-local\/\" \/>\n<meta property=\"og:site_name\" content=\"Tribunal Electoral de la Ciudad de M\u00e9xico\" \/>\n<meta property=\"article:publisher\" content=\"https:\/\/www.facebook.com\/TECDMX\/\" \/>\n<meta property=\"article:published_time\" content=\"2018-12-04T20:17:31+00:00\" \/>\n<meta property=\"article:modified_time\" content=\"2019-01-03T20:22:16+00:00\" \/>\n<meta property=\"og:image\" content=\"https:\/\/www.tecdmx.org.mx\/wp-content\/uploads\/2018\/07\/COMUNICADO.jpg\" \/>\n\t<meta property=\"og:image:width\" content=\"2247\" \/>\n\t<meta property=\"og:image:height\" content=\"1277\" \/>\n\t<meta property=\"og:image:type\" content=\"image\/jpeg\" \/>\n<meta name=\"author\" content=\"Difusion2025\" \/>\n<meta name=\"twitter:card\" content=\"summary_large_image\" \/>\n<meta name=\"twitter:creator\" content=\"@tecdmx\" \/>\n<meta name=\"twitter:site\" content=\"@tecdmx\" \/>\n<meta name=\"twitter:label1\" content=\"Escrito por\" \/>\n\t<meta name=\"twitter:data1\" content=\"Difusion2025\" \/>\n\t<meta name=\"twitter:label2\" content=\"Tiempo de lectura\" \/>\n\t<meta name=\"twitter:data2\" content=\"4 minutos\" \/>\n<script type=\"application\/ld+json\" class=\"yoast-schema-graph\">{\"@context\":\"https:\/\/schema.org\",\"@graph\":[{\"@type\":\"WebPage\",\"@id\":\"https:\/\/www.tecdmx.org.mx\/index.php\/destacados\/2018\/12\/04\/confirma-tecdmx-resolucion-del-consejo-general-del-iecm-sobre-perdida-de-registro-del-partido-humanista-como-partido-politico-local\/\",\"url\":\"https:\/\/www.tecdmx.org.mx\/index.php\/destacados\/2018\/12\/04\/confirma-tecdmx-resolucion-del-consejo-general-del-iecm-sobre-perdida-de-registro-del-partido-humanista-como-partido-politico-local\/\",\"name\":\"Confirma TECDMX resoluci\u00f3n del Consejo General del IECM sobre p\u00e9rdida de registro del Partido Humanista como partido pol\u00edtico local - Tribunal Electoral de la Ciudad de M\u00e9xico\",\"isPartOf\":{\"@id\":\"https:\/\/www.tecdmx.org.mx\/#website\"},\"primaryImageOfPage\":{\"@id\":\"https:\/\/www.tecdmx.org.mx\/index.php\/destacados\/2018\/12\/04\/confirma-tecdmx-resolucion-del-consejo-general-del-iecm-sobre-perdida-de-registro-del-partido-humanista-como-partido-politico-local\/#primaryimage\"},\"image\":{\"@id\":\"https:\/\/www.tecdmx.org.mx\/index.php\/destacados\/2018\/12\/04\/confirma-tecdmx-resolucion-del-consejo-general-del-iecm-sobre-perdida-de-registro-del-partido-humanista-como-partido-politico-local\/#primaryimage\"},\"thumbnailUrl\":\"https:\/\/www.tecdmx.org.mx\/wp-content\/uploads\/2018\/07\/COMUNICADO.jpg\",\"datePublished\":\"2018-12-04T20:17:31+00:00\",\"dateModified\":\"2019-01-03T20:22:16+00:00\",\"author\":{\"@id\":\"https:\/\/www.tecdmx.org.mx\/#\/schema\/person\/208c898199fb3234203823c5f0cf31d6\"},\"breadcrumb\":{\"@id\":\"https:\/\/www.tecdmx.org.mx\/index.php\/destacados\/2018\/12\/04\/confirma-tecdmx-resolucion-del-consejo-general-del-iecm-sobre-perdida-de-registro-del-partido-humanista-como-partido-politico-local\/#breadcrumb\"},\"inLanguage\":\"es\",\"potentialAction\":[{\"@type\":\"ReadAction\",\"target\":[\"https:\/\/www.tecdmx.org.mx\/index.php\/destacados\/2018\/12\/04\/confirma-tecdmx-resolucion-del-consejo-general-del-iecm-sobre-perdida-de-registro-del-partido-humanista-como-partido-politico-local\/\"]}]},{\"@type\":\"ImageObject\",\"inLanguage\":\"es\",\"@id\":\"https:\/\/www.tecdmx.org.mx\/index.php\/destacados\/2018\/12\/04\/confirma-tecdmx-resolucion-del-consejo-general-del-iecm-sobre-perdida-de-registro-del-partido-humanista-como-partido-politico-local\/#primaryimage\",\"url\":\"https:\/\/www.tecdmx.org.mx\/wp-content\/uploads\/2018\/07\/COMUNICADO.jpg\",\"contentUrl\":\"https:\/\/www.tecdmx.org.mx\/wp-content\/uploads\/2018\/07\/COMUNICADO.jpg\",\"width\":2247,\"height\":1277},{\"@type\":\"BreadcrumbList\",\"@id\":\"https:\/\/www.tecdmx.org.mx\/index.php\/destacados\/2018\/12\/04\/confirma-tecdmx-resolucion-del-consejo-general-del-iecm-sobre-perdida-de-registro-del-partido-humanista-como-partido-politico-local\/#breadcrumb\",\"itemListElement\":[{\"@type\":\"ListItem\",\"position\":1,\"name\":\"Portada\",\"item\":\"https:\/\/www.tecdmx.org.mx\/\"},{\"@type\":\"ListItem\",\"position\":2,\"name\":\"Confirma TECDMX resoluci\u00f3n del Consejo General del IECM sobre p\u00e9rdida de registro del Partido Humanista como partido pol\u00edtico local\"}]},{\"@type\":\"WebSite\",\"@id\":\"https:\/\/www.tecdmx.org.mx\/#website\",\"url\":\"https:\/\/www.tecdmx.org.mx\/\",\"name\":\"Tribunal Electoral de la Ciudad de M\u00e9xico\",\"description\":\"25 a\u00f1os garantizando justicia en tu elecci\u00f3n\",\"potentialAction\":[{\"@type\":\"SearchAction\",\"target\":{\"@type\":\"EntryPoint\",\"urlTemplate\":\"https:\/\/www.tecdmx.org.mx\/?s={search_term_string}\"},\"query-input\":\"required name=search_term_string\"}],\"inLanguage\":\"es\"},{\"@type\":\"Person\",\"@id\":\"https:\/\/www.tecdmx.org.mx\/#\/schema\/person\/208c898199fb3234203823c5f0cf31d6\",\"name\":\"Difusion2025\",\"image\":{\"@type\":\"ImageObject\",\"inLanguage\":\"es\",\"@id\":\"https:\/\/www.tecdmx.org.mx\/#\/schema\/person\/image\/\",\"url\":\"https:\/\/secure.gravatar.com\/avatar\/6f7a4ba3acb418040e90a2eb99b5df28?s=96&d=mm&r=g\",\"contentUrl\":\"https:\/\/secure.gravatar.com\/avatar\/6f7a4ba3acb418040e90a2eb99b5df28?s=96&d=mm&r=g\",\"caption\":\"Difusion2025\"}}]}<\/script>\n<!-- \/ Yoast SEO plugin. -->","yoast_head_json":{"title":"Confirma TECDMX resoluci\u00f3n del Consejo General del IECM sobre p\u00e9rdida de registro del Partido Humanista como partido pol\u00edtico local - Tribunal Electoral de la Ciudad de M\u00e9xico","robots":{"index":"index","follow":"follow","max-snippet":"max-snippet:-1","max-image-preview":"max-image-preview:large","max-video-preview":"max-video-preview:-1"},"canonical":"https:\/\/www.tecdmx.org.mx\/index.php\/destacados\/2018\/12\/04\/confirma-tecdmx-resolucion-del-consejo-general-del-iecm-sobre-perdida-de-registro-del-partido-humanista-como-partido-politico-local\/","og_locale":"es_ES","og_type":"article","og_title":"Confirma TECDMX resoluci\u00f3n del Consejo General del IECM sobre p\u00e9rdida de registro del Partido Humanista como partido pol\u00edtico local - Tribunal Electoral de la Ciudad de M\u00e9xico","og_description":"La p\u00e9rdida del registro es consecuencia de no haber obtenido al menos el tres por ciento de la votaci\u00f3n v\u00e1lida emitida en la jornada electoral llevada a cabo este a\u00f1o. [&hellip;]","og_url":"https:\/\/www.tecdmx.org.mx\/index.php\/destacados\/2018\/12\/04\/confirma-tecdmx-resolucion-del-consejo-general-del-iecm-sobre-perdida-de-registro-del-partido-humanista-como-partido-politico-local\/","og_site_name":"Tribunal Electoral de la Ciudad de M\u00e9xico","article_publisher":"https:\/\/www.facebook.com\/TECDMX\/","article_published_time":"2018-12-04T20:17:31+00:00","article_modified_time":"2019-01-03T20:22:16+00:00","og_image":[{"width":2247,"height":1277,"url":"https:\/\/www.tecdmx.org.mx\/wp-content\/uploads\/2018\/07\/COMUNICADO.jpg","type":"image\/jpeg"}],"author":"Difusion2025","twitter_card":"summary_large_image","twitter_creator":"@tecdmx","twitter_site":"@tecdmx","twitter_misc":{"Escrito por":"Difusion2025","Tiempo de lectura":"4 minutos"},"schema":{"@context":"https:\/\/schema.org","@graph":[{"@type":"WebPage","@id":"https:\/\/www.tecdmx.org.mx\/index.php\/destacados\/2018\/12\/04\/confirma-tecdmx-resolucion-del-consejo-general-del-iecm-sobre-perdida-de-registro-del-partido-humanista-como-partido-politico-local\/","url":"https:\/\/www.tecdmx.org.mx\/index.php\/destacados\/2018\/12\/04\/confirma-tecdmx-resolucion-del-consejo-general-del-iecm-sobre-perdida-de-registro-del-partido-humanista-como-partido-politico-local\/","name":"Confirma TECDMX resoluci\u00f3n del Consejo General del IECM sobre p\u00e9rdida de registro del Partido Humanista como partido pol\u00edtico local - Tribunal Electoral de la Ciudad de M\u00e9xico","isPartOf":{"@id":"https:\/\/www.tecdmx.org.mx\/#website"},"primaryImageOfPage":{"@id":"https:\/\/www.tecdmx.org.mx\/index.php\/destacados\/2018\/12\/04\/confirma-tecdmx-resolucion-del-consejo-general-del-iecm-sobre-perdida-de-registro-del-partido-humanista-como-partido-politico-local\/#primaryimage"},"image":{"@id":"https:\/\/www.tecdmx.org.mx\/index.php\/destacados\/2018\/12\/04\/confirma-tecdmx-resolucion-del-consejo-general-del-iecm-sobre-perdida-de-registro-del-partido-humanista-como-partido-politico-local\/#primaryimage"},"thumbnailUrl":"https:\/\/www.tecdmx.org.mx\/wp-content\/uploads\/2018\/07\/COMUNICADO.jpg","datePublished":"2018-12-04T20:17:31+00:00","dateModified":"2019-01-03T20:22:16+00:00","author":{"@id":"https:\/\/www.tecdmx.org.mx\/#\/schema\/person\/208c898199fb3234203823c5f0cf31d6"},"breadcrumb":{"@id":"https:\/\/www.tecdmx.org.mx\/index.php\/destacados\/2018\/12\/04\/confirma-tecdmx-resolucion-del-consejo-general-del-iecm-sobre-perdida-de-registro-del-partido-humanista-como-partido-politico-local\/#breadcrumb"},"inLanguage":"es","potentialAction":[{"@type":"ReadAction","target":["https:\/\/www.tecdmx.org.mx\/index.php\/destacados\/2018\/12\/04\/confirma-tecdmx-resolucion-del-consejo-general-del-iecm-sobre-perdida-de-registro-del-partido-humanista-como-partido-politico-local\/"]}]},{"@type":"ImageObject","inLanguage":"es","@id":"https:\/\/www.tecdmx.org.mx\/index.php\/destacados\/2018\/12\/04\/confirma-tecdmx-resolucion-del-consejo-general-del-iecm-sobre-perdida-de-registro-del-partido-humanista-como-partido-politico-local\/#primaryimage","url":"https:\/\/www.tecdmx.org.mx\/wp-content\/uploads\/2018\/07\/COMUNICADO.jpg","contentUrl":"https:\/\/www.tecdmx.org.mx\/wp-content\/uploads\/2018\/07\/COMUNICADO.jpg","width":2247,"height":1277},{"@type":"BreadcrumbList","@id":"https:\/\/www.tecdmx.org.mx\/index.php\/destacados\/2018\/12\/04\/confirma-tecdmx-resolucion-del-consejo-general-del-iecm-sobre-perdida-de-registro-del-partido-humanista-como-partido-politico-local\/#breadcrumb","itemListElement":[{"@type":"ListItem","position":1,"name":"Portada","item":"https:\/\/www.tecdmx.org.mx\/"},{"@type":"ListItem","position":2,"name":"Confirma TECDMX resoluci\u00f3n del Consejo General del IECM sobre p\u00e9rdida de registro del Partido Humanista como partido pol\u00edtico local"}]},{"@type":"WebSite","@id":"https:\/\/www.tecdmx.org.mx\/#website","url":"https:\/\/www.tecdmx.org.mx\/","name":"Tribunal Electoral de la Ciudad de M\u00e9xico","description":"25 a\u00f1os garantizando justicia en tu elecci\u00f3n","potentialAction":[{"@type":"SearchAction","target":{"@type":"EntryPoint","urlTemplate":"https:\/\/www.tecdmx.org.mx\/?s={search_term_string}"},"query-input":"required name=search_term_string"}],"inLanguage":"es"},{"@type":"Person","@id":"https:\/\/www.tecdmx.org.mx\/#\/schema\/person\/208c898199fb3234203823c5f0cf31d6","name":"Difusion2025","image":{"@type":"ImageObject","inLanguage":"es","@id":"https:\/\/www.tecdmx.org.mx\/#\/schema\/person\/image\/","url":"https:\/\/secure.gravatar.com\/avatar\/6f7a4ba3acb418040e90a2eb99b5df28?s=96&d=mm&r=g","contentUrl":"https:\/\/secure.gravatar.com\/avatar\/6f7a4ba3acb418040e90a2eb99b5df28?s=96&d=mm&r=g","caption":"Difusion2025"}}]}},"_links":{"self":[{"href":"https:\/\/www.tecdmx.org.mx\/index.php\/wp-json\/wp\/v2\/posts\/12590"}],"collection":[{"href":"https:\/\/www.tecdmx.org.mx\/index.php\/wp-json\/wp\/v2\/posts"}],"about":[{"href":"https:\/\/www.tecdmx.org.mx\/index.php\/wp-json\/wp\/v2\/types\/post"}],"author":[{"embeddable":true,"href":"https:\/\/www.tecdmx.org.mx\/index.php\/wp-json\/wp\/v2\/users\/13"}],"replies":[{"embeddable":true,"href":"https:\/\/www.tecdmx.org.mx\/index.php\/wp-json\/wp\/v2\/comments?post=12590"}],"version-history":[{"count":1,"href":"https:\/\/www.tecdmx.org.mx\/index.php\/wp-json\/wp\/v2\/posts\/12590\/revisions"}],"predecessor-version":[{"id":12592,"href":"https:\/\/www.tecdmx.org.mx\/index.php\/wp-json\/wp\/v2\/posts\/12590\/revisions\/12592"}],"wp:featuredmedia":[{"embeddable":true,"href":"https:\/\/www.tecdmx.org.mx\/index.php\/wp-json\/wp\/v2\/media\/3208"}],"wp:attachment":[{"href":"https:\/\/www.tecdmx.org.mx\/index.php\/wp-json\/wp\/v2\/media?parent=12590"}],"wp:term":[{"taxonomy":"category","embeddable":true,"href":"https:\/\/www.tecdmx.org.mx\/index.php\/wp-json\/wp\/v2\/categories?post=12590"},{"taxonomy":"post_tag","embeddable":true,"href":"https:\/\/www.tecdmx.org.mx\/index.php\/wp-json\/wp\/v2\/tags?post=12590"}],"curies":[{"name":"wp","href":"https:\/\/api.w.org\/{rel}","templated":true}]}}