{"id":12708,"date":"2019-04-29T21:38:12","date_gmt":"2019-04-29T21:38:12","guid":{"rendered":"http:\/\/www2.tecdmx.org.mx\/?p=12708"},"modified":"2019-04-29T21:38:50","modified_gmt":"2019-04-29T21:38:50","slug":"recibe-tecdmx-a-representantes-de-pueblos-originarios-y-colonias-de-la-demarcacion-xochimilco","status":"publish","type":"post","link":"https:\/\/www.tecdmx.org.mx\/index.php\/comunicados\/2019\/04\/29\/recibe-tecdmx-a-representantes-de-pueblos-originarios-y-colonias-de-la-demarcacion-xochimilco\/","title":{"rendered":"Recibe TECDMX a representantes de pueblos originarios y colonias de la demarcaci\u00f3n Xochimilco."},"content":{"rendered":"\n<p>En la audiencia estuvieron presentes, el Magistrado en funciones de Presidente, Juan Carlos S\u00e1nchez Le\u00f3n, la Magistrada Martha Mercado Ram\u00edrez y el Magistrado Armando Hern\u00e1ndez Cruz<\/p>\n\n\n\n<p>Con el objetivo de garantizar el derecho de audiencia de la ciudadan\u00eda y con miras a conocer las inquietudes de la misma respecto a la resoluci\u00f3n relativa a la elecci\u00f3n de Coordinaciones Territoriales en la demarcaci\u00f3n Xochimilco, emitida por parte de la Sala Regional Ciudad de M\u00e9xico del Tribunal Electoral del Poder Judicial de la Federaci\u00f3n, as\u00ed como a los avances que ha realizado este \u00d3rgano Jurisdiccional sobre el particular, integrantes del Pleno de este Tribunal Electoral recibieron en audiencia a representantes de 14 pueblos originarios y dos colonias de Xochimilco.<\/p>\n\n\n\n<p>En la audiencia, el Magistrado en funciones de Presidente, Juan Carlos S\u00e1nchez Le\u00f3n, le reiter\u00f3 a las y los representantes que el Tribunal Electoral de la Ciudad de M\u00e9xico respetar\u00e1 y garantizar\u00e1 en todo momento sus derechos pol\u00edtico-electorales, as\u00ed como que destac\u00f3 la importancia de la audiencia sostenida para conocer de mejor manera las inquietudes sobre las elecciones de Coordinaci\u00f3n Territorial en la demarcaci\u00f3n Xochimilco.<\/p>\n\n\n\n<p>La comitiva de representaci\u00f3n, integrada por una treintena de personas, solicit\u00f3 a las Magistraturas resolver lo ordenado por la Sala Regional CDMX de manera expedita, siendo sensibles con las necesidades de los pueblos y barrios originarios, as\u00ed como respetar los resultados de las elecciones que se han dado en al menos 4 pueblos.<\/p>\n\n\n\n<p>Por su parte, y una vez escuchadas las inquietudes de todas las personas que desearon hacer uso de la voz, integrantes del Pleno les dieron a conocer que realizar\u00e1n los estudios ordenados por la Sala Regional de manera particular en cada uno de los pueblos y barrios originarios de la demarcaci\u00f3n y que resolver\u00e1n los expedientes a la brevedad posible.<\/p>\n","protected":false},"excerpt":{"rendered":"<p>En la audiencia estuvieron presentes, el Magistrado en funciones de Presidente, Juan Carlos S\u00e1nchez Le\u00f3n, la Magistrada Martha Mercado Ram\u00edrez y el Magistrado Armando Hern\u00e1ndez Cruz Con el objetivo de [&hellip;]<\/p>\n","protected":false},"author":13,"featured_media":12606,"comment_status":"open","ping_status":"open","sticky":false,"template":"","format":"standard","meta":{"_acf_changed":false,"_exactmetrics_skip_tracking":false,"_exactmetrics_sitenote_active":false,"_exactmetrics_sitenote_note":"","_exactmetrics_sitenote_category":0,"footnotes":""},"categories":[32,47],"tags":[59,58],"acf":[],"yoast_head":"<!-- This site is optimized with the Yoast SEO plugin v22.3 - https:\/\/yoast.com\/wordpress\/plugins\/seo\/ -->\n<title>Recibe TECDMX a representantes de pueblos originarios y colonias de la demarcaci\u00f3n Xochimilco. - Tribunal Electoral de la Ciudad de M\u00e9xico<\/title>\n<meta name=\"robots\" content=\"index, follow, max-snippet:-1, max-image-preview:large, max-video-preview:-1\" \/>\n<link rel=\"canonical\" href=\"https:\/\/www.tecdmx.org.mx\/index.php\/comunicados\/2019\/04\/29\/recibe-tecdmx-a-representantes-de-pueblos-originarios-y-colonias-de-la-demarcacion-xochimilco\/\" \/>\n<meta property=\"og:locale\" content=\"es_ES\" \/>\n<meta property=\"og:type\" content=\"article\" \/>\n<meta property=\"og:title\" content=\"Recibe TECDMX a representantes de pueblos originarios y colonias de la demarcaci\u00f3n Xochimilco. - Tribunal Electoral de la Ciudad de M\u00e9xico\" \/>\n<meta property=\"og:description\" content=\"En la audiencia estuvieron presentes, el Magistrado en funciones de Presidente, Juan Carlos S\u00e1nchez Le\u00f3n, la Magistrada Martha Mercado Ram\u00edrez y el Magistrado Armando Hern\u00e1ndez Cruz Con el objetivo de [&hellip;]\" \/>\n<meta property=\"og:url\" content=\"https:\/\/www.tecdmx.org.mx\/index.php\/comunicados\/2019\/04\/29\/recibe-tecdmx-a-representantes-de-pueblos-originarios-y-colonias-de-la-demarcacion-xochimilco\/\" \/>\n<meta property=\"og:site_name\" content=\"Tribunal Electoral de la Ciudad de M\u00e9xico\" \/>\n<meta property=\"article:publisher\" content=\"https:\/\/www.facebook.com\/TECDMX\/\" \/>\n<meta property=\"article:published_time\" content=\"2019-04-29T21:38:12+00:00\" \/>\n<meta property=\"article:modified_time\" content=\"2019-04-29T21:38:50+00:00\" \/>\n<meta property=\"og:image\" content=\"https:\/\/www.tecdmx.org.mx\/wp-content\/uploads\/2019\/04\/COMUNICADO-1.jpg\" \/>\n\t<meta property=\"og:image:width\" content=\"2247\" \/>\n\t<meta property=\"og:image:height\" content=\"1277\" \/>\n\t<meta property=\"og:image:type\" content=\"image\/jpeg\" \/>\n<meta name=\"author\" content=\"Difusion2025\" \/>\n<meta name=\"twitter:card\" content=\"summary_large_image\" \/>\n<meta name=\"twitter:creator\" content=\"@tecdmx\" \/>\n<meta name=\"twitter:site\" content=\"@tecdmx\" \/>\n<meta name=\"twitter:label1\" content=\"Escrito por\" \/>\n\t<meta name=\"twitter:data1\" content=\"Difusion2025\" \/>\n\t<meta name=\"twitter:label2\" content=\"Tiempo de lectura\" \/>\n\t<meta name=\"twitter:data2\" content=\"2 minutos\" \/>\n<script type=\"application\/ld+json\" class=\"yoast-schema-graph\">{\"@context\":\"https:\/\/schema.org\",\"@graph\":[{\"@type\":\"WebPage\",\"@id\":\"https:\/\/www.tecdmx.org.mx\/index.php\/comunicados\/2019\/04\/29\/recibe-tecdmx-a-representantes-de-pueblos-originarios-y-colonias-de-la-demarcacion-xochimilco\/\",\"url\":\"https:\/\/www.tecdmx.org.mx\/index.php\/comunicados\/2019\/04\/29\/recibe-tecdmx-a-representantes-de-pueblos-originarios-y-colonias-de-la-demarcacion-xochimilco\/\",\"name\":\"Recibe TECDMX a representantes de pueblos originarios y colonias de la demarcaci\u00f3n Xochimilco. - Tribunal Electoral de la Ciudad de M\u00e9xico\",\"isPartOf\":{\"@id\":\"https:\/\/www.tecdmx.org.mx\/#website\"},\"primaryImageOfPage\":{\"@id\":\"https:\/\/www.tecdmx.org.mx\/index.php\/comunicados\/2019\/04\/29\/recibe-tecdmx-a-representantes-de-pueblos-originarios-y-colonias-de-la-demarcacion-xochimilco\/#primaryimage\"},\"image\":{\"@id\":\"https:\/\/www.tecdmx.org.mx\/index.php\/comunicados\/2019\/04\/29\/recibe-tecdmx-a-representantes-de-pueblos-originarios-y-colonias-de-la-demarcacion-xochimilco\/#primaryimage\"},\"thumbnailUrl\":\"https:\/\/www.tecdmx.org.mx\/wp-content\/uploads\/2019\/04\/COMUNICADO-1.jpg\",\"datePublished\":\"2019-04-29T21:38:12+00:00\",\"dateModified\":\"2019-04-29T21:38:50+00:00\",\"author\":{\"@id\":\"https:\/\/www.tecdmx.org.mx\/#\/schema\/person\/208c898199fb3234203823c5f0cf31d6\"},\"breadcrumb\":{\"@id\":\"https:\/\/www.tecdmx.org.mx\/index.php\/comunicados\/2019\/04\/29\/recibe-tecdmx-a-representantes-de-pueblos-originarios-y-colonias-de-la-demarcacion-xochimilco\/#breadcrumb\"},\"inLanguage\":\"es\",\"potentialAction\":[{\"@type\":\"ReadAction\",\"target\":[\"https:\/\/www.tecdmx.org.mx\/index.php\/comunicados\/2019\/04\/29\/recibe-tecdmx-a-representantes-de-pueblos-originarios-y-colonias-de-la-demarcacion-xochimilco\/\"]}]},{\"@type\":\"ImageObject\",\"inLanguage\":\"es\",\"@id\":\"https:\/\/www.tecdmx.org.mx\/index.php\/comunicados\/2019\/04\/29\/recibe-tecdmx-a-representantes-de-pueblos-originarios-y-colonias-de-la-demarcacion-xochimilco\/#primaryimage\",\"url\":\"https:\/\/www.tecdmx.org.mx\/wp-content\/uploads\/2019\/04\/COMUNICADO-1.jpg\",\"contentUrl\":\"https:\/\/www.tecdmx.org.mx\/wp-content\/uploads\/2019\/04\/COMUNICADO-1.jpg\",\"width\":2247,\"height\":1277},{\"@type\":\"BreadcrumbList\",\"@id\":\"https:\/\/www.tecdmx.org.mx\/index.php\/comunicados\/2019\/04\/29\/recibe-tecdmx-a-representantes-de-pueblos-originarios-y-colonias-de-la-demarcacion-xochimilco\/#breadcrumb\",\"itemListElement\":[{\"@type\":\"ListItem\",\"position\":1,\"name\":\"Portada\",\"item\":\"https:\/\/www.tecdmx.org.mx\/\"},{\"@type\":\"ListItem\",\"position\":2,\"name\":\"Recibe TECDMX a representantes de pueblos originarios y colonias de la demarcaci\u00f3n Xochimilco.\"}]},{\"@type\":\"WebSite\",\"@id\":\"https:\/\/www.tecdmx.org.mx\/#website\",\"url\":\"https:\/\/www.tecdmx.org.mx\/\",\"name\":\"Tribunal Electoral de la Ciudad de M\u00e9xico\",\"description\":\"25 a\u00f1os garantizando justicia en tu elecci\u00f3n\",\"potentialAction\":[{\"@type\":\"SearchAction\",\"target\":{\"@type\":\"EntryPoint\",\"urlTemplate\":\"https:\/\/www.tecdmx.org.mx\/?s={search_term_string}\"},\"query-input\":\"required name=search_term_string\"}],\"inLanguage\":\"es\"},{\"@type\":\"Person\",\"@id\":\"https:\/\/www.tecdmx.org.mx\/#\/schema\/person\/208c898199fb3234203823c5f0cf31d6\",\"name\":\"Difusion2025\",\"image\":{\"@type\":\"ImageObject\",\"inLanguage\":\"es\",\"@id\":\"https:\/\/www.tecdmx.org.mx\/#\/schema\/person\/image\/\",\"url\":\"https:\/\/secure.gravatar.com\/avatar\/6f7a4ba3acb418040e90a2eb99b5df28?s=96&d=mm&r=g\",\"contentUrl\":\"https:\/\/secure.gravatar.com\/avatar\/6f7a4ba3acb418040e90a2eb99b5df28?s=96&d=mm&r=g\",\"caption\":\"Difusion2025\"}}]}<\/script>\n<!-- \/ Yoast SEO plugin. -->","yoast_head_json":{"title":"Recibe TECDMX a representantes de pueblos originarios y colonias de la demarcaci\u00f3n Xochimilco. - Tribunal Electoral de la Ciudad de M\u00e9xico","robots":{"index":"index","follow":"follow","max-snippet":"max-snippet:-1","max-image-preview":"max-image-preview:large","max-video-preview":"max-video-preview:-1"},"canonical":"https:\/\/www.tecdmx.org.mx\/index.php\/comunicados\/2019\/04\/29\/recibe-tecdmx-a-representantes-de-pueblos-originarios-y-colonias-de-la-demarcacion-xochimilco\/","og_locale":"es_ES","og_type":"article","og_title":"Recibe TECDMX a representantes de pueblos originarios y colonias de la demarcaci\u00f3n Xochimilco. - Tribunal Electoral de la Ciudad de M\u00e9xico","og_description":"En la audiencia estuvieron presentes, el Magistrado en funciones de Presidente, Juan Carlos S\u00e1nchez Le\u00f3n, la Magistrada Martha Mercado Ram\u00edrez y el Magistrado Armando Hern\u00e1ndez Cruz Con el objetivo de [&hellip;]","og_url":"https:\/\/www.tecdmx.org.mx\/index.php\/comunicados\/2019\/04\/29\/recibe-tecdmx-a-representantes-de-pueblos-originarios-y-colonias-de-la-demarcacion-xochimilco\/","og_site_name":"Tribunal Electoral de la Ciudad de M\u00e9xico","article_publisher":"https:\/\/www.facebook.com\/TECDMX\/","article_published_time":"2019-04-29T21:38:12+00:00","article_modified_time":"2019-04-29T21:38:50+00:00","og_image":[{"width":2247,"height":1277,"url":"https:\/\/www.tecdmx.org.mx\/wp-content\/uploads\/2019\/04\/COMUNICADO-1.jpg","type":"image\/jpeg"}],"author":"Difusion2025","twitter_card":"summary_large_image","twitter_creator":"@tecdmx","twitter_site":"@tecdmx","twitter_misc":{"Escrito por":"Difusion2025","Tiempo de lectura":"2 minutos"},"schema":{"@context":"https:\/\/schema.org","@graph":[{"@type":"WebPage","@id":"https:\/\/www.tecdmx.org.mx\/index.php\/comunicados\/2019\/04\/29\/recibe-tecdmx-a-representantes-de-pueblos-originarios-y-colonias-de-la-demarcacion-xochimilco\/","url":"https:\/\/www.tecdmx.org.mx\/index.php\/comunicados\/2019\/04\/29\/recibe-tecdmx-a-representantes-de-pueblos-originarios-y-colonias-de-la-demarcacion-xochimilco\/","name":"Recibe TECDMX a representantes de pueblos originarios y colonias de la demarcaci\u00f3n Xochimilco. - Tribunal Electoral de la Ciudad de M\u00e9xico","isPartOf":{"@id":"https:\/\/www.tecdmx.org.mx\/#website"},"primaryImageOfPage":{"@id":"https:\/\/www.tecdmx.org.mx\/index.php\/comunicados\/2019\/04\/29\/recibe-tecdmx-a-representantes-de-pueblos-originarios-y-colonias-de-la-demarcacion-xochimilco\/#primaryimage"},"image":{"@id":"https:\/\/www.tecdmx.org.mx\/index.php\/comunicados\/2019\/04\/29\/recibe-tecdmx-a-representantes-de-pueblos-originarios-y-colonias-de-la-demarcacion-xochimilco\/#primaryimage"},"thumbnailUrl":"https:\/\/www.tecdmx.org.mx\/wp-content\/uploads\/2019\/04\/COMUNICADO-1.jpg","datePublished":"2019-04-29T21:38:12+00:00","dateModified":"2019-04-29T21:38:50+00:00","author":{"@id":"https:\/\/www.tecdmx.org.mx\/#\/schema\/person\/208c898199fb3234203823c5f0cf31d6"},"breadcrumb":{"@id":"https:\/\/www.tecdmx.org.mx\/index.php\/comunicados\/2019\/04\/29\/recibe-tecdmx-a-representantes-de-pueblos-originarios-y-colonias-de-la-demarcacion-xochimilco\/#breadcrumb"},"inLanguage":"es","potentialAction":[{"@type":"ReadAction","target":["https:\/\/www.tecdmx.org.mx\/index.php\/comunicados\/2019\/04\/29\/recibe-tecdmx-a-representantes-de-pueblos-originarios-y-colonias-de-la-demarcacion-xochimilco\/"]}]},{"@type":"ImageObject","inLanguage":"es","@id":"https:\/\/www.tecdmx.org.mx\/index.php\/comunicados\/2019\/04\/29\/recibe-tecdmx-a-representantes-de-pueblos-originarios-y-colonias-de-la-demarcacion-xochimilco\/#primaryimage","url":"https:\/\/www.tecdmx.org.mx\/wp-content\/uploads\/2019\/04\/COMUNICADO-1.jpg","contentUrl":"https:\/\/www.tecdmx.org.mx\/wp-content\/uploads\/2019\/04\/COMUNICADO-1.jpg","width":2247,"height":1277},{"@type":"BreadcrumbList","@id":"https:\/\/www.tecdmx.org.mx\/index.php\/comunicados\/2019\/04\/29\/recibe-tecdmx-a-representantes-de-pueblos-originarios-y-colonias-de-la-demarcacion-xochimilco\/#breadcrumb","itemListElement":[{"@type":"ListItem","position":1,"name":"Portada","item":"https:\/\/www.tecdmx.org.mx\/"},{"@type":"ListItem","position":2,"name":"Recibe TECDMX a representantes de pueblos originarios y colonias de la demarcaci\u00f3n Xochimilco."}]},{"@type":"WebSite","@id":"https:\/\/www.tecdmx.org.mx\/#website","url":"https:\/\/www.tecdmx.org.mx\/","name":"Tribunal Electoral de la Ciudad de M\u00e9xico","description":"25 a\u00f1os garantizando justicia en tu elecci\u00f3n","potentialAction":[{"@type":"SearchAction","target":{"@type":"EntryPoint","urlTemplate":"https:\/\/www.tecdmx.org.mx\/?s={search_term_string}"},"query-input":"required name=search_term_string"}],"inLanguage":"es"},{"@type":"Person","@id":"https:\/\/www.tecdmx.org.mx\/#\/schema\/person\/208c898199fb3234203823c5f0cf31d6","name":"Difusion2025","image":{"@type":"ImageObject","inLanguage":"es","@id":"https:\/\/www.tecdmx.org.mx\/#\/schema\/person\/image\/","url":"https:\/\/secure.gravatar.com\/avatar\/6f7a4ba3acb418040e90a2eb99b5df28?s=96&d=mm&r=g","contentUrl":"https:\/\/secure.gravatar.com\/avatar\/6f7a4ba3acb418040e90a2eb99b5df28?s=96&d=mm&r=g","caption":"Difusion2025"}}]}},"_links":{"self":[{"href":"https:\/\/www.tecdmx.org.mx\/index.php\/wp-json\/wp\/v2\/posts\/12708"}],"collection":[{"href":"https:\/\/www.tecdmx.org.mx\/index.php\/wp-json\/wp\/v2\/posts"}],"about":[{"href":"https:\/\/www.tecdmx.org.mx\/index.php\/wp-json\/wp\/v2\/types\/post"}],"author":[{"embeddable":true,"href":"https:\/\/www.tecdmx.org.mx\/index.php\/wp-json\/wp\/v2\/users\/13"}],"replies":[{"embeddable":true,"href":"https:\/\/www.tecdmx.org.mx\/index.php\/wp-json\/wp\/v2\/comments?post=12708"}],"version-history":[{"count":2,"href":"https:\/\/www.tecdmx.org.mx\/index.php\/wp-json\/wp\/v2\/posts\/12708\/revisions"}],"predecessor-version":[{"id":12711,"href":"https:\/\/www.tecdmx.org.mx\/index.php\/wp-json\/wp\/v2\/posts\/12708\/revisions\/12711"}],"wp:featuredmedia":[{"embeddable":true,"href":"https:\/\/www.tecdmx.org.mx\/index.php\/wp-json\/wp\/v2\/media\/12606"}],"wp:attachment":[{"href":"https:\/\/www.tecdmx.org.mx\/index.php\/wp-json\/wp\/v2\/media?parent=12708"}],"wp:term":[{"taxonomy":"category","embeddable":true,"href":"https:\/\/www.tecdmx.org.mx\/index.php\/wp-json\/wp\/v2\/categories?post=12708"},{"taxonomy":"post_tag","embeddable":true,"href":"https:\/\/www.tecdmx.org.mx\/index.php\/wp-json\/wp\/v2\/tags?post=12708"}],"curies":[{"name":"wp","href":"https:\/\/api.w.org\/{rel}","templated":true}]}}