{"id":13661,"date":"2019-05-02T07:44:02","date_gmt":"2019-05-02T07:44:02","guid":{"rendered":"http:\/\/www2.tecdmx.org.mx\/?p=13661"},"modified":"2019-08-02T19:45:11","modified_gmt":"2019-08-02T19:45:11","slug":"confirma-tecdmx-acuerdos-sobre-nueva-direccion-estatal-del-prd-en-la-ciudad-de-mexico","status":"publish","type":"post","link":"https:\/\/www.tecdmx.org.mx\/index.php\/comunicados\/2019\/05\/02\/confirma-tecdmx-acuerdos-sobre-nueva-direccion-estatal-del-prd-en-la-ciudad-de-mexico\/","title":{"rendered":"Confirma TECDMX acuerdos sobre nueva Direcci\u00f3n Estatal del PRD en la Ciudad de M\u00e9xico"},"content":{"rendered":"\n<ul><li>El Pleno\ndetermin\u00f3 que la Direcci\u00f3n\nNacional Extraordinaria del PRD ten\u00eda facultades para designar a los\nintegrantes de Direcciones Estatales.<\/li><li>Las\nMagistraturas resolvieron diversos asuntos relacionados con acuerdos de la\nJunta Administrativa del IECM sobre el Concurso de Oposici\u00f3n Abierto\npara seleccionar personal eventual que apoyar\u00e1 a los \u00d3rganos Desconcentrados\ndel citado Instituto durante el ejercicio fiscal 2019.<\/li><\/ul>\n\n\n\n<p>El Pleno del Tribunal Electoral de la\nCiudad de M\u00e9xico (TECDMX) celebr\u00f3 este jueves Sesi\u00f3n P\u00fablica en la que se\nresolvieron cinco Juicios Electorales y cinco Juicios para la Protecci\u00f3n de los\nDerechos Pol\u00edtico-Electorales de la Ciudadan\u00eda.<\/p>\n\n\n\n<p>En el juicio <strong>TECDMX-JLDC-011<\/strong> y sus acumulados <strong>TECDMX-JLDC-014, TECDMX-JLDC-015, TECDMX-JLDC-016 y TECDMX-JLDC-018<\/strong>,\ntodos ellos de 2019, promovidos por Ra\u00fal Antonio Flores Garc\u00eda y Jorge Alberto\nLamas Valverde en los que controvert\u00edan los acuerdos de la Direcci\u00f3n\nNacional Extraordinaria, a trav\u00e9s de los cuales se nombr\u00f3 a los integrantes de\nla Direcci\u00f3n Estatal y por el que dicho \u00f3rgano nacional asumir\u00eda las finanzas\ndel Partido en la Ciudad de M\u00e9xico; el Pleno resolvi\u00f3 <strong>confirmar los acuerdos impugnados<\/strong>.<\/p>\n\n\n\n<p>Del an\u00e1lisis\nefectuado se concluy\u00f3&nbsp; que la Direcci\u00f3n\nNacional se\u00f1al\u00f3 las causas para ajustar la estructura org\u00e1nica ante los\nresultados obtenidos en la contienda electoral pasada, a fin de proteger el\ninter\u00e9s superior de quienes militan en dicho instutituto y, con ello,\ngarantizar su funcionalidad.<\/p>\n\n\n\n<p>Igualmente, el\nPleno determin\u00f3 que la Direcci\u00f3n Nacional Extraordinaria contaba con las\nfacultades para designar a los integrantes de las Direcciones Estatales, en los\nEstados que as\u00ed considerara necesario, como ocurri\u00f3 en el caso de la Ciudad de\nM\u00e9xico, esto en ejercicio de su derecho de autodeterminaci\u00f3n y autoorganizaci\u00f3n.<\/p>\n\n\n\n<p>Posteriormente, en diversos juicios\nelectorales se controvirtieron acuerdos emitidos por la Junta Administrativa\ndel Instituto Electoral de la Ciudad de M\u00e9xico (IECM) relacionados con la\nrevisi\u00f3n de entrevistas para el Concurso de Oposici\u00f3n Abierto para seleccionar\npersonal eventual que apoyar\u00e1 a los \u00d3rganos Desconcentrados durante el\nejercicio fiscal de 2019, en los que el Pleno resolvi\u00f3 de la siguiente manera:<\/p>\n\n\n\n<ul><li>En el juicio <strong>TECDMX-JEL-017<\/strong> y su acumulado <strong>TECDMX-JEL-023<\/strong>,\nambos de 2019, promovidos por Rogelio Martiniano Tapia L\u00f3pez, el Pleno\ndetermin\u00f3 desechar de plano la demanda del Juicio Electoral 017 ya que la\nrevisi\u00f3n presentada por la parte actora ya fue resuelta, as\u00ed como, respecto al\nJuicio Electoral 23, <strong>confirmar los\nacuerdos impugnados<\/strong> ya que la Junta Administrativa cuenta con las\natribuciones para aprobar y resolver las solicitudes respectivas.<\/li><\/ul>\n\n\n\n<ul><li>Respecto al juicio <strong>TECDMX-JEL-022\/2019<\/strong>, promovido por Melina Vite Garc\u00eda, las\nMagistradas y Magistrados determinaron <strong>revocar\nel acuerdo \u00fanicamente respecto a la revisi\u00f3n de la entrevista<\/strong> que se\nrealiz\u00f3 a la parte actora y <strong>orden\u00f3 a la\nJunta Administrativa<\/strong> del IECM que de manera exhaustiva, fundada y motivada\ny tomando en cuenta los planteamientos del escrito de revisi\u00f3n de la parte\nactora, <strong>emita una nueva resoluci\u00f3n de\nesta<\/strong>.<\/li><\/ul>\n\n\n\n<ul><li>Asimismo, en el juicio <strong>TECDMX-JEL-018\/2019<\/strong>, promovido por\nMariana Flores Reynoso el Pleno determin\u00f3 <strong>confirmar\nlos acuerdos impugnados<\/strong> ya que la Junta Administrativa del IECM, era\nla \u00fanica autoridad con atribuciones para resolver en definitiva las solicitudes\nrespectivas, por lo que que la actuaci\u00f3n de la responsable se apeg\u00f3 a las\nreglas de operaci\u00f3n establecidas en el Procedimiento de revisi\u00f3n.<\/li><\/ul>\n\n\n\n<ul><li>Finalmente, relativo al juicio <strong>TECDMX-JEL-021\/2019<\/strong>, promovido por Luis\nAlonso Fuentes Nucamendi, las Magistraturas determinaron <strong>desechar de plano la demanda<\/strong> al haber sido presentada fuera de los\ntiempos establecidos en la Ley Electoral<\/li><\/ul>\n\n\n\n<p><strong>o-O-o<\/strong><\/p>\n\n\n\n<p><strong>* Los criterios para las resoluciones de este Pleno son coincidentes.<\/strong><\/p>\n","protected":false},"excerpt":{"rendered":"<p>El Pleno determin\u00f3 que la Direcci\u00f3n Nacional Extraordinaria del PRD ten\u00eda facultades para designar a los integrantes de Direcciones Estatales. Las Magistraturas resolvieron diversos asuntos relacionados con acuerdos de la [&hellip;]<\/p>\n","protected":false},"author":13,"featured_media":12606,"comment_status":"open","ping_status":"open","sticky":false,"template":"","format":"standard","meta":{"_acf_changed":false,"_exactmetrics_skip_tracking":false,"_exactmetrics_sitenote_active":false,"_exactmetrics_sitenote_note":"","_exactmetrics_sitenote_category":0,"footnotes":""},"categories":[32,47],"tags":[59,58],"acf":[],"yoast_head":"<!-- This site is optimized with the Yoast SEO plugin v22.3 - https:\/\/yoast.com\/wordpress\/plugins\/seo\/ -->\n<title>Confirma TECDMX acuerdos sobre nueva Direcci\u00f3n Estatal del PRD en la Ciudad de M\u00e9xico - Tribunal Electoral de la Ciudad de M\u00e9xico<\/title>\n<meta name=\"robots\" content=\"index, follow, max-snippet:-1, max-image-preview:large, max-video-preview:-1\" \/>\n<link rel=\"canonical\" href=\"https:\/\/www.tecdmx.org.mx\/index.php\/comunicados\/2019\/05\/02\/confirma-tecdmx-acuerdos-sobre-nueva-direccion-estatal-del-prd-en-la-ciudad-de-mexico\/\" \/>\n<meta property=\"og:locale\" content=\"es_ES\" \/>\n<meta property=\"og:type\" content=\"article\" \/>\n<meta property=\"og:title\" content=\"Confirma TECDMX acuerdos sobre nueva Direcci\u00f3n Estatal del PRD en la Ciudad de M\u00e9xico - Tribunal Electoral de la Ciudad de M\u00e9xico\" \/>\n<meta property=\"og:description\" content=\"El Pleno determin\u00f3 que la Direcci\u00f3n Nacional Extraordinaria del PRD ten\u00eda facultades para designar a los integrantes de Direcciones Estatales. Las Magistraturas resolvieron diversos asuntos relacionados con acuerdos de la [&hellip;]\" \/>\n<meta property=\"og:url\" content=\"https:\/\/www.tecdmx.org.mx\/index.php\/comunicados\/2019\/05\/02\/confirma-tecdmx-acuerdos-sobre-nueva-direccion-estatal-del-prd-en-la-ciudad-de-mexico\/\" \/>\n<meta property=\"og:site_name\" content=\"Tribunal Electoral de la Ciudad de M\u00e9xico\" \/>\n<meta property=\"article:publisher\" content=\"https:\/\/www.facebook.com\/TECDMX\/\" \/>\n<meta property=\"article:published_time\" content=\"2019-05-02T07:44:02+00:00\" \/>\n<meta property=\"article:modified_time\" content=\"2019-08-02T19:45:11+00:00\" \/>\n<meta property=\"og:image\" content=\"https:\/\/www.tecdmx.org.mx\/wp-content\/uploads\/2019\/04\/COMUNICADO-1.jpg\" \/>\n\t<meta property=\"og:image:width\" content=\"2247\" \/>\n\t<meta property=\"og:image:height\" content=\"1277\" \/>\n\t<meta property=\"og:image:type\" content=\"image\/jpeg\" \/>\n<meta name=\"author\" content=\"Difusion2025\" \/>\n<meta name=\"twitter:card\" content=\"summary_large_image\" \/>\n<meta name=\"twitter:creator\" content=\"@tecdmx\" \/>\n<meta name=\"twitter:site\" content=\"@tecdmx\" \/>\n<meta name=\"twitter:label1\" content=\"Escrito por\" \/>\n\t<meta name=\"twitter:data1\" content=\"Difusion2025\" \/>\n\t<meta name=\"twitter:label2\" content=\"Tiempo de lectura\" \/>\n\t<meta name=\"twitter:data2\" content=\"3 minutos\" \/>\n<script type=\"application\/ld+json\" class=\"yoast-schema-graph\">{\"@context\":\"https:\/\/schema.org\",\"@graph\":[{\"@type\":\"WebPage\",\"@id\":\"https:\/\/www.tecdmx.org.mx\/index.php\/comunicados\/2019\/05\/02\/confirma-tecdmx-acuerdos-sobre-nueva-direccion-estatal-del-prd-en-la-ciudad-de-mexico\/\",\"url\":\"https:\/\/www.tecdmx.org.mx\/index.php\/comunicados\/2019\/05\/02\/confirma-tecdmx-acuerdos-sobre-nueva-direccion-estatal-del-prd-en-la-ciudad-de-mexico\/\",\"name\":\"Confirma TECDMX acuerdos sobre nueva Direcci\u00f3n Estatal del PRD en la Ciudad de M\u00e9xico - Tribunal Electoral de la Ciudad de M\u00e9xico\",\"isPartOf\":{\"@id\":\"https:\/\/www.tecdmx.org.mx\/#website\"},\"primaryImageOfPage\":{\"@id\":\"https:\/\/www.tecdmx.org.mx\/index.php\/comunicados\/2019\/05\/02\/confirma-tecdmx-acuerdos-sobre-nueva-direccion-estatal-del-prd-en-la-ciudad-de-mexico\/#primaryimage\"},\"image\":{\"@id\":\"https:\/\/www.tecdmx.org.mx\/index.php\/comunicados\/2019\/05\/02\/confirma-tecdmx-acuerdos-sobre-nueva-direccion-estatal-del-prd-en-la-ciudad-de-mexico\/#primaryimage\"},\"thumbnailUrl\":\"https:\/\/www.tecdmx.org.mx\/wp-content\/uploads\/2019\/04\/COMUNICADO-1.jpg\",\"datePublished\":\"2019-05-02T07:44:02+00:00\",\"dateModified\":\"2019-08-02T19:45:11+00:00\",\"author\":{\"@id\":\"https:\/\/www.tecdmx.org.mx\/#\/schema\/person\/208c898199fb3234203823c5f0cf31d6\"},\"breadcrumb\":{\"@id\":\"https:\/\/www.tecdmx.org.mx\/index.php\/comunicados\/2019\/05\/02\/confirma-tecdmx-acuerdos-sobre-nueva-direccion-estatal-del-prd-en-la-ciudad-de-mexico\/#breadcrumb\"},\"inLanguage\":\"es\",\"potentialAction\":[{\"@type\":\"ReadAction\",\"target\":[\"https:\/\/www.tecdmx.org.mx\/index.php\/comunicados\/2019\/05\/02\/confirma-tecdmx-acuerdos-sobre-nueva-direccion-estatal-del-prd-en-la-ciudad-de-mexico\/\"]}]},{\"@type\":\"ImageObject\",\"inLanguage\":\"es\",\"@id\":\"https:\/\/www.tecdmx.org.mx\/index.php\/comunicados\/2019\/05\/02\/confirma-tecdmx-acuerdos-sobre-nueva-direccion-estatal-del-prd-en-la-ciudad-de-mexico\/#primaryimage\",\"url\":\"https:\/\/www.tecdmx.org.mx\/wp-content\/uploads\/2019\/04\/COMUNICADO-1.jpg\",\"contentUrl\":\"https:\/\/www.tecdmx.org.mx\/wp-content\/uploads\/2019\/04\/COMUNICADO-1.jpg\",\"width\":2247,\"height\":1277},{\"@type\":\"BreadcrumbList\",\"@id\":\"https:\/\/www.tecdmx.org.mx\/index.php\/comunicados\/2019\/05\/02\/confirma-tecdmx-acuerdos-sobre-nueva-direccion-estatal-del-prd-en-la-ciudad-de-mexico\/#breadcrumb\",\"itemListElement\":[{\"@type\":\"ListItem\",\"position\":1,\"name\":\"Portada\",\"item\":\"https:\/\/www.tecdmx.org.mx\/\"},{\"@type\":\"ListItem\",\"position\":2,\"name\":\"Confirma TECDMX acuerdos sobre nueva Direcci\u00f3n Estatal del PRD en la Ciudad de M\u00e9xico\"}]},{\"@type\":\"WebSite\",\"@id\":\"https:\/\/www.tecdmx.org.mx\/#website\",\"url\":\"https:\/\/www.tecdmx.org.mx\/\",\"name\":\"Tribunal Electoral de la Ciudad de M\u00e9xico\",\"description\":\"25 a\u00f1os garantizando justicia en tu elecci\u00f3n\",\"potentialAction\":[{\"@type\":\"SearchAction\",\"target\":{\"@type\":\"EntryPoint\",\"urlTemplate\":\"https:\/\/www.tecdmx.org.mx\/?s={search_term_string}\"},\"query-input\":\"required name=search_term_string\"}],\"inLanguage\":\"es\"},{\"@type\":\"Person\",\"@id\":\"https:\/\/www.tecdmx.org.mx\/#\/schema\/person\/208c898199fb3234203823c5f0cf31d6\",\"name\":\"Difusion2025\",\"image\":{\"@type\":\"ImageObject\",\"inLanguage\":\"es\",\"@id\":\"https:\/\/www.tecdmx.org.mx\/#\/schema\/person\/image\/\",\"url\":\"https:\/\/secure.gravatar.com\/avatar\/6f7a4ba3acb418040e90a2eb99b5df28?s=96&d=mm&r=g\",\"contentUrl\":\"https:\/\/secure.gravatar.com\/avatar\/6f7a4ba3acb418040e90a2eb99b5df28?s=96&d=mm&r=g\",\"caption\":\"Difusion2025\"}}]}<\/script>\n<!-- \/ Yoast SEO plugin. -->","yoast_head_json":{"title":"Confirma TECDMX acuerdos sobre nueva Direcci\u00f3n Estatal del PRD en la Ciudad de M\u00e9xico - Tribunal Electoral de la Ciudad de M\u00e9xico","robots":{"index":"index","follow":"follow","max-snippet":"max-snippet:-1","max-image-preview":"max-image-preview:large","max-video-preview":"max-video-preview:-1"},"canonical":"https:\/\/www.tecdmx.org.mx\/index.php\/comunicados\/2019\/05\/02\/confirma-tecdmx-acuerdos-sobre-nueva-direccion-estatal-del-prd-en-la-ciudad-de-mexico\/","og_locale":"es_ES","og_type":"article","og_title":"Confirma TECDMX acuerdos sobre nueva Direcci\u00f3n Estatal del PRD en la Ciudad de M\u00e9xico - Tribunal Electoral de la Ciudad de M\u00e9xico","og_description":"El Pleno determin\u00f3 que la Direcci\u00f3n Nacional Extraordinaria del PRD ten\u00eda facultades para designar a los integrantes de Direcciones Estatales. Las Magistraturas resolvieron diversos asuntos relacionados con acuerdos de la [&hellip;]","og_url":"https:\/\/www.tecdmx.org.mx\/index.php\/comunicados\/2019\/05\/02\/confirma-tecdmx-acuerdos-sobre-nueva-direccion-estatal-del-prd-en-la-ciudad-de-mexico\/","og_site_name":"Tribunal Electoral de la Ciudad de M\u00e9xico","article_publisher":"https:\/\/www.facebook.com\/TECDMX\/","article_published_time":"2019-05-02T07:44:02+00:00","article_modified_time":"2019-08-02T19:45:11+00:00","og_image":[{"width":2247,"height":1277,"url":"https:\/\/www.tecdmx.org.mx\/wp-content\/uploads\/2019\/04\/COMUNICADO-1.jpg","type":"image\/jpeg"}],"author":"Difusion2025","twitter_card":"summary_large_image","twitter_creator":"@tecdmx","twitter_site":"@tecdmx","twitter_misc":{"Escrito por":"Difusion2025","Tiempo de lectura":"3 minutos"},"schema":{"@context":"https:\/\/schema.org","@graph":[{"@type":"WebPage","@id":"https:\/\/www.tecdmx.org.mx\/index.php\/comunicados\/2019\/05\/02\/confirma-tecdmx-acuerdos-sobre-nueva-direccion-estatal-del-prd-en-la-ciudad-de-mexico\/","url":"https:\/\/www.tecdmx.org.mx\/index.php\/comunicados\/2019\/05\/02\/confirma-tecdmx-acuerdos-sobre-nueva-direccion-estatal-del-prd-en-la-ciudad-de-mexico\/","name":"Confirma TECDMX acuerdos sobre nueva Direcci\u00f3n Estatal del PRD en la Ciudad de M\u00e9xico - Tribunal Electoral de la Ciudad de M\u00e9xico","isPartOf":{"@id":"https:\/\/www.tecdmx.org.mx\/#website"},"primaryImageOfPage":{"@id":"https:\/\/www.tecdmx.org.mx\/index.php\/comunicados\/2019\/05\/02\/confirma-tecdmx-acuerdos-sobre-nueva-direccion-estatal-del-prd-en-la-ciudad-de-mexico\/#primaryimage"},"image":{"@id":"https:\/\/www.tecdmx.org.mx\/index.php\/comunicados\/2019\/05\/02\/confirma-tecdmx-acuerdos-sobre-nueva-direccion-estatal-del-prd-en-la-ciudad-de-mexico\/#primaryimage"},"thumbnailUrl":"https:\/\/www.tecdmx.org.mx\/wp-content\/uploads\/2019\/04\/COMUNICADO-1.jpg","datePublished":"2019-05-02T07:44:02+00:00","dateModified":"2019-08-02T19:45:11+00:00","author":{"@id":"https:\/\/www.tecdmx.org.mx\/#\/schema\/person\/208c898199fb3234203823c5f0cf31d6"},"breadcrumb":{"@id":"https:\/\/www.tecdmx.org.mx\/index.php\/comunicados\/2019\/05\/02\/confirma-tecdmx-acuerdos-sobre-nueva-direccion-estatal-del-prd-en-la-ciudad-de-mexico\/#breadcrumb"},"inLanguage":"es","potentialAction":[{"@type":"ReadAction","target":["https:\/\/www.tecdmx.org.mx\/index.php\/comunicados\/2019\/05\/02\/confirma-tecdmx-acuerdos-sobre-nueva-direccion-estatal-del-prd-en-la-ciudad-de-mexico\/"]}]},{"@type":"ImageObject","inLanguage":"es","@id":"https:\/\/www.tecdmx.org.mx\/index.php\/comunicados\/2019\/05\/02\/confirma-tecdmx-acuerdos-sobre-nueva-direccion-estatal-del-prd-en-la-ciudad-de-mexico\/#primaryimage","url":"https:\/\/www.tecdmx.org.mx\/wp-content\/uploads\/2019\/04\/COMUNICADO-1.jpg","contentUrl":"https:\/\/www.tecdmx.org.mx\/wp-content\/uploads\/2019\/04\/COMUNICADO-1.jpg","width":2247,"height":1277},{"@type":"BreadcrumbList","@id":"https:\/\/www.tecdmx.org.mx\/index.php\/comunicados\/2019\/05\/02\/confirma-tecdmx-acuerdos-sobre-nueva-direccion-estatal-del-prd-en-la-ciudad-de-mexico\/#breadcrumb","itemListElement":[{"@type":"ListItem","position":1,"name":"Portada","item":"https:\/\/www.tecdmx.org.mx\/"},{"@type":"ListItem","position":2,"name":"Confirma TECDMX acuerdos sobre nueva Direcci\u00f3n Estatal del PRD en la Ciudad de M\u00e9xico"}]},{"@type":"WebSite","@id":"https:\/\/www.tecdmx.org.mx\/#website","url":"https:\/\/www.tecdmx.org.mx\/","name":"Tribunal Electoral de la Ciudad de M\u00e9xico","description":"25 a\u00f1os garantizando justicia en tu elecci\u00f3n","potentialAction":[{"@type":"SearchAction","target":{"@type":"EntryPoint","urlTemplate":"https:\/\/www.tecdmx.org.mx\/?s={search_term_string}"},"query-input":"required name=search_term_string"}],"inLanguage":"es"},{"@type":"Person","@id":"https:\/\/www.tecdmx.org.mx\/#\/schema\/person\/208c898199fb3234203823c5f0cf31d6","name":"Difusion2025","image":{"@type":"ImageObject","inLanguage":"es","@id":"https:\/\/www.tecdmx.org.mx\/#\/schema\/person\/image\/","url":"https:\/\/secure.gravatar.com\/avatar\/6f7a4ba3acb418040e90a2eb99b5df28?s=96&d=mm&r=g","contentUrl":"https:\/\/secure.gravatar.com\/avatar\/6f7a4ba3acb418040e90a2eb99b5df28?s=96&d=mm&r=g","caption":"Difusion2025"}}]}},"_links":{"self":[{"href":"https:\/\/www.tecdmx.org.mx\/index.php\/wp-json\/wp\/v2\/posts\/13661"}],"collection":[{"href":"https:\/\/www.tecdmx.org.mx\/index.php\/wp-json\/wp\/v2\/posts"}],"about":[{"href":"https:\/\/www.tecdmx.org.mx\/index.php\/wp-json\/wp\/v2\/types\/post"}],"author":[{"embeddable":true,"href":"https:\/\/www.tecdmx.org.mx\/index.php\/wp-json\/wp\/v2\/users\/13"}],"replies":[{"embeddable":true,"href":"https:\/\/www.tecdmx.org.mx\/index.php\/wp-json\/wp\/v2\/comments?post=13661"}],"version-history":[{"count":2,"href":"https:\/\/www.tecdmx.org.mx\/index.php\/wp-json\/wp\/v2\/posts\/13661\/revisions"}],"predecessor-version":[{"id":13664,"href":"https:\/\/www.tecdmx.org.mx\/index.php\/wp-json\/wp\/v2\/posts\/13661\/revisions\/13664"}],"wp:featuredmedia":[{"embeddable":true,"href":"https:\/\/www.tecdmx.org.mx\/index.php\/wp-json\/wp\/v2\/media\/12606"}],"wp:attachment":[{"href":"https:\/\/www.tecdmx.org.mx\/index.php\/wp-json\/wp\/v2\/media?parent=13661"}],"wp:term":[{"taxonomy":"category","embeddable":true,"href":"https:\/\/www.tecdmx.org.mx\/index.php\/wp-json\/wp\/v2\/categories?post=13661"},{"taxonomy":"post_tag","embeddable":true,"href":"https:\/\/www.tecdmx.org.mx\/index.php\/wp-json\/wp\/v2\/tags?post=13661"}],"curies":[{"name":"wp","href":"https:\/\/api.w.org\/{rel}","templated":true}]}}