{"id":13665,"date":"2019-05-06T19:51:23","date_gmt":"2019-05-06T19:51:23","guid":{"rendered":"http:\/\/www2.tecdmx.org.mx\/?p=13665"},"modified":"2019-08-02T19:51:47","modified_gmt":"2019-08-02T19:51:47","slug":"tecdmx-e-injuve-cdmx-firman-convenio-de-colaboracion","status":"publish","type":"post","link":"https:\/\/www.tecdmx.org.mx\/index.php\/comunicados\/2019\/05\/06\/tecdmx-e-injuve-cdmx-firman-convenio-de-colaboracion\/","title":{"rendered":"TECDMX e Injuve CDMX firman Convenio de Colaboraci\u00f3n"},"content":{"rendered":"\n<p>\u2022 Ambas instituciones realizar\u00e1n el programa \u201cAgitando Ideas. J\u00f3venes Formando Ciudadan\u00eda\u201d.<\/p>\n\n\n\n<p>\u2022 El instrumento fue signado por el Magistrado Presidente del TECDMX, Gustavo Anzaldo Hern\u00e1ndez, y<\/p>\n\n\n\n<p>por la Directora General del Injuve CDMX, Beatriz Adriana Olivares Pinal.<\/p>\n\n\n\n<p>\u2022 Dentro de los objetivos se encuentra la realizaci\u00f3n y replicaci\u00f3n de actividades para la formaci\u00f3n de<\/p>\n\n\n\n<p>j\u00f3venes, su contribuci\u00f3n a la democracia y la participaci\u00f3n c\u00edvico-pol\u00edtica.<\/p>\n\n\n\n<p>El Tribunal Electoral de la Ciudad de M\u00e9xico (TECDMX) y el Instituto de la Juventud de la Ciudad de<\/p>\n\n\n\n<p>M\u00e9xico (Injuve CDMX) firmaron un Convenio de Colaboraci\u00f3n entre ambas instituciones, para la<\/p>\n\n\n\n<p>realizaci\u00f3n del programa \u201cAgitando Ideas. J\u00f3venes Formando Ciudadan\u00eda\u201d, el cual tiene por objeto<\/p>\n\n\n\n<p>proporcionar conocimientos y herramientas, mediante actividades acad\u00e9micas, que fomenten la<\/p>\n\n\n\n<p>participaci\u00f3n de las personas j\u00f3venes en la vida pol\u00edtica de la Ciudad de M\u00e9xico.<\/p>\n\n\n\n<p>En la continuaci\u00f3n de este programa, el cual ha tenido cuatro generaciones, participar\u00e1n dos brigadas<\/p>\n\n\n\n<p>de 30 j\u00f3venes cada una y que recibir\u00e1n capacitaciones por parte de personas servidoras p\u00fablicas del<\/p>\n\n\n\n<p>TECDMX, Injuve y otras instituciones en diversas tem\u00e1ticas, resaltando:<\/p>\n\n\n\n<p>\u2022 Autoestima y liderazgo.<\/p>\n\n\n\n<p>\u2022 Derechos Humanos.<\/p>\n\n\n\n<p>\u2022 Valores democr\u00e1ticos.<\/p>\n\n\n\n<p>\u2022 Alcances y nuevas disposiciones de la reforma pol\u00edtica de la Ciudad de M\u00e9xico.<\/p>\n\n\n\n<p>\u2022 Administraci\u00f3n P\u00fablica de la Ciudad de M\u00e9xico.<\/p>\n\n\n\n<p>\u2022 Derechos Pol\u00edtico-Electorales y el papel del TECDMX en su defensa.<\/p>\n\n\n\n<p>\u2022 Funcionamiento de los organismos electorales de la Ciudad de M\u00e9xico.<\/p>\n\n\n\n<p>\u2022 Comunicaci\u00f3n asertiva y medios de comunicaci\u00f3n, entre otros.<\/p>\n\n\n\n<p>Las personas j\u00f3venes que participen en \u201cAgitando Ideas. J\u00f3venes Formando Ciudadan\u00eda\u201d recibir\u00e1n,<\/p>\n\n\n\n<p>por parte del Injuve CDMX, una ayuda econ\u00f3mica mensual de $1,100 pesos, siempre y cuando<\/p>\n\n\n\n<p>cumplan con las actividades educativas estipuladas en el programa.<\/p>\n\n\n\n<p>Por su parte, el TECDMX tendr\u00e1 la responsabilidad, entre otras cosas, de coordinar las actividades<\/p>\n\n\n\n<p>educativas semanales del programa, as\u00ed como la realizaci\u00f3n de evaluaciones diagn\u00f3sticas antes y<\/p>\n\n\n\n<p>despu\u00e9s de cada una de ellas.<\/p>\n\n\n\n<p>Con este Convenio de Colaboraci\u00f3n y el programa \u201cAgitando Ideas. J\u00f3venes Formando Ciudadan\u00eda\u201d,<\/p>\n\n\n\n<p>el TECDMX cumple su compromiso de acercarse a la juventud y fortalecer as\u00ed el desarrollo de la<\/p>\n\n\n\n<p>cultura democr\u00e1tica y los valores electorales en la Ciudad de M\u00e9xico.<\/p>\n\n\n\n<p>Finalmente, ambas instituciones buscan con este programa, formar generaciones de personas<\/p>\n\n\n\n<p>j\u00f3venes con esp\u00edritu democr\u00e1tico, participaci\u00f3n y desarrollo ciudadano, as\u00ed como un amplio respeto<\/p>\n\n\n\n<p>a los derechos humanos.<\/p>\n\n\n\n<p>o-O-o<\/p>\n","protected":false},"excerpt":{"rendered":"<p>\u2022 Ambas instituciones realizar\u00e1n el programa \u201cAgitando Ideas. J\u00f3venes Formando Ciudadan\u00eda\u201d. \u2022 El instrumento fue signado por el Magistrado Presidente del TECDMX, Gustavo Anzaldo Hern\u00e1ndez, y por la Directora General [&hellip;]<\/p>\n","protected":false},"author":13,"featured_media":12606,"comment_status":"open","ping_status":"open","sticky":false,"template":"","format":"standard","meta":{"_acf_changed":false,"_exactmetrics_skip_tracking":false,"_exactmetrics_sitenote_active":false,"_exactmetrics_sitenote_note":"","_exactmetrics_sitenote_category":0,"footnotes":""},"categories":[32,47],"tags":[59,58],"acf":[],"yoast_head":"<!-- This site is optimized with the Yoast SEO plugin v22.3 - https:\/\/yoast.com\/wordpress\/plugins\/seo\/ -->\n<title>TECDMX e Injuve CDMX firman Convenio de Colaboraci\u00f3n - Tribunal Electoral de la Ciudad de M\u00e9xico<\/title>\n<meta name=\"robots\" content=\"index, follow, max-snippet:-1, max-image-preview:large, max-video-preview:-1\" \/>\n<link rel=\"canonical\" href=\"https:\/\/www.tecdmx.org.mx\/index.php\/comunicados\/2019\/05\/06\/tecdmx-e-injuve-cdmx-firman-convenio-de-colaboracion\/\" \/>\n<meta property=\"og:locale\" content=\"es_ES\" \/>\n<meta property=\"og:type\" content=\"article\" \/>\n<meta property=\"og:title\" content=\"TECDMX e Injuve CDMX firman Convenio de Colaboraci\u00f3n - Tribunal Electoral de la Ciudad de M\u00e9xico\" \/>\n<meta property=\"og:description\" content=\"\u2022 Ambas instituciones realizar\u00e1n el programa \u201cAgitando Ideas. J\u00f3venes Formando Ciudadan\u00eda\u201d. \u2022 El instrumento fue signado por el Magistrado Presidente del TECDMX, Gustavo Anzaldo Hern\u00e1ndez, y por la Directora General [&hellip;]\" \/>\n<meta property=\"og:url\" content=\"https:\/\/www.tecdmx.org.mx\/index.php\/comunicados\/2019\/05\/06\/tecdmx-e-injuve-cdmx-firman-convenio-de-colaboracion\/\" \/>\n<meta property=\"og:site_name\" content=\"Tribunal Electoral de la Ciudad de M\u00e9xico\" \/>\n<meta property=\"article:publisher\" content=\"https:\/\/www.facebook.com\/TECDMX\/\" \/>\n<meta property=\"article:published_time\" content=\"2019-05-06T19:51:23+00:00\" \/>\n<meta property=\"article:modified_time\" content=\"2019-08-02T19:51:47+00:00\" \/>\n<meta property=\"og:image\" content=\"https:\/\/www.tecdmx.org.mx\/wp-content\/uploads\/2019\/04\/COMUNICADO-1.jpg\" \/>\n\t<meta property=\"og:image:width\" content=\"2247\" \/>\n\t<meta property=\"og:image:height\" content=\"1277\" \/>\n\t<meta property=\"og:image:type\" content=\"image\/jpeg\" \/>\n<meta name=\"author\" content=\"Difusion2025\" \/>\n<meta name=\"twitter:card\" content=\"summary_large_image\" \/>\n<meta name=\"twitter:creator\" content=\"@tecdmx\" \/>\n<meta name=\"twitter:site\" content=\"@tecdmx\" \/>\n<meta name=\"twitter:label1\" content=\"Escrito por\" \/>\n\t<meta name=\"twitter:data1\" content=\"Difusion2025\" \/>\n\t<meta name=\"twitter:label2\" content=\"Tiempo de lectura\" \/>\n\t<meta name=\"twitter:data2\" content=\"2 minutos\" \/>\n<script type=\"application\/ld+json\" class=\"yoast-schema-graph\">{\"@context\":\"https:\/\/schema.org\",\"@graph\":[{\"@type\":\"WebPage\",\"@id\":\"https:\/\/www.tecdmx.org.mx\/index.php\/comunicados\/2019\/05\/06\/tecdmx-e-injuve-cdmx-firman-convenio-de-colaboracion\/\",\"url\":\"https:\/\/www.tecdmx.org.mx\/index.php\/comunicados\/2019\/05\/06\/tecdmx-e-injuve-cdmx-firman-convenio-de-colaboracion\/\",\"name\":\"TECDMX e Injuve CDMX firman Convenio de Colaboraci\u00f3n - Tribunal Electoral de la Ciudad de M\u00e9xico\",\"isPartOf\":{\"@id\":\"https:\/\/www.tecdmx.org.mx\/#website\"},\"primaryImageOfPage\":{\"@id\":\"https:\/\/www.tecdmx.org.mx\/index.php\/comunicados\/2019\/05\/06\/tecdmx-e-injuve-cdmx-firman-convenio-de-colaboracion\/#primaryimage\"},\"image\":{\"@id\":\"https:\/\/www.tecdmx.org.mx\/index.php\/comunicados\/2019\/05\/06\/tecdmx-e-injuve-cdmx-firman-convenio-de-colaboracion\/#primaryimage\"},\"thumbnailUrl\":\"https:\/\/www.tecdmx.org.mx\/wp-content\/uploads\/2019\/04\/COMUNICADO-1.jpg\",\"datePublished\":\"2019-05-06T19:51:23+00:00\",\"dateModified\":\"2019-08-02T19:51:47+00:00\",\"author\":{\"@id\":\"https:\/\/www.tecdmx.org.mx\/#\/schema\/person\/208c898199fb3234203823c5f0cf31d6\"},\"breadcrumb\":{\"@id\":\"https:\/\/www.tecdmx.org.mx\/index.php\/comunicados\/2019\/05\/06\/tecdmx-e-injuve-cdmx-firman-convenio-de-colaboracion\/#breadcrumb\"},\"inLanguage\":\"es\",\"potentialAction\":[{\"@type\":\"ReadAction\",\"target\":[\"https:\/\/www.tecdmx.org.mx\/index.php\/comunicados\/2019\/05\/06\/tecdmx-e-injuve-cdmx-firman-convenio-de-colaboracion\/\"]}]},{\"@type\":\"ImageObject\",\"inLanguage\":\"es\",\"@id\":\"https:\/\/www.tecdmx.org.mx\/index.php\/comunicados\/2019\/05\/06\/tecdmx-e-injuve-cdmx-firman-convenio-de-colaboracion\/#primaryimage\",\"url\":\"https:\/\/www.tecdmx.org.mx\/wp-content\/uploads\/2019\/04\/COMUNICADO-1.jpg\",\"contentUrl\":\"https:\/\/www.tecdmx.org.mx\/wp-content\/uploads\/2019\/04\/COMUNICADO-1.jpg\",\"width\":2247,\"height\":1277},{\"@type\":\"BreadcrumbList\",\"@id\":\"https:\/\/www.tecdmx.org.mx\/index.php\/comunicados\/2019\/05\/06\/tecdmx-e-injuve-cdmx-firman-convenio-de-colaboracion\/#breadcrumb\",\"itemListElement\":[{\"@type\":\"ListItem\",\"position\":1,\"name\":\"Portada\",\"item\":\"https:\/\/www.tecdmx.org.mx\/\"},{\"@type\":\"ListItem\",\"position\":2,\"name\":\"TECDMX e Injuve CDMX firman Convenio de Colaboraci\u00f3n\"}]},{\"@type\":\"WebSite\",\"@id\":\"https:\/\/www.tecdmx.org.mx\/#website\",\"url\":\"https:\/\/www.tecdmx.org.mx\/\",\"name\":\"Tribunal Electoral de la Ciudad de M\u00e9xico\",\"description\":\"25 a\u00f1os garantizando justicia en tu elecci\u00f3n\",\"potentialAction\":[{\"@type\":\"SearchAction\",\"target\":{\"@type\":\"EntryPoint\",\"urlTemplate\":\"https:\/\/www.tecdmx.org.mx\/?s={search_term_string}\"},\"query-input\":\"required name=search_term_string\"}],\"inLanguage\":\"es\"},{\"@type\":\"Person\",\"@id\":\"https:\/\/www.tecdmx.org.mx\/#\/schema\/person\/208c898199fb3234203823c5f0cf31d6\",\"name\":\"Difusion2025\",\"image\":{\"@type\":\"ImageObject\",\"inLanguage\":\"es\",\"@id\":\"https:\/\/www.tecdmx.org.mx\/#\/schema\/person\/image\/\",\"url\":\"https:\/\/secure.gravatar.com\/avatar\/6f7a4ba3acb418040e90a2eb99b5df28?s=96&d=mm&r=g\",\"contentUrl\":\"https:\/\/secure.gravatar.com\/avatar\/6f7a4ba3acb418040e90a2eb99b5df28?s=96&d=mm&r=g\",\"caption\":\"Difusion2025\"}}]}<\/script>\n<!-- \/ Yoast SEO plugin. -->","yoast_head_json":{"title":"TECDMX e Injuve CDMX firman Convenio de Colaboraci\u00f3n - Tribunal Electoral de la Ciudad de M\u00e9xico","robots":{"index":"index","follow":"follow","max-snippet":"max-snippet:-1","max-image-preview":"max-image-preview:large","max-video-preview":"max-video-preview:-1"},"canonical":"https:\/\/www.tecdmx.org.mx\/index.php\/comunicados\/2019\/05\/06\/tecdmx-e-injuve-cdmx-firman-convenio-de-colaboracion\/","og_locale":"es_ES","og_type":"article","og_title":"TECDMX e Injuve CDMX firman Convenio de Colaboraci\u00f3n - Tribunal Electoral de la Ciudad de M\u00e9xico","og_description":"\u2022 Ambas instituciones realizar\u00e1n el programa \u201cAgitando Ideas. J\u00f3venes Formando Ciudadan\u00eda\u201d. \u2022 El instrumento fue signado por el Magistrado Presidente del TECDMX, Gustavo Anzaldo Hern\u00e1ndez, y por la Directora General [&hellip;]","og_url":"https:\/\/www.tecdmx.org.mx\/index.php\/comunicados\/2019\/05\/06\/tecdmx-e-injuve-cdmx-firman-convenio-de-colaboracion\/","og_site_name":"Tribunal Electoral de la Ciudad de M\u00e9xico","article_publisher":"https:\/\/www.facebook.com\/TECDMX\/","article_published_time":"2019-05-06T19:51:23+00:00","article_modified_time":"2019-08-02T19:51:47+00:00","og_image":[{"width":2247,"height":1277,"url":"https:\/\/www.tecdmx.org.mx\/wp-content\/uploads\/2019\/04\/COMUNICADO-1.jpg","type":"image\/jpeg"}],"author":"Difusion2025","twitter_card":"summary_large_image","twitter_creator":"@tecdmx","twitter_site":"@tecdmx","twitter_misc":{"Escrito por":"Difusion2025","Tiempo de lectura":"2 minutos"},"schema":{"@context":"https:\/\/schema.org","@graph":[{"@type":"WebPage","@id":"https:\/\/www.tecdmx.org.mx\/index.php\/comunicados\/2019\/05\/06\/tecdmx-e-injuve-cdmx-firman-convenio-de-colaboracion\/","url":"https:\/\/www.tecdmx.org.mx\/index.php\/comunicados\/2019\/05\/06\/tecdmx-e-injuve-cdmx-firman-convenio-de-colaboracion\/","name":"TECDMX e Injuve CDMX firman Convenio de Colaboraci\u00f3n - Tribunal Electoral de la Ciudad de M\u00e9xico","isPartOf":{"@id":"https:\/\/www.tecdmx.org.mx\/#website"},"primaryImageOfPage":{"@id":"https:\/\/www.tecdmx.org.mx\/index.php\/comunicados\/2019\/05\/06\/tecdmx-e-injuve-cdmx-firman-convenio-de-colaboracion\/#primaryimage"},"image":{"@id":"https:\/\/www.tecdmx.org.mx\/index.php\/comunicados\/2019\/05\/06\/tecdmx-e-injuve-cdmx-firman-convenio-de-colaboracion\/#primaryimage"},"thumbnailUrl":"https:\/\/www.tecdmx.org.mx\/wp-content\/uploads\/2019\/04\/COMUNICADO-1.jpg","datePublished":"2019-05-06T19:51:23+00:00","dateModified":"2019-08-02T19:51:47+00:00","author":{"@id":"https:\/\/www.tecdmx.org.mx\/#\/schema\/person\/208c898199fb3234203823c5f0cf31d6"},"breadcrumb":{"@id":"https:\/\/www.tecdmx.org.mx\/index.php\/comunicados\/2019\/05\/06\/tecdmx-e-injuve-cdmx-firman-convenio-de-colaboracion\/#breadcrumb"},"inLanguage":"es","potentialAction":[{"@type":"ReadAction","target":["https:\/\/www.tecdmx.org.mx\/index.php\/comunicados\/2019\/05\/06\/tecdmx-e-injuve-cdmx-firman-convenio-de-colaboracion\/"]}]},{"@type":"ImageObject","inLanguage":"es","@id":"https:\/\/www.tecdmx.org.mx\/index.php\/comunicados\/2019\/05\/06\/tecdmx-e-injuve-cdmx-firman-convenio-de-colaboracion\/#primaryimage","url":"https:\/\/www.tecdmx.org.mx\/wp-content\/uploads\/2019\/04\/COMUNICADO-1.jpg","contentUrl":"https:\/\/www.tecdmx.org.mx\/wp-content\/uploads\/2019\/04\/COMUNICADO-1.jpg","width":2247,"height":1277},{"@type":"BreadcrumbList","@id":"https:\/\/www.tecdmx.org.mx\/index.php\/comunicados\/2019\/05\/06\/tecdmx-e-injuve-cdmx-firman-convenio-de-colaboracion\/#breadcrumb","itemListElement":[{"@type":"ListItem","position":1,"name":"Portada","item":"https:\/\/www.tecdmx.org.mx\/"},{"@type":"ListItem","position":2,"name":"TECDMX e Injuve CDMX firman Convenio de Colaboraci\u00f3n"}]},{"@type":"WebSite","@id":"https:\/\/www.tecdmx.org.mx\/#website","url":"https:\/\/www.tecdmx.org.mx\/","name":"Tribunal Electoral de la Ciudad de M\u00e9xico","description":"25 a\u00f1os garantizando justicia en tu elecci\u00f3n","potentialAction":[{"@type":"SearchAction","target":{"@type":"EntryPoint","urlTemplate":"https:\/\/www.tecdmx.org.mx\/?s={search_term_string}"},"query-input":"required name=search_term_string"}],"inLanguage":"es"},{"@type":"Person","@id":"https:\/\/www.tecdmx.org.mx\/#\/schema\/person\/208c898199fb3234203823c5f0cf31d6","name":"Difusion2025","image":{"@type":"ImageObject","inLanguage":"es","@id":"https:\/\/www.tecdmx.org.mx\/#\/schema\/person\/image\/","url":"https:\/\/secure.gravatar.com\/avatar\/6f7a4ba3acb418040e90a2eb99b5df28?s=96&d=mm&r=g","contentUrl":"https:\/\/secure.gravatar.com\/avatar\/6f7a4ba3acb418040e90a2eb99b5df28?s=96&d=mm&r=g","caption":"Difusion2025"}}]}},"_links":{"self":[{"href":"https:\/\/www.tecdmx.org.mx\/index.php\/wp-json\/wp\/v2\/posts\/13665"}],"collection":[{"href":"https:\/\/www.tecdmx.org.mx\/index.php\/wp-json\/wp\/v2\/posts"}],"about":[{"href":"https:\/\/www.tecdmx.org.mx\/index.php\/wp-json\/wp\/v2\/types\/post"}],"author":[{"embeddable":true,"href":"https:\/\/www.tecdmx.org.mx\/index.php\/wp-json\/wp\/v2\/users\/13"}],"replies":[{"embeddable":true,"href":"https:\/\/www.tecdmx.org.mx\/index.php\/wp-json\/wp\/v2\/comments?post=13665"}],"version-history":[{"count":3,"href":"https:\/\/www.tecdmx.org.mx\/index.php\/wp-json\/wp\/v2\/posts\/13665\/revisions"}],"predecessor-version":[{"id":13669,"href":"https:\/\/www.tecdmx.org.mx\/index.php\/wp-json\/wp\/v2\/posts\/13665\/revisions\/13669"}],"wp:featuredmedia":[{"embeddable":true,"href":"https:\/\/www.tecdmx.org.mx\/index.php\/wp-json\/wp\/v2\/media\/12606"}],"wp:attachment":[{"href":"https:\/\/www.tecdmx.org.mx\/index.php\/wp-json\/wp\/v2\/media?parent=13665"}],"wp:term":[{"taxonomy":"category","embeddable":true,"href":"https:\/\/www.tecdmx.org.mx\/index.php\/wp-json\/wp\/v2\/categories?post=13665"},{"taxonomy":"post_tag","embeddable":true,"href":"https:\/\/www.tecdmx.org.mx\/index.php\/wp-json\/wp\/v2\/tags?post=13665"}],"curies":[{"name":"wp","href":"https:\/\/api.w.org\/{rel}","templated":true}]}}