{"id":13670,"date":"2019-05-09T19:57:30","date_gmt":"2019-05-09T19:57:30","guid":{"rendered":"http:\/\/www2.tecdmx.org.mx\/?p=13670"},"modified":"2019-08-02T19:57:51","modified_gmt":"2019-08-02T19:57:51","slug":"anula-tecdmx-eleccion-de-representante-tradicional-de-san-pedro-martir-en-tlalpan","status":"publish","type":"post","link":"https:\/\/www.tecdmx.org.mx\/index.php\/comunicados\/2019\/05\/09\/anula-tecdmx-eleccion-de-representante-tradicional-de-san-pedro-martir-en-tlalpan\/","title":{"rendered":"Anula TECDMX elecci\u00f3n de Representante Tradicional de San Pedro M\u00e1rtir, en Tlalpan."},"content":{"rendered":"\n<p>\u2022 En esta Sesi\u00f3n se resolvieron un Juicio Electoral y un Juicio para la Protecci\u00f3n de los Derechos<\/p>\n\n\n\n<p>Pol\u00edtico-Electorales de la Ciudadan\u00eda en cumplimiento a lo ordenado por la Sala Regional Ciudad de<\/p>\n\n\n\n<p>M\u00e9xico del TEPJF.<\/p>\n\n\n\n<p>En cumplimiento a lo ordenado por la Sala Regional Ciudad de M\u00e9xico del Tribunal Electoral del<\/p>\n\n\n\n<p>Poder Judicial de la Federaci\u00f3n (SCM-JDC-33\/2018), al resolver el juicio TECDMX-JLDC-140\/2018,<\/p>\n\n\n\n<p>promovido por Evelyn Ben\u00edtez Osnaya, por el cual controvert\u00eda los resultados de la elecci\u00f3n de<\/p>\n\n\n\n<p>Representante Tradicional del pueblo originario de San Pedro M\u00e1rtir de la otrora Delegaci\u00f3n<\/p>\n\n\n\n<p>Tlalpan, celebrada el pasado 9 de septiembre 2018; las Magistraturas integrantes del Pleno<\/p>\n\n\n\n<p>resolvieron anular el proceso electivo y, en consecuencia, revocar la constancia de mayor\u00eda<\/p>\n\n\n\n<p>otorgada en favor de Ulises Fernando Paz Esquivel y ordenar a la Junta C\u00edvica convocar nuevamente<\/p>\n\n\n\n<p>a una elecci\u00f3n.<\/p>\n\n\n\n<p>Lo anterior, al haberse acreditado inconsistencias relativas a lo siguiente:<\/p>\n\n\n\n<p>\u2022 El cambio de sede para la realizaci\u00f3n del c\u00f3mputo final que llev\u00f3 a cabo la Junta C\u00edvica.<\/p>\n\n\n\n<p>\u2022 La realizaci\u00f3n del c\u00f3mputo final de la elecci\u00f3n se dio a puerta cerrada.<\/p>\n\n\n\n<p>\u2022 El incumplimiento de la Junta C\u00edvica respecto a su obligaci\u00f3n de custodiar y resguardar la<\/p>\n\n\n\n<p>documentaci\u00f3n electoral.<\/p>\n\n\n\n<p>\u2022 El c\u00f3mputo final se llev\u00f3 a cabo en fecha distinta a la establecida en la Convocatoria.<\/p>\n\n\n\n<p>\u2022 La entrega de la Constancia de Mayor\u00eda al candidato ganador incumpli\u00f3 con el requisito de<\/p>\n\n\n\n<p>que, previo a su emisi\u00f3n, se hiciera la declaratoria respecto de la existencia o no de medios<\/p>\n\n\n\n<p>de impugnaci\u00f3n.<\/p>\n\n\n\n<p>Finalmente, al resolver el juicio TECDMX-JEL-026\/2019, promovido por Sixto Pedro Garc\u00eda Garc\u00eda,<\/p>\n\n\n\n<p>en el que controvierte el Acuerdo de la Junta Administrativa JA050-19, que contiene los resultados<\/p>\n\n\n\n<p>de la revisi\u00f3n de evaluaci\u00f3n en la entrevista del Concurso de Oposici\u00f3n Abierto para seleccionar<\/p>\n\n\n\n<p>personal eventual que apoyar\u00e1 a los \u00d3rgano Desconcentrados durante el ejercicio fiscal 2019; el<\/p>\n\n\n\n<p>Pleno determin\u00f3 desechar de plano la demanda al actualizarse la causalidad de improcedencia<\/p>\n\n\n\n<p>relativa a que la demanda se present\u00f3 de manera extempor\u00e1nea.<\/p>\n\n\n\n<p>o-O-o<\/p>\n\n\n\n<p>* Los criterios para las resoluciones de este Pleno son coincidentes.<\/p>\n","protected":false},"excerpt":{"rendered":"<p>\u2022 En esta Sesi\u00f3n se resolvieron un Juicio Electoral y un Juicio para la Protecci\u00f3n de los Derechos Pol\u00edtico-Electorales de la Ciudadan\u00eda en cumplimiento a lo ordenado por la Sala [&hellip;]<\/p>\n","protected":false},"author":13,"featured_media":12606,"comment_status":"open","ping_status":"open","sticky":false,"template":"","format":"standard","meta":{"_acf_changed":false,"_exactmetrics_skip_tracking":false,"_exactmetrics_sitenote_active":false,"_exactmetrics_sitenote_note":"","_exactmetrics_sitenote_category":0,"footnotes":""},"categories":[32,47],"tags":[59,58],"acf":[],"yoast_head":"<!-- This site is optimized with the Yoast SEO plugin v22.3 - https:\/\/yoast.com\/wordpress\/plugins\/seo\/ -->\n<title>Anula TECDMX elecci\u00f3n de Representante Tradicional de San Pedro M\u00e1rtir, en Tlalpan. - Tribunal Electoral de la Ciudad de M\u00e9xico<\/title>\n<meta name=\"robots\" content=\"index, follow, max-snippet:-1, max-image-preview:large, max-video-preview:-1\" \/>\n<link rel=\"canonical\" href=\"https:\/\/www.tecdmx.org.mx\/index.php\/comunicados\/2019\/05\/09\/anula-tecdmx-eleccion-de-representante-tradicional-de-san-pedro-martir-en-tlalpan\/\" \/>\n<meta property=\"og:locale\" content=\"es_ES\" \/>\n<meta property=\"og:type\" content=\"article\" \/>\n<meta property=\"og:title\" content=\"Anula TECDMX elecci\u00f3n de Representante Tradicional de San Pedro M\u00e1rtir, en Tlalpan. - Tribunal Electoral de la Ciudad de M\u00e9xico\" \/>\n<meta property=\"og:description\" content=\"\u2022 En esta Sesi\u00f3n se resolvieron un Juicio Electoral y un Juicio para la Protecci\u00f3n de los Derechos Pol\u00edtico-Electorales de la Ciudadan\u00eda en cumplimiento a lo ordenado por la Sala [&hellip;]\" \/>\n<meta property=\"og:url\" content=\"https:\/\/www.tecdmx.org.mx\/index.php\/comunicados\/2019\/05\/09\/anula-tecdmx-eleccion-de-representante-tradicional-de-san-pedro-martir-en-tlalpan\/\" \/>\n<meta property=\"og:site_name\" content=\"Tribunal Electoral de la Ciudad de M\u00e9xico\" \/>\n<meta property=\"article:publisher\" content=\"https:\/\/www.facebook.com\/TECDMX\/\" \/>\n<meta property=\"article:published_time\" content=\"2019-05-09T19:57:30+00:00\" \/>\n<meta property=\"article:modified_time\" content=\"2019-08-02T19:57:51+00:00\" \/>\n<meta property=\"og:image\" content=\"https:\/\/www.tecdmx.org.mx\/wp-content\/uploads\/2019\/04\/COMUNICADO-1.jpg\" \/>\n\t<meta property=\"og:image:width\" content=\"2247\" \/>\n\t<meta property=\"og:image:height\" content=\"1277\" \/>\n\t<meta property=\"og:image:type\" content=\"image\/jpeg\" \/>\n<meta name=\"author\" content=\"Difusion2025\" \/>\n<meta name=\"twitter:card\" content=\"summary_large_image\" \/>\n<meta name=\"twitter:creator\" content=\"@tecdmx\" \/>\n<meta name=\"twitter:site\" content=\"@tecdmx\" \/>\n<meta name=\"twitter:label1\" content=\"Escrito por\" \/>\n\t<meta name=\"twitter:data1\" content=\"Difusion2025\" \/>\n\t<meta name=\"twitter:label2\" content=\"Tiempo de lectura\" \/>\n\t<meta name=\"twitter:data2\" content=\"2 minutos\" \/>\n<script type=\"application\/ld+json\" class=\"yoast-schema-graph\">{\"@context\":\"https:\/\/schema.org\",\"@graph\":[{\"@type\":\"WebPage\",\"@id\":\"https:\/\/www.tecdmx.org.mx\/index.php\/comunicados\/2019\/05\/09\/anula-tecdmx-eleccion-de-representante-tradicional-de-san-pedro-martir-en-tlalpan\/\",\"url\":\"https:\/\/www.tecdmx.org.mx\/index.php\/comunicados\/2019\/05\/09\/anula-tecdmx-eleccion-de-representante-tradicional-de-san-pedro-martir-en-tlalpan\/\",\"name\":\"Anula TECDMX elecci\u00f3n de Representante Tradicional de San Pedro M\u00e1rtir, en Tlalpan. - Tribunal Electoral de la Ciudad de M\u00e9xico\",\"isPartOf\":{\"@id\":\"https:\/\/www.tecdmx.org.mx\/#website\"},\"primaryImageOfPage\":{\"@id\":\"https:\/\/www.tecdmx.org.mx\/index.php\/comunicados\/2019\/05\/09\/anula-tecdmx-eleccion-de-representante-tradicional-de-san-pedro-martir-en-tlalpan\/#primaryimage\"},\"image\":{\"@id\":\"https:\/\/www.tecdmx.org.mx\/index.php\/comunicados\/2019\/05\/09\/anula-tecdmx-eleccion-de-representante-tradicional-de-san-pedro-martir-en-tlalpan\/#primaryimage\"},\"thumbnailUrl\":\"https:\/\/www.tecdmx.org.mx\/wp-content\/uploads\/2019\/04\/COMUNICADO-1.jpg\",\"datePublished\":\"2019-05-09T19:57:30+00:00\",\"dateModified\":\"2019-08-02T19:57:51+00:00\",\"author\":{\"@id\":\"https:\/\/www.tecdmx.org.mx\/#\/schema\/person\/208c898199fb3234203823c5f0cf31d6\"},\"breadcrumb\":{\"@id\":\"https:\/\/www.tecdmx.org.mx\/index.php\/comunicados\/2019\/05\/09\/anula-tecdmx-eleccion-de-representante-tradicional-de-san-pedro-martir-en-tlalpan\/#breadcrumb\"},\"inLanguage\":\"es\",\"potentialAction\":[{\"@type\":\"ReadAction\",\"target\":[\"https:\/\/www.tecdmx.org.mx\/index.php\/comunicados\/2019\/05\/09\/anula-tecdmx-eleccion-de-representante-tradicional-de-san-pedro-martir-en-tlalpan\/\"]}]},{\"@type\":\"ImageObject\",\"inLanguage\":\"es\",\"@id\":\"https:\/\/www.tecdmx.org.mx\/index.php\/comunicados\/2019\/05\/09\/anula-tecdmx-eleccion-de-representante-tradicional-de-san-pedro-martir-en-tlalpan\/#primaryimage\",\"url\":\"https:\/\/www.tecdmx.org.mx\/wp-content\/uploads\/2019\/04\/COMUNICADO-1.jpg\",\"contentUrl\":\"https:\/\/www.tecdmx.org.mx\/wp-content\/uploads\/2019\/04\/COMUNICADO-1.jpg\",\"width\":2247,\"height\":1277},{\"@type\":\"BreadcrumbList\",\"@id\":\"https:\/\/www.tecdmx.org.mx\/index.php\/comunicados\/2019\/05\/09\/anula-tecdmx-eleccion-de-representante-tradicional-de-san-pedro-martir-en-tlalpan\/#breadcrumb\",\"itemListElement\":[{\"@type\":\"ListItem\",\"position\":1,\"name\":\"Portada\",\"item\":\"https:\/\/www.tecdmx.org.mx\/\"},{\"@type\":\"ListItem\",\"position\":2,\"name\":\"Anula TECDMX elecci\u00f3n de Representante Tradicional de San Pedro M\u00e1rtir, en Tlalpan.\"}]},{\"@type\":\"WebSite\",\"@id\":\"https:\/\/www.tecdmx.org.mx\/#website\",\"url\":\"https:\/\/www.tecdmx.org.mx\/\",\"name\":\"Tribunal Electoral de la Ciudad de M\u00e9xico\",\"description\":\"25 a\u00f1os garantizando justicia en tu elecci\u00f3n\",\"potentialAction\":[{\"@type\":\"SearchAction\",\"target\":{\"@type\":\"EntryPoint\",\"urlTemplate\":\"https:\/\/www.tecdmx.org.mx\/?s={search_term_string}\"},\"query-input\":\"required name=search_term_string\"}],\"inLanguage\":\"es\"},{\"@type\":\"Person\",\"@id\":\"https:\/\/www.tecdmx.org.mx\/#\/schema\/person\/208c898199fb3234203823c5f0cf31d6\",\"name\":\"Difusion2025\",\"image\":{\"@type\":\"ImageObject\",\"inLanguage\":\"es\",\"@id\":\"https:\/\/www.tecdmx.org.mx\/#\/schema\/person\/image\/\",\"url\":\"https:\/\/secure.gravatar.com\/avatar\/6f7a4ba3acb418040e90a2eb99b5df28?s=96&d=mm&r=g\",\"contentUrl\":\"https:\/\/secure.gravatar.com\/avatar\/6f7a4ba3acb418040e90a2eb99b5df28?s=96&d=mm&r=g\",\"caption\":\"Difusion2025\"}}]}<\/script>\n<!-- \/ Yoast SEO plugin. -->","yoast_head_json":{"title":"Anula TECDMX elecci\u00f3n de Representante Tradicional de San Pedro M\u00e1rtir, en Tlalpan. - Tribunal Electoral de la Ciudad de M\u00e9xico","robots":{"index":"index","follow":"follow","max-snippet":"max-snippet:-1","max-image-preview":"max-image-preview:large","max-video-preview":"max-video-preview:-1"},"canonical":"https:\/\/www.tecdmx.org.mx\/index.php\/comunicados\/2019\/05\/09\/anula-tecdmx-eleccion-de-representante-tradicional-de-san-pedro-martir-en-tlalpan\/","og_locale":"es_ES","og_type":"article","og_title":"Anula TECDMX elecci\u00f3n de Representante Tradicional de San Pedro M\u00e1rtir, en Tlalpan. - Tribunal Electoral de la Ciudad de M\u00e9xico","og_description":"\u2022 En esta Sesi\u00f3n se resolvieron un Juicio Electoral y un Juicio para la Protecci\u00f3n de los Derechos Pol\u00edtico-Electorales de la Ciudadan\u00eda en cumplimiento a lo ordenado por la Sala [&hellip;]","og_url":"https:\/\/www.tecdmx.org.mx\/index.php\/comunicados\/2019\/05\/09\/anula-tecdmx-eleccion-de-representante-tradicional-de-san-pedro-martir-en-tlalpan\/","og_site_name":"Tribunal Electoral de la Ciudad de M\u00e9xico","article_publisher":"https:\/\/www.facebook.com\/TECDMX\/","article_published_time":"2019-05-09T19:57:30+00:00","article_modified_time":"2019-08-02T19:57:51+00:00","og_image":[{"width":2247,"height":1277,"url":"https:\/\/www.tecdmx.org.mx\/wp-content\/uploads\/2019\/04\/COMUNICADO-1.jpg","type":"image\/jpeg"}],"author":"Difusion2025","twitter_card":"summary_large_image","twitter_creator":"@tecdmx","twitter_site":"@tecdmx","twitter_misc":{"Escrito por":"Difusion2025","Tiempo de lectura":"2 minutos"},"schema":{"@context":"https:\/\/schema.org","@graph":[{"@type":"WebPage","@id":"https:\/\/www.tecdmx.org.mx\/index.php\/comunicados\/2019\/05\/09\/anula-tecdmx-eleccion-de-representante-tradicional-de-san-pedro-martir-en-tlalpan\/","url":"https:\/\/www.tecdmx.org.mx\/index.php\/comunicados\/2019\/05\/09\/anula-tecdmx-eleccion-de-representante-tradicional-de-san-pedro-martir-en-tlalpan\/","name":"Anula TECDMX elecci\u00f3n de Representante Tradicional de San Pedro M\u00e1rtir, en Tlalpan. - Tribunal Electoral de la Ciudad de M\u00e9xico","isPartOf":{"@id":"https:\/\/www.tecdmx.org.mx\/#website"},"primaryImageOfPage":{"@id":"https:\/\/www.tecdmx.org.mx\/index.php\/comunicados\/2019\/05\/09\/anula-tecdmx-eleccion-de-representante-tradicional-de-san-pedro-martir-en-tlalpan\/#primaryimage"},"image":{"@id":"https:\/\/www.tecdmx.org.mx\/index.php\/comunicados\/2019\/05\/09\/anula-tecdmx-eleccion-de-representante-tradicional-de-san-pedro-martir-en-tlalpan\/#primaryimage"},"thumbnailUrl":"https:\/\/www.tecdmx.org.mx\/wp-content\/uploads\/2019\/04\/COMUNICADO-1.jpg","datePublished":"2019-05-09T19:57:30+00:00","dateModified":"2019-08-02T19:57:51+00:00","author":{"@id":"https:\/\/www.tecdmx.org.mx\/#\/schema\/person\/208c898199fb3234203823c5f0cf31d6"},"breadcrumb":{"@id":"https:\/\/www.tecdmx.org.mx\/index.php\/comunicados\/2019\/05\/09\/anula-tecdmx-eleccion-de-representante-tradicional-de-san-pedro-martir-en-tlalpan\/#breadcrumb"},"inLanguage":"es","potentialAction":[{"@type":"ReadAction","target":["https:\/\/www.tecdmx.org.mx\/index.php\/comunicados\/2019\/05\/09\/anula-tecdmx-eleccion-de-representante-tradicional-de-san-pedro-martir-en-tlalpan\/"]}]},{"@type":"ImageObject","inLanguage":"es","@id":"https:\/\/www.tecdmx.org.mx\/index.php\/comunicados\/2019\/05\/09\/anula-tecdmx-eleccion-de-representante-tradicional-de-san-pedro-martir-en-tlalpan\/#primaryimage","url":"https:\/\/www.tecdmx.org.mx\/wp-content\/uploads\/2019\/04\/COMUNICADO-1.jpg","contentUrl":"https:\/\/www.tecdmx.org.mx\/wp-content\/uploads\/2019\/04\/COMUNICADO-1.jpg","width":2247,"height":1277},{"@type":"BreadcrumbList","@id":"https:\/\/www.tecdmx.org.mx\/index.php\/comunicados\/2019\/05\/09\/anula-tecdmx-eleccion-de-representante-tradicional-de-san-pedro-martir-en-tlalpan\/#breadcrumb","itemListElement":[{"@type":"ListItem","position":1,"name":"Portada","item":"https:\/\/www.tecdmx.org.mx\/"},{"@type":"ListItem","position":2,"name":"Anula TECDMX elecci\u00f3n de Representante Tradicional de San Pedro M\u00e1rtir, en Tlalpan."}]},{"@type":"WebSite","@id":"https:\/\/www.tecdmx.org.mx\/#website","url":"https:\/\/www.tecdmx.org.mx\/","name":"Tribunal Electoral de la Ciudad de M\u00e9xico","description":"25 a\u00f1os garantizando justicia en tu elecci\u00f3n","potentialAction":[{"@type":"SearchAction","target":{"@type":"EntryPoint","urlTemplate":"https:\/\/www.tecdmx.org.mx\/?s={search_term_string}"},"query-input":"required name=search_term_string"}],"inLanguage":"es"},{"@type":"Person","@id":"https:\/\/www.tecdmx.org.mx\/#\/schema\/person\/208c898199fb3234203823c5f0cf31d6","name":"Difusion2025","image":{"@type":"ImageObject","inLanguage":"es","@id":"https:\/\/www.tecdmx.org.mx\/#\/schema\/person\/image\/","url":"https:\/\/secure.gravatar.com\/avatar\/6f7a4ba3acb418040e90a2eb99b5df28?s=96&d=mm&r=g","contentUrl":"https:\/\/secure.gravatar.com\/avatar\/6f7a4ba3acb418040e90a2eb99b5df28?s=96&d=mm&r=g","caption":"Difusion2025"}}]}},"_links":{"self":[{"href":"https:\/\/www.tecdmx.org.mx\/index.php\/wp-json\/wp\/v2\/posts\/13670"}],"collection":[{"href":"https:\/\/www.tecdmx.org.mx\/index.php\/wp-json\/wp\/v2\/posts"}],"about":[{"href":"https:\/\/www.tecdmx.org.mx\/index.php\/wp-json\/wp\/v2\/types\/post"}],"author":[{"embeddable":true,"href":"https:\/\/www.tecdmx.org.mx\/index.php\/wp-json\/wp\/v2\/users\/13"}],"replies":[{"embeddable":true,"href":"https:\/\/www.tecdmx.org.mx\/index.php\/wp-json\/wp\/v2\/comments?post=13670"}],"version-history":[{"count":3,"href":"https:\/\/www.tecdmx.org.mx\/index.php\/wp-json\/wp\/v2\/posts\/13670\/revisions"}],"predecessor-version":[{"id":13674,"href":"https:\/\/www.tecdmx.org.mx\/index.php\/wp-json\/wp\/v2\/posts\/13670\/revisions\/13674"}],"wp:featuredmedia":[{"embeddable":true,"href":"https:\/\/www.tecdmx.org.mx\/index.php\/wp-json\/wp\/v2\/media\/12606"}],"wp:attachment":[{"href":"https:\/\/www.tecdmx.org.mx\/index.php\/wp-json\/wp\/v2\/media?parent=13670"}],"wp:term":[{"taxonomy":"category","embeddable":true,"href":"https:\/\/www.tecdmx.org.mx\/index.php\/wp-json\/wp\/v2\/categories?post=13670"},{"taxonomy":"post_tag","embeddable":true,"href":"https:\/\/www.tecdmx.org.mx\/index.php\/wp-json\/wp\/v2\/tags?post=13670"}],"curies":[{"name":"wp","href":"https:\/\/api.w.org\/{rel}","templated":true}]}}