{"id":13675,"date":"2019-05-15T08:03:23","date_gmt":"2019-05-15T08:03:23","guid":{"rendered":"http:\/\/www2.tecdmx.org.mx\/?p=13675"},"modified":"2019-08-02T20:03:44","modified_gmt":"2019-08-02T20:03:44","slug":"arranca-programa-para-fomentar-la-participacion-politica-de-jovenes-bajo-la-coordinacion-del-tecdmx-y-el-injuve-cdmx","status":"publish","type":"post","link":"https:\/\/www.tecdmx.org.mx\/index.php\/comunicados\/2019\/05\/15\/arranca-programa-para-fomentar-la-participacion-politica-de-jovenes-bajo-la-coordinacion-del-tecdmx-y-el-injuve-cdmx\/","title":{"rendered":"Arranca programa para fomentar la participaci\u00f3n pol\u00edtica de j\u00f3venes bajo la coordinaci\u00f3n del TECDMX y el Injuve CDMX."},"content":{"rendered":"\n<p>\u2022 Se busca formar una nueva generaci\u00f3n activa en la participaci\u00f3n democr\u00e1tica, el fomento de la cultura<\/p>\n\n\n\n<p>c\u00edvica y el replicamiento de los conocimientos adquiridos a m\u00e1s personas j\u00f3venes.<\/p>\n\n\n\n<p>\u2022 Se capacitar\u00e1 a las personas j\u00f3venes en materia de cultura democr\u00e1tica, liderazgo, no discriminaci\u00f3n,<\/p>\n\n\n\n<p>no criminalizaci\u00f3n de la pobreza y autoestima, entre otros.<\/p>\n\n\n\n<p>Con la participaci\u00f3n de las Magistraturas integrantes del Pleno y de la Directora General del Instituto<\/p>\n\n\n\n<p>de la Juventud, se llev\u00f3 a cabo la inauguraci\u00f3n de la quinta edici\u00f3n del Programa \u201cAgitando Ideas,<\/p>\n\n\n\n<p>J\u00f3venes Formando Ciudadan\u00eda\u201d, el cual tiene por objeto robustecer la labor institucional de la cultura<\/p>\n\n\n\n<p>democr\u00e1tica a partir del desarrollo de actividades de formaci\u00f3n sobre el ejercicio y defensa de los<\/p>\n\n\n\n<p>derechos pol\u00edtico-electorales de las personas j\u00f3venes.<\/p>\n\n\n\n<p>Durante su participaci\u00f3n, el Magistrado Presidente del TECDMX, Gustavo Anzaldo Hern\u00e1ndez,<\/p>\n\n\n\n<p>destac\u00f3 que es necesario repensar c\u00f3mo estamos viendo los sistemas democr\u00e1tico-electorales y la<\/p>\n\n\n\n<p>importancia que le damos a la importancia de la ciudadan\u00eda en los mismos.<\/p>\n\n\n\n<p>\u201cDebemos acabar con el mito de que la participaci\u00f3n pol\u00edtico-electoral de la sociedad solo se da en<\/p>\n\n\n\n<p>los procesos electorales, para darle una nueva dimensi\u00f3n, cambiar el paradigma que tenemos y<\/p>\n\n\n\n<p>empezarnos a involucrar en las tareas que forman parte de un r\u00e9gimen democr\u00e1tico\u201d, afirm\u00f3 el<\/p>\n\n\n\n<p>Magistrado Presidente.<\/p>\n\n\n\n<p>Por su parte, Beatriz Adriana Olivares Pinal, Directora General del Injuve, afirm\u00f3 que la participaci\u00f3n<\/p>\n\n\n\n<p>de las personas j\u00f3venes en el \u00faltimo proceso electoral demostr\u00f3 que est\u00e1n no s\u00f3lo en el uso de las<\/p>\n\n\n\n<p>redes sino tambi\u00e9n en el accionar de sus derechos, como es el poder elegir a sus autoridades.<\/p>\n\n\n\n<p>\u201cEl Injuve est\u00e1 comprometido con la ciudadan\u00eda para que estos j\u00f3venes se vuelvan replicadores y<\/p>\n\n\n\n<p>puedan ir a las escuelas a informar sobre lo que hace el Tribunal y su importancia en los procesos\u201d,<\/p>\n\n\n\n<p>recalc\u00f3 Olivares Pinal.<\/p>\n\n\n\n<p>Desde su creaci\u00f3n en 2015, se han capacitado m\u00e1s de un centenar de j\u00f3venes que, a su vez, han sido<\/p>\n\n\n\n<p>replicadores con m\u00e1s de 10,000 personas j\u00f3venes, El trabajo de replicaci\u00f3n de contenidos es<\/p>\n\n\n\n<p>fundamental para el \u00e9xito de este programa por lo que en esta edici\u00f3n, la quinta desde su creaci\u00f3n,<\/p>\n\n\n\n<p>se trabajar\u00e1 con dos brigadas de j\u00f3venes que recibir\u00e1n capacitaci\u00f3n en diversos temas relacionados<\/p>\n\n\n\n<p>con la materia pol\u00edtico-electoral, as\u00ed como otros relativos a la no discriminaci\u00f3n, derechos humanos<\/p>\n\n\n\n<p>y comunicaci\u00f3n, entre otros.<\/p>\n\n\n\n<p>Con el Convenio firmado con el Instituto de la Juventud de la Ciudad de M\u00e9xico el TECDMX reitera su<\/p>\n\n\n\n<p>compromiso con la Justicia Abierta, as\u00ed como con el acercamiento y acceso de la ciudadan\u00eda, en este<\/p>\n\n\n\n<p>caso de las personas j\u00f3venes, a las actividades que realiza el Tribunal y sus Magistraturas con el<\/p>\n\n\n\n<p>objetivo de generar conciencia sobre los derechos pol\u00edtico-electorales y defensa que este \u00d3rgano<\/p>\n\n\n\n<p>Jurisdiccional hace a favor de estos.<\/p>\n\n\n\n<p>Finalmente, en esta edici\u00f3n del programa participar\u00e1n en las capacitaciones personas servidoras<\/p>\n\n\n\n<p>p\u00fablicas del TECDMX, Injuve, Instituto Electoral de la Ciudad de M\u00e9xico, Instituto Nacional Electoral,<\/p>\n\n\n\n<p>Fiscal\u00eda Especializada en la Atenci\u00f3n de Delitos Electorales, Comisi\u00f3n de Derechos Humanos de la<\/p>\n\n\n\n<p>Ciudad de M\u00e9xico y Tribunal Electoral del Poder Judicial de la Federaci\u00f3n, as\u00ed como acad\u00e9micos y<\/p>\n\n\n\n<p>representantes de organizaciones de la sociedad civil.<\/p>\n\n\n\n<p>o-O-o<\/p>\n\n\n\n<p>* Los criterios para las resoluciones de este Pleno son coincidentes.<\/p>\n","protected":false},"excerpt":{"rendered":"<p>\u2022 Se busca formar una nueva generaci\u00f3n activa en la participaci\u00f3n democr\u00e1tica, el fomento de la cultura c\u00edvica y el replicamiento de los conocimientos adquiridos a m\u00e1s personas j\u00f3venes. \u2022 [&hellip;]<\/p>\n","protected":false},"author":13,"featured_media":12606,"comment_status":"open","ping_status":"open","sticky":false,"template":"","format":"standard","meta":{"_acf_changed":false,"_exactmetrics_skip_tracking":false,"_exactmetrics_sitenote_active":false,"_exactmetrics_sitenote_note":"","_exactmetrics_sitenote_category":0,"footnotes":""},"categories":[32,47],"tags":[59,58],"acf":[],"yoast_head":"<!-- This site is optimized with the Yoast SEO plugin v22.3 - https:\/\/yoast.com\/wordpress\/plugins\/seo\/ -->\n<title>Arranca programa para fomentar la participaci\u00f3n pol\u00edtica de j\u00f3venes bajo la coordinaci\u00f3n del TECDMX y el Injuve CDMX. - Tribunal Electoral de la Ciudad de M\u00e9xico<\/title>\n<meta name=\"robots\" content=\"index, follow, max-snippet:-1, max-image-preview:large, max-video-preview:-1\" \/>\n<link rel=\"canonical\" href=\"https:\/\/www.tecdmx.org.mx\/index.php\/comunicados\/2019\/05\/15\/arranca-programa-para-fomentar-la-participacion-politica-de-jovenes-bajo-la-coordinacion-del-tecdmx-y-el-injuve-cdmx\/\" \/>\n<meta property=\"og:locale\" content=\"es_ES\" \/>\n<meta property=\"og:type\" content=\"article\" \/>\n<meta property=\"og:title\" content=\"Arranca programa para fomentar la participaci\u00f3n pol\u00edtica de j\u00f3venes bajo la coordinaci\u00f3n del TECDMX y el Injuve CDMX. - Tribunal Electoral de la Ciudad de M\u00e9xico\" \/>\n<meta property=\"og:description\" content=\"\u2022 Se busca formar una nueva generaci\u00f3n activa en la participaci\u00f3n democr\u00e1tica, el fomento de la cultura c\u00edvica y el replicamiento de los conocimientos adquiridos a m\u00e1s personas j\u00f3venes. \u2022 [&hellip;]\" \/>\n<meta property=\"og:url\" content=\"https:\/\/www.tecdmx.org.mx\/index.php\/comunicados\/2019\/05\/15\/arranca-programa-para-fomentar-la-participacion-politica-de-jovenes-bajo-la-coordinacion-del-tecdmx-y-el-injuve-cdmx\/\" \/>\n<meta property=\"og:site_name\" content=\"Tribunal Electoral de la Ciudad de M\u00e9xico\" \/>\n<meta property=\"article:publisher\" content=\"https:\/\/www.facebook.com\/TECDMX\/\" \/>\n<meta property=\"article:published_time\" content=\"2019-05-15T08:03:23+00:00\" \/>\n<meta property=\"article:modified_time\" content=\"2019-08-02T20:03:44+00:00\" \/>\n<meta property=\"og:image\" content=\"https:\/\/www.tecdmx.org.mx\/wp-content\/uploads\/2019\/04\/COMUNICADO-1.jpg\" \/>\n\t<meta property=\"og:image:width\" content=\"2247\" \/>\n\t<meta property=\"og:image:height\" content=\"1277\" \/>\n\t<meta property=\"og:image:type\" content=\"image\/jpeg\" \/>\n<meta name=\"author\" content=\"Difusion2025\" \/>\n<meta name=\"twitter:card\" content=\"summary_large_image\" \/>\n<meta name=\"twitter:creator\" content=\"@tecdmx\" \/>\n<meta name=\"twitter:site\" content=\"@tecdmx\" \/>\n<meta name=\"twitter:label1\" content=\"Escrito por\" \/>\n\t<meta name=\"twitter:data1\" content=\"Difusion2025\" \/>\n\t<meta name=\"twitter:label2\" content=\"Tiempo de lectura\" \/>\n\t<meta name=\"twitter:data2\" content=\"3 minutos\" \/>\n<script type=\"application\/ld+json\" class=\"yoast-schema-graph\">{\"@context\":\"https:\/\/schema.org\",\"@graph\":[{\"@type\":\"WebPage\",\"@id\":\"https:\/\/www.tecdmx.org.mx\/index.php\/comunicados\/2019\/05\/15\/arranca-programa-para-fomentar-la-participacion-politica-de-jovenes-bajo-la-coordinacion-del-tecdmx-y-el-injuve-cdmx\/\",\"url\":\"https:\/\/www.tecdmx.org.mx\/index.php\/comunicados\/2019\/05\/15\/arranca-programa-para-fomentar-la-participacion-politica-de-jovenes-bajo-la-coordinacion-del-tecdmx-y-el-injuve-cdmx\/\",\"name\":\"Arranca programa para fomentar la participaci\u00f3n pol\u00edtica de j\u00f3venes bajo la coordinaci\u00f3n del TECDMX y el Injuve CDMX. - Tribunal Electoral de la Ciudad de M\u00e9xico\",\"isPartOf\":{\"@id\":\"https:\/\/www.tecdmx.org.mx\/#website\"},\"primaryImageOfPage\":{\"@id\":\"https:\/\/www.tecdmx.org.mx\/index.php\/comunicados\/2019\/05\/15\/arranca-programa-para-fomentar-la-participacion-politica-de-jovenes-bajo-la-coordinacion-del-tecdmx-y-el-injuve-cdmx\/#primaryimage\"},\"image\":{\"@id\":\"https:\/\/www.tecdmx.org.mx\/index.php\/comunicados\/2019\/05\/15\/arranca-programa-para-fomentar-la-participacion-politica-de-jovenes-bajo-la-coordinacion-del-tecdmx-y-el-injuve-cdmx\/#primaryimage\"},\"thumbnailUrl\":\"https:\/\/www.tecdmx.org.mx\/wp-content\/uploads\/2019\/04\/COMUNICADO-1.jpg\",\"datePublished\":\"2019-05-15T08:03:23+00:00\",\"dateModified\":\"2019-08-02T20:03:44+00:00\",\"author\":{\"@id\":\"https:\/\/www.tecdmx.org.mx\/#\/schema\/person\/208c898199fb3234203823c5f0cf31d6\"},\"breadcrumb\":{\"@id\":\"https:\/\/www.tecdmx.org.mx\/index.php\/comunicados\/2019\/05\/15\/arranca-programa-para-fomentar-la-participacion-politica-de-jovenes-bajo-la-coordinacion-del-tecdmx-y-el-injuve-cdmx\/#breadcrumb\"},\"inLanguage\":\"es\",\"potentialAction\":[{\"@type\":\"ReadAction\",\"target\":[\"https:\/\/www.tecdmx.org.mx\/index.php\/comunicados\/2019\/05\/15\/arranca-programa-para-fomentar-la-participacion-politica-de-jovenes-bajo-la-coordinacion-del-tecdmx-y-el-injuve-cdmx\/\"]}]},{\"@type\":\"ImageObject\",\"inLanguage\":\"es\",\"@id\":\"https:\/\/www.tecdmx.org.mx\/index.php\/comunicados\/2019\/05\/15\/arranca-programa-para-fomentar-la-participacion-politica-de-jovenes-bajo-la-coordinacion-del-tecdmx-y-el-injuve-cdmx\/#primaryimage\",\"url\":\"https:\/\/www.tecdmx.org.mx\/wp-content\/uploads\/2019\/04\/COMUNICADO-1.jpg\",\"contentUrl\":\"https:\/\/www.tecdmx.org.mx\/wp-content\/uploads\/2019\/04\/COMUNICADO-1.jpg\",\"width\":2247,\"height\":1277},{\"@type\":\"BreadcrumbList\",\"@id\":\"https:\/\/www.tecdmx.org.mx\/index.php\/comunicados\/2019\/05\/15\/arranca-programa-para-fomentar-la-participacion-politica-de-jovenes-bajo-la-coordinacion-del-tecdmx-y-el-injuve-cdmx\/#breadcrumb\",\"itemListElement\":[{\"@type\":\"ListItem\",\"position\":1,\"name\":\"Portada\",\"item\":\"https:\/\/www.tecdmx.org.mx\/\"},{\"@type\":\"ListItem\",\"position\":2,\"name\":\"Arranca programa para fomentar la participaci\u00f3n pol\u00edtica de j\u00f3venes bajo la coordinaci\u00f3n del TECDMX y el Injuve CDMX.\"}]},{\"@type\":\"WebSite\",\"@id\":\"https:\/\/www.tecdmx.org.mx\/#website\",\"url\":\"https:\/\/www.tecdmx.org.mx\/\",\"name\":\"Tribunal Electoral de la Ciudad de M\u00e9xico\",\"description\":\"25 a\u00f1os garantizando justicia en tu elecci\u00f3n\",\"potentialAction\":[{\"@type\":\"SearchAction\",\"target\":{\"@type\":\"EntryPoint\",\"urlTemplate\":\"https:\/\/www.tecdmx.org.mx\/?s={search_term_string}\"},\"query-input\":\"required name=search_term_string\"}],\"inLanguage\":\"es\"},{\"@type\":\"Person\",\"@id\":\"https:\/\/www.tecdmx.org.mx\/#\/schema\/person\/208c898199fb3234203823c5f0cf31d6\",\"name\":\"Difusion2025\",\"image\":{\"@type\":\"ImageObject\",\"inLanguage\":\"es\",\"@id\":\"https:\/\/www.tecdmx.org.mx\/#\/schema\/person\/image\/\",\"url\":\"https:\/\/secure.gravatar.com\/avatar\/6f7a4ba3acb418040e90a2eb99b5df28?s=96&d=mm&r=g\",\"contentUrl\":\"https:\/\/secure.gravatar.com\/avatar\/6f7a4ba3acb418040e90a2eb99b5df28?s=96&d=mm&r=g\",\"caption\":\"Difusion2025\"}}]}<\/script>\n<!-- \/ Yoast SEO plugin. -->","yoast_head_json":{"title":"Arranca programa para fomentar la participaci\u00f3n pol\u00edtica de j\u00f3venes bajo la coordinaci\u00f3n del TECDMX y el Injuve CDMX. - Tribunal Electoral de la Ciudad de M\u00e9xico","robots":{"index":"index","follow":"follow","max-snippet":"max-snippet:-1","max-image-preview":"max-image-preview:large","max-video-preview":"max-video-preview:-1"},"canonical":"https:\/\/www.tecdmx.org.mx\/index.php\/comunicados\/2019\/05\/15\/arranca-programa-para-fomentar-la-participacion-politica-de-jovenes-bajo-la-coordinacion-del-tecdmx-y-el-injuve-cdmx\/","og_locale":"es_ES","og_type":"article","og_title":"Arranca programa para fomentar la participaci\u00f3n pol\u00edtica de j\u00f3venes bajo la coordinaci\u00f3n del TECDMX y el Injuve CDMX. - Tribunal Electoral de la Ciudad de M\u00e9xico","og_description":"\u2022 Se busca formar una nueva generaci\u00f3n activa en la participaci\u00f3n democr\u00e1tica, el fomento de la cultura c\u00edvica y el replicamiento de los conocimientos adquiridos a m\u00e1s personas j\u00f3venes. \u2022 [&hellip;]","og_url":"https:\/\/www.tecdmx.org.mx\/index.php\/comunicados\/2019\/05\/15\/arranca-programa-para-fomentar-la-participacion-politica-de-jovenes-bajo-la-coordinacion-del-tecdmx-y-el-injuve-cdmx\/","og_site_name":"Tribunal Electoral de la Ciudad de M\u00e9xico","article_publisher":"https:\/\/www.facebook.com\/TECDMX\/","article_published_time":"2019-05-15T08:03:23+00:00","article_modified_time":"2019-08-02T20:03:44+00:00","og_image":[{"width":2247,"height":1277,"url":"https:\/\/www.tecdmx.org.mx\/wp-content\/uploads\/2019\/04\/COMUNICADO-1.jpg","type":"image\/jpeg"}],"author":"Difusion2025","twitter_card":"summary_large_image","twitter_creator":"@tecdmx","twitter_site":"@tecdmx","twitter_misc":{"Escrito por":"Difusion2025","Tiempo de lectura":"3 minutos"},"schema":{"@context":"https:\/\/schema.org","@graph":[{"@type":"WebPage","@id":"https:\/\/www.tecdmx.org.mx\/index.php\/comunicados\/2019\/05\/15\/arranca-programa-para-fomentar-la-participacion-politica-de-jovenes-bajo-la-coordinacion-del-tecdmx-y-el-injuve-cdmx\/","url":"https:\/\/www.tecdmx.org.mx\/index.php\/comunicados\/2019\/05\/15\/arranca-programa-para-fomentar-la-participacion-politica-de-jovenes-bajo-la-coordinacion-del-tecdmx-y-el-injuve-cdmx\/","name":"Arranca programa para fomentar la participaci\u00f3n pol\u00edtica de j\u00f3venes bajo la coordinaci\u00f3n del TECDMX y el Injuve CDMX. - Tribunal Electoral de la Ciudad de M\u00e9xico","isPartOf":{"@id":"https:\/\/www.tecdmx.org.mx\/#website"},"primaryImageOfPage":{"@id":"https:\/\/www.tecdmx.org.mx\/index.php\/comunicados\/2019\/05\/15\/arranca-programa-para-fomentar-la-participacion-politica-de-jovenes-bajo-la-coordinacion-del-tecdmx-y-el-injuve-cdmx\/#primaryimage"},"image":{"@id":"https:\/\/www.tecdmx.org.mx\/index.php\/comunicados\/2019\/05\/15\/arranca-programa-para-fomentar-la-participacion-politica-de-jovenes-bajo-la-coordinacion-del-tecdmx-y-el-injuve-cdmx\/#primaryimage"},"thumbnailUrl":"https:\/\/www.tecdmx.org.mx\/wp-content\/uploads\/2019\/04\/COMUNICADO-1.jpg","datePublished":"2019-05-15T08:03:23+00:00","dateModified":"2019-08-02T20:03:44+00:00","author":{"@id":"https:\/\/www.tecdmx.org.mx\/#\/schema\/person\/208c898199fb3234203823c5f0cf31d6"},"breadcrumb":{"@id":"https:\/\/www.tecdmx.org.mx\/index.php\/comunicados\/2019\/05\/15\/arranca-programa-para-fomentar-la-participacion-politica-de-jovenes-bajo-la-coordinacion-del-tecdmx-y-el-injuve-cdmx\/#breadcrumb"},"inLanguage":"es","potentialAction":[{"@type":"ReadAction","target":["https:\/\/www.tecdmx.org.mx\/index.php\/comunicados\/2019\/05\/15\/arranca-programa-para-fomentar-la-participacion-politica-de-jovenes-bajo-la-coordinacion-del-tecdmx-y-el-injuve-cdmx\/"]}]},{"@type":"ImageObject","inLanguage":"es","@id":"https:\/\/www.tecdmx.org.mx\/index.php\/comunicados\/2019\/05\/15\/arranca-programa-para-fomentar-la-participacion-politica-de-jovenes-bajo-la-coordinacion-del-tecdmx-y-el-injuve-cdmx\/#primaryimage","url":"https:\/\/www.tecdmx.org.mx\/wp-content\/uploads\/2019\/04\/COMUNICADO-1.jpg","contentUrl":"https:\/\/www.tecdmx.org.mx\/wp-content\/uploads\/2019\/04\/COMUNICADO-1.jpg","width":2247,"height":1277},{"@type":"BreadcrumbList","@id":"https:\/\/www.tecdmx.org.mx\/index.php\/comunicados\/2019\/05\/15\/arranca-programa-para-fomentar-la-participacion-politica-de-jovenes-bajo-la-coordinacion-del-tecdmx-y-el-injuve-cdmx\/#breadcrumb","itemListElement":[{"@type":"ListItem","position":1,"name":"Portada","item":"https:\/\/www.tecdmx.org.mx\/"},{"@type":"ListItem","position":2,"name":"Arranca programa para fomentar la participaci\u00f3n pol\u00edtica de j\u00f3venes bajo la coordinaci\u00f3n del TECDMX y el Injuve CDMX."}]},{"@type":"WebSite","@id":"https:\/\/www.tecdmx.org.mx\/#website","url":"https:\/\/www.tecdmx.org.mx\/","name":"Tribunal Electoral de la Ciudad de M\u00e9xico","description":"25 a\u00f1os garantizando justicia en tu elecci\u00f3n","potentialAction":[{"@type":"SearchAction","target":{"@type":"EntryPoint","urlTemplate":"https:\/\/www.tecdmx.org.mx\/?s={search_term_string}"},"query-input":"required name=search_term_string"}],"inLanguage":"es"},{"@type":"Person","@id":"https:\/\/www.tecdmx.org.mx\/#\/schema\/person\/208c898199fb3234203823c5f0cf31d6","name":"Difusion2025","image":{"@type":"ImageObject","inLanguage":"es","@id":"https:\/\/www.tecdmx.org.mx\/#\/schema\/person\/image\/","url":"https:\/\/secure.gravatar.com\/avatar\/6f7a4ba3acb418040e90a2eb99b5df28?s=96&d=mm&r=g","contentUrl":"https:\/\/secure.gravatar.com\/avatar\/6f7a4ba3acb418040e90a2eb99b5df28?s=96&d=mm&r=g","caption":"Difusion2025"}}]}},"_links":{"self":[{"href":"https:\/\/www.tecdmx.org.mx\/index.php\/wp-json\/wp\/v2\/posts\/13675"}],"collection":[{"href":"https:\/\/www.tecdmx.org.mx\/index.php\/wp-json\/wp\/v2\/posts"}],"about":[{"href":"https:\/\/www.tecdmx.org.mx\/index.php\/wp-json\/wp\/v2\/types\/post"}],"author":[{"embeddable":true,"href":"https:\/\/www.tecdmx.org.mx\/index.php\/wp-json\/wp\/v2\/users\/13"}],"replies":[{"embeddable":true,"href":"https:\/\/www.tecdmx.org.mx\/index.php\/wp-json\/wp\/v2\/comments?post=13675"}],"version-history":[{"count":3,"href":"https:\/\/www.tecdmx.org.mx\/index.php\/wp-json\/wp\/v2\/posts\/13675\/revisions"}],"predecessor-version":[{"id":13679,"href":"https:\/\/www.tecdmx.org.mx\/index.php\/wp-json\/wp\/v2\/posts\/13675\/revisions\/13679"}],"wp:featuredmedia":[{"embeddable":true,"href":"https:\/\/www.tecdmx.org.mx\/index.php\/wp-json\/wp\/v2\/media\/12606"}],"wp:attachment":[{"href":"https:\/\/www.tecdmx.org.mx\/index.php\/wp-json\/wp\/v2\/media?parent=13675"}],"wp:term":[{"taxonomy":"category","embeddable":true,"href":"https:\/\/www.tecdmx.org.mx\/index.php\/wp-json\/wp\/v2\/categories?post=13675"},{"taxonomy":"post_tag","embeddable":true,"href":"https:\/\/www.tecdmx.org.mx\/index.php\/wp-json\/wp\/v2\/tags?post=13675"}],"curies":[{"name":"wp","href":"https:\/\/api.w.org\/{rel}","templated":true}]}}