{"id":13680,"date":"2019-05-23T08:08:32","date_gmt":"2019-05-23T08:08:32","guid":{"rendered":"http:\/\/www2.tecdmx.org.mx\/?p=13680"},"modified":"2019-08-02T20:09:35","modified_gmt":"2019-08-02T20:09:35","slug":"confirma-tecdmx-negativa-de-registro-del-partido-encuentro-social-en-la-ciudad-de-mexico","status":"publish","type":"post","link":"https:\/\/www.tecdmx.org.mx\/index.php\/comunicados\/2019\/05\/23\/confirma-tecdmx-negativa-de-registro-del-partido-encuentro-social-en-la-ciudad-de-mexico\/","title":{"rendered":"Confirma TECDMX negativa de registro del Partido Encuentro Social en la Ciudad de M\u00e9xico"},"content":{"rendered":"\n<p>\u2022 Se consider\u00f3 que el PES no cumpli\u00f3 con el requisito de alcanzar el umbral de votaci\u00f3n v\u00e1lida emitida<\/p>\n\n\n\n<p>del tres por ciento.<\/p>\n\n\n\n<p>El Pleno del Tribunal Electoral de la Ciudad de M\u00e9xico (TECDMX) celebr\u00f3 Sesi\u00f3n P\u00fablica en la que<\/p>\n\n\n\n<p>resolvieron un Juicio Electoral (JEL) y un Juicio para la Protecci\u00f3n de los Derechos Pol\u00edtico-Electorales<\/p>\n\n\n\n<p>de la Ciudadan\u00eda (JLDC).<\/p>\n\n\n\n<p>Al resolver el juicio TECDMX-JEL-073\/2019, promovido por el Partido Encuentro Social en el que<\/p>\n\n\n\n<p>controvert\u00eda la improcedencia de su solicitud de registro como partido pol\u00edtico local, al aducir que<\/p>\n\n\n\n<p>que exist\u00eda una violaci\u00f3n al principio de legalidad, en su vertiente de indebida fundamentaci\u00f3n y<\/p>\n\n\n\n<p>motivaci\u00f3n, en cuanto a la incorrecta interpretaci\u00f3n de los preceptos que establecen los requisitos<\/p>\n\n\n\n<p>que debe cumplir un partido pol\u00edtico nacional que perdi\u00f3 su registro y opta por obtenerlo en alguna<\/p>\n\n\n\n<p>Entidad Federativa; el Pleno resolvi\u00f3 confirmar la negativa de registro al Partido Encuentro Social<\/p>\n\n\n\n<p>por considerar que no cumpli\u00f3 con el requisito de haber obtenido en la elecci\u00f3n inmediata anterior<\/p>\n\n\n\n<p>al menos el tres por ciento de la votaci\u00f3n v\u00e1lida emitida.<\/p>\n\n\n\n<p>Finalmente, sobre el juicio TECDMX-JLDC-020\/2019, promovido por Mar\u00eda del Carmen Osnaya<\/p>\n\n\n\n<p>Garc\u00e9s en el que controvert\u00eda la omisi\u00f3n de la persona titular de la Alcald\u00eda de Tlalpan, de dar<\/p>\n\n\n\n<p>respuesta a un escrito en el que solicit\u00f3 informaci\u00f3n relacionada con la elecci\u00f3n de los integrantes<\/p>\n\n\n\n<p>de la Comisi\u00f3n Sociocultural del pueblo de San Pedro M\u00e1rtir; las Magistradas y Magistrados<\/p>\n\n\n\n<p>determinaron desechar de plano la demanda al haberse actualizado la causal de improcedencia<\/p>\n\n\n\n<p>relativa a que el juicio qued\u00f3 sin materia, pues la autoridad dio respuesta a la solicitud de la parte<\/p>\n\n\n\n<p>actora.<\/p>\n\n\n\n<p>o-O-o<\/p>\n\n\n\n<p>* Los criterios para las resoluciones de este Pleno son coincidentes.<\/p>\n","protected":false},"excerpt":{"rendered":"<p>\u2022 Se consider\u00f3 que el PES no cumpli\u00f3 con el requisito de alcanzar el umbral de votaci\u00f3n v\u00e1lida emitida del tres por ciento. El Pleno del Tribunal Electoral de la [&hellip;]<\/p>\n","protected":false},"author":13,"featured_media":12606,"comment_status":"open","ping_status":"open","sticky":false,"template":"","format":"standard","meta":{"_acf_changed":false,"_exactmetrics_skip_tracking":false,"_exactmetrics_sitenote_active":false,"_exactmetrics_sitenote_note":"","_exactmetrics_sitenote_category":0,"footnotes":""},"categories":[32,47],"tags":[59,58],"acf":[],"yoast_head":"<!-- This site is optimized with the Yoast SEO plugin v22.3 - https:\/\/yoast.com\/wordpress\/plugins\/seo\/ -->\n<title>Confirma TECDMX negativa de registro del Partido Encuentro Social en la Ciudad de M\u00e9xico - Tribunal Electoral de la Ciudad de M\u00e9xico<\/title>\n<meta name=\"robots\" content=\"index, follow, max-snippet:-1, max-image-preview:large, max-video-preview:-1\" \/>\n<link rel=\"canonical\" href=\"https:\/\/www.tecdmx.org.mx\/index.php\/comunicados\/2019\/05\/23\/confirma-tecdmx-negativa-de-registro-del-partido-encuentro-social-en-la-ciudad-de-mexico\/\" \/>\n<meta property=\"og:locale\" content=\"es_ES\" \/>\n<meta property=\"og:type\" content=\"article\" \/>\n<meta property=\"og:title\" content=\"Confirma TECDMX negativa de registro del Partido Encuentro Social en la Ciudad de M\u00e9xico - Tribunal Electoral de la Ciudad de M\u00e9xico\" \/>\n<meta property=\"og:description\" content=\"\u2022 Se consider\u00f3 que el PES no cumpli\u00f3 con el requisito de alcanzar el umbral de votaci\u00f3n v\u00e1lida emitida del tres por ciento. El Pleno del Tribunal Electoral de la [&hellip;]\" \/>\n<meta property=\"og:url\" content=\"https:\/\/www.tecdmx.org.mx\/index.php\/comunicados\/2019\/05\/23\/confirma-tecdmx-negativa-de-registro-del-partido-encuentro-social-en-la-ciudad-de-mexico\/\" \/>\n<meta property=\"og:site_name\" content=\"Tribunal Electoral de la Ciudad de M\u00e9xico\" \/>\n<meta property=\"article:publisher\" content=\"https:\/\/www.facebook.com\/TECDMX\/\" \/>\n<meta property=\"article:published_time\" content=\"2019-05-23T08:08:32+00:00\" \/>\n<meta property=\"article:modified_time\" content=\"2019-08-02T20:09:35+00:00\" \/>\n<meta property=\"og:image\" content=\"https:\/\/www.tecdmx.org.mx\/wp-content\/uploads\/2019\/04\/COMUNICADO-1.jpg\" \/>\n\t<meta property=\"og:image:width\" content=\"2247\" \/>\n\t<meta property=\"og:image:height\" content=\"1277\" \/>\n\t<meta property=\"og:image:type\" content=\"image\/jpeg\" \/>\n<meta name=\"author\" content=\"Difusion2025\" \/>\n<meta name=\"twitter:card\" content=\"summary_large_image\" \/>\n<meta name=\"twitter:creator\" content=\"@tecdmx\" \/>\n<meta name=\"twitter:site\" content=\"@tecdmx\" \/>\n<meta name=\"twitter:label1\" content=\"Escrito por\" \/>\n\t<meta name=\"twitter:data1\" content=\"Difusion2025\" \/>\n\t<meta name=\"twitter:label2\" content=\"Tiempo de lectura\" \/>\n\t<meta name=\"twitter:data2\" content=\"2 minutos\" \/>\n<script type=\"application\/ld+json\" class=\"yoast-schema-graph\">{\"@context\":\"https:\/\/schema.org\",\"@graph\":[{\"@type\":\"WebPage\",\"@id\":\"https:\/\/www.tecdmx.org.mx\/index.php\/comunicados\/2019\/05\/23\/confirma-tecdmx-negativa-de-registro-del-partido-encuentro-social-en-la-ciudad-de-mexico\/\",\"url\":\"https:\/\/www.tecdmx.org.mx\/index.php\/comunicados\/2019\/05\/23\/confirma-tecdmx-negativa-de-registro-del-partido-encuentro-social-en-la-ciudad-de-mexico\/\",\"name\":\"Confirma TECDMX negativa de registro del Partido Encuentro Social en la Ciudad de M\u00e9xico - Tribunal Electoral de la Ciudad de M\u00e9xico\",\"isPartOf\":{\"@id\":\"https:\/\/www.tecdmx.org.mx\/#website\"},\"primaryImageOfPage\":{\"@id\":\"https:\/\/www.tecdmx.org.mx\/index.php\/comunicados\/2019\/05\/23\/confirma-tecdmx-negativa-de-registro-del-partido-encuentro-social-en-la-ciudad-de-mexico\/#primaryimage\"},\"image\":{\"@id\":\"https:\/\/www.tecdmx.org.mx\/index.php\/comunicados\/2019\/05\/23\/confirma-tecdmx-negativa-de-registro-del-partido-encuentro-social-en-la-ciudad-de-mexico\/#primaryimage\"},\"thumbnailUrl\":\"https:\/\/www.tecdmx.org.mx\/wp-content\/uploads\/2019\/04\/COMUNICADO-1.jpg\",\"datePublished\":\"2019-05-23T08:08:32+00:00\",\"dateModified\":\"2019-08-02T20:09:35+00:00\",\"author\":{\"@id\":\"https:\/\/www.tecdmx.org.mx\/#\/schema\/person\/208c898199fb3234203823c5f0cf31d6\"},\"breadcrumb\":{\"@id\":\"https:\/\/www.tecdmx.org.mx\/index.php\/comunicados\/2019\/05\/23\/confirma-tecdmx-negativa-de-registro-del-partido-encuentro-social-en-la-ciudad-de-mexico\/#breadcrumb\"},\"inLanguage\":\"es\",\"potentialAction\":[{\"@type\":\"ReadAction\",\"target\":[\"https:\/\/www.tecdmx.org.mx\/index.php\/comunicados\/2019\/05\/23\/confirma-tecdmx-negativa-de-registro-del-partido-encuentro-social-en-la-ciudad-de-mexico\/\"]}]},{\"@type\":\"ImageObject\",\"inLanguage\":\"es\",\"@id\":\"https:\/\/www.tecdmx.org.mx\/index.php\/comunicados\/2019\/05\/23\/confirma-tecdmx-negativa-de-registro-del-partido-encuentro-social-en-la-ciudad-de-mexico\/#primaryimage\",\"url\":\"https:\/\/www.tecdmx.org.mx\/wp-content\/uploads\/2019\/04\/COMUNICADO-1.jpg\",\"contentUrl\":\"https:\/\/www.tecdmx.org.mx\/wp-content\/uploads\/2019\/04\/COMUNICADO-1.jpg\",\"width\":2247,\"height\":1277},{\"@type\":\"BreadcrumbList\",\"@id\":\"https:\/\/www.tecdmx.org.mx\/index.php\/comunicados\/2019\/05\/23\/confirma-tecdmx-negativa-de-registro-del-partido-encuentro-social-en-la-ciudad-de-mexico\/#breadcrumb\",\"itemListElement\":[{\"@type\":\"ListItem\",\"position\":1,\"name\":\"Portada\",\"item\":\"https:\/\/www.tecdmx.org.mx\/\"},{\"@type\":\"ListItem\",\"position\":2,\"name\":\"Confirma TECDMX negativa de registro del Partido Encuentro Social en la Ciudad de M\u00e9xico\"}]},{\"@type\":\"WebSite\",\"@id\":\"https:\/\/www.tecdmx.org.mx\/#website\",\"url\":\"https:\/\/www.tecdmx.org.mx\/\",\"name\":\"Tribunal Electoral de la Ciudad de M\u00e9xico\",\"description\":\"25 a\u00f1os garantizando justicia en tu elecci\u00f3n\",\"potentialAction\":[{\"@type\":\"SearchAction\",\"target\":{\"@type\":\"EntryPoint\",\"urlTemplate\":\"https:\/\/www.tecdmx.org.mx\/?s={search_term_string}\"},\"query-input\":\"required name=search_term_string\"}],\"inLanguage\":\"es\"},{\"@type\":\"Person\",\"@id\":\"https:\/\/www.tecdmx.org.mx\/#\/schema\/person\/208c898199fb3234203823c5f0cf31d6\",\"name\":\"Difusion2025\",\"image\":{\"@type\":\"ImageObject\",\"inLanguage\":\"es\",\"@id\":\"https:\/\/www.tecdmx.org.mx\/#\/schema\/person\/image\/\",\"url\":\"https:\/\/secure.gravatar.com\/avatar\/6f7a4ba3acb418040e90a2eb99b5df28?s=96&d=mm&r=g\",\"contentUrl\":\"https:\/\/secure.gravatar.com\/avatar\/6f7a4ba3acb418040e90a2eb99b5df28?s=96&d=mm&r=g\",\"caption\":\"Difusion2025\"}}]}<\/script>\n<!-- \/ Yoast SEO plugin. -->","yoast_head_json":{"title":"Confirma TECDMX negativa de registro del Partido Encuentro Social en la Ciudad de M\u00e9xico - Tribunal Electoral de la Ciudad de M\u00e9xico","robots":{"index":"index","follow":"follow","max-snippet":"max-snippet:-1","max-image-preview":"max-image-preview:large","max-video-preview":"max-video-preview:-1"},"canonical":"https:\/\/www.tecdmx.org.mx\/index.php\/comunicados\/2019\/05\/23\/confirma-tecdmx-negativa-de-registro-del-partido-encuentro-social-en-la-ciudad-de-mexico\/","og_locale":"es_ES","og_type":"article","og_title":"Confirma TECDMX negativa de registro del Partido Encuentro Social en la Ciudad de M\u00e9xico - Tribunal Electoral de la Ciudad de M\u00e9xico","og_description":"\u2022 Se consider\u00f3 que el PES no cumpli\u00f3 con el requisito de alcanzar el umbral de votaci\u00f3n v\u00e1lida emitida del tres por ciento. El Pleno del Tribunal Electoral de la [&hellip;]","og_url":"https:\/\/www.tecdmx.org.mx\/index.php\/comunicados\/2019\/05\/23\/confirma-tecdmx-negativa-de-registro-del-partido-encuentro-social-en-la-ciudad-de-mexico\/","og_site_name":"Tribunal Electoral de la Ciudad de M\u00e9xico","article_publisher":"https:\/\/www.facebook.com\/TECDMX\/","article_published_time":"2019-05-23T08:08:32+00:00","article_modified_time":"2019-08-02T20:09:35+00:00","og_image":[{"width":2247,"height":1277,"url":"https:\/\/www.tecdmx.org.mx\/wp-content\/uploads\/2019\/04\/COMUNICADO-1.jpg","type":"image\/jpeg"}],"author":"Difusion2025","twitter_card":"summary_large_image","twitter_creator":"@tecdmx","twitter_site":"@tecdmx","twitter_misc":{"Escrito por":"Difusion2025","Tiempo de lectura":"2 minutos"},"schema":{"@context":"https:\/\/schema.org","@graph":[{"@type":"WebPage","@id":"https:\/\/www.tecdmx.org.mx\/index.php\/comunicados\/2019\/05\/23\/confirma-tecdmx-negativa-de-registro-del-partido-encuentro-social-en-la-ciudad-de-mexico\/","url":"https:\/\/www.tecdmx.org.mx\/index.php\/comunicados\/2019\/05\/23\/confirma-tecdmx-negativa-de-registro-del-partido-encuentro-social-en-la-ciudad-de-mexico\/","name":"Confirma TECDMX negativa de registro del Partido Encuentro Social en la Ciudad de M\u00e9xico - Tribunal Electoral de la Ciudad de M\u00e9xico","isPartOf":{"@id":"https:\/\/www.tecdmx.org.mx\/#website"},"primaryImageOfPage":{"@id":"https:\/\/www.tecdmx.org.mx\/index.php\/comunicados\/2019\/05\/23\/confirma-tecdmx-negativa-de-registro-del-partido-encuentro-social-en-la-ciudad-de-mexico\/#primaryimage"},"image":{"@id":"https:\/\/www.tecdmx.org.mx\/index.php\/comunicados\/2019\/05\/23\/confirma-tecdmx-negativa-de-registro-del-partido-encuentro-social-en-la-ciudad-de-mexico\/#primaryimage"},"thumbnailUrl":"https:\/\/www.tecdmx.org.mx\/wp-content\/uploads\/2019\/04\/COMUNICADO-1.jpg","datePublished":"2019-05-23T08:08:32+00:00","dateModified":"2019-08-02T20:09:35+00:00","author":{"@id":"https:\/\/www.tecdmx.org.mx\/#\/schema\/person\/208c898199fb3234203823c5f0cf31d6"},"breadcrumb":{"@id":"https:\/\/www.tecdmx.org.mx\/index.php\/comunicados\/2019\/05\/23\/confirma-tecdmx-negativa-de-registro-del-partido-encuentro-social-en-la-ciudad-de-mexico\/#breadcrumb"},"inLanguage":"es","potentialAction":[{"@type":"ReadAction","target":["https:\/\/www.tecdmx.org.mx\/index.php\/comunicados\/2019\/05\/23\/confirma-tecdmx-negativa-de-registro-del-partido-encuentro-social-en-la-ciudad-de-mexico\/"]}]},{"@type":"ImageObject","inLanguage":"es","@id":"https:\/\/www.tecdmx.org.mx\/index.php\/comunicados\/2019\/05\/23\/confirma-tecdmx-negativa-de-registro-del-partido-encuentro-social-en-la-ciudad-de-mexico\/#primaryimage","url":"https:\/\/www.tecdmx.org.mx\/wp-content\/uploads\/2019\/04\/COMUNICADO-1.jpg","contentUrl":"https:\/\/www.tecdmx.org.mx\/wp-content\/uploads\/2019\/04\/COMUNICADO-1.jpg","width":2247,"height":1277},{"@type":"BreadcrumbList","@id":"https:\/\/www.tecdmx.org.mx\/index.php\/comunicados\/2019\/05\/23\/confirma-tecdmx-negativa-de-registro-del-partido-encuentro-social-en-la-ciudad-de-mexico\/#breadcrumb","itemListElement":[{"@type":"ListItem","position":1,"name":"Portada","item":"https:\/\/www.tecdmx.org.mx\/"},{"@type":"ListItem","position":2,"name":"Confirma TECDMX negativa de registro del Partido Encuentro Social en la Ciudad de M\u00e9xico"}]},{"@type":"WebSite","@id":"https:\/\/www.tecdmx.org.mx\/#website","url":"https:\/\/www.tecdmx.org.mx\/","name":"Tribunal Electoral de la Ciudad de M\u00e9xico","description":"25 a\u00f1os garantizando justicia en tu elecci\u00f3n","potentialAction":[{"@type":"SearchAction","target":{"@type":"EntryPoint","urlTemplate":"https:\/\/www.tecdmx.org.mx\/?s={search_term_string}"},"query-input":"required name=search_term_string"}],"inLanguage":"es"},{"@type":"Person","@id":"https:\/\/www.tecdmx.org.mx\/#\/schema\/person\/208c898199fb3234203823c5f0cf31d6","name":"Difusion2025","image":{"@type":"ImageObject","inLanguage":"es","@id":"https:\/\/www.tecdmx.org.mx\/#\/schema\/person\/image\/","url":"https:\/\/secure.gravatar.com\/avatar\/6f7a4ba3acb418040e90a2eb99b5df28?s=96&d=mm&r=g","contentUrl":"https:\/\/secure.gravatar.com\/avatar\/6f7a4ba3acb418040e90a2eb99b5df28?s=96&d=mm&r=g","caption":"Difusion2025"}}]}},"_links":{"self":[{"href":"https:\/\/www.tecdmx.org.mx\/index.php\/wp-json\/wp\/v2\/posts\/13680"}],"collection":[{"href":"https:\/\/www.tecdmx.org.mx\/index.php\/wp-json\/wp\/v2\/posts"}],"about":[{"href":"https:\/\/www.tecdmx.org.mx\/index.php\/wp-json\/wp\/v2\/types\/post"}],"author":[{"embeddable":true,"href":"https:\/\/www.tecdmx.org.mx\/index.php\/wp-json\/wp\/v2\/users\/13"}],"replies":[{"embeddable":true,"href":"https:\/\/www.tecdmx.org.mx\/index.php\/wp-json\/wp\/v2\/comments?post=13680"}],"version-history":[{"count":3,"href":"https:\/\/www.tecdmx.org.mx\/index.php\/wp-json\/wp\/v2\/posts\/13680\/revisions"}],"predecessor-version":[{"id":13684,"href":"https:\/\/www.tecdmx.org.mx\/index.php\/wp-json\/wp\/v2\/posts\/13680\/revisions\/13684"}],"wp:featuredmedia":[{"embeddable":true,"href":"https:\/\/www.tecdmx.org.mx\/index.php\/wp-json\/wp\/v2\/media\/12606"}],"wp:attachment":[{"href":"https:\/\/www.tecdmx.org.mx\/index.php\/wp-json\/wp\/v2\/media?parent=13680"}],"wp:term":[{"taxonomy":"category","embeddable":true,"href":"https:\/\/www.tecdmx.org.mx\/index.php\/wp-json\/wp\/v2\/categories?post=13680"},{"taxonomy":"post_tag","embeddable":true,"href":"https:\/\/www.tecdmx.org.mx\/index.php\/wp-json\/wp\/v2\/tags?post=13680"}],"curies":[{"name":"wp","href":"https:\/\/api.w.org\/{rel}","templated":true}]}}