{"id":13701,"date":"2019-07-05T04:27:12","date_gmt":"2019-07-05T04:27:12","guid":{"rendered":"http:\/\/www2.tecdmx.org.mx\/?p=13701"},"modified":"2019-08-05T16:30:21","modified_gmt":"2019-08-05T16:30:21","slug":"resuelve-tecdmx-demanda-de-un-ciudadano-sobre-calificacion-de-entrevista-para-seleccion-de-personal-eventual-de-apoyo-en-el-iecm","status":"publish","type":"post","link":"https:\/\/www.tecdmx.org.mx\/index.php\/comunicados\/2019\/07\/05\/resuelve-tecdmx-demanda-de-un-ciudadano-sobre-calificacion-de-entrevista-para-seleccion-de-personal-eventual-de-apoyo-en-el-iecm\/","title":{"rendered":"Resuelve TECDMX asuntos relacionados con la Comisi\u00f3n de Justicia del Consejo Nacional del PAN"},"content":{"rendered":"\n<p>o-O-o<\/p>\n\n\n\n<p>\u2022 Se orden\u00f3 informar a la Sala Regional Ciudad de M\u00e9xico del TEPJF sobre el cumplimiento al Acuerdo<\/p>\n\n\n\n<p>Plenario mediante el que se reencausaron los medios de impugnaci\u00f3n.<\/p>\n\n\n\n<p>En Sesi\u00f3n P\u00fablica celebrada esta tarde, Magistraturas del Pleno resolvieron 8 Juicios para la<\/p>\n\n\n\n<p>Protecci\u00f3n de los Derechos Pol\u00edtico-Electorales de la Ciudadan\u00eda relativos a una supuesta omisi\u00f3n<\/p>\n\n\n\n<p>de la Comisi\u00f3n de Justicia del Consejo Nacional del Partido Acci\u00f3n Nacional (PAN).<\/p>\n\n\n\n<p>Al resolver los juicios TECDMX-JLDC-030, TECDMX-JLDC-031, TECDMX-JLDC-032, TECDMX-JLDC-<\/p>\n\n\n\n<p>033, TECDMX-JLDC-034, TECDMX-JLDC-035, TECDMX-JLDC-036 y TECDMX-JLDC-037, todos de este<\/p>\n\n\n\n<p>a\u00f1o, promovidos por diversas ciudadanas para controvertir la omisi\u00f3n de la Comisi\u00f3n de Justicia del<\/p>\n\n\n\n<p>Consejo Nacional del Partido Acci\u00f3n Nacional de resolver el Juicio de Inconformidad interpuesto el<\/p>\n\n\n\n<p>25 de junio del a\u00f1o en curso, en contra del Acuerdo emitido por la Comisi\u00f3n Organizadora del<\/p>\n\n\n\n<p>Proceso en relaci\u00f3n a la solicitud de registro de los aspirantes a propuesta de Consejo Nacional<\/p>\n\n\n\n<p>Regional, as\u00ed como Presidencia e integrantes de los Comit\u00e9s Directivos de las demarcaciones<\/p>\n\n\n\n<p>territoriales de 21 de junio de este a\u00f1o; el Pleno determin\u00f3 infundada la omisi\u00f3n reclamada, toda<\/p>\n\n\n\n<p>vez que, la responsable, se encuentra dentro del plazo que la normativa intrapartidista le otorga<\/p>\n\n\n\n<p>para resolver los juicios de inconformidad presentados por las accionantes.<\/p>\n\n\n\n<p>Por otra parte, respecto a la solicitud de medidas cautelares hecha valer por la parte actora en el<\/p>\n\n\n\n<p>JLDC-030, se sostiene que resulta improcedente dicha solicitud, en atenci\u00f3n a que el acto<\/p>\n\n\n\n<p>impugnado no se torna irreparable.<\/p>\n\n\n\n<p>Finalmente, respecto a los juicios de la ciudadan\u00eda 31 al 37 las partes actoras argumentaron que se<\/p>\n\n\n\n<p>violentaba su derecho de petici\u00f3n y acceso a la justicia derivado de la omisi\u00f3n de resolver su medio<\/p>\n\n\n\n<p>de impugnaci\u00f3n, sin embargo, \u00e9sta manifestaci\u00f3n result\u00f3 inatendible.<\/p>\n\n\n\n<p>o-O-o<\/p>\n\n\n\n<p>* Los criterios para las resoluciones de este Pleno son coincidentes.<\/p>\n","protected":false},"excerpt":{"rendered":"<p>o-O-o \u2022 Se orden\u00f3 informar a la Sala Regional Ciudad de M\u00e9xico del TEPJF sobre el cumplimiento al Acuerdo Plenario mediante el que se reencausaron los medios de impugnaci\u00f3n. En [&hellip;]<\/p>\n","protected":false},"author":13,"featured_media":12606,"comment_status":"open","ping_status":"open","sticky":false,"template":"","format":"standard","meta":{"_acf_changed":false,"_exactmetrics_skip_tracking":false,"_exactmetrics_sitenote_active":false,"_exactmetrics_sitenote_note":"","_exactmetrics_sitenote_category":0,"footnotes":""},"categories":[32,47],"tags":[59,58],"acf":[],"yoast_head":"<!-- This site is optimized with the Yoast SEO plugin v22.3 - https:\/\/yoast.com\/wordpress\/plugins\/seo\/ -->\n<title>Resuelve TECDMX asuntos relacionados con la Comisi\u00f3n de Justicia del Consejo Nacional del PAN - Tribunal Electoral de la Ciudad de M\u00e9xico<\/title>\n<meta name=\"robots\" content=\"index, follow, max-snippet:-1, max-image-preview:large, max-video-preview:-1\" \/>\n<link rel=\"canonical\" href=\"https:\/\/www.tecdmx.org.mx\/index.php\/comunicados\/2019\/07\/05\/resuelve-tecdmx-demanda-de-un-ciudadano-sobre-calificacion-de-entrevista-para-seleccion-de-personal-eventual-de-apoyo-en-el-iecm\/\" \/>\n<meta property=\"og:locale\" content=\"es_ES\" \/>\n<meta property=\"og:type\" content=\"article\" \/>\n<meta property=\"og:title\" content=\"Resuelve TECDMX asuntos relacionados con la Comisi\u00f3n de Justicia del Consejo Nacional del PAN - Tribunal Electoral de la Ciudad de M\u00e9xico\" \/>\n<meta property=\"og:description\" content=\"o-O-o \u2022 Se orden\u00f3 informar a la Sala Regional Ciudad de M\u00e9xico del TEPJF sobre el cumplimiento al Acuerdo Plenario mediante el que se reencausaron los medios de impugnaci\u00f3n. En [&hellip;]\" \/>\n<meta property=\"og:url\" content=\"https:\/\/www.tecdmx.org.mx\/index.php\/comunicados\/2019\/07\/05\/resuelve-tecdmx-demanda-de-un-ciudadano-sobre-calificacion-de-entrevista-para-seleccion-de-personal-eventual-de-apoyo-en-el-iecm\/\" \/>\n<meta property=\"og:site_name\" content=\"Tribunal Electoral de la Ciudad de M\u00e9xico\" \/>\n<meta property=\"article:publisher\" content=\"https:\/\/www.facebook.com\/TECDMX\/\" \/>\n<meta property=\"article:published_time\" content=\"2019-07-05T04:27:12+00:00\" \/>\n<meta property=\"article:modified_time\" content=\"2019-08-05T16:30:21+00:00\" \/>\n<meta property=\"og:image\" content=\"https:\/\/www.tecdmx.org.mx\/wp-content\/uploads\/2019\/04\/COMUNICADO-1.jpg\" \/>\n\t<meta property=\"og:image:width\" content=\"2247\" \/>\n\t<meta property=\"og:image:height\" content=\"1277\" \/>\n\t<meta property=\"og:image:type\" content=\"image\/jpeg\" \/>\n<meta name=\"author\" content=\"Difusion2025\" \/>\n<meta name=\"twitter:card\" content=\"summary_large_image\" \/>\n<meta name=\"twitter:creator\" content=\"@tecdmx\" \/>\n<meta name=\"twitter:site\" content=\"@tecdmx\" \/>\n<meta name=\"twitter:label1\" content=\"Escrito por\" \/>\n\t<meta name=\"twitter:data1\" content=\"Difusion2025\" \/>\n\t<meta name=\"twitter:label2\" content=\"Tiempo de lectura\" \/>\n\t<meta name=\"twitter:data2\" content=\"2 minutos\" \/>\n<script type=\"application\/ld+json\" class=\"yoast-schema-graph\">{\"@context\":\"https:\/\/schema.org\",\"@graph\":[{\"@type\":\"WebPage\",\"@id\":\"https:\/\/www.tecdmx.org.mx\/index.php\/comunicados\/2019\/07\/05\/resuelve-tecdmx-demanda-de-un-ciudadano-sobre-calificacion-de-entrevista-para-seleccion-de-personal-eventual-de-apoyo-en-el-iecm\/\",\"url\":\"https:\/\/www.tecdmx.org.mx\/index.php\/comunicados\/2019\/07\/05\/resuelve-tecdmx-demanda-de-un-ciudadano-sobre-calificacion-de-entrevista-para-seleccion-de-personal-eventual-de-apoyo-en-el-iecm\/\",\"name\":\"Resuelve TECDMX asuntos relacionados con la Comisi\u00f3n de Justicia del Consejo Nacional del PAN - Tribunal Electoral de la Ciudad de M\u00e9xico\",\"isPartOf\":{\"@id\":\"https:\/\/www.tecdmx.org.mx\/#website\"},\"primaryImageOfPage\":{\"@id\":\"https:\/\/www.tecdmx.org.mx\/index.php\/comunicados\/2019\/07\/05\/resuelve-tecdmx-demanda-de-un-ciudadano-sobre-calificacion-de-entrevista-para-seleccion-de-personal-eventual-de-apoyo-en-el-iecm\/#primaryimage\"},\"image\":{\"@id\":\"https:\/\/www.tecdmx.org.mx\/index.php\/comunicados\/2019\/07\/05\/resuelve-tecdmx-demanda-de-un-ciudadano-sobre-calificacion-de-entrevista-para-seleccion-de-personal-eventual-de-apoyo-en-el-iecm\/#primaryimage\"},\"thumbnailUrl\":\"https:\/\/www.tecdmx.org.mx\/wp-content\/uploads\/2019\/04\/COMUNICADO-1.jpg\",\"datePublished\":\"2019-07-05T04:27:12+00:00\",\"dateModified\":\"2019-08-05T16:30:21+00:00\",\"author\":{\"@id\":\"https:\/\/www.tecdmx.org.mx\/#\/schema\/person\/208c898199fb3234203823c5f0cf31d6\"},\"breadcrumb\":{\"@id\":\"https:\/\/www.tecdmx.org.mx\/index.php\/comunicados\/2019\/07\/05\/resuelve-tecdmx-demanda-de-un-ciudadano-sobre-calificacion-de-entrevista-para-seleccion-de-personal-eventual-de-apoyo-en-el-iecm\/#breadcrumb\"},\"inLanguage\":\"es\",\"potentialAction\":[{\"@type\":\"ReadAction\",\"target\":[\"https:\/\/www.tecdmx.org.mx\/index.php\/comunicados\/2019\/07\/05\/resuelve-tecdmx-demanda-de-un-ciudadano-sobre-calificacion-de-entrevista-para-seleccion-de-personal-eventual-de-apoyo-en-el-iecm\/\"]}]},{\"@type\":\"ImageObject\",\"inLanguage\":\"es\",\"@id\":\"https:\/\/www.tecdmx.org.mx\/index.php\/comunicados\/2019\/07\/05\/resuelve-tecdmx-demanda-de-un-ciudadano-sobre-calificacion-de-entrevista-para-seleccion-de-personal-eventual-de-apoyo-en-el-iecm\/#primaryimage\",\"url\":\"https:\/\/www.tecdmx.org.mx\/wp-content\/uploads\/2019\/04\/COMUNICADO-1.jpg\",\"contentUrl\":\"https:\/\/www.tecdmx.org.mx\/wp-content\/uploads\/2019\/04\/COMUNICADO-1.jpg\",\"width\":2247,\"height\":1277},{\"@type\":\"BreadcrumbList\",\"@id\":\"https:\/\/www.tecdmx.org.mx\/index.php\/comunicados\/2019\/07\/05\/resuelve-tecdmx-demanda-de-un-ciudadano-sobre-calificacion-de-entrevista-para-seleccion-de-personal-eventual-de-apoyo-en-el-iecm\/#breadcrumb\",\"itemListElement\":[{\"@type\":\"ListItem\",\"position\":1,\"name\":\"Portada\",\"item\":\"https:\/\/www.tecdmx.org.mx\/\"},{\"@type\":\"ListItem\",\"position\":2,\"name\":\"Resuelve TECDMX asuntos relacionados con la Comisi\u00f3n de Justicia del Consejo Nacional del PAN\"}]},{\"@type\":\"WebSite\",\"@id\":\"https:\/\/www.tecdmx.org.mx\/#website\",\"url\":\"https:\/\/www.tecdmx.org.mx\/\",\"name\":\"Tribunal Electoral de la Ciudad de M\u00e9xico\",\"description\":\"25 a\u00f1os garantizando justicia en tu elecci\u00f3n\",\"potentialAction\":[{\"@type\":\"SearchAction\",\"target\":{\"@type\":\"EntryPoint\",\"urlTemplate\":\"https:\/\/www.tecdmx.org.mx\/?s={search_term_string}\"},\"query-input\":\"required name=search_term_string\"}],\"inLanguage\":\"es\"},{\"@type\":\"Person\",\"@id\":\"https:\/\/www.tecdmx.org.mx\/#\/schema\/person\/208c898199fb3234203823c5f0cf31d6\",\"name\":\"Difusion2025\",\"image\":{\"@type\":\"ImageObject\",\"inLanguage\":\"es\",\"@id\":\"https:\/\/www.tecdmx.org.mx\/#\/schema\/person\/image\/\",\"url\":\"https:\/\/secure.gravatar.com\/avatar\/6f7a4ba3acb418040e90a2eb99b5df28?s=96&d=mm&r=g\",\"contentUrl\":\"https:\/\/secure.gravatar.com\/avatar\/6f7a4ba3acb418040e90a2eb99b5df28?s=96&d=mm&r=g\",\"caption\":\"Difusion2025\"}}]}<\/script>\n<!-- \/ Yoast SEO plugin. -->","yoast_head_json":{"title":"Resuelve TECDMX asuntos relacionados con la Comisi\u00f3n de Justicia del Consejo Nacional del PAN - Tribunal Electoral de la Ciudad de M\u00e9xico","robots":{"index":"index","follow":"follow","max-snippet":"max-snippet:-1","max-image-preview":"max-image-preview:large","max-video-preview":"max-video-preview:-1"},"canonical":"https:\/\/www.tecdmx.org.mx\/index.php\/comunicados\/2019\/07\/05\/resuelve-tecdmx-demanda-de-un-ciudadano-sobre-calificacion-de-entrevista-para-seleccion-de-personal-eventual-de-apoyo-en-el-iecm\/","og_locale":"es_ES","og_type":"article","og_title":"Resuelve TECDMX asuntos relacionados con la Comisi\u00f3n de Justicia del Consejo Nacional del PAN - Tribunal Electoral de la Ciudad de M\u00e9xico","og_description":"o-O-o \u2022 Se orden\u00f3 informar a la Sala Regional Ciudad de M\u00e9xico del TEPJF sobre el cumplimiento al Acuerdo Plenario mediante el que se reencausaron los medios de impugnaci\u00f3n. En [&hellip;]","og_url":"https:\/\/www.tecdmx.org.mx\/index.php\/comunicados\/2019\/07\/05\/resuelve-tecdmx-demanda-de-un-ciudadano-sobre-calificacion-de-entrevista-para-seleccion-de-personal-eventual-de-apoyo-en-el-iecm\/","og_site_name":"Tribunal Electoral de la Ciudad de M\u00e9xico","article_publisher":"https:\/\/www.facebook.com\/TECDMX\/","article_published_time":"2019-07-05T04:27:12+00:00","article_modified_time":"2019-08-05T16:30:21+00:00","og_image":[{"width":2247,"height":1277,"url":"https:\/\/www.tecdmx.org.mx\/wp-content\/uploads\/2019\/04\/COMUNICADO-1.jpg","type":"image\/jpeg"}],"author":"Difusion2025","twitter_card":"summary_large_image","twitter_creator":"@tecdmx","twitter_site":"@tecdmx","twitter_misc":{"Escrito por":"Difusion2025","Tiempo de lectura":"2 minutos"},"schema":{"@context":"https:\/\/schema.org","@graph":[{"@type":"WebPage","@id":"https:\/\/www.tecdmx.org.mx\/index.php\/comunicados\/2019\/07\/05\/resuelve-tecdmx-demanda-de-un-ciudadano-sobre-calificacion-de-entrevista-para-seleccion-de-personal-eventual-de-apoyo-en-el-iecm\/","url":"https:\/\/www.tecdmx.org.mx\/index.php\/comunicados\/2019\/07\/05\/resuelve-tecdmx-demanda-de-un-ciudadano-sobre-calificacion-de-entrevista-para-seleccion-de-personal-eventual-de-apoyo-en-el-iecm\/","name":"Resuelve TECDMX asuntos relacionados con la Comisi\u00f3n de Justicia del Consejo Nacional del PAN - Tribunal Electoral de la Ciudad de M\u00e9xico","isPartOf":{"@id":"https:\/\/www.tecdmx.org.mx\/#website"},"primaryImageOfPage":{"@id":"https:\/\/www.tecdmx.org.mx\/index.php\/comunicados\/2019\/07\/05\/resuelve-tecdmx-demanda-de-un-ciudadano-sobre-calificacion-de-entrevista-para-seleccion-de-personal-eventual-de-apoyo-en-el-iecm\/#primaryimage"},"image":{"@id":"https:\/\/www.tecdmx.org.mx\/index.php\/comunicados\/2019\/07\/05\/resuelve-tecdmx-demanda-de-un-ciudadano-sobre-calificacion-de-entrevista-para-seleccion-de-personal-eventual-de-apoyo-en-el-iecm\/#primaryimage"},"thumbnailUrl":"https:\/\/www.tecdmx.org.mx\/wp-content\/uploads\/2019\/04\/COMUNICADO-1.jpg","datePublished":"2019-07-05T04:27:12+00:00","dateModified":"2019-08-05T16:30:21+00:00","author":{"@id":"https:\/\/www.tecdmx.org.mx\/#\/schema\/person\/208c898199fb3234203823c5f0cf31d6"},"breadcrumb":{"@id":"https:\/\/www.tecdmx.org.mx\/index.php\/comunicados\/2019\/07\/05\/resuelve-tecdmx-demanda-de-un-ciudadano-sobre-calificacion-de-entrevista-para-seleccion-de-personal-eventual-de-apoyo-en-el-iecm\/#breadcrumb"},"inLanguage":"es","potentialAction":[{"@type":"ReadAction","target":["https:\/\/www.tecdmx.org.mx\/index.php\/comunicados\/2019\/07\/05\/resuelve-tecdmx-demanda-de-un-ciudadano-sobre-calificacion-de-entrevista-para-seleccion-de-personal-eventual-de-apoyo-en-el-iecm\/"]}]},{"@type":"ImageObject","inLanguage":"es","@id":"https:\/\/www.tecdmx.org.mx\/index.php\/comunicados\/2019\/07\/05\/resuelve-tecdmx-demanda-de-un-ciudadano-sobre-calificacion-de-entrevista-para-seleccion-de-personal-eventual-de-apoyo-en-el-iecm\/#primaryimage","url":"https:\/\/www.tecdmx.org.mx\/wp-content\/uploads\/2019\/04\/COMUNICADO-1.jpg","contentUrl":"https:\/\/www.tecdmx.org.mx\/wp-content\/uploads\/2019\/04\/COMUNICADO-1.jpg","width":2247,"height":1277},{"@type":"BreadcrumbList","@id":"https:\/\/www.tecdmx.org.mx\/index.php\/comunicados\/2019\/07\/05\/resuelve-tecdmx-demanda-de-un-ciudadano-sobre-calificacion-de-entrevista-para-seleccion-de-personal-eventual-de-apoyo-en-el-iecm\/#breadcrumb","itemListElement":[{"@type":"ListItem","position":1,"name":"Portada","item":"https:\/\/www.tecdmx.org.mx\/"},{"@type":"ListItem","position":2,"name":"Resuelve TECDMX asuntos relacionados con la Comisi\u00f3n de Justicia del Consejo Nacional del PAN"}]},{"@type":"WebSite","@id":"https:\/\/www.tecdmx.org.mx\/#website","url":"https:\/\/www.tecdmx.org.mx\/","name":"Tribunal Electoral de la Ciudad de M\u00e9xico","description":"25 a\u00f1os garantizando justicia en tu elecci\u00f3n","potentialAction":[{"@type":"SearchAction","target":{"@type":"EntryPoint","urlTemplate":"https:\/\/www.tecdmx.org.mx\/?s={search_term_string}"},"query-input":"required name=search_term_string"}],"inLanguage":"es"},{"@type":"Person","@id":"https:\/\/www.tecdmx.org.mx\/#\/schema\/person\/208c898199fb3234203823c5f0cf31d6","name":"Difusion2025","image":{"@type":"ImageObject","inLanguage":"es","@id":"https:\/\/www.tecdmx.org.mx\/#\/schema\/person\/image\/","url":"https:\/\/secure.gravatar.com\/avatar\/6f7a4ba3acb418040e90a2eb99b5df28?s=96&d=mm&r=g","contentUrl":"https:\/\/secure.gravatar.com\/avatar\/6f7a4ba3acb418040e90a2eb99b5df28?s=96&d=mm&r=g","caption":"Difusion2025"}}]}},"_links":{"self":[{"href":"https:\/\/www.tecdmx.org.mx\/index.php\/wp-json\/wp\/v2\/posts\/13701"}],"collection":[{"href":"https:\/\/www.tecdmx.org.mx\/index.php\/wp-json\/wp\/v2\/posts"}],"about":[{"href":"https:\/\/www.tecdmx.org.mx\/index.php\/wp-json\/wp\/v2\/types\/post"}],"author":[{"embeddable":true,"href":"https:\/\/www.tecdmx.org.mx\/index.php\/wp-json\/wp\/v2\/users\/13"}],"replies":[{"embeddable":true,"href":"https:\/\/www.tecdmx.org.mx\/index.php\/wp-json\/wp\/v2\/comments?post=13701"}],"version-history":[{"count":7,"href":"https:\/\/www.tecdmx.org.mx\/index.php\/wp-json\/wp\/v2\/posts\/13701\/revisions"}],"predecessor-version":[{"id":13715,"href":"https:\/\/www.tecdmx.org.mx\/index.php\/wp-json\/wp\/v2\/posts\/13701\/revisions\/13715"}],"wp:featuredmedia":[{"embeddable":true,"href":"https:\/\/www.tecdmx.org.mx\/index.php\/wp-json\/wp\/v2\/media\/12606"}],"wp:attachment":[{"href":"https:\/\/www.tecdmx.org.mx\/index.php\/wp-json\/wp\/v2\/media?parent=13701"}],"wp:term":[{"taxonomy":"category","embeddable":true,"href":"https:\/\/www.tecdmx.org.mx\/index.php\/wp-json\/wp\/v2\/categories?post=13701"},{"taxonomy":"post_tag","embeddable":true,"href":"https:\/\/www.tecdmx.org.mx\/index.php\/wp-json\/wp\/v2\/tags?post=13701"}],"curies":[{"name":"wp","href":"https:\/\/api.w.org\/{rel}","templated":true}]}}