{"id":13716,"date":"2019-07-09T16:33:42","date_gmt":"2019-07-09T16:33:42","guid":{"rendered":"http:\/\/www2.tecdmx.org.mx\/?p=13716"},"modified":"2019-08-05T16:33:55","modified_gmt":"2019-08-05T16:33:55","slug":"determina-tecdmx-por-no-presentado-juicio-intentado-por-alejandro-rojas-diaz-duran","status":"publish","type":"post","link":"https:\/\/www.tecdmx.org.mx\/index.php\/comunicados\/2019\/07\/09\/determina-tecdmx-por-no-presentado-juicio-intentado-por-alejandro-rojas-diaz-duran\/","title":{"rendered":"Determina TECDMX por no presentado juicio intentado por Alejandro Rojas D\u00edaz Dur\u00e1n"},"content":{"rendered":"\n<p>o-O-o<\/p>\n\n\n\n<p>En Sesi\u00f3n P\u00fablica, Magistraturas del Pleno resolvieron un Juicio para la Protecci\u00f3n de los<\/p>\n\n\n\n<p>Derechos Pol\u00edtico-Electorales de la Ciudadan\u00eda relacionado con una resoluci\u00f3n de la Comisi\u00f3n<\/p>\n\n\n\n<p>Nacional de Honestidad y Justicia del partido MORENA<\/p>\n\n\n\n<p>Al resolver el juicio TECDMX-JLDC-026\/2019, promovido por Alejandro Rojas D\u00edaz Dur\u00e1n en<\/p>\n\n\n\n<p>el que controvert\u00eda la resoluci\u00f3n emitida por la Comisi\u00f3n antes mencionada, que<\/p>\n\n\n\n<p>determinaba sancionar al hoy actor con la suspensi\u00f3n de sus derechos partidarios por un<\/p>\n\n\n\n<p>periodo de tres a\u00f1os, con los efectos de la destituci\u00f3n de cualquier cargo que ostente dentro<\/p>\n\n\n\n<p>de la estructura organizacional, as\u00ed como la inhabilitaci\u00f3n para participar en los \u00f3rganos de<\/p>\n\n\n\n<p>direcci\u00f3n y representaci\u00f3n de dicho partido pol\u00edtico; el Pleno determin\u00f3 que se tiene por no<\/p>\n\n\n\n<p>presentado el Juicio de la Ciudadan\u00eda intentado por la parte actora<\/p>\n\n\n\n<p>Lo anterior ya que la normativa electoral establece que los medios de impugnaci\u00f3n ser\u00e1n<\/p>\n\n\n\n<p>improcedentes y, por tanto, se decretar\u00e1 el desechamiento de plano de la demanda cuando<\/p>\n\n\n\n<p>la parte actora se desista expresamente y por escrito, situaci\u00f3n que fue ratificada por Rojas<\/p>\n\n\n\n<p>D\u00edaz Dur\u00e1n.<\/p>\n\n\n\n<p>o-O-o<\/p>\n\n\n\n<p>* Los criterios para las resoluciones de este Pleno son coincidentes<\/p>\n","protected":false},"excerpt":{"rendered":"<p>o-O-o En Sesi\u00f3n P\u00fablica, Magistraturas del Pleno resolvieron un Juicio para la Protecci\u00f3n de los Derechos Pol\u00edtico-Electorales de la Ciudadan\u00eda relacionado con una resoluci\u00f3n de la Comisi\u00f3n Nacional de Honestidad [&hellip;]<\/p>\n","protected":false},"author":13,"featured_media":12606,"comment_status":"open","ping_status":"open","sticky":false,"template":"","format":"standard","meta":{"_acf_changed":false,"_exactmetrics_skip_tracking":false,"_exactmetrics_sitenote_active":false,"_exactmetrics_sitenote_note":"","_exactmetrics_sitenote_category":0,"footnotes":""},"categories":[32,47],"tags":[59,58],"acf":[],"yoast_head":"<!-- This site is optimized with the Yoast SEO plugin v22.3 - https:\/\/yoast.com\/wordpress\/plugins\/seo\/ -->\n<title>Determina TECDMX por no presentado juicio intentado por Alejandro Rojas D\u00edaz Dur\u00e1n - Tribunal Electoral de la Ciudad de M\u00e9xico<\/title>\n<meta name=\"robots\" content=\"index, follow, max-snippet:-1, max-image-preview:large, max-video-preview:-1\" \/>\n<link rel=\"canonical\" href=\"https:\/\/www.tecdmx.org.mx\/index.php\/comunicados\/2019\/07\/09\/determina-tecdmx-por-no-presentado-juicio-intentado-por-alejandro-rojas-diaz-duran\/\" \/>\n<meta property=\"og:locale\" content=\"es_ES\" \/>\n<meta property=\"og:type\" content=\"article\" \/>\n<meta property=\"og:title\" content=\"Determina TECDMX por no presentado juicio intentado por Alejandro Rojas D\u00edaz Dur\u00e1n - Tribunal Electoral de la Ciudad de M\u00e9xico\" \/>\n<meta property=\"og:description\" content=\"o-O-o En Sesi\u00f3n P\u00fablica, Magistraturas del Pleno resolvieron un Juicio para la Protecci\u00f3n de los Derechos Pol\u00edtico-Electorales de la Ciudadan\u00eda relacionado con una resoluci\u00f3n de la Comisi\u00f3n Nacional de Honestidad [&hellip;]\" \/>\n<meta property=\"og:url\" content=\"https:\/\/www.tecdmx.org.mx\/index.php\/comunicados\/2019\/07\/09\/determina-tecdmx-por-no-presentado-juicio-intentado-por-alejandro-rojas-diaz-duran\/\" \/>\n<meta property=\"og:site_name\" content=\"Tribunal Electoral de la Ciudad de M\u00e9xico\" \/>\n<meta property=\"article:publisher\" content=\"https:\/\/www.facebook.com\/TECDMX\/\" \/>\n<meta property=\"article:published_time\" content=\"2019-07-09T16:33:42+00:00\" \/>\n<meta property=\"article:modified_time\" content=\"2019-08-05T16:33:55+00:00\" \/>\n<meta property=\"og:image\" content=\"https:\/\/www.tecdmx.org.mx\/wp-content\/uploads\/2019\/04\/COMUNICADO-1.jpg\" \/>\n\t<meta property=\"og:image:width\" content=\"2247\" \/>\n\t<meta property=\"og:image:height\" content=\"1277\" \/>\n\t<meta property=\"og:image:type\" content=\"image\/jpeg\" \/>\n<meta name=\"author\" content=\"Difusion2025\" \/>\n<meta name=\"twitter:card\" content=\"summary_large_image\" \/>\n<meta name=\"twitter:creator\" content=\"@tecdmx\" \/>\n<meta name=\"twitter:site\" content=\"@tecdmx\" \/>\n<meta name=\"twitter:label1\" content=\"Escrito por\" \/>\n\t<meta name=\"twitter:data1\" content=\"Difusion2025\" \/>\n\t<meta name=\"twitter:label2\" content=\"Tiempo de lectura\" \/>\n\t<meta name=\"twitter:data2\" content=\"1 minuto\" \/>\n<script type=\"application\/ld+json\" class=\"yoast-schema-graph\">{\"@context\":\"https:\/\/schema.org\",\"@graph\":[{\"@type\":\"WebPage\",\"@id\":\"https:\/\/www.tecdmx.org.mx\/index.php\/comunicados\/2019\/07\/09\/determina-tecdmx-por-no-presentado-juicio-intentado-por-alejandro-rojas-diaz-duran\/\",\"url\":\"https:\/\/www.tecdmx.org.mx\/index.php\/comunicados\/2019\/07\/09\/determina-tecdmx-por-no-presentado-juicio-intentado-por-alejandro-rojas-diaz-duran\/\",\"name\":\"Determina TECDMX por no presentado juicio intentado por Alejandro Rojas D\u00edaz Dur\u00e1n - Tribunal Electoral de la Ciudad de M\u00e9xico\",\"isPartOf\":{\"@id\":\"https:\/\/www.tecdmx.org.mx\/#website\"},\"primaryImageOfPage\":{\"@id\":\"https:\/\/www.tecdmx.org.mx\/index.php\/comunicados\/2019\/07\/09\/determina-tecdmx-por-no-presentado-juicio-intentado-por-alejandro-rojas-diaz-duran\/#primaryimage\"},\"image\":{\"@id\":\"https:\/\/www.tecdmx.org.mx\/index.php\/comunicados\/2019\/07\/09\/determina-tecdmx-por-no-presentado-juicio-intentado-por-alejandro-rojas-diaz-duran\/#primaryimage\"},\"thumbnailUrl\":\"https:\/\/www.tecdmx.org.mx\/wp-content\/uploads\/2019\/04\/COMUNICADO-1.jpg\",\"datePublished\":\"2019-07-09T16:33:42+00:00\",\"dateModified\":\"2019-08-05T16:33:55+00:00\",\"author\":{\"@id\":\"https:\/\/www.tecdmx.org.mx\/#\/schema\/person\/208c898199fb3234203823c5f0cf31d6\"},\"breadcrumb\":{\"@id\":\"https:\/\/www.tecdmx.org.mx\/index.php\/comunicados\/2019\/07\/09\/determina-tecdmx-por-no-presentado-juicio-intentado-por-alejandro-rojas-diaz-duran\/#breadcrumb\"},\"inLanguage\":\"es\",\"potentialAction\":[{\"@type\":\"ReadAction\",\"target\":[\"https:\/\/www.tecdmx.org.mx\/index.php\/comunicados\/2019\/07\/09\/determina-tecdmx-por-no-presentado-juicio-intentado-por-alejandro-rojas-diaz-duran\/\"]}]},{\"@type\":\"ImageObject\",\"inLanguage\":\"es\",\"@id\":\"https:\/\/www.tecdmx.org.mx\/index.php\/comunicados\/2019\/07\/09\/determina-tecdmx-por-no-presentado-juicio-intentado-por-alejandro-rojas-diaz-duran\/#primaryimage\",\"url\":\"https:\/\/www.tecdmx.org.mx\/wp-content\/uploads\/2019\/04\/COMUNICADO-1.jpg\",\"contentUrl\":\"https:\/\/www.tecdmx.org.mx\/wp-content\/uploads\/2019\/04\/COMUNICADO-1.jpg\",\"width\":2247,\"height\":1277},{\"@type\":\"BreadcrumbList\",\"@id\":\"https:\/\/www.tecdmx.org.mx\/index.php\/comunicados\/2019\/07\/09\/determina-tecdmx-por-no-presentado-juicio-intentado-por-alejandro-rojas-diaz-duran\/#breadcrumb\",\"itemListElement\":[{\"@type\":\"ListItem\",\"position\":1,\"name\":\"Portada\",\"item\":\"https:\/\/www.tecdmx.org.mx\/\"},{\"@type\":\"ListItem\",\"position\":2,\"name\":\"Determina TECDMX por no presentado juicio intentado por Alejandro Rojas D\u00edaz Dur\u00e1n\"}]},{\"@type\":\"WebSite\",\"@id\":\"https:\/\/www.tecdmx.org.mx\/#website\",\"url\":\"https:\/\/www.tecdmx.org.mx\/\",\"name\":\"Tribunal Electoral de la Ciudad de M\u00e9xico\",\"description\":\"25 a\u00f1os garantizando justicia en tu elecci\u00f3n\",\"potentialAction\":[{\"@type\":\"SearchAction\",\"target\":{\"@type\":\"EntryPoint\",\"urlTemplate\":\"https:\/\/www.tecdmx.org.mx\/?s={search_term_string}\"},\"query-input\":\"required name=search_term_string\"}],\"inLanguage\":\"es\"},{\"@type\":\"Person\",\"@id\":\"https:\/\/www.tecdmx.org.mx\/#\/schema\/person\/208c898199fb3234203823c5f0cf31d6\",\"name\":\"Difusion2025\",\"image\":{\"@type\":\"ImageObject\",\"inLanguage\":\"es\",\"@id\":\"https:\/\/www.tecdmx.org.mx\/#\/schema\/person\/image\/\",\"url\":\"https:\/\/secure.gravatar.com\/avatar\/6f7a4ba3acb418040e90a2eb99b5df28?s=96&d=mm&r=g\",\"contentUrl\":\"https:\/\/secure.gravatar.com\/avatar\/6f7a4ba3acb418040e90a2eb99b5df28?s=96&d=mm&r=g\",\"caption\":\"Difusion2025\"}}]}<\/script>\n<!-- \/ Yoast SEO plugin. -->","yoast_head_json":{"title":"Determina TECDMX por no presentado juicio intentado por Alejandro Rojas D\u00edaz Dur\u00e1n - Tribunal Electoral de la Ciudad de M\u00e9xico","robots":{"index":"index","follow":"follow","max-snippet":"max-snippet:-1","max-image-preview":"max-image-preview:large","max-video-preview":"max-video-preview:-1"},"canonical":"https:\/\/www.tecdmx.org.mx\/index.php\/comunicados\/2019\/07\/09\/determina-tecdmx-por-no-presentado-juicio-intentado-por-alejandro-rojas-diaz-duran\/","og_locale":"es_ES","og_type":"article","og_title":"Determina TECDMX por no presentado juicio intentado por Alejandro Rojas D\u00edaz Dur\u00e1n - Tribunal Electoral de la Ciudad de M\u00e9xico","og_description":"o-O-o En Sesi\u00f3n P\u00fablica, Magistraturas del Pleno resolvieron un Juicio para la Protecci\u00f3n de los Derechos Pol\u00edtico-Electorales de la Ciudadan\u00eda relacionado con una resoluci\u00f3n de la Comisi\u00f3n Nacional de Honestidad [&hellip;]","og_url":"https:\/\/www.tecdmx.org.mx\/index.php\/comunicados\/2019\/07\/09\/determina-tecdmx-por-no-presentado-juicio-intentado-por-alejandro-rojas-diaz-duran\/","og_site_name":"Tribunal Electoral de la Ciudad de M\u00e9xico","article_publisher":"https:\/\/www.facebook.com\/TECDMX\/","article_published_time":"2019-07-09T16:33:42+00:00","article_modified_time":"2019-08-05T16:33:55+00:00","og_image":[{"width":2247,"height":1277,"url":"https:\/\/www.tecdmx.org.mx\/wp-content\/uploads\/2019\/04\/COMUNICADO-1.jpg","type":"image\/jpeg"}],"author":"Difusion2025","twitter_card":"summary_large_image","twitter_creator":"@tecdmx","twitter_site":"@tecdmx","twitter_misc":{"Escrito por":"Difusion2025","Tiempo de lectura":"1 minuto"},"schema":{"@context":"https:\/\/schema.org","@graph":[{"@type":"WebPage","@id":"https:\/\/www.tecdmx.org.mx\/index.php\/comunicados\/2019\/07\/09\/determina-tecdmx-por-no-presentado-juicio-intentado-por-alejandro-rojas-diaz-duran\/","url":"https:\/\/www.tecdmx.org.mx\/index.php\/comunicados\/2019\/07\/09\/determina-tecdmx-por-no-presentado-juicio-intentado-por-alejandro-rojas-diaz-duran\/","name":"Determina TECDMX por no presentado juicio intentado por Alejandro Rojas D\u00edaz Dur\u00e1n - Tribunal Electoral de la Ciudad de M\u00e9xico","isPartOf":{"@id":"https:\/\/www.tecdmx.org.mx\/#website"},"primaryImageOfPage":{"@id":"https:\/\/www.tecdmx.org.mx\/index.php\/comunicados\/2019\/07\/09\/determina-tecdmx-por-no-presentado-juicio-intentado-por-alejandro-rojas-diaz-duran\/#primaryimage"},"image":{"@id":"https:\/\/www.tecdmx.org.mx\/index.php\/comunicados\/2019\/07\/09\/determina-tecdmx-por-no-presentado-juicio-intentado-por-alejandro-rojas-diaz-duran\/#primaryimage"},"thumbnailUrl":"https:\/\/www.tecdmx.org.mx\/wp-content\/uploads\/2019\/04\/COMUNICADO-1.jpg","datePublished":"2019-07-09T16:33:42+00:00","dateModified":"2019-08-05T16:33:55+00:00","author":{"@id":"https:\/\/www.tecdmx.org.mx\/#\/schema\/person\/208c898199fb3234203823c5f0cf31d6"},"breadcrumb":{"@id":"https:\/\/www.tecdmx.org.mx\/index.php\/comunicados\/2019\/07\/09\/determina-tecdmx-por-no-presentado-juicio-intentado-por-alejandro-rojas-diaz-duran\/#breadcrumb"},"inLanguage":"es","potentialAction":[{"@type":"ReadAction","target":["https:\/\/www.tecdmx.org.mx\/index.php\/comunicados\/2019\/07\/09\/determina-tecdmx-por-no-presentado-juicio-intentado-por-alejandro-rojas-diaz-duran\/"]}]},{"@type":"ImageObject","inLanguage":"es","@id":"https:\/\/www.tecdmx.org.mx\/index.php\/comunicados\/2019\/07\/09\/determina-tecdmx-por-no-presentado-juicio-intentado-por-alejandro-rojas-diaz-duran\/#primaryimage","url":"https:\/\/www.tecdmx.org.mx\/wp-content\/uploads\/2019\/04\/COMUNICADO-1.jpg","contentUrl":"https:\/\/www.tecdmx.org.mx\/wp-content\/uploads\/2019\/04\/COMUNICADO-1.jpg","width":2247,"height":1277},{"@type":"BreadcrumbList","@id":"https:\/\/www.tecdmx.org.mx\/index.php\/comunicados\/2019\/07\/09\/determina-tecdmx-por-no-presentado-juicio-intentado-por-alejandro-rojas-diaz-duran\/#breadcrumb","itemListElement":[{"@type":"ListItem","position":1,"name":"Portada","item":"https:\/\/www.tecdmx.org.mx\/"},{"@type":"ListItem","position":2,"name":"Determina TECDMX por no presentado juicio intentado por Alejandro Rojas D\u00edaz Dur\u00e1n"}]},{"@type":"WebSite","@id":"https:\/\/www.tecdmx.org.mx\/#website","url":"https:\/\/www.tecdmx.org.mx\/","name":"Tribunal Electoral de la Ciudad de M\u00e9xico","description":"25 a\u00f1os garantizando justicia en tu elecci\u00f3n","potentialAction":[{"@type":"SearchAction","target":{"@type":"EntryPoint","urlTemplate":"https:\/\/www.tecdmx.org.mx\/?s={search_term_string}"},"query-input":"required name=search_term_string"}],"inLanguage":"es"},{"@type":"Person","@id":"https:\/\/www.tecdmx.org.mx\/#\/schema\/person\/208c898199fb3234203823c5f0cf31d6","name":"Difusion2025","image":{"@type":"ImageObject","inLanguage":"es","@id":"https:\/\/www.tecdmx.org.mx\/#\/schema\/person\/image\/","url":"https:\/\/secure.gravatar.com\/avatar\/6f7a4ba3acb418040e90a2eb99b5df28?s=96&d=mm&r=g","contentUrl":"https:\/\/secure.gravatar.com\/avatar\/6f7a4ba3acb418040e90a2eb99b5df28?s=96&d=mm&r=g","caption":"Difusion2025"}}]}},"_links":{"self":[{"href":"https:\/\/www.tecdmx.org.mx\/index.php\/wp-json\/wp\/v2\/posts\/13716"}],"collection":[{"href":"https:\/\/www.tecdmx.org.mx\/index.php\/wp-json\/wp\/v2\/posts"}],"about":[{"href":"https:\/\/www.tecdmx.org.mx\/index.php\/wp-json\/wp\/v2\/types\/post"}],"author":[{"embeddable":true,"href":"https:\/\/www.tecdmx.org.mx\/index.php\/wp-json\/wp\/v2\/users\/13"}],"replies":[{"embeddable":true,"href":"https:\/\/www.tecdmx.org.mx\/index.php\/wp-json\/wp\/v2\/comments?post=13716"}],"version-history":[{"count":3,"href":"https:\/\/www.tecdmx.org.mx\/index.php\/wp-json\/wp\/v2\/posts\/13716\/revisions"}],"predecessor-version":[{"id":13720,"href":"https:\/\/www.tecdmx.org.mx\/index.php\/wp-json\/wp\/v2\/posts\/13716\/revisions\/13720"}],"wp:featuredmedia":[{"embeddable":true,"href":"https:\/\/www.tecdmx.org.mx\/index.php\/wp-json\/wp\/v2\/media\/12606"}],"wp:attachment":[{"href":"https:\/\/www.tecdmx.org.mx\/index.php\/wp-json\/wp\/v2\/media?parent=13716"}],"wp:term":[{"taxonomy":"category","embeddable":true,"href":"https:\/\/www.tecdmx.org.mx\/index.php\/wp-json\/wp\/v2\/categories?post=13716"},{"taxonomy":"post_tag","embeddable":true,"href":"https:\/\/www.tecdmx.org.mx\/index.php\/wp-json\/wp\/v2\/tags?post=13716"}],"curies":[{"name":"wp","href":"https:\/\/api.w.org\/{rel}","templated":true}]}}