{"id":14325,"date":"2019-08-09T19:39:07","date_gmt":"2019-08-09T19:39:07","guid":{"rendered":"http:\/\/www2.tecdmx.org.mx\/?p=14325"},"modified":"2019-08-09T19:39:20","modified_gmt":"2019-08-09T19:39:20","slug":"analizan-expertos-el-derecho-al-voto-de-las-personas-en-prision-preventiva","status":"publish","type":"post","link":"https:\/\/www.tecdmx.org.mx\/index.php\/comunicados\/2019\/08\/09\/analizan-expertos-el-derecho-al-voto-de-las-personas-en-prision-preventiva\/","title":{"rendered":"Analizan expertos el derecho al voto de las personas en prisi\u00f3n preventiva"},"content":{"rendered":"\n<p>o-O-o<\/p>\n\n\n\n<p><\/p>\n\n\n\n<p>\u2022 Se analiz\u00f3 la sentencia SUP-JDC-352\/2018 del Tribunal Electoral del Poder Judicial de la Federaci\u00f3n.<\/p>\n\n\n\n<p>\u2022 El evento cont\u00f3 con la participaci\u00f3n del Magistrado del TEPJF Felipe de la Mata, del Consejero del<\/p>\n\n\n\n<p>IECM Mauricio Huesca, de la Magistrada del TECDMX Martha Mercado y de la Presidenta de la CDHDF<\/p>\n\n\n\n<p>Nashieli Ram\u00edrez.<\/p>\n\n\n\n<p>Esta ma\u00f1ana, en las instalaciones de la Comisi\u00f3n de Derechos Humanos del Distrito Federal (CDHDF),<\/p>\n\n\n\n<p>se celebr\u00f3 el conversatorio \u201cParticipaci\u00f3n pol\u00edtica en el Sistema Penitenciario. Reflexiones en torno a<\/p>\n\n\n\n<p>la Sentencia SUP-JDC-352\/2018 y SUP-JDC-353\/2018 ACUMULADO\u201d, el cual fue organizado por dicha<\/p>\n\n\n\n<p>Comisi\u00f3n y el Tribunal Electoral de la Ciudad de M\u00e9xico (TECDMX.)<\/p>\n\n\n\n<p>El Magistrado de la Sala Superior del Tribunal Electoral del Poder Judicial de la Federaci\u00f3n, Felipe de<\/p>\n\n\n\n<p>la Mata Piza\u00f1a, ponente del proyecto de resoluci\u00f3n de la sentencia, inici\u00f3 el conversatorio con la<\/p>\n\n\n\n<p>contextualizaci\u00f3n del caso y las diversas aristas que fueron atendidas en la sentencia.<\/p>\n\n\n\n<p>Las demandas relativas al juicio fueron interpuestas por dos personas de origen tzotzil que se<\/p>\n\n\n\n<p>encontraban en prisi\u00f3n preventiva y que argumentaban la omisi\u00f3n del Instituto Nacional Electoral<\/p>\n\n\n\n<p>(INE) de realizar las acciones necesarias para garantizar su derecho a votar.<\/p>\n\n\n\n<p>En el an\u00e1lisis de las demandas se atendi\u00f3 el principio de presunci\u00f3n de inocencia para permitir a los<\/p>\n\n\n\n<p>demandantes ejercer su derecho al voto, al mismo tiempo que se resolvi\u00f3 instruir al INE para generar<\/p>\n\n\n\n<p>un programa piloto que permitiera que en la elecci\u00f3n de 2024, se garantiza el pleno ejercicio del<\/p>\n\n\n\n<p>derecho al voto para las personas que se encuentran en prisi\u00f3n preventiva.<\/p>\n\n\n\n<p>Asimismo, de la Mata Piza\u00f1a consider\u00f3 viable que, en los trabajos rumbo a una eventual reforma<\/p>\n\n\n\n<p>electoral se analice la vigencia del art\u00edculo 38 de la Constituci\u00f3n a la luz del principio de presunci\u00f3n<\/p>\n\n\n\n<p>de inocencia, porque actualmente impide votar a las personas en prisi\u00f3n preventiva, es decir sin<\/p>\n\n\n\n<p>sentencia definitiva.<\/p>\n\n\n\n<p>Por su parte, el Consejero del Instituto Electoral de la Ciudad de M\u00e9xico (IECM), Mauricio Huesca<\/p>\n\n\n\n<p>Rodr\u00edguez, subray\u00f3 que la Encuesta de Poblaci\u00f3n respecto de las personas privadas de su libertad<\/p>\n\n\n\n<p>arroja que 30% y el 40% a\u00fan no reciben condena, y que el 95% de las personas en procesos penales<\/p>\n\n\n\n<p>no tiene sentencias definitivas.<\/p>\n\n\n\n<p>Huesca Rodr\u00edguez afirm\u00f3 que esta sentencia a favor del derecho a que las personas en prisi\u00f3n<\/p>\n\n\n\n<p>preventiva puedan votar, ser\u00e1 un alto catalizador para impulsar una reforma al Sistema Penitenciario<\/p>\n\n\n\n<p>de nuestro pa\u00eds.<\/p>\n\n\n\n<p>Al hacer uso de la voz, la Presidenta de la CDHDF, Nashieli Ram\u00edrez Hern\u00e1ndez, felicit\u00f3 al Magistrado<\/p>\n\n\n\n<p>Felipe de la Mata y asegur\u00f3 que es necesario que los operadores de la justicia realicen<\/p>\n\n\n\n<p>interpretaciones evolutivas y progresivas de los derechos humanos.<\/p>\n\n\n\n<p>Ram\u00edrez Hern\u00e1ndez consider\u00f3 que mientras se sigan realizando interpretaciones formales a la ley,<\/p>\n\n\n\n<p>nos mantendremos dentro de una caja de cristal.<\/p>\n\n\n\n<p>Finalmente, la Magistrada del TECDMX, Martha Mercado Ram\u00edrez, quien moder\u00f3 la mesa, destac\u00f3 la<\/p>\n\n\n\n<p>importancia de la sentencia (SUP-JDC-352\/2018 y Acumulado) dado que es realizable y prev\u00e9 un<\/p>\n\n\n\n<p>periodo de cumplimiento por parte de la autoridad administrativa para que genere las condiciones<\/p>\n\n\n\n<p>necesarias para su aplicaci\u00f3n en la elecci\u00f3n de 2024.<\/p>\n\n\n\n<p>Asimismo, afirm\u00f3 que este tipo de sentencias son de avanzada ya que conoce y tiene sensibilidad de<\/p>\n\n\n\n<p>la realidad que viven las personas en prisi\u00f3n preventiva.<\/p>\n\n\n\n<p>o-O-o<\/p>\n","protected":false},"excerpt":{"rendered":"<p>o-O-o \u2022 Se analiz\u00f3 la sentencia SUP-JDC-352\/2018 del Tribunal Electoral del Poder Judicial de la Federaci\u00f3n. \u2022 El evento cont\u00f3 con la participaci\u00f3n del Magistrado del TEPJF Felipe de la [&hellip;]<\/p>\n","protected":false},"author":13,"featured_media":12606,"comment_status":"open","ping_status":"open","sticky":false,"template":"","format":"standard","meta":{"_acf_changed":false,"_exactmetrics_skip_tracking":false,"_exactmetrics_sitenote_active":false,"_exactmetrics_sitenote_note":"","_exactmetrics_sitenote_category":0,"footnotes":""},"categories":[32,47],"tags":[59,58],"acf":[],"yoast_head":"<!-- This site is optimized with the Yoast SEO plugin v22.3 - https:\/\/yoast.com\/wordpress\/plugins\/seo\/ -->\n<title>Analizan expertos el derecho al voto de las personas en prisi\u00f3n preventiva - Tribunal Electoral de la Ciudad de M\u00e9xico<\/title>\n<meta name=\"robots\" content=\"index, follow, max-snippet:-1, max-image-preview:large, max-video-preview:-1\" \/>\n<link rel=\"canonical\" href=\"https:\/\/www.tecdmx.org.mx\/index.php\/comunicados\/2019\/08\/09\/analizan-expertos-el-derecho-al-voto-de-las-personas-en-prision-preventiva\/\" \/>\n<meta property=\"og:locale\" content=\"es_ES\" \/>\n<meta property=\"og:type\" content=\"article\" \/>\n<meta property=\"og:title\" content=\"Analizan expertos el derecho al voto de las personas en prisi\u00f3n preventiva - Tribunal Electoral de la Ciudad de M\u00e9xico\" \/>\n<meta property=\"og:description\" content=\"o-O-o \u2022 Se analiz\u00f3 la sentencia SUP-JDC-352\/2018 del Tribunal Electoral del Poder Judicial de la Federaci\u00f3n. \u2022 El evento cont\u00f3 con la participaci\u00f3n del Magistrado del TEPJF Felipe de la [&hellip;]\" \/>\n<meta property=\"og:url\" content=\"https:\/\/www.tecdmx.org.mx\/index.php\/comunicados\/2019\/08\/09\/analizan-expertos-el-derecho-al-voto-de-las-personas-en-prision-preventiva\/\" \/>\n<meta property=\"og:site_name\" content=\"Tribunal Electoral de la Ciudad de M\u00e9xico\" \/>\n<meta property=\"article:publisher\" content=\"https:\/\/www.facebook.com\/TECDMX\/\" \/>\n<meta property=\"article:published_time\" content=\"2019-08-09T19:39:07+00:00\" \/>\n<meta property=\"article:modified_time\" content=\"2019-08-09T19:39:20+00:00\" \/>\n<meta property=\"og:image\" content=\"https:\/\/www.tecdmx.org.mx\/wp-content\/uploads\/2019\/04\/COMUNICADO-1.jpg\" \/>\n\t<meta property=\"og:image:width\" content=\"2247\" \/>\n\t<meta property=\"og:image:height\" content=\"1277\" \/>\n\t<meta property=\"og:image:type\" content=\"image\/jpeg\" \/>\n<meta name=\"author\" content=\"Difusion2025\" \/>\n<meta name=\"twitter:card\" content=\"summary_large_image\" \/>\n<meta name=\"twitter:creator\" content=\"@tecdmx\" \/>\n<meta name=\"twitter:site\" content=\"@tecdmx\" \/>\n<meta name=\"twitter:label1\" content=\"Escrito por\" \/>\n\t<meta name=\"twitter:data1\" content=\"Difusion2025\" \/>\n\t<meta name=\"twitter:label2\" content=\"Tiempo de lectura\" \/>\n\t<meta name=\"twitter:data2\" content=\"3 minutos\" \/>\n<script type=\"application\/ld+json\" class=\"yoast-schema-graph\">{\"@context\":\"https:\/\/schema.org\",\"@graph\":[{\"@type\":\"WebPage\",\"@id\":\"https:\/\/www.tecdmx.org.mx\/index.php\/comunicados\/2019\/08\/09\/analizan-expertos-el-derecho-al-voto-de-las-personas-en-prision-preventiva\/\",\"url\":\"https:\/\/www.tecdmx.org.mx\/index.php\/comunicados\/2019\/08\/09\/analizan-expertos-el-derecho-al-voto-de-las-personas-en-prision-preventiva\/\",\"name\":\"Analizan expertos el derecho al voto de las personas en prisi\u00f3n preventiva - Tribunal Electoral de la Ciudad de M\u00e9xico\",\"isPartOf\":{\"@id\":\"https:\/\/www.tecdmx.org.mx\/#website\"},\"primaryImageOfPage\":{\"@id\":\"https:\/\/www.tecdmx.org.mx\/index.php\/comunicados\/2019\/08\/09\/analizan-expertos-el-derecho-al-voto-de-las-personas-en-prision-preventiva\/#primaryimage\"},\"image\":{\"@id\":\"https:\/\/www.tecdmx.org.mx\/index.php\/comunicados\/2019\/08\/09\/analizan-expertos-el-derecho-al-voto-de-las-personas-en-prision-preventiva\/#primaryimage\"},\"thumbnailUrl\":\"https:\/\/www.tecdmx.org.mx\/wp-content\/uploads\/2019\/04\/COMUNICADO-1.jpg\",\"datePublished\":\"2019-08-09T19:39:07+00:00\",\"dateModified\":\"2019-08-09T19:39:20+00:00\",\"author\":{\"@id\":\"https:\/\/www.tecdmx.org.mx\/#\/schema\/person\/208c898199fb3234203823c5f0cf31d6\"},\"breadcrumb\":{\"@id\":\"https:\/\/www.tecdmx.org.mx\/index.php\/comunicados\/2019\/08\/09\/analizan-expertos-el-derecho-al-voto-de-las-personas-en-prision-preventiva\/#breadcrumb\"},\"inLanguage\":\"es\",\"potentialAction\":[{\"@type\":\"ReadAction\",\"target\":[\"https:\/\/www.tecdmx.org.mx\/index.php\/comunicados\/2019\/08\/09\/analizan-expertos-el-derecho-al-voto-de-las-personas-en-prision-preventiva\/\"]}]},{\"@type\":\"ImageObject\",\"inLanguage\":\"es\",\"@id\":\"https:\/\/www.tecdmx.org.mx\/index.php\/comunicados\/2019\/08\/09\/analizan-expertos-el-derecho-al-voto-de-las-personas-en-prision-preventiva\/#primaryimage\",\"url\":\"https:\/\/www.tecdmx.org.mx\/wp-content\/uploads\/2019\/04\/COMUNICADO-1.jpg\",\"contentUrl\":\"https:\/\/www.tecdmx.org.mx\/wp-content\/uploads\/2019\/04\/COMUNICADO-1.jpg\",\"width\":2247,\"height\":1277},{\"@type\":\"BreadcrumbList\",\"@id\":\"https:\/\/www.tecdmx.org.mx\/index.php\/comunicados\/2019\/08\/09\/analizan-expertos-el-derecho-al-voto-de-las-personas-en-prision-preventiva\/#breadcrumb\",\"itemListElement\":[{\"@type\":\"ListItem\",\"position\":1,\"name\":\"Portada\",\"item\":\"https:\/\/www.tecdmx.org.mx\/\"},{\"@type\":\"ListItem\",\"position\":2,\"name\":\"Analizan expertos el derecho al voto de las personas en prisi\u00f3n preventiva\"}]},{\"@type\":\"WebSite\",\"@id\":\"https:\/\/www.tecdmx.org.mx\/#website\",\"url\":\"https:\/\/www.tecdmx.org.mx\/\",\"name\":\"Tribunal Electoral de la Ciudad de M\u00e9xico\",\"description\":\"25 a\u00f1os garantizando justicia en tu elecci\u00f3n\",\"potentialAction\":[{\"@type\":\"SearchAction\",\"target\":{\"@type\":\"EntryPoint\",\"urlTemplate\":\"https:\/\/www.tecdmx.org.mx\/?s={search_term_string}\"},\"query-input\":\"required name=search_term_string\"}],\"inLanguage\":\"es\"},{\"@type\":\"Person\",\"@id\":\"https:\/\/www.tecdmx.org.mx\/#\/schema\/person\/208c898199fb3234203823c5f0cf31d6\",\"name\":\"Difusion2025\",\"image\":{\"@type\":\"ImageObject\",\"inLanguage\":\"es\",\"@id\":\"https:\/\/www.tecdmx.org.mx\/#\/schema\/person\/image\/\",\"url\":\"https:\/\/secure.gravatar.com\/avatar\/6f7a4ba3acb418040e90a2eb99b5df28?s=96&d=mm&r=g\",\"contentUrl\":\"https:\/\/secure.gravatar.com\/avatar\/6f7a4ba3acb418040e90a2eb99b5df28?s=96&d=mm&r=g\",\"caption\":\"Difusion2025\"}}]}<\/script>\n<!-- \/ Yoast SEO plugin. -->","yoast_head_json":{"title":"Analizan expertos el derecho al voto de las personas en prisi\u00f3n preventiva - Tribunal Electoral de la Ciudad de M\u00e9xico","robots":{"index":"index","follow":"follow","max-snippet":"max-snippet:-1","max-image-preview":"max-image-preview:large","max-video-preview":"max-video-preview:-1"},"canonical":"https:\/\/www.tecdmx.org.mx\/index.php\/comunicados\/2019\/08\/09\/analizan-expertos-el-derecho-al-voto-de-las-personas-en-prision-preventiva\/","og_locale":"es_ES","og_type":"article","og_title":"Analizan expertos el derecho al voto de las personas en prisi\u00f3n preventiva - Tribunal Electoral de la Ciudad de M\u00e9xico","og_description":"o-O-o \u2022 Se analiz\u00f3 la sentencia SUP-JDC-352\/2018 del Tribunal Electoral del Poder Judicial de la Federaci\u00f3n. \u2022 El evento cont\u00f3 con la participaci\u00f3n del Magistrado del TEPJF Felipe de la [&hellip;]","og_url":"https:\/\/www.tecdmx.org.mx\/index.php\/comunicados\/2019\/08\/09\/analizan-expertos-el-derecho-al-voto-de-las-personas-en-prision-preventiva\/","og_site_name":"Tribunal Electoral de la Ciudad de M\u00e9xico","article_publisher":"https:\/\/www.facebook.com\/TECDMX\/","article_published_time":"2019-08-09T19:39:07+00:00","article_modified_time":"2019-08-09T19:39:20+00:00","og_image":[{"width":2247,"height":1277,"url":"https:\/\/www.tecdmx.org.mx\/wp-content\/uploads\/2019\/04\/COMUNICADO-1.jpg","type":"image\/jpeg"}],"author":"Difusion2025","twitter_card":"summary_large_image","twitter_creator":"@tecdmx","twitter_site":"@tecdmx","twitter_misc":{"Escrito por":"Difusion2025","Tiempo de lectura":"3 minutos"},"schema":{"@context":"https:\/\/schema.org","@graph":[{"@type":"WebPage","@id":"https:\/\/www.tecdmx.org.mx\/index.php\/comunicados\/2019\/08\/09\/analizan-expertos-el-derecho-al-voto-de-las-personas-en-prision-preventiva\/","url":"https:\/\/www.tecdmx.org.mx\/index.php\/comunicados\/2019\/08\/09\/analizan-expertos-el-derecho-al-voto-de-las-personas-en-prision-preventiva\/","name":"Analizan expertos el derecho al voto de las personas en prisi\u00f3n preventiva - Tribunal Electoral de la Ciudad de M\u00e9xico","isPartOf":{"@id":"https:\/\/www.tecdmx.org.mx\/#website"},"primaryImageOfPage":{"@id":"https:\/\/www.tecdmx.org.mx\/index.php\/comunicados\/2019\/08\/09\/analizan-expertos-el-derecho-al-voto-de-las-personas-en-prision-preventiva\/#primaryimage"},"image":{"@id":"https:\/\/www.tecdmx.org.mx\/index.php\/comunicados\/2019\/08\/09\/analizan-expertos-el-derecho-al-voto-de-las-personas-en-prision-preventiva\/#primaryimage"},"thumbnailUrl":"https:\/\/www.tecdmx.org.mx\/wp-content\/uploads\/2019\/04\/COMUNICADO-1.jpg","datePublished":"2019-08-09T19:39:07+00:00","dateModified":"2019-08-09T19:39:20+00:00","author":{"@id":"https:\/\/www.tecdmx.org.mx\/#\/schema\/person\/208c898199fb3234203823c5f0cf31d6"},"breadcrumb":{"@id":"https:\/\/www.tecdmx.org.mx\/index.php\/comunicados\/2019\/08\/09\/analizan-expertos-el-derecho-al-voto-de-las-personas-en-prision-preventiva\/#breadcrumb"},"inLanguage":"es","potentialAction":[{"@type":"ReadAction","target":["https:\/\/www.tecdmx.org.mx\/index.php\/comunicados\/2019\/08\/09\/analizan-expertos-el-derecho-al-voto-de-las-personas-en-prision-preventiva\/"]}]},{"@type":"ImageObject","inLanguage":"es","@id":"https:\/\/www.tecdmx.org.mx\/index.php\/comunicados\/2019\/08\/09\/analizan-expertos-el-derecho-al-voto-de-las-personas-en-prision-preventiva\/#primaryimage","url":"https:\/\/www.tecdmx.org.mx\/wp-content\/uploads\/2019\/04\/COMUNICADO-1.jpg","contentUrl":"https:\/\/www.tecdmx.org.mx\/wp-content\/uploads\/2019\/04\/COMUNICADO-1.jpg","width":2247,"height":1277},{"@type":"BreadcrumbList","@id":"https:\/\/www.tecdmx.org.mx\/index.php\/comunicados\/2019\/08\/09\/analizan-expertos-el-derecho-al-voto-de-las-personas-en-prision-preventiva\/#breadcrumb","itemListElement":[{"@type":"ListItem","position":1,"name":"Portada","item":"https:\/\/www.tecdmx.org.mx\/"},{"@type":"ListItem","position":2,"name":"Analizan expertos el derecho al voto de las personas en prisi\u00f3n preventiva"}]},{"@type":"WebSite","@id":"https:\/\/www.tecdmx.org.mx\/#website","url":"https:\/\/www.tecdmx.org.mx\/","name":"Tribunal Electoral de la Ciudad de M\u00e9xico","description":"25 a\u00f1os garantizando justicia en tu elecci\u00f3n","potentialAction":[{"@type":"SearchAction","target":{"@type":"EntryPoint","urlTemplate":"https:\/\/www.tecdmx.org.mx\/?s={search_term_string}"},"query-input":"required name=search_term_string"}],"inLanguage":"es"},{"@type":"Person","@id":"https:\/\/www.tecdmx.org.mx\/#\/schema\/person\/208c898199fb3234203823c5f0cf31d6","name":"Difusion2025","image":{"@type":"ImageObject","inLanguage":"es","@id":"https:\/\/www.tecdmx.org.mx\/#\/schema\/person\/image\/","url":"https:\/\/secure.gravatar.com\/avatar\/6f7a4ba3acb418040e90a2eb99b5df28?s=96&d=mm&r=g","contentUrl":"https:\/\/secure.gravatar.com\/avatar\/6f7a4ba3acb418040e90a2eb99b5df28?s=96&d=mm&r=g","caption":"Difusion2025"}}]}},"_links":{"self":[{"href":"https:\/\/www.tecdmx.org.mx\/index.php\/wp-json\/wp\/v2\/posts\/14325"}],"collection":[{"href":"https:\/\/www.tecdmx.org.mx\/index.php\/wp-json\/wp\/v2\/posts"}],"about":[{"href":"https:\/\/www.tecdmx.org.mx\/index.php\/wp-json\/wp\/v2\/types\/post"}],"author":[{"embeddable":true,"href":"https:\/\/www.tecdmx.org.mx\/index.php\/wp-json\/wp\/v2\/users\/13"}],"replies":[{"embeddable":true,"href":"https:\/\/www.tecdmx.org.mx\/index.php\/wp-json\/wp\/v2\/comments?post=14325"}],"version-history":[{"count":1,"href":"https:\/\/www.tecdmx.org.mx\/index.php\/wp-json\/wp\/v2\/posts\/14325\/revisions"}],"predecessor-version":[{"id":14326,"href":"https:\/\/www.tecdmx.org.mx\/index.php\/wp-json\/wp\/v2\/posts\/14325\/revisions\/14326"}],"wp:featuredmedia":[{"embeddable":true,"href":"https:\/\/www.tecdmx.org.mx\/index.php\/wp-json\/wp\/v2\/media\/12606"}],"wp:attachment":[{"href":"https:\/\/www.tecdmx.org.mx\/index.php\/wp-json\/wp\/v2\/media?parent=14325"}],"wp:term":[{"taxonomy":"category","embeddable":true,"href":"https:\/\/www.tecdmx.org.mx\/index.php\/wp-json\/wp\/v2\/categories?post=14325"},{"taxonomy":"post_tag","embeddable":true,"href":"https:\/\/www.tecdmx.org.mx\/index.php\/wp-json\/wp\/v2\/tags?post=14325"}],"curies":[{"name":"wp","href":"https:\/\/api.w.org\/{rel}","templated":true}]}}