{"id":14345,"date":"2019-08-13T12:41:11","date_gmt":"2019-08-13T12:41:11","guid":{"rendered":"http:\/\/www2.tecdmx.org.mx\/?p=14345"},"modified":"2019-08-15T17:26:34","modified_gmt":"2019-08-15T17:26:34","slug":"el-poder-es-inherente-a-las-estructuras-de-una-sociedad-beatriz-paredes","status":"publish","type":"post","link":"https:\/\/www.tecdmx.org.mx\/index.php\/comunicados\/2019\/08\/13\/el-poder-es-inherente-a-las-estructuras-de-una-sociedad-beatriz-paredes\/","title":{"rendered":"\u201cEl poder es inherente a las estructuras de una sociedad\u201d: Beatriz Paredes"},"content":{"rendered":"\n<p>\u00b7&nbsp;&nbsp;&nbsp;&nbsp;&nbsp;&nbsp;&nbsp;Continuaron los trabajos del Foro: \u201cReforma Constitucional en Materia de Paridad, conformaci\u00f3n de las Leyes Secundarias y su impacto en la Legislaci\u00f3n de la Ciudad\u201d organizado por el TECDMX.<\/p>\n\n\n\n<p>En el segundo d\u00eda del Foro relativo a las Reformas en Materia de Paridad que se celebra en el Tribunal Electoral de la Ciudad de M\u00e9xico, la Senadora de la Rep\u00fablica, Beatriz Paredes Rangel, resalt\u00f3 la importancia de la capacitaci\u00f3n y formaci\u00f3n de las mujeres para que ocupen los cargos p\u00fablicos que se abrir\u00e1n derivados de la Reforma en Materia de Paridad y, de esta manera demostrar a la sociedad que no se equivoca dando sus votos para las mujeres.<\/p>\n\n\n\n<p>Paredes Rangel consider\u00f3 que la nueva din\u00e1mica social y la diversidad actual de las familias obliga a realizar una transformaci\u00f3n de todo el sistema de estructuras de poder, fomentando una multiplicaci\u00f3n de la seguridad social, cambios en el espacio laboral, el reconocimiento de hombres y mujeres como diferentes pero iguales, as\u00ed como la erradicaci\u00f3n de la violencia a partir de la inclusi\u00f3n y la igualdad.<\/p>\n\n\n\n<p>Asimismo, al leer un texto de su autor\u00eda, afirm\u00f3 que \u201cnuestra responsabilidad en esta gran transformaci\u00f3n es sabernos sujetos del cambio, vislumbrar la historia, avizorar el provenir y actuar en consecuencia. Lo m\u00e1s triste ser\u00eda que fu\u00e9semos objetos en nuestra propia revoluci\u00f3n, revoluci\u00f3n que nosotras estamos realizando\u201d.<\/p>\n\n\n\n<p>Por su parte, el Magistrado del TECDMX, Armando Hern\u00e1ndez Cruz, consider\u00f3 fundamental que el legislativo defina el t\u00e9rmino \u201cparidad\u201d en las Leyes Secundarias para que no se abra a interpretaciones por parte de los operadores jur\u00eddicos, es decir, quienes aplican la ley. De igual forma, consider\u00f3 que tendr\u00e1 que resolver c\u00f3mo se alcanzar\u00e1 la paridad en un \u00f3rgano que, por su naturaleza, sea impar, ejemplo de ello, los Tribunales Electorales.<\/p>\n\n\n\n<p>El doctor Hern\u00e1ndez Cruz consider\u00f3 que, en la actualidad, la paridad se debe entender como un principio democr\u00e1tico y no como una acci\u00f3n afirmativa, para as\u00ed poder dar el siguiente paso hacia una igualdad sustantiva.<\/p>\n\n\n\n<p>Al hacer uso de la voz, el Consejero del Instituto Electoral de la Ciudad de M\u00e9xico, Yuri Beltr\u00e1n, dijo que la Reforma Constitucional en Materia de Paridad es de avanzada y deja claro hacia donde tenemos que avanzar en materia de leyes secundarias. Sin embargo, consider\u00f3 que es un tema en el que a nivel mundial vamos tarde, pues seg\u00fan estudios faltan alrededor de 108 a\u00f1os para cerrar la brecha de oportunidades entre hombres y mujeres.<\/p>\n\n\n\n<p>Por otra parte,&nbsp;Miguel Humberto Jaramillo Guzm\u00e1n, Director Ejecutivo de Apoyo a las Ni\u00f1as, Ni\u00f1os y Adolescentes del DIF-CDMX, consider\u00f3 que es fundamental&nbsp;potenciar el desarrollo cultural, de participaci\u00f3n y educaci\u00f3n en las ni\u00f1as, ni\u00f1os y adolescentes para alcanzar una transformaci\u00f3n real de la sociedad.<\/p>\n\n\n\n<p>Asimismo,&nbsp;Claudia Elena De Buen Unna, Vicepresidenta de la Barra Mexicana, Colegio de Abogados, destac\u00f3 que&nbsp;es necesario compensar las diferencias entre hombres y mujeres en el \u00e1mbito pol\u00edtico, econ\u00f3mico y social, afirmando que no podemos continuar y trabajar una pol\u00edtica de igualdad si no desaparecen los estereotipos.<\/p>\n\n\n\n<p>En el mismo orden de ideas, Paola Ort\u00edz Ch\u00e1vez,&nbsp;Subdirectora de Apoyo Jur\u00eddico del Consejo para Prevenir y Eliminar la Discriminaci\u00f3n de la Ciudad de M\u00e9xico (COPRED), resalt\u00f3 que al eliminar los estereotipos se podr\u00e1n romper las barreras sociales que han impedido el pleno desarrollo de la mujer, citando que en la COPRED el 80 por ciento de las denuncias que reciben es por despido de mujeres embarazadas.<\/p>\n\n\n\n<p>Para concluir las participaciones, Joanna Felipe Torres, Presidenta de la Comisi\u00f3n Nacional de Defensa de los Derechos Pol\u00edticos de las Mujeres A.C., consider\u00f3 que una de las cuestiones a atender en las leyes secundarias es la generaci\u00f3n de mecanismos para la eliminaci\u00f3n de la violencia institucional, pues es desde las instituciones desde donde m\u00e1s se violenta a las mujeres dedicadas a la pol\u00edtica.<\/p>\n\n\n\n<p>Finalmente, la Magistrada Martha Mercado Ram\u00edrez, quien particip\u00f3 como moderadora, hizo un recuento de la importancia de las aportaciones de diversos sectores de la sociedad para la construcci\u00f3n de una paridad efectiva.<\/p>\n","protected":false},"excerpt":{"rendered":"<p>\u00b7&nbsp;&nbsp;&nbsp;&nbsp;&nbsp;&nbsp;&nbsp;Continuaron los trabajos del Foro: \u201cReforma Constitucional en Materia de Paridad, conformaci\u00f3n de las Leyes Secundarias y su impacto en la Legislaci\u00f3n de la Ciudad\u201d organizado por el TECDMX. En [&hellip;]<\/p>\n","protected":false},"author":13,"featured_media":12606,"comment_status":"open","ping_status":"open","sticky":false,"template":"","format":"standard","meta":{"_acf_changed":false,"_exactmetrics_skip_tracking":false,"_exactmetrics_sitenote_active":false,"_exactmetrics_sitenote_note":"","_exactmetrics_sitenote_category":0,"footnotes":""},"categories":[32,47],"tags":[59,58],"acf":[],"yoast_head":"<!-- This site is optimized with the Yoast SEO plugin v22.3 - https:\/\/yoast.com\/wordpress\/plugins\/seo\/ -->\n<title>\u201cEl poder es inherente a las estructuras de una sociedad\u201d: Beatriz Paredes - Tribunal Electoral de la Ciudad de M\u00e9xico<\/title>\n<meta name=\"robots\" content=\"index, follow, max-snippet:-1, max-image-preview:large, max-video-preview:-1\" \/>\n<link rel=\"canonical\" href=\"https:\/\/www.tecdmx.org.mx\/index.php\/comunicados\/2019\/08\/13\/el-poder-es-inherente-a-las-estructuras-de-una-sociedad-beatriz-paredes\/\" \/>\n<meta property=\"og:locale\" content=\"es_ES\" \/>\n<meta property=\"og:type\" content=\"article\" \/>\n<meta property=\"og:title\" content=\"\u201cEl poder es inherente a las estructuras de una sociedad\u201d: Beatriz Paredes - Tribunal Electoral de la Ciudad de M\u00e9xico\" \/>\n<meta property=\"og:description\" content=\"\u00b7&nbsp;&nbsp;&nbsp;&nbsp;&nbsp;&nbsp;&nbsp;Continuaron los trabajos del Foro: \u201cReforma Constitucional en Materia de Paridad, conformaci\u00f3n de las Leyes Secundarias y su impacto en la Legislaci\u00f3n de la Ciudad\u201d organizado por el TECDMX. En [&hellip;]\" \/>\n<meta property=\"og:url\" content=\"https:\/\/www.tecdmx.org.mx\/index.php\/comunicados\/2019\/08\/13\/el-poder-es-inherente-a-las-estructuras-de-una-sociedad-beatriz-paredes\/\" \/>\n<meta property=\"og:site_name\" content=\"Tribunal Electoral de la Ciudad de M\u00e9xico\" \/>\n<meta property=\"article:publisher\" content=\"https:\/\/www.facebook.com\/TECDMX\/\" \/>\n<meta property=\"article:published_time\" content=\"2019-08-13T12:41:11+00:00\" \/>\n<meta property=\"article:modified_time\" content=\"2019-08-15T17:26:34+00:00\" \/>\n<meta property=\"og:image\" content=\"https:\/\/www.tecdmx.org.mx\/wp-content\/uploads\/2019\/04\/COMUNICADO-1.jpg\" \/>\n\t<meta property=\"og:image:width\" content=\"2247\" \/>\n\t<meta property=\"og:image:height\" content=\"1277\" \/>\n\t<meta property=\"og:image:type\" content=\"image\/jpeg\" \/>\n<meta name=\"author\" content=\"Difusion2025\" \/>\n<meta name=\"twitter:card\" content=\"summary_large_image\" \/>\n<meta name=\"twitter:creator\" content=\"@tecdmx\" \/>\n<meta name=\"twitter:site\" content=\"@tecdmx\" \/>\n<meta name=\"twitter:label1\" content=\"Escrito por\" \/>\n\t<meta name=\"twitter:data1\" content=\"Difusion2025\" \/>\n\t<meta name=\"twitter:label2\" content=\"Tiempo de lectura\" \/>\n\t<meta name=\"twitter:data2\" content=\"4 minutos\" \/>\n<script type=\"application\/ld+json\" class=\"yoast-schema-graph\">{\"@context\":\"https:\/\/schema.org\",\"@graph\":[{\"@type\":\"WebPage\",\"@id\":\"https:\/\/www.tecdmx.org.mx\/index.php\/comunicados\/2019\/08\/13\/el-poder-es-inherente-a-las-estructuras-de-una-sociedad-beatriz-paredes\/\",\"url\":\"https:\/\/www.tecdmx.org.mx\/index.php\/comunicados\/2019\/08\/13\/el-poder-es-inherente-a-las-estructuras-de-una-sociedad-beatriz-paredes\/\",\"name\":\"\u201cEl poder es inherente a las estructuras de una sociedad\u201d: Beatriz Paredes - Tribunal Electoral de la Ciudad de M\u00e9xico\",\"isPartOf\":{\"@id\":\"https:\/\/www.tecdmx.org.mx\/#website\"},\"primaryImageOfPage\":{\"@id\":\"https:\/\/www.tecdmx.org.mx\/index.php\/comunicados\/2019\/08\/13\/el-poder-es-inherente-a-las-estructuras-de-una-sociedad-beatriz-paredes\/#primaryimage\"},\"image\":{\"@id\":\"https:\/\/www.tecdmx.org.mx\/index.php\/comunicados\/2019\/08\/13\/el-poder-es-inherente-a-las-estructuras-de-una-sociedad-beatriz-paredes\/#primaryimage\"},\"thumbnailUrl\":\"https:\/\/www.tecdmx.org.mx\/wp-content\/uploads\/2019\/04\/COMUNICADO-1.jpg\",\"datePublished\":\"2019-08-13T12:41:11+00:00\",\"dateModified\":\"2019-08-15T17:26:34+00:00\",\"author\":{\"@id\":\"https:\/\/www.tecdmx.org.mx\/#\/schema\/person\/208c898199fb3234203823c5f0cf31d6\"},\"breadcrumb\":{\"@id\":\"https:\/\/www.tecdmx.org.mx\/index.php\/comunicados\/2019\/08\/13\/el-poder-es-inherente-a-las-estructuras-de-una-sociedad-beatriz-paredes\/#breadcrumb\"},\"inLanguage\":\"es\",\"potentialAction\":[{\"@type\":\"ReadAction\",\"target\":[\"https:\/\/www.tecdmx.org.mx\/index.php\/comunicados\/2019\/08\/13\/el-poder-es-inherente-a-las-estructuras-de-una-sociedad-beatriz-paredes\/\"]}]},{\"@type\":\"ImageObject\",\"inLanguage\":\"es\",\"@id\":\"https:\/\/www.tecdmx.org.mx\/index.php\/comunicados\/2019\/08\/13\/el-poder-es-inherente-a-las-estructuras-de-una-sociedad-beatriz-paredes\/#primaryimage\",\"url\":\"https:\/\/www.tecdmx.org.mx\/wp-content\/uploads\/2019\/04\/COMUNICADO-1.jpg\",\"contentUrl\":\"https:\/\/www.tecdmx.org.mx\/wp-content\/uploads\/2019\/04\/COMUNICADO-1.jpg\",\"width\":2247,\"height\":1277},{\"@type\":\"BreadcrumbList\",\"@id\":\"https:\/\/www.tecdmx.org.mx\/index.php\/comunicados\/2019\/08\/13\/el-poder-es-inherente-a-las-estructuras-de-una-sociedad-beatriz-paredes\/#breadcrumb\",\"itemListElement\":[{\"@type\":\"ListItem\",\"position\":1,\"name\":\"Portada\",\"item\":\"https:\/\/www.tecdmx.org.mx\/\"},{\"@type\":\"ListItem\",\"position\":2,\"name\":\"\u201cEl poder es inherente a las estructuras de una sociedad\u201d: Beatriz Paredes\"}]},{\"@type\":\"WebSite\",\"@id\":\"https:\/\/www.tecdmx.org.mx\/#website\",\"url\":\"https:\/\/www.tecdmx.org.mx\/\",\"name\":\"Tribunal Electoral de la Ciudad de M\u00e9xico\",\"description\":\"25 a\u00f1os garantizando justicia en tu elecci\u00f3n\",\"potentialAction\":[{\"@type\":\"SearchAction\",\"target\":{\"@type\":\"EntryPoint\",\"urlTemplate\":\"https:\/\/www.tecdmx.org.mx\/?s={search_term_string}\"},\"query-input\":\"required name=search_term_string\"}],\"inLanguage\":\"es\"},{\"@type\":\"Person\",\"@id\":\"https:\/\/www.tecdmx.org.mx\/#\/schema\/person\/208c898199fb3234203823c5f0cf31d6\",\"name\":\"Difusion2025\",\"image\":{\"@type\":\"ImageObject\",\"inLanguage\":\"es\",\"@id\":\"https:\/\/www.tecdmx.org.mx\/#\/schema\/person\/image\/\",\"url\":\"https:\/\/secure.gravatar.com\/avatar\/6f7a4ba3acb418040e90a2eb99b5df28?s=96&d=mm&r=g\",\"contentUrl\":\"https:\/\/secure.gravatar.com\/avatar\/6f7a4ba3acb418040e90a2eb99b5df28?s=96&d=mm&r=g\",\"caption\":\"Difusion2025\"}}]}<\/script>\n<!-- \/ Yoast SEO plugin. -->","yoast_head_json":{"title":"\u201cEl poder es inherente a las estructuras de una sociedad\u201d: Beatriz Paredes - Tribunal Electoral de la Ciudad de M\u00e9xico","robots":{"index":"index","follow":"follow","max-snippet":"max-snippet:-1","max-image-preview":"max-image-preview:large","max-video-preview":"max-video-preview:-1"},"canonical":"https:\/\/www.tecdmx.org.mx\/index.php\/comunicados\/2019\/08\/13\/el-poder-es-inherente-a-las-estructuras-de-una-sociedad-beatriz-paredes\/","og_locale":"es_ES","og_type":"article","og_title":"\u201cEl poder es inherente a las estructuras de una sociedad\u201d: Beatriz Paredes - Tribunal Electoral de la Ciudad de M\u00e9xico","og_description":"\u00b7&nbsp;&nbsp;&nbsp;&nbsp;&nbsp;&nbsp;&nbsp;Continuaron los trabajos del Foro: \u201cReforma Constitucional en Materia de Paridad, conformaci\u00f3n de las Leyes Secundarias y su impacto en la Legislaci\u00f3n de la Ciudad\u201d organizado por el TECDMX. En [&hellip;]","og_url":"https:\/\/www.tecdmx.org.mx\/index.php\/comunicados\/2019\/08\/13\/el-poder-es-inherente-a-las-estructuras-de-una-sociedad-beatriz-paredes\/","og_site_name":"Tribunal Electoral de la Ciudad de M\u00e9xico","article_publisher":"https:\/\/www.facebook.com\/TECDMX\/","article_published_time":"2019-08-13T12:41:11+00:00","article_modified_time":"2019-08-15T17:26:34+00:00","og_image":[{"width":2247,"height":1277,"url":"https:\/\/www.tecdmx.org.mx\/wp-content\/uploads\/2019\/04\/COMUNICADO-1.jpg","type":"image\/jpeg"}],"author":"Difusion2025","twitter_card":"summary_large_image","twitter_creator":"@tecdmx","twitter_site":"@tecdmx","twitter_misc":{"Escrito por":"Difusion2025","Tiempo de lectura":"4 minutos"},"schema":{"@context":"https:\/\/schema.org","@graph":[{"@type":"WebPage","@id":"https:\/\/www.tecdmx.org.mx\/index.php\/comunicados\/2019\/08\/13\/el-poder-es-inherente-a-las-estructuras-de-una-sociedad-beatriz-paredes\/","url":"https:\/\/www.tecdmx.org.mx\/index.php\/comunicados\/2019\/08\/13\/el-poder-es-inherente-a-las-estructuras-de-una-sociedad-beatriz-paredes\/","name":"\u201cEl poder es inherente a las estructuras de una sociedad\u201d: Beatriz Paredes - Tribunal Electoral de la Ciudad de M\u00e9xico","isPartOf":{"@id":"https:\/\/www.tecdmx.org.mx\/#website"},"primaryImageOfPage":{"@id":"https:\/\/www.tecdmx.org.mx\/index.php\/comunicados\/2019\/08\/13\/el-poder-es-inherente-a-las-estructuras-de-una-sociedad-beatriz-paredes\/#primaryimage"},"image":{"@id":"https:\/\/www.tecdmx.org.mx\/index.php\/comunicados\/2019\/08\/13\/el-poder-es-inherente-a-las-estructuras-de-una-sociedad-beatriz-paredes\/#primaryimage"},"thumbnailUrl":"https:\/\/www.tecdmx.org.mx\/wp-content\/uploads\/2019\/04\/COMUNICADO-1.jpg","datePublished":"2019-08-13T12:41:11+00:00","dateModified":"2019-08-15T17:26:34+00:00","author":{"@id":"https:\/\/www.tecdmx.org.mx\/#\/schema\/person\/208c898199fb3234203823c5f0cf31d6"},"breadcrumb":{"@id":"https:\/\/www.tecdmx.org.mx\/index.php\/comunicados\/2019\/08\/13\/el-poder-es-inherente-a-las-estructuras-de-una-sociedad-beatriz-paredes\/#breadcrumb"},"inLanguage":"es","potentialAction":[{"@type":"ReadAction","target":["https:\/\/www.tecdmx.org.mx\/index.php\/comunicados\/2019\/08\/13\/el-poder-es-inherente-a-las-estructuras-de-una-sociedad-beatriz-paredes\/"]}]},{"@type":"ImageObject","inLanguage":"es","@id":"https:\/\/www.tecdmx.org.mx\/index.php\/comunicados\/2019\/08\/13\/el-poder-es-inherente-a-las-estructuras-de-una-sociedad-beatriz-paredes\/#primaryimage","url":"https:\/\/www.tecdmx.org.mx\/wp-content\/uploads\/2019\/04\/COMUNICADO-1.jpg","contentUrl":"https:\/\/www.tecdmx.org.mx\/wp-content\/uploads\/2019\/04\/COMUNICADO-1.jpg","width":2247,"height":1277},{"@type":"BreadcrumbList","@id":"https:\/\/www.tecdmx.org.mx\/index.php\/comunicados\/2019\/08\/13\/el-poder-es-inherente-a-las-estructuras-de-una-sociedad-beatriz-paredes\/#breadcrumb","itemListElement":[{"@type":"ListItem","position":1,"name":"Portada","item":"https:\/\/www.tecdmx.org.mx\/"},{"@type":"ListItem","position":2,"name":"\u201cEl poder es inherente a las estructuras de una sociedad\u201d: Beatriz Paredes"}]},{"@type":"WebSite","@id":"https:\/\/www.tecdmx.org.mx\/#website","url":"https:\/\/www.tecdmx.org.mx\/","name":"Tribunal Electoral de la Ciudad de M\u00e9xico","description":"25 a\u00f1os garantizando justicia en tu elecci\u00f3n","potentialAction":[{"@type":"SearchAction","target":{"@type":"EntryPoint","urlTemplate":"https:\/\/www.tecdmx.org.mx\/?s={search_term_string}"},"query-input":"required name=search_term_string"}],"inLanguage":"es"},{"@type":"Person","@id":"https:\/\/www.tecdmx.org.mx\/#\/schema\/person\/208c898199fb3234203823c5f0cf31d6","name":"Difusion2025","image":{"@type":"ImageObject","inLanguage":"es","@id":"https:\/\/www.tecdmx.org.mx\/#\/schema\/person\/image\/","url":"https:\/\/secure.gravatar.com\/avatar\/6f7a4ba3acb418040e90a2eb99b5df28?s=96&d=mm&r=g","contentUrl":"https:\/\/secure.gravatar.com\/avatar\/6f7a4ba3acb418040e90a2eb99b5df28?s=96&d=mm&r=g","caption":"Difusion2025"}}]}},"_links":{"self":[{"href":"https:\/\/www.tecdmx.org.mx\/index.php\/wp-json\/wp\/v2\/posts\/14345"}],"collection":[{"href":"https:\/\/www.tecdmx.org.mx\/index.php\/wp-json\/wp\/v2\/posts"}],"about":[{"href":"https:\/\/www.tecdmx.org.mx\/index.php\/wp-json\/wp\/v2\/types\/post"}],"author":[{"embeddable":true,"href":"https:\/\/www.tecdmx.org.mx\/index.php\/wp-json\/wp\/v2\/users\/13"}],"replies":[{"embeddable":true,"href":"https:\/\/www.tecdmx.org.mx\/index.php\/wp-json\/wp\/v2\/comments?post=14345"}],"version-history":[{"count":2,"href":"https:\/\/www.tecdmx.org.mx\/index.php\/wp-json\/wp\/v2\/posts\/14345\/revisions"}],"predecessor-version":[{"id":14348,"href":"https:\/\/www.tecdmx.org.mx\/index.php\/wp-json\/wp\/v2\/posts\/14345\/revisions\/14348"}],"wp:featuredmedia":[{"embeddable":true,"href":"https:\/\/www.tecdmx.org.mx\/index.php\/wp-json\/wp\/v2\/media\/12606"}],"wp:attachment":[{"href":"https:\/\/www.tecdmx.org.mx\/index.php\/wp-json\/wp\/v2\/media?parent=14345"}],"wp:term":[{"taxonomy":"category","embeddable":true,"href":"https:\/\/www.tecdmx.org.mx\/index.php\/wp-json\/wp\/v2\/categories?post=14345"},{"taxonomy":"post_tag","embeddable":true,"href":"https:\/\/www.tecdmx.org.mx\/index.php\/wp-json\/wp\/v2\/tags?post=14345"}],"curies":[{"name":"wp","href":"https:\/\/api.w.org\/{rel}","templated":true}]}}