{"id":14369,"date":"2019-08-13T13:05:07","date_gmt":"2019-08-13T13:05:07","guid":{"rendered":"http:\/\/www2.tecdmx.org.mx\/?p=14369"},"modified":"2019-08-15T17:15:41","modified_gmt":"2019-08-15T17:15:41","slug":"la-implementacion-de-la-reforma-en-materia-de-paridad-de-genero-requiere-de-voluntad-politica-gustavo-anzaldo-hernandez","status":"publish","type":"post","link":"https:\/\/www.tecdmx.org.mx\/index.php\/comunicados\/2019\/08\/13\/la-implementacion-de-la-reforma-en-materia-de-paridad-de-genero-requiere-de-voluntad-politica-gustavo-anzaldo-hernandez\/","title":{"rendered":"La implementaci\u00f3n de la reforma en materia de paridad de g\u00e9nero requiere de voluntad pol\u00edtica\u201d: Gustavo Anzaldo Hern\u00e1ndez."},"content":{"rendered":"\n<p>\u2022 La \u00faltima mesa del Foro abord\u00f3 el tema de La Reforma Constitucional en materia de paridad y su<\/p>\n\n\n\n<p>impacto legislativo en la Ciudad de M\u00e9xico.<\/p>\n\n\n\n<p>Al concluir los trabajos del Foro: Reforma Constitucional en Materia de Paridad, conformaci\u00f3n de<\/p>\n\n\n\n<p>las Leyes Secundarias y su impacto en la Legislaci\u00f3n de la Ciudad de M\u00e9xico, el cual se celebr\u00f3 en las<\/p>\n\n\n\n<p>instalaciones del Tribunal Electoral de la Ciudad de M\u00e9xico, el Magistrado Presidente, Gustavo<\/p>\n\n\n\n<p>Anzaldo Hern\u00e1ndez, reconoci\u00f3 que la Reforma Constitucional en materia de Paridad de G\u00e9nero<\/p>\n\n\n\n<p>representa un reto, ya que no s\u00f3lo se trata de modificar la legislaci\u00f3n, sino que para su<\/p>\n\n\n\n<p>implementaci\u00f3n se requiere de voluntad pol\u00edtica, por lo que hizo votos para que tenga m\u00e1s suerte<\/p>\n\n\n\n<p>que las anteriores, ya que deriva de la progresividad de diversos cambios que ha tenido la normativa.<\/p>\n\n\n\n<p>El Magistrado Presidente agreg\u00f3 que para instrumentar esta reforma no hay que esperar a que se<\/p>\n\n\n\n<p>d\u00e9 una determinaci\u00f3n para cumplirla. \u201cNinguna reforma constitucional, ninguna ley, por perfecta<\/p>\n\n\n\n<p>que sea y por mejor contenido que tenga, tiene la virtud de modificar comportamientos<\/p>\n\n\n\n<p>institucionales y personales por decreto. Nadie se porta bien solo porque lo disponga una ley,<\/p>\n\n\n\n<p>necesitamos poner de nuestra parte y que sea una voluntad para materializar lo que qued\u00f3<\/p>\n\n\n\n<p>plasmado en la Constituci\u00f3n\u201d, afirm\u00f3 el Magistrado Presidente.<\/p>\n\n\n\n<p>Previamente, se llev\u00f3 a cabo la tercera y \u00faltima mesa de este foro que abord\u00f3 el tema \u201cLa Reforma<\/p>\n\n\n\n<p>Constitucional en materia de paridad y su impacto legislativo en la Ciudad de M\u00e9xico\u201d, la cual fue<\/p>\n\n\n\n<p>moderada por el Dr. Jaime C\u00e1rdenas Gracia, acad\u00e9mico de la UNAM y Consejero Acad\u00e9mico de este<\/p>\n\n\n\n<p>\u00d3rgano Jurisdiccional.<\/p>\n\n\n\n<p>Para iniciar la mesa, el Diputado del Congreso de la Ciudad de M\u00e9xico, Diego Orlando Garrido L\u00f3pez,<\/p>\n\n\n\n<p>consider\u00f3 que la lucha por la paridad no se debe quedar en el aspecto n\u00famerico, sino que se debe<\/p>\n\n\n\n<p>alcanzar la paridad sustantiva y que las mujeres no s\u00f3lo accedan a candidaturas, sino que puedan<\/p>\n\n\n\n<p>ejercer el cargo para el que fueron electas.<\/p>\n","protected":false},"excerpt":{"rendered":"<p>\u2022 La \u00faltima mesa del Foro abord\u00f3 el tema de La Reforma Constitucional en materia de paridad y su impacto legislativo en la Ciudad de M\u00e9xico. Al concluir los trabajos [&hellip;]<\/p>\n","protected":false},"author":13,"featured_media":12606,"comment_status":"open","ping_status":"open","sticky":false,"template":"","format":"standard","meta":{"_acf_changed":false,"_exactmetrics_skip_tracking":false,"_exactmetrics_sitenote_active":false,"_exactmetrics_sitenote_note":"","_exactmetrics_sitenote_category":0,"footnotes":""},"categories":[32,47],"tags":[59,58],"acf":[],"yoast_head":"<!-- This site is optimized with the Yoast SEO plugin v22.3 - https:\/\/yoast.com\/wordpress\/plugins\/seo\/ -->\n<title>La implementaci\u00f3n de la reforma en materia de paridad de g\u00e9nero requiere de voluntad pol\u00edtica\u201d: Gustavo Anzaldo Hern\u00e1ndez. - Tribunal Electoral de la Ciudad de M\u00e9xico<\/title>\n<meta name=\"robots\" content=\"index, follow, max-snippet:-1, max-image-preview:large, max-video-preview:-1\" \/>\n<link rel=\"canonical\" href=\"https:\/\/www.tecdmx.org.mx\/index.php\/comunicados\/2019\/08\/13\/la-implementacion-de-la-reforma-en-materia-de-paridad-de-genero-requiere-de-voluntad-politica-gustavo-anzaldo-hernandez\/\" \/>\n<meta property=\"og:locale\" content=\"es_ES\" \/>\n<meta property=\"og:type\" content=\"article\" \/>\n<meta property=\"og:title\" content=\"La implementaci\u00f3n de la reforma en materia de paridad de g\u00e9nero requiere de voluntad pol\u00edtica\u201d: Gustavo Anzaldo Hern\u00e1ndez. - Tribunal Electoral de la Ciudad de M\u00e9xico\" \/>\n<meta property=\"og:description\" content=\"\u2022 La \u00faltima mesa del Foro abord\u00f3 el tema de La Reforma Constitucional en materia de paridad y su impacto legislativo en la Ciudad de M\u00e9xico. Al concluir los trabajos [&hellip;]\" \/>\n<meta property=\"og:url\" content=\"https:\/\/www.tecdmx.org.mx\/index.php\/comunicados\/2019\/08\/13\/la-implementacion-de-la-reforma-en-materia-de-paridad-de-genero-requiere-de-voluntad-politica-gustavo-anzaldo-hernandez\/\" \/>\n<meta property=\"og:site_name\" content=\"Tribunal Electoral de la Ciudad de M\u00e9xico\" \/>\n<meta property=\"article:publisher\" content=\"https:\/\/www.facebook.com\/TECDMX\/\" \/>\n<meta property=\"article:published_time\" content=\"2019-08-13T13:05:07+00:00\" \/>\n<meta property=\"article:modified_time\" content=\"2019-08-15T17:15:41+00:00\" \/>\n<meta property=\"og:image\" content=\"https:\/\/www.tecdmx.org.mx\/wp-content\/uploads\/2019\/04\/COMUNICADO-1.jpg\" \/>\n\t<meta property=\"og:image:width\" content=\"2247\" \/>\n\t<meta property=\"og:image:height\" content=\"1277\" \/>\n\t<meta property=\"og:image:type\" content=\"image\/jpeg\" \/>\n<meta name=\"author\" content=\"Difusion2025\" \/>\n<meta name=\"twitter:card\" content=\"summary_large_image\" \/>\n<meta name=\"twitter:creator\" content=\"@tecdmx\" \/>\n<meta name=\"twitter:site\" content=\"@tecdmx\" \/>\n<meta name=\"twitter:label1\" content=\"Escrito por\" \/>\n\t<meta name=\"twitter:data1\" content=\"Difusion2025\" \/>\n\t<meta name=\"twitter:label2\" content=\"Tiempo de lectura\" \/>\n\t<meta name=\"twitter:data2\" content=\"2 minutos\" \/>\n<script type=\"application\/ld+json\" class=\"yoast-schema-graph\">{\"@context\":\"https:\/\/schema.org\",\"@graph\":[{\"@type\":\"WebPage\",\"@id\":\"https:\/\/www.tecdmx.org.mx\/index.php\/comunicados\/2019\/08\/13\/la-implementacion-de-la-reforma-en-materia-de-paridad-de-genero-requiere-de-voluntad-politica-gustavo-anzaldo-hernandez\/\",\"url\":\"https:\/\/www.tecdmx.org.mx\/index.php\/comunicados\/2019\/08\/13\/la-implementacion-de-la-reforma-en-materia-de-paridad-de-genero-requiere-de-voluntad-politica-gustavo-anzaldo-hernandez\/\",\"name\":\"La implementaci\u00f3n de la reforma en materia de paridad de g\u00e9nero requiere de voluntad pol\u00edtica\u201d: Gustavo Anzaldo Hern\u00e1ndez. - Tribunal Electoral de la Ciudad de M\u00e9xico\",\"isPartOf\":{\"@id\":\"https:\/\/www.tecdmx.org.mx\/#website\"},\"primaryImageOfPage\":{\"@id\":\"https:\/\/www.tecdmx.org.mx\/index.php\/comunicados\/2019\/08\/13\/la-implementacion-de-la-reforma-en-materia-de-paridad-de-genero-requiere-de-voluntad-politica-gustavo-anzaldo-hernandez\/#primaryimage\"},\"image\":{\"@id\":\"https:\/\/www.tecdmx.org.mx\/index.php\/comunicados\/2019\/08\/13\/la-implementacion-de-la-reforma-en-materia-de-paridad-de-genero-requiere-de-voluntad-politica-gustavo-anzaldo-hernandez\/#primaryimage\"},\"thumbnailUrl\":\"https:\/\/www.tecdmx.org.mx\/wp-content\/uploads\/2019\/04\/COMUNICADO-1.jpg\",\"datePublished\":\"2019-08-13T13:05:07+00:00\",\"dateModified\":\"2019-08-15T17:15:41+00:00\",\"author\":{\"@id\":\"https:\/\/www.tecdmx.org.mx\/#\/schema\/person\/208c898199fb3234203823c5f0cf31d6\"},\"breadcrumb\":{\"@id\":\"https:\/\/www.tecdmx.org.mx\/index.php\/comunicados\/2019\/08\/13\/la-implementacion-de-la-reforma-en-materia-de-paridad-de-genero-requiere-de-voluntad-politica-gustavo-anzaldo-hernandez\/#breadcrumb\"},\"inLanguage\":\"es\",\"potentialAction\":[{\"@type\":\"ReadAction\",\"target\":[\"https:\/\/www.tecdmx.org.mx\/index.php\/comunicados\/2019\/08\/13\/la-implementacion-de-la-reforma-en-materia-de-paridad-de-genero-requiere-de-voluntad-politica-gustavo-anzaldo-hernandez\/\"]}]},{\"@type\":\"ImageObject\",\"inLanguage\":\"es\",\"@id\":\"https:\/\/www.tecdmx.org.mx\/index.php\/comunicados\/2019\/08\/13\/la-implementacion-de-la-reforma-en-materia-de-paridad-de-genero-requiere-de-voluntad-politica-gustavo-anzaldo-hernandez\/#primaryimage\",\"url\":\"https:\/\/www.tecdmx.org.mx\/wp-content\/uploads\/2019\/04\/COMUNICADO-1.jpg\",\"contentUrl\":\"https:\/\/www.tecdmx.org.mx\/wp-content\/uploads\/2019\/04\/COMUNICADO-1.jpg\",\"width\":2247,\"height\":1277},{\"@type\":\"BreadcrumbList\",\"@id\":\"https:\/\/www.tecdmx.org.mx\/index.php\/comunicados\/2019\/08\/13\/la-implementacion-de-la-reforma-en-materia-de-paridad-de-genero-requiere-de-voluntad-politica-gustavo-anzaldo-hernandez\/#breadcrumb\",\"itemListElement\":[{\"@type\":\"ListItem\",\"position\":1,\"name\":\"Portada\",\"item\":\"https:\/\/www.tecdmx.org.mx\/\"},{\"@type\":\"ListItem\",\"position\":2,\"name\":\"La implementaci\u00f3n de la reforma en materia de paridad de g\u00e9nero requiere de voluntad pol\u00edtica\u201d: Gustavo Anzaldo Hern\u00e1ndez.\"}]},{\"@type\":\"WebSite\",\"@id\":\"https:\/\/www.tecdmx.org.mx\/#website\",\"url\":\"https:\/\/www.tecdmx.org.mx\/\",\"name\":\"Tribunal Electoral de la Ciudad de M\u00e9xico\",\"description\":\"25 a\u00f1os garantizando justicia en tu elecci\u00f3n\",\"potentialAction\":[{\"@type\":\"SearchAction\",\"target\":{\"@type\":\"EntryPoint\",\"urlTemplate\":\"https:\/\/www.tecdmx.org.mx\/?s={search_term_string}\"},\"query-input\":\"required name=search_term_string\"}],\"inLanguage\":\"es\"},{\"@type\":\"Person\",\"@id\":\"https:\/\/www.tecdmx.org.mx\/#\/schema\/person\/208c898199fb3234203823c5f0cf31d6\",\"name\":\"Difusion2025\",\"image\":{\"@type\":\"ImageObject\",\"inLanguage\":\"es\",\"@id\":\"https:\/\/www.tecdmx.org.mx\/#\/schema\/person\/image\/\",\"url\":\"https:\/\/secure.gravatar.com\/avatar\/6f7a4ba3acb418040e90a2eb99b5df28?s=96&d=mm&r=g\",\"contentUrl\":\"https:\/\/secure.gravatar.com\/avatar\/6f7a4ba3acb418040e90a2eb99b5df28?s=96&d=mm&r=g\",\"caption\":\"Difusion2025\"}}]}<\/script>\n<!-- \/ Yoast SEO plugin. -->","yoast_head_json":{"title":"La implementaci\u00f3n de la reforma en materia de paridad de g\u00e9nero requiere de voluntad pol\u00edtica\u201d: Gustavo Anzaldo Hern\u00e1ndez. - Tribunal Electoral de la Ciudad de M\u00e9xico","robots":{"index":"index","follow":"follow","max-snippet":"max-snippet:-1","max-image-preview":"max-image-preview:large","max-video-preview":"max-video-preview:-1"},"canonical":"https:\/\/www.tecdmx.org.mx\/index.php\/comunicados\/2019\/08\/13\/la-implementacion-de-la-reforma-en-materia-de-paridad-de-genero-requiere-de-voluntad-politica-gustavo-anzaldo-hernandez\/","og_locale":"es_ES","og_type":"article","og_title":"La implementaci\u00f3n de la reforma en materia de paridad de g\u00e9nero requiere de voluntad pol\u00edtica\u201d: Gustavo Anzaldo Hern\u00e1ndez. - Tribunal Electoral de la Ciudad de M\u00e9xico","og_description":"\u2022 La \u00faltima mesa del Foro abord\u00f3 el tema de La Reforma Constitucional en materia de paridad y su impacto legislativo en la Ciudad de M\u00e9xico. Al concluir los trabajos [&hellip;]","og_url":"https:\/\/www.tecdmx.org.mx\/index.php\/comunicados\/2019\/08\/13\/la-implementacion-de-la-reforma-en-materia-de-paridad-de-genero-requiere-de-voluntad-politica-gustavo-anzaldo-hernandez\/","og_site_name":"Tribunal Electoral de la Ciudad de M\u00e9xico","article_publisher":"https:\/\/www.facebook.com\/TECDMX\/","article_published_time":"2019-08-13T13:05:07+00:00","article_modified_time":"2019-08-15T17:15:41+00:00","og_image":[{"width":2247,"height":1277,"url":"https:\/\/www.tecdmx.org.mx\/wp-content\/uploads\/2019\/04\/COMUNICADO-1.jpg","type":"image\/jpeg"}],"author":"Difusion2025","twitter_card":"summary_large_image","twitter_creator":"@tecdmx","twitter_site":"@tecdmx","twitter_misc":{"Escrito por":"Difusion2025","Tiempo de lectura":"2 minutos"},"schema":{"@context":"https:\/\/schema.org","@graph":[{"@type":"WebPage","@id":"https:\/\/www.tecdmx.org.mx\/index.php\/comunicados\/2019\/08\/13\/la-implementacion-de-la-reforma-en-materia-de-paridad-de-genero-requiere-de-voluntad-politica-gustavo-anzaldo-hernandez\/","url":"https:\/\/www.tecdmx.org.mx\/index.php\/comunicados\/2019\/08\/13\/la-implementacion-de-la-reforma-en-materia-de-paridad-de-genero-requiere-de-voluntad-politica-gustavo-anzaldo-hernandez\/","name":"La implementaci\u00f3n de la reforma en materia de paridad de g\u00e9nero requiere de voluntad pol\u00edtica\u201d: Gustavo Anzaldo Hern\u00e1ndez. - Tribunal Electoral de la Ciudad de M\u00e9xico","isPartOf":{"@id":"https:\/\/www.tecdmx.org.mx\/#website"},"primaryImageOfPage":{"@id":"https:\/\/www.tecdmx.org.mx\/index.php\/comunicados\/2019\/08\/13\/la-implementacion-de-la-reforma-en-materia-de-paridad-de-genero-requiere-de-voluntad-politica-gustavo-anzaldo-hernandez\/#primaryimage"},"image":{"@id":"https:\/\/www.tecdmx.org.mx\/index.php\/comunicados\/2019\/08\/13\/la-implementacion-de-la-reforma-en-materia-de-paridad-de-genero-requiere-de-voluntad-politica-gustavo-anzaldo-hernandez\/#primaryimage"},"thumbnailUrl":"https:\/\/www.tecdmx.org.mx\/wp-content\/uploads\/2019\/04\/COMUNICADO-1.jpg","datePublished":"2019-08-13T13:05:07+00:00","dateModified":"2019-08-15T17:15:41+00:00","author":{"@id":"https:\/\/www.tecdmx.org.mx\/#\/schema\/person\/208c898199fb3234203823c5f0cf31d6"},"breadcrumb":{"@id":"https:\/\/www.tecdmx.org.mx\/index.php\/comunicados\/2019\/08\/13\/la-implementacion-de-la-reforma-en-materia-de-paridad-de-genero-requiere-de-voluntad-politica-gustavo-anzaldo-hernandez\/#breadcrumb"},"inLanguage":"es","potentialAction":[{"@type":"ReadAction","target":["https:\/\/www.tecdmx.org.mx\/index.php\/comunicados\/2019\/08\/13\/la-implementacion-de-la-reforma-en-materia-de-paridad-de-genero-requiere-de-voluntad-politica-gustavo-anzaldo-hernandez\/"]}]},{"@type":"ImageObject","inLanguage":"es","@id":"https:\/\/www.tecdmx.org.mx\/index.php\/comunicados\/2019\/08\/13\/la-implementacion-de-la-reforma-en-materia-de-paridad-de-genero-requiere-de-voluntad-politica-gustavo-anzaldo-hernandez\/#primaryimage","url":"https:\/\/www.tecdmx.org.mx\/wp-content\/uploads\/2019\/04\/COMUNICADO-1.jpg","contentUrl":"https:\/\/www.tecdmx.org.mx\/wp-content\/uploads\/2019\/04\/COMUNICADO-1.jpg","width":2247,"height":1277},{"@type":"BreadcrumbList","@id":"https:\/\/www.tecdmx.org.mx\/index.php\/comunicados\/2019\/08\/13\/la-implementacion-de-la-reforma-en-materia-de-paridad-de-genero-requiere-de-voluntad-politica-gustavo-anzaldo-hernandez\/#breadcrumb","itemListElement":[{"@type":"ListItem","position":1,"name":"Portada","item":"https:\/\/www.tecdmx.org.mx\/"},{"@type":"ListItem","position":2,"name":"La implementaci\u00f3n de la reforma en materia de paridad de g\u00e9nero requiere de voluntad pol\u00edtica\u201d: Gustavo Anzaldo Hern\u00e1ndez."}]},{"@type":"WebSite","@id":"https:\/\/www.tecdmx.org.mx\/#website","url":"https:\/\/www.tecdmx.org.mx\/","name":"Tribunal Electoral de la Ciudad de M\u00e9xico","description":"25 a\u00f1os garantizando justicia en tu elecci\u00f3n","potentialAction":[{"@type":"SearchAction","target":{"@type":"EntryPoint","urlTemplate":"https:\/\/www.tecdmx.org.mx\/?s={search_term_string}"},"query-input":"required name=search_term_string"}],"inLanguage":"es"},{"@type":"Person","@id":"https:\/\/www.tecdmx.org.mx\/#\/schema\/person\/208c898199fb3234203823c5f0cf31d6","name":"Difusion2025","image":{"@type":"ImageObject","inLanguage":"es","@id":"https:\/\/www.tecdmx.org.mx\/#\/schema\/person\/image\/","url":"https:\/\/secure.gravatar.com\/avatar\/6f7a4ba3acb418040e90a2eb99b5df28?s=96&d=mm&r=g","contentUrl":"https:\/\/secure.gravatar.com\/avatar\/6f7a4ba3acb418040e90a2eb99b5df28?s=96&d=mm&r=g","caption":"Difusion2025"}}]}},"_links":{"self":[{"href":"https:\/\/www.tecdmx.org.mx\/index.php\/wp-json\/wp\/v2\/posts\/14369"}],"collection":[{"href":"https:\/\/www.tecdmx.org.mx\/index.php\/wp-json\/wp\/v2\/posts"}],"about":[{"href":"https:\/\/www.tecdmx.org.mx\/index.php\/wp-json\/wp\/v2\/types\/post"}],"author":[{"embeddable":true,"href":"https:\/\/www.tecdmx.org.mx\/index.php\/wp-json\/wp\/v2\/users\/13"}],"replies":[{"embeddable":true,"href":"https:\/\/www.tecdmx.org.mx\/index.php\/wp-json\/wp\/v2\/comments?post=14369"}],"version-history":[{"count":3,"href":"https:\/\/www.tecdmx.org.mx\/index.php\/wp-json\/wp\/v2\/posts\/14369\/revisions"}],"predecessor-version":[{"id":14372,"href":"https:\/\/www.tecdmx.org.mx\/index.php\/wp-json\/wp\/v2\/posts\/14369\/revisions\/14372"}],"wp:featuredmedia":[{"embeddable":true,"href":"https:\/\/www.tecdmx.org.mx\/index.php\/wp-json\/wp\/v2\/media\/12606"}],"wp:attachment":[{"href":"https:\/\/www.tecdmx.org.mx\/index.php\/wp-json\/wp\/v2\/media?parent=14369"}],"wp:term":[{"taxonomy":"category","embeddable":true,"href":"https:\/\/www.tecdmx.org.mx\/index.php\/wp-json\/wp\/v2\/categories?post=14369"},{"taxonomy":"post_tag","embeddable":true,"href":"https:\/\/www.tecdmx.org.mx\/index.php\/wp-json\/wp\/v2\/tags?post=14369"}],"curies":[{"name":"wp","href":"https:\/\/api.w.org\/{rel}","templated":true}]}}