{"id":14380,"date":"2019-08-14T18:29:48","date_gmt":"2019-08-14T18:29:48","guid":{"rendered":"http:\/\/www2.tecdmx.org.mx\/?p=14380"},"modified":"2019-08-15T17:29:59","modified_gmt":"2019-08-15T17:29:59","slug":"especialistas-reflexionan-sobre-acciones-y-desafios-para-la-paridad-de-genero-en-las-alcaldias","status":"publish","type":"post","link":"https:\/\/www.tecdmx.org.mx\/index.php\/comunicados\/2019\/08\/14\/especialistas-reflexionan-sobre-acciones-y-desafios-para-la-paridad-de-genero-en-las-alcaldias\/","title":{"rendered":"Especialistas reflexionan sobre acciones y desaf\u00edos para la paridad de g\u00e9nero en las Alcald\u00edas"},"content":{"rendered":"\n<ul><li><br>El Conversatorio fue organizado por el Observatorio de Participaci\u00f3n Pol\u00edtica de las Mujeres en la Ciudad de M\u00e9xico (OPPMCM), en las instalaciones del TECDMX.<\/li><li>Tuvo como eje la investigaci\u00f3n realizada por la Dra. Georgina C\u00e1rdenas, acad\u00e9mica de la UNAM.<\/li><li>La Magistrada Alejandra Ch\u00e1vez Camarena cit\u00f3 la jurisprudencia 11-2018 de Paridad de G\u00e9nero para mayor beneficio de las mujeres, con la que sustent\u00f3 la asignaci\u00f3n de concejalas en la Demarcaci\u00f3n Benito Ju\u00e1rez de la CDMX.<\/li><\/ul>\n\n\n\n<p>El Observatorio de Participaci\u00f3n Pol\u00edtica de las Mujeres en la Ciudad de M\u00e9xico, integrado por el Tribunal Electoral (TECDMX), el Instituto Electoral (IECM) y la Secretar\u00eda de Mujeres, todos de la Ciudad de M\u00e9xico, llev\u00f3 a cabo el Conversatorio \u201cCampa\u00f1as Paritarias en las Alcald\u00edas de la Ciudad de M\u00e9xico: Agenda Pol\u00edtica de G\u00e9nero, Desaf\u00edos y Contrastes\u201d.<\/p>\n\n\n\n<p>En el evento se cont\u00f3 con la asistencia de un importante n\u00famero de Concejalas y Concejales de las 16 Demarcaciones Territoriales de la capital, as\u00ed como representantes de Organizaciones de la Sociedad Civil y autoridades de diversos \u00f3rganos capitalinos.<\/p>\n\n\n\n<p>Durante la inauguraci\u00f3n de los trabajos, el Magistrado Presidente del TECDMX, Gustavo Anzaldo Hern\u00e1ndez, destac\u00f3 que el Conversatorio es parte de las actividades en las que este \u00d3rgano Jurisdiccional desarrolla una de sus tareas fundamentales: la difusi\u00f3n de la cultura democr\u00e1tica.<\/p>\n\n\n\n<p>En su intervenci\u00f3n, la Magistrada del TECDMX, Alejandra Ch\u00e1vez Camarena, presidenta del Comit\u00e9 de G\u00e9nero y Derechos Humanos del Tribunal, dio la bienvenida a las y los asistentes e hizo un recuento hist\u00f3rico de la creaci\u00f3n y trabajos de los Observatorios de Participaci\u00f3n Pol\u00edtica de la Mujer, tanto a nivel federal como local. Asimismo, reconoci\u00f3 que, a ra\u00edz del estudio realizado por la Dra. Georgina C\u00e1rdenas Acosta ha sido posible visualizar una brecha de desigualdad en la ocupaci\u00f3n de cargos p\u00fablicos entre mujeres y hombres en el primer nivel de gobierno de esta ciudad capital.<\/p>\n\n\n\n<p>\u201cEl Conversatorio tiene como prop\u00f3sito impulsar la voluntad pol\u00edtica de las Alcald\u00edas para que implementen mecanismos y acciones afirmativas, temporales y permanentes, que garanticen la materializaci\u00f3n del principio de paridad de g\u00e9nero en sus vertientes vertical y horizontal, en la ocupaci\u00f3n de cargos al interior de sus respectivas estructuras org\u00e1nicas\u201d, afirm\u00f3 la Magistrada Ch\u00e1vez Camarena.<\/p>\n\n\n\n<p>Por su parte, la Consejera y representante del IECM ante el OPPMCM, Carolina del \u00c1ngel Cruz, se\u00f1al\u00f3 que este conversatorio proporciona herramientas, tanto al Observatorio como a las instituciones que lo integran, para trabajar de manera permanente&nbsp;en erradicar las desigualdades.<\/p>\n\n\n\n<p>En representaci\u00f3n de la Secretar\u00eda de las Mujeres de la Ciudad de M\u00e9xico, la Dra. Yazmin P\u00e9rez Haro consider\u00f3 de gran relevancia la generaci\u00f3n de alianzas entre el gobierno y las organizaciones de la sociedad civil para reforzar las acciones a favor de las mujeres, pues su participaci\u00f3n en la democracia garantiza sociedades m\u00e1s justas.<\/p>\n\n\n\n<p>La Magistrada Martha Mercado Ram\u00edrez, quien fungi\u00f3 como moderadora, destac\u00f3 que, a partir de las reformas de paridad, se requiere realizar una intensa labor de capacitaci\u00f3n a mujeres en diferentes materias, sin dejar de lado la perspectiva de g\u00e9nero y con el objeto de ampliar las capacidades de las mujeres para que tengan un desempe\u00f1o ejemplar en los cargos p\u00fablicos.<\/p>\n\n\n\n<p>Al presentar el estudio denominado \u201cCampa\u00f1as paritarias en las alcald\u00edas de la Ciudad de M\u00e9xico: agenda pol\u00edtica de g\u00e9nero, desaf\u00edos y contrastes\u201d,&nbsp; la Dra. C\u00e1rdenas Acosta, integrante del OPPMCM, mencion\u00f3 que hizo un an\u00e1lisis de las plataformas pol\u00edticas de los partidos pol\u00edticos y los resultados que obtuvieron en el reciente proceso electoral en la Ciudad de M\u00e9xico, identificando la vulnerabilidad de las mujeres al no ser consideradas para competir en cargos donde determinada fuerza pol\u00edtica pudiera tener mayor preferencia electoral.<\/p>\n\n\n\n<p>Agreg\u00f3 que las propuestas dirigidas a la atenci\u00f3n de las mujeres se centraron en problem\u00e1ticas de violencia y feminicidios. Asimismo, dio a conocer que en la integraci\u00f3n administrativa de las Alcald\u00edas, al primer trimestre de la toma de posesi\u00f3n se observ\u00f3 que&nbsp;68% de los cargos de direcci\u00f3n general y ejecutivos estaban ocupados por hombres, y&nbsp;32% por mujeres.<\/p>\n\n\n\n<p>La ausencia de mujeres en estos cargos llama a la reflexi\u00f3n para brindar m\u00e1s oportunidades a fin de que se aseguren espacios de toma de decisi\u00f3n, bajo criterios de igualdad, como lo mandata la Constituci\u00f3n, asever\u00f3.<\/p>\n\n\n\n<p>Por su parte, la Dra. Dalia Isabel Barrera Bassol, Coordinadora de la L\u00ednea de G\u00e9nero y Pol\u00edtica de la Escuela Nacional de Antropolog\u00eda e Historia (ENAH), record\u00f3 que la Ciudad de M\u00e9xico inici\u00f3 un movimiento paritario con la creaci\u00f3n del Instituto de las Mujeres y el surgimiento del Modelo Integral de Atenci\u00f3n a las Mujeres, el cual busca atender su&nbsp;problem\u00e1tica. Propuso capacitar ampliamente a las mujeres en pol\u00edticas p\u00fablicas y ejemplos de buenas pr\u00e1cticas en materia de equidad y g\u00e9nero, para que as\u00ed obtengan un empoderamiento individual y colectivo.<\/p>\n\n\n\n<p>Barrera Bassol llam\u00f3 a realizar un diagn\u00f3stico integral de las condiciones de la poblaci\u00f3n de todos los estratos sociales por Alcald\u00eda, que contemple la dimensi\u00f3n social de toda la Ciudad de M\u00e9xico.<\/p>\n\n\n\n<p>La Lic. Paulina Mendoza Castillo, socia fundadora de Investigaci\u00f3n, An\u00e1lisis y Propuestas en Derechos Humanos (IAP-DH), hizo un llamado a reinventar la pol\u00edtica para tener una oferta que contemple la realidad de la ciudad y las demarcaciones, y exhort\u00f3 a las concejalas y concejales a que comprendan y atiendan a la diversidad, as\u00ed como a los Alcaldes y Alcaldesas, a trabajar de la mano.&nbsp;<\/p>\n\n\n\n<p>Finalmente, el Magistrado Juan Carlos S\u00e1nchez Le\u00f3n clausur\u00f3 los trabajos de este Conversatorio en el que reconoci\u00f3 la participaci\u00f3n de las expertas y resalt\u00f3 la importancia de lograr una participaci\u00f3n y representaci\u00f3n pol\u00edtica de hombres y mujeres de manera equilibrada. De igual forma, llam\u00f3 a las personas presentes a continuar con los esfuerzos para lograr mayores beneficios en materia de paridad, que se materialicen en una sociedad cada d\u00eda m\u00e1s consciente de la inclusi\u00f3n de ambos g\u00e9neros en la vida pol\u00edtica de la Ciudad de M\u00e9xico.<\/p>\n\n\n\n<p><strong>o-O-o<\/strong><\/p>\n","protected":false},"excerpt":{"rendered":"<p>El Conversatorio fue organizado por el Observatorio de Participaci\u00f3n Pol\u00edtica de las Mujeres en la Ciudad de M\u00e9xico (OPPMCM), en las instalaciones del TECDMX. Tuvo como eje la investigaci\u00f3n realizada [&hellip;]<\/p>\n","protected":false},"author":13,"featured_media":12606,"comment_status":"open","ping_status":"open","sticky":false,"template":"","format":"standard","meta":{"_acf_changed":false,"_exactmetrics_skip_tracking":false,"_exactmetrics_sitenote_active":false,"_exactmetrics_sitenote_note":"","_exactmetrics_sitenote_category":0,"footnotes":""},"categories":[32,47],"tags":[59,58],"acf":[],"yoast_head":"<!-- This site is optimized with the Yoast SEO plugin v22.3 - https:\/\/yoast.com\/wordpress\/plugins\/seo\/ -->\n<title>Especialistas reflexionan sobre acciones y desaf\u00edos para la paridad de g\u00e9nero en las Alcald\u00edas - Tribunal Electoral de la Ciudad de M\u00e9xico<\/title>\n<meta name=\"robots\" content=\"index, follow, max-snippet:-1, max-image-preview:large, max-video-preview:-1\" \/>\n<link rel=\"canonical\" href=\"https:\/\/www.tecdmx.org.mx\/index.php\/comunicados\/2019\/08\/14\/especialistas-reflexionan-sobre-acciones-y-desafios-para-la-paridad-de-genero-en-las-alcaldias\/\" \/>\n<meta property=\"og:locale\" content=\"es_ES\" \/>\n<meta property=\"og:type\" content=\"article\" \/>\n<meta property=\"og:title\" content=\"Especialistas reflexionan sobre acciones y desaf\u00edos para la paridad de g\u00e9nero en las Alcald\u00edas - Tribunal Electoral de la Ciudad de M\u00e9xico\" \/>\n<meta property=\"og:description\" content=\"El Conversatorio fue organizado por el Observatorio de Participaci\u00f3n Pol\u00edtica de las Mujeres en la Ciudad de M\u00e9xico (OPPMCM), en las instalaciones del TECDMX. Tuvo como eje la investigaci\u00f3n realizada [&hellip;]\" \/>\n<meta property=\"og:url\" content=\"https:\/\/www.tecdmx.org.mx\/index.php\/comunicados\/2019\/08\/14\/especialistas-reflexionan-sobre-acciones-y-desafios-para-la-paridad-de-genero-en-las-alcaldias\/\" \/>\n<meta property=\"og:site_name\" content=\"Tribunal Electoral de la Ciudad de M\u00e9xico\" \/>\n<meta property=\"article:publisher\" content=\"https:\/\/www.facebook.com\/TECDMX\/\" \/>\n<meta property=\"article:published_time\" content=\"2019-08-14T18:29:48+00:00\" \/>\n<meta property=\"article:modified_time\" content=\"2019-08-15T17:29:59+00:00\" \/>\n<meta property=\"og:image\" content=\"https:\/\/www.tecdmx.org.mx\/wp-content\/uploads\/2019\/04\/COMUNICADO-1.jpg\" \/>\n\t<meta property=\"og:image:width\" content=\"2247\" \/>\n\t<meta property=\"og:image:height\" content=\"1277\" \/>\n\t<meta property=\"og:image:type\" content=\"image\/jpeg\" \/>\n<meta name=\"author\" content=\"Difusion2025\" \/>\n<meta name=\"twitter:card\" content=\"summary_large_image\" \/>\n<meta name=\"twitter:creator\" content=\"@tecdmx\" \/>\n<meta name=\"twitter:site\" content=\"@tecdmx\" \/>\n<meta name=\"twitter:label1\" content=\"Escrito por\" \/>\n\t<meta name=\"twitter:data1\" content=\"Difusion2025\" \/>\n\t<meta name=\"twitter:label2\" content=\"Tiempo de lectura\" \/>\n\t<meta name=\"twitter:data2\" content=\"5 minutos\" \/>\n<script type=\"application\/ld+json\" class=\"yoast-schema-graph\">{\"@context\":\"https:\/\/schema.org\",\"@graph\":[{\"@type\":\"WebPage\",\"@id\":\"https:\/\/www.tecdmx.org.mx\/index.php\/comunicados\/2019\/08\/14\/especialistas-reflexionan-sobre-acciones-y-desafios-para-la-paridad-de-genero-en-las-alcaldias\/\",\"url\":\"https:\/\/www.tecdmx.org.mx\/index.php\/comunicados\/2019\/08\/14\/especialistas-reflexionan-sobre-acciones-y-desafios-para-la-paridad-de-genero-en-las-alcaldias\/\",\"name\":\"Especialistas reflexionan sobre acciones y desaf\u00edos para la paridad de g\u00e9nero en las Alcald\u00edas - Tribunal Electoral de la Ciudad de M\u00e9xico\",\"isPartOf\":{\"@id\":\"https:\/\/www.tecdmx.org.mx\/#website\"},\"primaryImageOfPage\":{\"@id\":\"https:\/\/www.tecdmx.org.mx\/index.php\/comunicados\/2019\/08\/14\/especialistas-reflexionan-sobre-acciones-y-desafios-para-la-paridad-de-genero-en-las-alcaldias\/#primaryimage\"},\"image\":{\"@id\":\"https:\/\/www.tecdmx.org.mx\/index.php\/comunicados\/2019\/08\/14\/especialistas-reflexionan-sobre-acciones-y-desafios-para-la-paridad-de-genero-en-las-alcaldias\/#primaryimage\"},\"thumbnailUrl\":\"https:\/\/www.tecdmx.org.mx\/wp-content\/uploads\/2019\/04\/COMUNICADO-1.jpg\",\"datePublished\":\"2019-08-14T18:29:48+00:00\",\"dateModified\":\"2019-08-15T17:29:59+00:00\",\"author\":{\"@id\":\"https:\/\/www.tecdmx.org.mx\/#\/schema\/person\/208c898199fb3234203823c5f0cf31d6\"},\"breadcrumb\":{\"@id\":\"https:\/\/www.tecdmx.org.mx\/index.php\/comunicados\/2019\/08\/14\/especialistas-reflexionan-sobre-acciones-y-desafios-para-la-paridad-de-genero-en-las-alcaldias\/#breadcrumb\"},\"inLanguage\":\"es\",\"potentialAction\":[{\"@type\":\"ReadAction\",\"target\":[\"https:\/\/www.tecdmx.org.mx\/index.php\/comunicados\/2019\/08\/14\/especialistas-reflexionan-sobre-acciones-y-desafios-para-la-paridad-de-genero-en-las-alcaldias\/\"]}]},{\"@type\":\"ImageObject\",\"inLanguage\":\"es\",\"@id\":\"https:\/\/www.tecdmx.org.mx\/index.php\/comunicados\/2019\/08\/14\/especialistas-reflexionan-sobre-acciones-y-desafios-para-la-paridad-de-genero-en-las-alcaldias\/#primaryimage\",\"url\":\"https:\/\/www.tecdmx.org.mx\/wp-content\/uploads\/2019\/04\/COMUNICADO-1.jpg\",\"contentUrl\":\"https:\/\/www.tecdmx.org.mx\/wp-content\/uploads\/2019\/04\/COMUNICADO-1.jpg\",\"width\":2247,\"height\":1277},{\"@type\":\"BreadcrumbList\",\"@id\":\"https:\/\/www.tecdmx.org.mx\/index.php\/comunicados\/2019\/08\/14\/especialistas-reflexionan-sobre-acciones-y-desafios-para-la-paridad-de-genero-en-las-alcaldias\/#breadcrumb\",\"itemListElement\":[{\"@type\":\"ListItem\",\"position\":1,\"name\":\"Portada\",\"item\":\"https:\/\/www.tecdmx.org.mx\/\"},{\"@type\":\"ListItem\",\"position\":2,\"name\":\"Especialistas reflexionan sobre acciones y desaf\u00edos para la paridad de g\u00e9nero en las Alcald\u00edas\"}]},{\"@type\":\"WebSite\",\"@id\":\"https:\/\/www.tecdmx.org.mx\/#website\",\"url\":\"https:\/\/www.tecdmx.org.mx\/\",\"name\":\"Tribunal Electoral de la Ciudad de M\u00e9xico\",\"description\":\"25 a\u00f1os garantizando justicia en tu elecci\u00f3n\",\"potentialAction\":[{\"@type\":\"SearchAction\",\"target\":{\"@type\":\"EntryPoint\",\"urlTemplate\":\"https:\/\/www.tecdmx.org.mx\/?s={search_term_string}\"},\"query-input\":\"required name=search_term_string\"}],\"inLanguage\":\"es\"},{\"@type\":\"Person\",\"@id\":\"https:\/\/www.tecdmx.org.mx\/#\/schema\/person\/208c898199fb3234203823c5f0cf31d6\",\"name\":\"Difusion2025\",\"image\":{\"@type\":\"ImageObject\",\"inLanguage\":\"es\",\"@id\":\"https:\/\/www.tecdmx.org.mx\/#\/schema\/person\/image\/\",\"url\":\"https:\/\/secure.gravatar.com\/avatar\/6f7a4ba3acb418040e90a2eb99b5df28?s=96&d=mm&r=g\",\"contentUrl\":\"https:\/\/secure.gravatar.com\/avatar\/6f7a4ba3acb418040e90a2eb99b5df28?s=96&d=mm&r=g\",\"caption\":\"Difusion2025\"}}]}<\/script>\n<!-- \/ Yoast SEO plugin. -->","yoast_head_json":{"title":"Especialistas reflexionan sobre acciones y desaf\u00edos para la paridad de g\u00e9nero en las Alcald\u00edas - Tribunal Electoral de la Ciudad de M\u00e9xico","robots":{"index":"index","follow":"follow","max-snippet":"max-snippet:-1","max-image-preview":"max-image-preview:large","max-video-preview":"max-video-preview:-1"},"canonical":"https:\/\/www.tecdmx.org.mx\/index.php\/comunicados\/2019\/08\/14\/especialistas-reflexionan-sobre-acciones-y-desafios-para-la-paridad-de-genero-en-las-alcaldias\/","og_locale":"es_ES","og_type":"article","og_title":"Especialistas reflexionan sobre acciones y desaf\u00edos para la paridad de g\u00e9nero en las Alcald\u00edas - Tribunal Electoral de la Ciudad de M\u00e9xico","og_description":"El Conversatorio fue organizado por el Observatorio de Participaci\u00f3n Pol\u00edtica de las Mujeres en la Ciudad de M\u00e9xico (OPPMCM), en las instalaciones del TECDMX. Tuvo como eje la investigaci\u00f3n realizada [&hellip;]","og_url":"https:\/\/www.tecdmx.org.mx\/index.php\/comunicados\/2019\/08\/14\/especialistas-reflexionan-sobre-acciones-y-desafios-para-la-paridad-de-genero-en-las-alcaldias\/","og_site_name":"Tribunal Electoral de la Ciudad de M\u00e9xico","article_publisher":"https:\/\/www.facebook.com\/TECDMX\/","article_published_time":"2019-08-14T18:29:48+00:00","article_modified_time":"2019-08-15T17:29:59+00:00","og_image":[{"width":2247,"height":1277,"url":"https:\/\/www.tecdmx.org.mx\/wp-content\/uploads\/2019\/04\/COMUNICADO-1.jpg","type":"image\/jpeg"}],"author":"Difusion2025","twitter_card":"summary_large_image","twitter_creator":"@tecdmx","twitter_site":"@tecdmx","twitter_misc":{"Escrito por":"Difusion2025","Tiempo de lectura":"5 minutos"},"schema":{"@context":"https:\/\/schema.org","@graph":[{"@type":"WebPage","@id":"https:\/\/www.tecdmx.org.mx\/index.php\/comunicados\/2019\/08\/14\/especialistas-reflexionan-sobre-acciones-y-desafios-para-la-paridad-de-genero-en-las-alcaldias\/","url":"https:\/\/www.tecdmx.org.mx\/index.php\/comunicados\/2019\/08\/14\/especialistas-reflexionan-sobre-acciones-y-desafios-para-la-paridad-de-genero-en-las-alcaldias\/","name":"Especialistas reflexionan sobre acciones y desaf\u00edos para la paridad de g\u00e9nero en las Alcald\u00edas - Tribunal Electoral de la Ciudad de M\u00e9xico","isPartOf":{"@id":"https:\/\/www.tecdmx.org.mx\/#website"},"primaryImageOfPage":{"@id":"https:\/\/www.tecdmx.org.mx\/index.php\/comunicados\/2019\/08\/14\/especialistas-reflexionan-sobre-acciones-y-desafios-para-la-paridad-de-genero-en-las-alcaldias\/#primaryimage"},"image":{"@id":"https:\/\/www.tecdmx.org.mx\/index.php\/comunicados\/2019\/08\/14\/especialistas-reflexionan-sobre-acciones-y-desafios-para-la-paridad-de-genero-en-las-alcaldias\/#primaryimage"},"thumbnailUrl":"https:\/\/www.tecdmx.org.mx\/wp-content\/uploads\/2019\/04\/COMUNICADO-1.jpg","datePublished":"2019-08-14T18:29:48+00:00","dateModified":"2019-08-15T17:29:59+00:00","author":{"@id":"https:\/\/www.tecdmx.org.mx\/#\/schema\/person\/208c898199fb3234203823c5f0cf31d6"},"breadcrumb":{"@id":"https:\/\/www.tecdmx.org.mx\/index.php\/comunicados\/2019\/08\/14\/especialistas-reflexionan-sobre-acciones-y-desafios-para-la-paridad-de-genero-en-las-alcaldias\/#breadcrumb"},"inLanguage":"es","potentialAction":[{"@type":"ReadAction","target":["https:\/\/www.tecdmx.org.mx\/index.php\/comunicados\/2019\/08\/14\/especialistas-reflexionan-sobre-acciones-y-desafios-para-la-paridad-de-genero-en-las-alcaldias\/"]}]},{"@type":"ImageObject","inLanguage":"es","@id":"https:\/\/www.tecdmx.org.mx\/index.php\/comunicados\/2019\/08\/14\/especialistas-reflexionan-sobre-acciones-y-desafios-para-la-paridad-de-genero-en-las-alcaldias\/#primaryimage","url":"https:\/\/www.tecdmx.org.mx\/wp-content\/uploads\/2019\/04\/COMUNICADO-1.jpg","contentUrl":"https:\/\/www.tecdmx.org.mx\/wp-content\/uploads\/2019\/04\/COMUNICADO-1.jpg","width":2247,"height":1277},{"@type":"BreadcrumbList","@id":"https:\/\/www.tecdmx.org.mx\/index.php\/comunicados\/2019\/08\/14\/especialistas-reflexionan-sobre-acciones-y-desafios-para-la-paridad-de-genero-en-las-alcaldias\/#breadcrumb","itemListElement":[{"@type":"ListItem","position":1,"name":"Portada","item":"https:\/\/www.tecdmx.org.mx\/"},{"@type":"ListItem","position":2,"name":"Especialistas reflexionan sobre acciones y desaf\u00edos para la paridad de g\u00e9nero en las Alcald\u00edas"}]},{"@type":"WebSite","@id":"https:\/\/www.tecdmx.org.mx\/#website","url":"https:\/\/www.tecdmx.org.mx\/","name":"Tribunal Electoral de la Ciudad de M\u00e9xico","description":"25 a\u00f1os garantizando justicia en tu elecci\u00f3n","potentialAction":[{"@type":"SearchAction","target":{"@type":"EntryPoint","urlTemplate":"https:\/\/www.tecdmx.org.mx\/?s={search_term_string}"},"query-input":"required name=search_term_string"}],"inLanguage":"es"},{"@type":"Person","@id":"https:\/\/www.tecdmx.org.mx\/#\/schema\/person\/208c898199fb3234203823c5f0cf31d6","name":"Difusion2025","image":{"@type":"ImageObject","inLanguage":"es","@id":"https:\/\/www.tecdmx.org.mx\/#\/schema\/person\/image\/","url":"https:\/\/secure.gravatar.com\/avatar\/6f7a4ba3acb418040e90a2eb99b5df28?s=96&d=mm&r=g","contentUrl":"https:\/\/secure.gravatar.com\/avatar\/6f7a4ba3acb418040e90a2eb99b5df28?s=96&d=mm&r=g","caption":"Difusion2025"}}]}},"_links":{"self":[{"href":"https:\/\/www.tecdmx.org.mx\/index.php\/wp-json\/wp\/v2\/posts\/14380"}],"collection":[{"href":"https:\/\/www.tecdmx.org.mx\/index.php\/wp-json\/wp\/v2\/posts"}],"about":[{"href":"https:\/\/www.tecdmx.org.mx\/index.php\/wp-json\/wp\/v2\/types\/post"}],"author":[{"embeddable":true,"href":"https:\/\/www.tecdmx.org.mx\/index.php\/wp-json\/wp\/v2\/users\/13"}],"replies":[{"embeddable":true,"href":"https:\/\/www.tecdmx.org.mx\/index.php\/wp-json\/wp\/v2\/comments?post=14380"}],"version-history":[{"count":1,"href":"https:\/\/www.tecdmx.org.mx\/index.php\/wp-json\/wp\/v2\/posts\/14380\/revisions"}],"predecessor-version":[{"id":14381,"href":"https:\/\/www.tecdmx.org.mx\/index.php\/wp-json\/wp\/v2\/posts\/14380\/revisions\/14381"}],"wp:featuredmedia":[{"embeddable":true,"href":"https:\/\/www.tecdmx.org.mx\/index.php\/wp-json\/wp\/v2\/media\/12606"}],"wp:attachment":[{"href":"https:\/\/www.tecdmx.org.mx\/index.php\/wp-json\/wp\/v2\/media?parent=14380"}],"wp:term":[{"taxonomy":"category","embeddable":true,"href":"https:\/\/www.tecdmx.org.mx\/index.php\/wp-json\/wp\/v2\/categories?post=14380"},{"taxonomy":"post_tag","embeddable":true,"href":"https:\/\/www.tecdmx.org.mx\/index.php\/wp-json\/wp\/v2\/tags?post=14380"}],"curies":[{"name":"wp","href":"https:\/\/api.w.org\/{rel}","templated":true}]}}