{"id":14456,"date":"2019-01-29T19:59:43","date_gmt":"2019-01-29T19:59:43","guid":{"rendered":"http:\/\/www2.tecdmx.org.mx\/?p=14456"},"modified":"2019-11-10T20:16:35","modified_gmt":"2019-11-10T20:16:35","slug":"presentacion-del-libro-la-ciudad-de-mexico-y-su-esquema-electoral__trashed","status":"publish","type":"post","link":"https:\/\/www.tecdmx.org.mx\/index.php\/destacados\/2019\/01\/29\/presentacion-del-libro-la-ciudad-de-mexico-y-su-esquema-electoral__trashed\/","title":{"rendered":"Presentaci\u00f3n del Libro \u201cLa Ciudad de M\u00e9xico y su esquema electoral\u201d"},"content":{"rendered":"\n<p class=\"has-medium-font-size\">\n\n\n\n\n\n\n\n\n\n\n\n\n\n\n\n\nEl magistrado presidente, Gustavo Anzaldo\nHern\u00e1ndez, dio inicio a la presentaci\u00f3n del libro \u201cLa Ciudad de M\u00e9xico y su\nesquema electoral\u201d, coordinado por la Magistrada Martha Leticia Mercado Ram\u00edrez\nen el marco de las actividades por los 20 a\u00f1os de instalaci\u00f3n de este \u00f3rgano\njurisdiccional.\n\n\n\n<\/p>\n\n\n\n<ul class=\"wp-block-gallery aligncenter columns-1 wp-block-gallery-1 is-layout-flex wp-block-gallery-is-layout-flex\"><li class=\"blocks-gallery-item\"><figure><img loading=\"lazy\" decoding=\"async\" width=\"525\" height=\"350\" src=\"https:\/\/www.tecdmx.org.mx\/wp-content\/uploads\/2019\/11\/cdmxysuesquema2-525x350.jpeg\" alt=\"\" data-id=\"14462\" data-link=\"http:\/\/www2.tecdmx.org.mx\/?attachment_id=14462\" class=\"wp-image-14462\" srcset=\"https:\/\/www.tecdmx.org.mx\/wp-content\/uploads\/2019\/11\/cdmxysuesquema2-375x250.jpeg 375w, https:\/\/www.tecdmx.org.mx\/wp-content\/uploads\/2019\/11\/cdmxysuesquema2-768x512.jpeg 768w, https:\/\/www.tecdmx.org.mx\/wp-content\/uploads\/2019\/11\/cdmxysuesquema2-525x350.jpeg 525w, https:\/\/www.tecdmx.org.mx\/wp-content\/uploads\/2019\/11\/cdmxysuesquema2.jpeg 1280w\" sizes=\"(max-width: 525px) 100vw, 525px\" \/><\/figure><\/li><li class=\"blocks-gallery-item\"><figure><img loading=\"lazy\" decoding=\"async\" width=\"853\" height=\"350\" src=\"https:\/\/www.tecdmx.org.mx\/wp-content\/uploads\/2019\/11\/cdmxysuesquema1-853x350.jpeg\" alt=\"\" data-id=\"14461\" data-link=\"http:\/\/www2.tecdmx.org.mx\/?attachment_id=14461\" class=\"wp-image-14461\" srcset=\"https:\/\/www.tecdmx.org.mx\/wp-content\/uploads\/2019\/11\/cdmxysuesquema1-446x183.jpeg 446w, https:\/\/www.tecdmx.org.mx\/wp-content\/uploads\/2019\/11\/cdmxysuesquema1-768x315.jpeg 768w, https:\/\/www.tecdmx.org.mx\/wp-content\/uploads\/2019\/11\/cdmxysuesquema1-853x350.jpeg 853w, https:\/\/www.tecdmx.org.mx\/wp-content\/uploads\/2019\/11\/cdmxysuesquema1.jpeg 1280w\" sizes=\"(max-width: 853px) 100vw, 853px\" \/><\/figure><\/li><li class=\"blocks-gallery-item\"><figure><img loading=\"lazy\" decoding=\"async\" width=\"525\" height=\"350\" src=\"https:\/\/www.tecdmx.org.mx\/wp-content\/uploads\/2019\/11\/cdmxysuesquema9-525x350.jpeg\" alt=\"\" data-id=\"14459\" data-link=\"http:\/\/www2.tecdmx.org.mx\/?attachment_id=14459\" class=\"wp-image-14459\" srcset=\"https:\/\/www.tecdmx.org.mx\/wp-content\/uploads\/2019\/11\/cdmxysuesquema9-375x250.jpeg 375w, https:\/\/www.tecdmx.org.mx\/wp-content\/uploads\/2019\/11\/cdmxysuesquema9-768x512.jpeg 768w, https:\/\/www.tecdmx.org.mx\/wp-content\/uploads\/2019\/11\/cdmxysuesquema9-525x350.jpeg 525w, https:\/\/www.tecdmx.org.mx\/wp-content\/uploads\/2019\/11\/cdmxysuesquema9.jpeg 1280w\" sizes=\"(max-width: 525px) 100vw, 525px\" \/><\/figure><\/li><li class=\"blocks-gallery-item\"><figure><img loading=\"lazy\" decoding=\"async\" width=\"525\" height=\"350\" src=\"https:\/\/www.tecdmx.org.mx\/wp-content\/uploads\/2019\/11\/cdmxysuesquema10-525x350.jpeg\" alt=\"\" data-id=\"14460\" data-link=\"http:\/\/www2.tecdmx.org.mx\/?attachment_id=14460\" class=\"wp-image-14460\" srcset=\"https:\/\/www.tecdmx.org.mx\/wp-content\/uploads\/2019\/11\/cdmxysuesquema10-375x250.jpeg 375w, https:\/\/www.tecdmx.org.mx\/wp-content\/uploads\/2019\/11\/cdmxysuesquema10-768x512.jpeg 768w, https:\/\/www.tecdmx.org.mx\/wp-content\/uploads\/2019\/11\/cdmxysuesquema10-525x350.jpeg 525w, https:\/\/www.tecdmx.org.mx\/wp-content\/uploads\/2019\/11\/cdmxysuesquema10.jpeg 1280w\" sizes=\"(max-width: 525px) 100vw, 525px\" \/><\/figure><\/li><li class=\"blocks-gallery-item\"><figure><img loading=\"lazy\" decoding=\"async\" width=\"525\" height=\"350\" src=\"https:\/\/www.tecdmx.org.mx\/wp-content\/uploads\/2019\/11\/cdmxysuesquema8-525x350.jpeg\" alt=\"\" data-id=\"14458\" data-link=\"http:\/\/www2.tecdmx.org.mx\/?attachment_id=14458\" class=\"wp-image-14458\" srcset=\"https:\/\/www.tecdmx.org.mx\/wp-content\/uploads\/2019\/11\/cdmxysuesquema8-375x250.jpeg 375w, https:\/\/www.tecdmx.org.mx\/wp-content\/uploads\/2019\/11\/cdmxysuesquema8-768x512.jpeg 768w, https:\/\/www.tecdmx.org.mx\/wp-content\/uploads\/2019\/11\/cdmxysuesquema8-525x350.jpeg 525w, https:\/\/www.tecdmx.org.mx\/wp-content\/uploads\/2019\/11\/cdmxysuesquema8.jpeg 1280w\" sizes=\"(max-width: 525px) 100vw, 525px\" \/><\/figure><\/li><li class=\"blocks-gallery-item\"><figure><img loading=\"lazy\" decoding=\"async\" width=\"479\" height=\"350\" src=\"https:\/\/www.tecdmx.org.mx\/wp-content\/uploads\/2019\/11\/cdmxysuesquema5-479x350.jpeg\" alt=\"\" data-id=\"14465\" data-link=\"http:\/\/www2.tecdmx.org.mx\/?attachment_id=14465\" class=\"wp-image-14465\" srcset=\"https:\/\/www.tecdmx.org.mx\/wp-content\/uploads\/2019\/11\/cdmxysuesquema5-342x250.jpeg 342w, https:\/\/www.tecdmx.org.mx\/wp-content\/uploads\/2019\/11\/cdmxysuesquema5-768x561.jpeg 768w, https:\/\/www.tecdmx.org.mx\/wp-content\/uploads\/2019\/11\/cdmxysuesquema5-479x350.jpeg 479w, https:\/\/www.tecdmx.org.mx\/wp-content\/uploads\/2019\/11\/cdmxysuesquema5.jpeg 794w\" sizes=\"(max-width: 479px) 100vw, 479px\" \/><\/figure><\/li><li class=\"blocks-gallery-item\"><figure><img loading=\"lazy\" decoding=\"async\" width=\"525\" height=\"350\" src=\"https:\/\/www.tecdmx.org.mx\/wp-content\/uploads\/2019\/11\/cdmxysuesquema6-525x350.jpeg\" alt=\"\" data-id=\"14466\" data-link=\"http:\/\/www2.tecdmx.org.mx\/?attachment_id=14466\" class=\"wp-image-14466\" srcset=\"https:\/\/www.tecdmx.org.mx\/wp-content\/uploads\/2019\/11\/cdmxysuesquema6-375x250.jpeg 375w, https:\/\/www.tecdmx.org.mx\/wp-content\/uploads\/2019\/11\/cdmxysuesquema6-768x512.jpeg 768w, https:\/\/www.tecdmx.org.mx\/wp-content\/uploads\/2019\/11\/cdmxysuesquema6-525x350.jpeg 525w, https:\/\/www.tecdmx.org.mx\/wp-content\/uploads\/2019\/11\/cdmxysuesquema6.jpeg 1280w\" sizes=\"(max-width: 525px) 100vw, 525px\" \/><\/figure><\/li><li class=\"blocks-gallery-item\"><figure><img loading=\"lazy\" decoding=\"async\" width=\"525\" height=\"350\" src=\"https:\/\/www.tecdmx.org.mx\/wp-content\/uploads\/2019\/11\/cdmxysuesquema4-525x350.jpeg\" alt=\"\" data-id=\"14464\" data-link=\"http:\/\/www2.tecdmx.org.mx\/?attachment_id=14464\" class=\"wp-image-14464\" srcset=\"https:\/\/www.tecdmx.org.mx\/wp-content\/uploads\/2019\/11\/cdmxysuesquema4-375x250.jpeg 375w, https:\/\/www.tecdmx.org.mx\/wp-content\/uploads\/2019\/11\/cdmxysuesquema4-768x512.jpeg 768w, https:\/\/www.tecdmx.org.mx\/wp-content\/uploads\/2019\/11\/cdmxysuesquema4-525x350.jpeg 525w, https:\/\/www.tecdmx.org.mx\/wp-content\/uploads\/2019\/11\/cdmxysuesquema4.jpeg 1280w\" sizes=\"(max-width: 525px) 100vw, 525px\" \/><\/figure><\/li><li class=\"blocks-gallery-item\"><figure><img loading=\"lazy\" decoding=\"async\" width=\"518\" height=\"350\" src=\"https:\/\/www.tecdmx.org.mx\/wp-content\/uploads\/2019\/11\/cdmxysuesquema3-518x350.jpg\" alt=\"\" data-id=\"14463\" data-link=\"http:\/\/www2.tecdmx.org.mx\/?attachment_id=14463\" class=\"wp-image-14463\" srcset=\"https:\/\/www.tecdmx.org.mx\/wp-content\/uploads\/2019\/11\/cdmxysuesquema3-370x250.jpg 370w, https:\/\/www.tecdmx.org.mx\/wp-content\/uploads\/2019\/11\/cdmxysuesquema3-768x519.jpg 768w, https:\/\/www.tecdmx.org.mx\/wp-content\/uploads\/2019\/11\/cdmxysuesquema3-518x350.jpg 518w, https:\/\/www.tecdmx.org.mx\/wp-content\/uploads\/2019\/11\/cdmxysuesquema3.jpg 1599w\" sizes=\"(max-width: 518px) 100vw, 518px\" \/><\/figure><\/li><\/ul>\n","protected":false},"excerpt":{"rendered":"<p>El magistrado presidente, Gustavo Anzaldo Hern\u00e1ndez, dio inicio a la presentaci\u00f3n del libro \u201cLa Ciudad de M\u00e9xico y su esquema electoral\u201d, coordinado por la Magistrada Martha Leticia Mercado Ram\u00edrez en [&hellip;]<\/p>\n","protected":false},"author":13,"featured_media":0,"comment_status":"open","ping_status":"open","sticky":false,"template":"","format":"standard","meta":{"_acf_changed":false,"_exactmetrics_skip_tracking":false,"_exactmetrics_sitenote_active":false,"_exactmetrics_sitenote_note":"","_exactmetrics_sitenote_category":0,"footnotes":""},"categories":[47,40,41],"tags":[],"acf":[],"yoast_head":"<!-- This site is optimized with the Yoast SEO plugin v22.3 - https:\/\/yoast.com\/wordpress\/plugins\/seo\/ -->\n<title>Presentaci\u00f3n del Libro \u201cLa Ciudad de M\u00e9xico y su esquema electoral\u201d - Tribunal Electoral de la Ciudad de M\u00e9xico<\/title>\n<meta name=\"robots\" content=\"index, follow, max-snippet:-1, max-image-preview:large, max-video-preview:-1\" \/>\n<link rel=\"canonical\" href=\"https:\/\/www.tecdmx.org.mx\/index.php\/destacados\/2019\/01\/29\/presentacion-del-libro-la-ciudad-de-mexico-y-su-esquema-electoral__trashed\/\" \/>\n<meta property=\"og:locale\" content=\"es_ES\" \/>\n<meta property=\"og:type\" content=\"article\" \/>\n<meta property=\"og:title\" content=\"Presentaci\u00f3n del Libro \u201cLa Ciudad de M\u00e9xico y su esquema electoral\u201d - Tribunal Electoral de la Ciudad de M\u00e9xico\" \/>\n<meta property=\"og:description\" content=\"El magistrado presidente, Gustavo Anzaldo Hern\u00e1ndez, dio inicio a la presentaci\u00f3n del libro \u201cLa Ciudad de M\u00e9xico y su esquema electoral\u201d, coordinado por la Magistrada Martha Leticia Mercado Ram\u00edrez en [&hellip;]\" \/>\n<meta property=\"og:url\" content=\"https:\/\/www.tecdmx.org.mx\/index.php\/destacados\/2019\/01\/29\/presentacion-del-libro-la-ciudad-de-mexico-y-su-esquema-electoral__trashed\/\" \/>\n<meta property=\"og:site_name\" content=\"Tribunal Electoral de la Ciudad de M\u00e9xico\" \/>\n<meta property=\"article:publisher\" content=\"https:\/\/www.facebook.com\/TECDMX\/\" \/>\n<meta property=\"article:published_time\" content=\"2019-01-29T19:59:43+00:00\" \/>\n<meta property=\"article:modified_time\" content=\"2019-11-10T20:16:35+00:00\" \/>\n<meta property=\"og:image\" content=\"http:\/\/www2.tecdmx.org.mx\/wp-content\/uploads\/2019\/11\/cdmxysuesquema2-525x350.jpeg\" \/>\n<meta name=\"author\" content=\"Difusion2025\" \/>\n<meta name=\"twitter:card\" content=\"summary_large_image\" \/>\n<meta name=\"twitter:creator\" content=\"@tecdmx\" \/>\n<meta name=\"twitter:site\" content=\"@tecdmx\" \/>\n<meta name=\"twitter:label1\" content=\"Escrito por\" \/>\n\t<meta name=\"twitter:data1\" content=\"Difusion2025\" \/>\n<script type=\"application\/ld+json\" class=\"yoast-schema-graph\">{\"@context\":\"https:\/\/schema.org\",\"@graph\":[{\"@type\":\"WebPage\",\"@id\":\"https:\/\/www.tecdmx.org.mx\/index.php\/destacados\/2019\/01\/29\/presentacion-del-libro-la-ciudad-de-mexico-y-su-esquema-electoral__trashed\/\",\"url\":\"https:\/\/www.tecdmx.org.mx\/index.php\/destacados\/2019\/01\/29\/presentacion-del-libro-la-ciudad-de-mexico-y-su-esquema-electoral__trashed\/\",\"name\":\"Presentaci\u00f3n del Libro \u201cLa Ciudad de M\u00e9xico y su esquema electoral\u201d - Tribunal Electoral de la Ciudad de M\u00e9xico\",\"isPartOf\":{\"@id\":\"https:\/\/www.tecdmx.org.mx\/#website\"},\"primaryImageOfPage\":{\"@id\":\"https:\/\/www.tecdmx.org.mx\/index.php\/destacados\/2019\/01\/29\/presentacion-del-libro-la-ciudad-de-mexico-y-su-esquema-electoral__trashed\/#primaryimage\"},\"image\":{\"@id\":\"https:\/\/www.tecdmx.org.mx\/index.php\/destacados\/2019\/01\/29\/presentacion-del-libro-la-ciudad-de-mexico-y-su-esquema-electoral__trashed\/#primaryimage\"},\"thumbnailUrl\":\"http:\/\/www2.tecdmx.org.mx\/wp-content\/uploads\/2019\/11\/cdmxysuesquema2-525x350.jpeg\",\"datePublished\":\"2019-01-29T19:59:43+00:00\",\"dateModified\":\"2019-11-10T20:16:35+00:00\",\"author\":{\"@id\":\"https:\/\/www.tecdmx.org.mx\/#\/schema\/person\/208c898199fb3234203823c5f0cf31d6\"},\"breadcrumb\":{\"@id\":\"https:\/\/www.tecdmx.org.mx\/index.php\/destacados\/2019\/01\/29\/presentacion-del-libro-la-ciudad-de-mexico-y-su-esquema-electoral__trashed\/#breadcrumb\"},\"inLanguage\":\"es\",\"potentialAction\":[{\"@type\":\"ReadAction\",\"target\":[\"https:\/\/www.tecdmx.org.mx\/index.php\/destacados\/2019\/01\/29\/presentacion-del-libro-la-ciudad-de-mexico-y-su-esquema-electoral__trashed\/\"]}]},{\"@type\":\"ImageObject\",\"inLanguage\":\"es\",\"@id\":\"https:\/\/www.tecdmx.org.mx\/index.php\/destacados\/2019\/01\/29\/presentacion-del-libro-la-ciudad-de-mexico-y-su-esquema-electoral__trashed\/#primaryimage\",\"url\":\"http:\/\/www2.tecdmx.org.mx\/wp-content\/uploads\/2019\/11\/cdmxysuesquema2-525x350.jpeg\",\"contentUrl\":\"http:\/\/www2.tecdmx.org.mx\/wp-content\/uploads\/2019\/11\/cdmxysuesquema2-525x350.jpeg\"},{\"@type\":\"BreadcrumbList\",\"@id\":\"https:\/\/www.tecdmx.org.mx\/index.php\/destacados\/2019\/01\/29\/presentacion-del-libro-la-ciudad-de-mexico-y-su-esquema-electoral__trashed\/#breadcrumb\",\"itemListElement\":[{\"@type\":\"ListItem\",\"position\":1,\"name\":\"Portada\",\"item\":\"https:\/\/www.tecdmx.org.mx\/\"},{\"@type\":\"ListItem\",\"position\":2,\"name\":\"Presentaci\u00f3n del Libro \u201cLa Ciudad de M\u00e9xico y su esquema electoral\u201d\"}]},{\"@type\":\"WebSite\",\"@id\":\"https:\/\/www.tecdmx.org.mx\/#website\",\"url\":\"https:\/\/www.tecdmx.org.mx\/\",\"name\":\"Tribunal Electoral de la Ciudad de M\u00e9xico\",\"description\":\"25 a\u00f1os garantizando justicia en tu elecci\u00f3n\",\"potentialAction\":[{\"@type\":\"SearchAction\",\"target\":{\"@type\":\"EntryPoint\",\"urlTemplate\":\"https:\/\/www.tecdmx.org.mx\/?s={search_term_string}\"},\"query-input\":\"required name=search_term_string\"}],\"inLanguage\":\"es\"},{\"@type\":\"Person\",\"@id\":\"https:\/\/www.tecdmx.org.mx\/#\/schema\/person\/208c898199fb3234203823c5f0cf31d6\",\"name\":\"Difusion2025\",\"image\":{\"@type\":\"ImageObject\",\"inLanguage\":\"es\",\"@id\":\"https:\/\/www.tecdmx.org.mx\/#\/schema\/person\/image\/\",\"url\":\"https:\/\/secure.gravatar.com\/avatar\/6f7a4ba3acb418040e90a2eb99b5df28?s=96&d=mm&r=g\",\"contentUrl\":\"https:\/\/secure.gravatar.com\/avatar\/6f7a4ba3acb418040e90a2eb99b5df28?s=96&d=mm&r=g\",\"caption\":\"Difusion2025\"}}]}<\/script>\n<!-- \/ Yoast SEO plugin. -->","yoast_head_json":{"title":"Presentaci\u00f3n del Libro \u201cLa Ciudad de M\u00e9xico y su esquema electoral\u201d - Tribunal Electoral de la Ciudad de M\u00e9xico","robots":{"index":"index","follow":"follow","max-snippet":"max-snippet:-1","max-image-preview":"max-image-preview:large","max-video-preview":"max-video-preview:-1"},"canonical":"https:\/\/www.tecdmx.org.mx\/index.php\/destacados\/2019\/01\/29\/presentacion-del-libro-la-ciudad-de-mexico-y-su-esquema-electoral__trashed\/","og_locale":"es_ES","og_type":"article","og_title":"Presentaci\u00f3n del Libro \u201cLa Ciudad de M\u00e9xico y su esquema electoral\u201d - Tribunal Electoral de la Ciudad de M\u00e9xico","og_description":"El magistrado presidente, Gustavo Anzaldo Hern\u00e1ndez, dio inicio a la presentaci\u00f3n del libro \u201cLa Ciudad de M\u00e9xico y su esquema electoral\u201d, coordinado por la Magistrada Martha Leticia Mercado Ram\u00edrez en [&hellip;]","og_url":"https:\/\/www.tecdmx.org.mx\/index.php\/destacados\/2019\/01\/29\/presentacion-del-libro-la-ciudad-de-mexico-y-su-esquema-electoral__trashed\/","og_site_name":"Tribunal Electoral de la Ciudad de M\u00e9xico","article_publisher":"https:\/\/www.facebook.com\/TECDMX\/","article_published_time":"2019-01-29T19:59:43+00:00","article_modified_time":"2019-11-10T20:16:35+00:00","og_image":[{"url":"http:\/\/www2.tecdmx.org.mx\/wp-content\/uploads\/2019\/11\/cdmxysuesquema2-525x350.jpeg"}],"author":"Difusion2025","twitter_card":"summary_large_image","twitter_creator":"@tecdmx","twitter_site":"@tecdmx","twitter_misc":{"Escrito por":"Difusion2025"},"schema":{"@context":"https:\/\/schema.org","@graph":[{"@type":"WebPage","@id":"https:\/\/www.tecdmx.org.mx\/index.php\/destacados\/2019\/01\/29\/presentacion-del-libro-la-ciudad-de-mexico-y-su-esquema-electoral__trashed\/","url":"https:\/\/www.tecdmx.org.mx\/index.php\/destacados\/2019\/01\/29\/presentacion-del-libro-la-ciudad-de-mexico-y-su-esquema-electoral__trashed\/","name":"Presentaci\u00f3n del Libro \u201cLa Ciudad de M\u00e9xico y su esquema electoral\u201d - Tribunal Electoral de la Ciudad de M\u00e9xico","isPartOf":{"@id":"https:\/\/www.tecdmx.org.mx\/#website"},"primaryImageOfPage":{"@id":"https:\/\/www.tecdmx.org.mx\/index.php\/destacados\/2019\/01\/29\/presentacion-del-libro-la-ciudad-de-mexico-y-su-esquema-electoral__trashed\/#primaryimage"},"image":{"@id":"https:\/\/www.tecdmx.org.mx\/index.php\/destacados\/2019\/01\/29\/presentacion-del-libro-la-ciudad-de-mexico-y-su-esquema-electoral__trashed\/#primaryimage"},"thumbnailUrl":"http:\/\/www2.tecdmx.org.mx\/wp-content\/uploads\/2019\/11\/cdmxysuesquema2-525x350.jpeg","datePublished":"2019-01-29T19:59:43+00:00","dateModified":"2019-11-10T20:16:35+00:00","author":{"@id":"https:\/\/www.tecdmx.org.mx\/#\/schema\/person\/208c898199fb3234203823c5f0cf31d6"},"breadcrumb":{"@id":"https:\/\/www.tecdmx.org.mx\/index.php\/destacados\/2019\/01\/29\/presentacion-del-libro-la-ciudad-de-mexico-y-su-esquema-electoral__trashed\/#breadcrumb"},"inLanguage":"es","potentialAction":[{"@type":"ReadAction","target":["https:\/\/www.tecdmx.org.mx\/index.php\/destacados\/2019\/01\/29\/presentacion-del-libro-la-ciudad-de-mexico-y-su-esquema-electoral__trashed\/"]}]},{"@type":"ImageObject","inLanguage":"es","@id":"https:\/\/www.tecdmx.org.mx\/index.php\/destacados\/2019\/01\/29\/presentacion-del-libro-la-ciudad-de-mexico-y-su-esquema-electoral__trashed\/#primaryimage","url":"http:\/\/www2.tecdmx.org.mx\/wp-content\/uploads\/2019\/11\/cdmxysuesquema2-525x350.jpeg","contentUrl":"http:\/\/www2.tecdmx.org.mx\/wp-content\/uploads\/2019\/11\/cdmxysuesquema2-525x350.jpeg"},{"@type":"BreadcrumbList","@id":"https:\/\/www.tecdmx.org.mx\/index.php\/destacados\/2019\/01\/29\/presentacion-del-libro-la-ciudad-de-mexico-y-su-esquema-electoral__trashed\/#breadcrumb","itemListElement":[{"@type":"ListItem","position":1,"name":"Portada","item":"https:\/\/www.tecdmx.org.mx\/"},{"@type":"ListItem","position":2,"name":"Presentaci\u00f3n del Libro \u201cLa Ciudad de M\u00e9xico y su esquema electoral\u201d"}]},{"@type":"WebSite","@id":"https:\/\/www.tecdmx.org.mx\/#website","url":"https:\/\/www.tecdmx.org.mx\/","name":"Tribunal Electoral de la Ciudad de M\u00e9xico","description":"25 a\u00f1os garantizando justicia en tu elecci\u00f3n","potentialAction":[{"@type":"SearchAction","target":{"@type":"EntryPoint","urlTemplate":"https:\/\/www.tecdmx.org.mx\/?s={search_term_string}"},"query-input":"required name=search_term_string"}],"inLanguage":"es"},{"@type":"Person","@id":"https:\/\/www.tecdmx.org.mx\/#\/schema\/person\/208c898199fb3234203823c5f0cf31d6","name":"Difusion2025","image":{"@type":"ImageObject","inLanguage":"es","@id":"https:\/\/www.tecdmx.org.mx\/#\/schema\/person\/image\/","url":"https:\/\/secure.gravatar.com\/avatar\/6f7a4ba3acb418040e90a2eb99b5df28?s=96&d=mm&r=g","contentUrl":"https:\/\/secure.gravatar.com\/avatar\/6f7a4ba3acb418040e90a2eb99b5df28?s=96&d=mm&r=g","caption":"Difusion2025"}}]}},"_links":{"self":[{"href":"https:\/\/www.tecdmx.org.mx\/index.php\/wp-json\/wp\/v2\/posts\/14456"}],"collection":[{"href":"https:\/\/www.tecdmx.org.mx\/index.php\/wp-json\/wp\/v2\/posts"}],"about":[{"href":"https:\/\/www.tecdmx.org.mx\/index.php\/wp-json\/wp\/v2\/types\/post"}],"author":[{"embeddable":true,"href":"https:\/\/www.tecdmx.org.mx\/index.php\/wp-json\/wp\/v2\/users\/13"}],"replies":[{"embeddable":true,"href":"https:\/\/www.tecdmx.org.mx\/index.php\/wp-json\/wp\/v2\/comments?post=14456"}],"version-history":[{"count":2,"href":"https:\/\/www.tecdmx.org.mx\/index.php\/wp-json\/wp\/v2\/posts\/14456\/revisions"}],"predecessor-version":[{"id":14480,"href":"https:\/\/www.tecdmx.org.mx\/index.php\/wp-json\/wp\/v2\/posts\/14456\/revisions\/14480"}],"wp:attachment":[{"href":"https:\/\/www.tecdmx.org.mx\/index.php\/wp-json\/wp\/v2\/media?parent=14456"}],"wp:term":[{"taxonomy":"category","embeddable":true,"href":"https:\/\/www.tecdmx.org.mx\/index.php\/wp-json\/wp\/v2\/categories?post=14456"},{"taxonomy":"post_tag","embeddable":true,"href":"https:\/\/www.tecdmx.org.mx\/index.php\/wp-json\/wp\/v2\/tags?post=14456"}],"curies":[{"name":"wp","href":"https:\/\/api.w.org\/{rel}","templated":true}]}}