{"id":14545,"date":"2019-03-01T21:05:06","date_gmt":"2019-03-01T21:05:06","guid":{"rendered":"http:\/\/www2.tecdmx.org.mx\/?p=14545"},"modified":"2019-11-10T21:07:49","modified_gmt":"2019-11-10T21:07:49","slug":"informe-de-labores-de-la-sala-regional-cdmx-del-tepjf","status":"publish","type":"post","link":"https:\/\/www.tecdmx.org.mx\/index.php\/eventos\/2019\/03\/01\/informe-de-labores-de-la-sala-regional-cdmx-del-tepjf\/","title":{"rendered":"Informe de Labores de la Sala Regional CDMX del TEPJF"},"content":{"rendered":"\n<p class=\"has-medium-font-size\"> Las Magistradas y Magistrados de este \u00f3rgano jurisdiccional asistieron al Informe de Labores, de la Sala Regional Ciudad de M\u00e9xico, IV circunscripci\u00f3n; con motivo de la presentaci\u00f3n del Informe de Labores del Magistrado Presidente, Armando Maitret. Felicitamos a todas las personas servidoras p\u00fablicas integrantes de la sala por el trabajo realizado.<\/p>\n\n\n\n<ul class=\"wp-block-gallery aligncenter columns-1 wp-block-gallery-1 is-layout-flex wp-block-gallery-is-layout-flex\"><li class=\"blocks-gallery-item\"><figure><img loading=\"lazy\" decoding=\"async\" width=\"525\" height=\"350\" src=\"https:\/\/www.tecdmx.org.mx\/wp-content\/uploads\/2019\/11\/informe-srcm-1-525x350.jpg\" alt=\"\" data-id=\"14547\" data-link=\"http:\/\/www2.tecdmx.org.mx\/?attachment_id=14547\" class=\"wp-image-14547\" srcset=\"https:\/\/www.tecdmx.org.mx\/wp-content\/uploads\/2019\/11\/informe-srcm-1-375x250.jpg 375w, https:\/\/www.tecdmx.org.mx\/wp-content\/uploads\/2019\/11\/informe-srcm-1-768x512.jpg 768w, https:\/\/www.tecdmx.org.mx\/wp-content\/uploads\/2019\/11\/informe-srcm-1-525x350.jpg 525w, https:\/\/www.tecdmx.org.mx\/wp-content\/uploads\/2019\/11\/informe-srcm-1.jpg 1024w\" sizes=\"(max-width: 525px) 100vw, 525px\" \/><\/figure><\/li><li class=\"blocks-gallery-item\"><figure><img loading=\"lazy\" decoding=\"async\" width=\"525\" height=\"350\" src=\"https:\/\/www.tecdmx.org.mx\/wp-content\/uploads\/2019\/11\/informe-srcm-3-525x350.jpg\" alt=\"\" data-id=\"14549\" data-link=\"http:\/\/www2.tecdmx.org.mx\/?attachment_id=14549\" class=\"wp-image-14549\" srcset=\"https:\/\/www.tecdmx.org.mx\/wp-content\/uploads\/2019\/11\/informe-srcm-3-375x250.jpg 375w, https:\/\/www.tecdmx.org.mx\/wp-content\/uploads\/2019\/11\/informe-srcm-3-768x512.jpg 768w, https:\/\/www.tecdmx.org.mx\/wp-content\/uploads\/2019\/11\/informe-srcm-3-525x350.jpg 525w, https:\/\/www.tecdmx.org.mx\/wp-content\/uploads\/2019\/11\/informe-srcm-3.jpg 1280w\" sizes=\"(max-width: 525px) 100vw, 525px\" \/><\/figure><\/li><li class=\"blocks-gallery-item\"><figure><img loading=\"lazy\" decoding=\"async\" width=\"547\" height=\"350\" src=\"https:\/\/www.tecdmx.org.mx\/wp-content\/uploads\/2019\/11\/informe-srcm-5-547x350.jpg\" alt=\"\" data-id=\"14546\" data-link=\"http:\/\/www2.tecdmx.org.mx\/?attachment_id=14546\" class=\"wp-image-14546\" srcset=\"https:\/\/www.tecdmx.org.mx\/wp-content\/uploads\/2019\/11\/informe-srcm-5-391x250.jpg 391w, https:\/\/www.tecdmx.org.mx\/wp-content\/uploads\/2019\/11\/informe-srcm-5-768x492.jpg 768w, https:\/\/www.tecdmx.org.mx\/wp-content\/uploads\/2019\/11\/informe-srcm-5-547x350.jpg 547w, https:\/\/www.tecdmx.org.mx\/wp-content\/uploads\/2019\/11\/informe-srcm-5.jpg 1128w\" sizes=\"(max-width: 547px) 100vw, 547px\" \/><\/figure><\/li><li class=\"blocks-gallery-item\"><figure><img loading=\"lazy\" decoding=\"async\" width=\"470\" height=\"350\" src=\"https:\/\/www.tecdmx.org.mx\/wp-content\/uploads\/2019\/11\/informe-srcm-4-470x350.jpg\" alt=\"\" data-id=\"14550\" data-link=\"http:\/\/www2.tecdmx.org.mx\/?attachment_id=14550\" class=\"wp-image-14550\" srcset=\"https:\/\/www.tecdmx.org.mx\/wp-content\/uploads\/2019\/11\/informe-srcm-4-336x250.jpg 336w, https:\/\/www.tecdmx.org.mx\/wp-content\/uploads\/2019\/11\/informe-srcm-4-470x350.jpg 470w, https:\/\/www.tecdmx.org.mx\/wp-content\/uploads\/2019\/11\/informe-srcm-4.jpg 696w\" sizes=\"(max-width: 470px) 100vw, 470px\" \/><\/figure><\/li><li class=\"blocks-gallery-item\"><figure><img loading=\"lazy\" decoding=\"async\" width=\"531\" height=\"350\" src=\"https:\/\/www.tecdmx.org.mx\/wp-content\/uploads\/2019\/11\/informe-srcm-2-531x350.jpg\" alt=\"\" data-id=\"14548\" data-link=\"http:\/\/www2.tecdmx.org.mx\/?attachment_id=14548\" class=\"wp-image-14548\" srcset=\"https:\/\/www.tecdmx.org.mx\/wp-content\/uploads\/2019\/11\/informe-srcm-2-379x250.jpg 379w, https:\/\/www.tecdmx.org.mx\/wp-content\/uploads\/2019\/11\/informe-srcm-2-768x506.jpg 768w, https:\/\/www.tecdmx.org.mx\/wp-content\/uploads\/2019\/11\/informe-srcm-2-531x350.jpg 531w, https:\/\/www.tecdmx.org.mx\/wp-content\/uploads\/2019\/11\/informe-srcm-2.jpg 1024w\" sizes=\"(max-width: 531px) 100vw, 531px\" \/><\/figure><\/li><\/ul>\n","protected":false},"excerpt":{"rendered":"<p>Las Magistradas y Magistrados de este \u00f3rgano jurisdiccional asistieron al Informe de Labores, de la Sala Regional Ciudad de M\u00e9xico, IV circunscripci\u00f3n; con motivo de la presentaci\u00f3n del Informe de [&hellip;]<\/p>\n","protected":false},"author":13,"featured_media":0,"comment_status":"open","ping_status":"open","sticky":false,"template":"","format":"standard","meta":{"_acf_changed":false,"_exactmetrics_skip_tracking":false,"_exactmetrics_sitenote_active":false,"_exactmetrics_sitenote_note":"","_exactmetrics_sitenote_category":0,"footnotes":""},"categories":[47,40],"tags":[],"acf":[],"yoast_head":"<!-- This site is optimized with the Yoast SEO plugin v22.3 - https:\/\/yoast.com\/wordpress\/plugins\/seo\/ -->\n<title>Informe de Labores de la Sala Regional CDMX del TEPJF - Tribunal Electoral de la Ciudad de M\u00e9xico<\/title>\n<meta name=\"robots\" content=\"index, follow, max-snippet:-1, max-image-preview:large, max-video-preview:-1\" \/>\n<link rel=\"canonical\" href=\"https:\/\/www.tecdmx.org.mx\/index.php\/eventos\/2019\/03\/01\/informe-de-labores-de-la-sala-regional-cdmx-del-tepjf\/\" \/>\n<meta property=\"og:locale\" content=\"es_ES\" \/>\n<meta property=\"og:type\" content=\"article\" \/>\n<meta property=\"og:title\" content=\"Informe de Labores de la Sala Regional CDMX del TEPJF - Tribunal Electoral de la Ciudad de M\u00e9xico\" \/>\n<meta property=\"og:description\" content=\"Las Magistradas y Magistrados de este \u00f3rgano jurisdiccional asistieron al Informe de Labores, de la Sala Regional Ciudad de M\u00e9xico, IV circunscripci\u00f3n; con motivo de la presentaci\u00f3n del Informe de [&hellip;]\" \/>\n<meta property=\"og:url\" content=\"https:\/\/www.tecdmx.org.mx\/index.php\/eventos\/2019\/03\/01\/informe-de-labores-de-la-sala-regional-cdmx-del-tepjf\/\" \/>\n<meta property=\"og:site_name\" content=\"Tribunal Electoral de la Ciudad de M\u00e9xico\" \/>\n<meta property=\"article:publisher\" content=\"https:\/\/www.facebook.com\/TECDMX\/\" \/>\n<meta property=\"article:published_time\" content=\"2019-03-01T21:05:06+00:00\" \/>\n<meta property=\"article:modified_time\" content=\"2019-11-10T21:07:49+00:00\" \/>\n<meta property=\"og:image\" content=\"http:\/\/www2.tecdmx.org.mx\/wp-content\/uploads\/2019\/11\/informe-srcm-1-525x350.jpg\" \/>\n<meta name=\"author\" content=\"Difusion2025\" \/>\n<meta name=\"twitter:card\" content=\"summary_large_image\" \/>\n<meta name=\"twitter:creator\" content=\"@tecdmx\" \/>\n<meta name=\"twitter:site\" content=\"@tecdmx\" \/>\n<meta name=\"twitter:label1\" content=\"Escrito por\" \/>\n\t<meta name=\"twitter:data1\" content=\"Difusion2025\" \/>\n<script type=\"application\/ld+json\" class=\"yoast-schema-graph\">{\"@context\":\"https:\/\/schema.org\",\"@graph\":[{\"@type\":\"WebPage\",\"@id\":\"https:\/\/www.tecdmx.org.mx\/index.php\/eventos\/2019\/03\/01\/informe-de-labores-de-la-sala-regional-cdmx-del-tepjf\/\",\"url\":\"https:\/\/www.tecdmx.org.mx\/index.php\/eventos\/2019\/03\/01\/informe-de-labores-de-la-sala-regional-cdmx-del-tepjf\/\",\"name\":\"Informe de Labores de la Sala Regional CDMX del TEPJF - Tribunal Electoral de la Ciudad de M\u00e9xico\",\"isPartOf\":{\"@id\":\"https:\/\/www.tecdmx.org.mx\/#website\"},\"primaryImageOfPage\":{\"@id\":\"https:\/\/www.tecdmx.org.mx\/index.php\/eventos\/2019\/03\/01\/informe-de-labores-de-la-sala-regional-cdmx-del-tepjf\/#primaryimage\"},\"image\":{\"@id\":\"https:\/\/www.tecdmx.org.mx\/index.php\/eventos\/2019\/03\/01\/informe-de-labores-de-la-sala-regional-cdmx-del-tepjf\/#primaryimage\"},\"thumbnailUrl\":\"http:\/\/www2.tecdmx.org.mx\/wp-content\/uploads\/2019\/11\/informe-srcm-1-525x350.jpg\",\"datePublished\":\"2019-03-01T21:05:06+00:00\",\"dateModified\":\"2019-11-10T21:07:49+00:00\",\"author\":{\"@id\":\"https:\/\/www.tecdmx.org.mx\/#\/schema\/person\/208c898199fb3234203823c5f0cf31d6\"},\"breadcrumb\":{\"@id\":\"https:\/\/www.tecdmx.org.mx\/index.php\/eventos\/2019\/03\/01\/informe-de-labores-de-la-sala-regional-cdmx-del-tepjf\/#breadcrumb\"},\"inLanguage\":\"es\",\"potentialAction\":[{\"@type\":\"ReadAction\",\"target\":[\"https:\/\/www.tecdmx.org.mx\/index.php\/eventos\/2019\/03\/01\/informe-de-labores-de-la-sala-regional-cdmx-del-tepjf\/\"]}]},{\"@type\":\"ImageObject\",\"inLanguage\":\"es\",\"@id\":\"https:\/\/www.tecdmx.org.mx\/index.php\/eventos\/2019\/03\/01\/informe-de-labores-de-la-sala-regional-cdmx-del-tepjf\/#primaryimage\",\"url\":\"http:\/\/www2.tecdmx.org.mx\/wp-content\/uploads\/2019\/11\/informe-srcm-1-525x350.jpg\",\"contentUrl\":\"http:\/\/www2.tecdmx.org.mx\/wp-content\/uploads\/2019\/11\/informe-srcm-1-525x350.jpg\"},{\"@type\":\"BreadcrumbList\",\"@id\":\"https:\/\/www.tecdmx.org.mx\/index.php\/eventos\/2019\/03\/01\/informe-de-labores-de-la-sala-regional-cdmx-del-tepjf\/#breadcrumb\",\"itemListElement\":[{\"@type\":\"ListItem\",\"position\":1,\"name\":\"Portada\",\"item\":\"https:\/\/www.tecdmx.org.mx\/\"},{\"@type\":\"ListItem\",\"position\":2,\"name\":\"Informe de Labores de la Sala Regional CDMX del TEPJF\"}]},{\"@type\":\"WebSite\",\"@id\":\"https:\/\/www.tecdmx.org.mx\/#website\",\"url\":\"https:\/\/www.tecdmx.org.mx\/\",\"name\":\"Tribunal Electoral de la Ciudad de M\u00e9xico\",\"description\":\"25 a\u00f1os garantizando justicia en tu elecci\u00f3n\",\"potentialAction\":[{\"@type\":\"SearchAction\",\"target\":{\"@type\":\"EntryPoint\",\"urlTemplate\":\"https:\/\/www.tecdmx.org.mx\/?s={search_term_string}\"},\"query-input\":\"required name=search_term_string\"}],\"inLanguage\":\"es\"},{\"@type\":\"Person\",\"@id\":\"https:\/\/www.tecdmx.org.mx\/#\/schema\/person\/208c898199fb3234203823c5f0cf31d6\",\"name\":\"Difusion2025\",\"image\":{\"@type\":\"ImageObject\",\"inLanguage\":\"es\",\"@id\":\"https:\/\/www.tecdmx.org.mx\/#\/schema\/person\/image\/\",\"url\":\"https:\/\/secure.gravatar.com\/avatar\/6f7a4ba3acb418040e90a2eb99b5df28?s=96&d=mm&r=g\",\"contentUrl\":\"https:\/\/secure.gravatar.com\/avatar\/6f7a4ba3acb418040e90a2eb99b5df28?s=96&d=mm&r=g\",\"caption\":\"Difusion2025\"}}]}<\/script>\n<!-- \/ Yoast SEO plugin. -->","yoast_head_json":{"title":"Informe de Labores de la Sala Regional CDMX del TEPJF - Tribunal Electoral de la Ciudad de M\u00e9xico","robots":{"index":"index","follow":"follow","max-snippet":"max-snippet:-1","max-image-preview":"max-image-preview:large","max-video-preview":"max-video-preview:-1"},"canonical":"https:\/\/www.tecdmx.org.mx\/index.php\/eventos\/2019\/03\/01\/informe-de-labores-de-la-sala-regional-cdmx-del-tepjf\/","og_locale":"es_ES","og_type":"article","og_title":"Informe de Labores de la Sala Regional CDMX del TEPJF - Tribunal Electoral de la Ciudad de M\u00e9xico","og_description":"Las Magistradas y Magistrados de este \u00f3rgano jurisdiccional asistieron al Informe de Labores, de la Sala Regional Ciudad de M\u00e9xico, IV circunscripci\u00f3n; con motivo de la presentaci\u00f3n del Informe de [&hellip;]","og_url":"https:\/\/www.tecdmx.org.mx\/index.php\/eventos\/2019\/03\/01\/informe-de-labores-de-la-sala-regional-cdmx-del-tepjf\/","og_site_name":"Tribunal Electoral de la Ciudad de M\u00e9xico","article_publisher":"https:\/\/www.facebook.com\/TECDMX\/","article_published_time":"2019-03-01T21:05:06+00:00","article_modified_time":"2019-11-10T21:07:49+00:00","og_image":[{"url":"http:\/\/www2.tecdmx.org.mx\/wp-content\/uploads\/2019\/11\/informe-srcm-1-525x350.jpg"}],"author":"Difusion2025","twitter_card":"summary_large_image","twitter_creator":"@tecdmx","twitter_site":"@tecdmx","twitter_misc":{"Escrito por":"Difusion2025"},"schema":{"@context":"https:\/\/schema.org","@graph":[{"@type":"WebPage","@id":"https:\/\/www.tecdmx.org.mx\/index.php\/eventos\/2019\/03\/01\/informe-de-labores-de-la-sala-regional-cdmx-del-tepjf\/","url":"https:\/\/www.tecdmx.org.mx\/index.php\/eventos\/2019\/03\/01\/informe-de-labores-de-la-sala-regional-cdmx-del-tepjf\/","name":"Informe de Labores de la Sala Regional CDMX del TEPJF - Tribunal Electoral de la Ciudad de M\u00e9xico","isPartOf":{"@id":"https:\/\/www.tecdmx.org.mx\/#website"},"primaryImageOfPage":{"@id":"https:\/\/www.tecdmx.org.mx\/index.php\/eventos\/2019\/03\/01\/informe-de-labores-de-la-sala-regional-cdmx-del-tepjf\/#primaryimage"},"image":{"@id":"https:\/\/www.tecdmx.org.mx\/index.php\/eventos\/2019\/03\/01\/informe-de-labores-de-la-sala-regional-cdmx-del-tepjf\/#primaryimage"},"thumbnailUrl":"http:\/\/www2.tecdmx.org.mx\/wp-content\/uploads\/2019\/11\/informe-srcm-1-525x350.jpg","datePublished":"2019-03-01T21:05:06+00:00","dateModified":"2019-11-10T21:07:49+00:00","author":{"@id":"https:\/\/www.tecdmx.org.mx\/#\/schema\/person\/208c898199fb3234203823c5f0cf31d6"},"breadcrumb":{"@id":"https:\/\/www.tecdmx.org.mx\/index.php\/eventos\/2019\/03\/01\/informe-de-labores-de-la-sala-regional-cdmx-del-tepjf\/#breadcrumb"},"inLanguage":"es","potentialAction":[{"@type":"ReadAction","target":["https:\/\/www.tecdmx.org.mx\/index.php\/eventos\/2019\/03\/01\/informe-de-labores-de-la-sala-regional-cdmx-del-tepjf\/"]}]},{"@type":"ImageObject","inLanguage":"es","@id":"https:\/\/www.tecdmx.org.mx\/index.php\/eventos\/2019\/03\/01\/informe-de-labores-de-la-sala-regional-cdmx-del-tepjf\/#primaryimage","url":"http:\/\/www2.tecdmx.org.mx\/wp-content\/uploads\/2019\/11\/informe-srcm-1-525x350.jpg","contentUrl":"http:\/\/www2.tecdmx.org.mx\/wp-content\/uploads\/2019\/11\/informe-srcm-1-525x350.jpg"},{"@type":"BreadcrumbList","@id":"https:\/\/www.tecdmx.org.mx\/index.php\/eventos\/2019\/03\/01\/informe-de-labores-de-la-sala-regional-cdmx-del-tepjf\/#breadcrumb","itemListElement":[{"@type":"ListItem","position":1,"name":"Portada","item":"https:\/\/www.tecdmx.org.mx\/"},{"@type":"ListItem","position":2,"name":"Informe de Labores de la Sala Regional CDMX del TEPJF"}]},{"@type":"WebSite","@id":"https:\/\/www.tecdmx.org.mx\/#website","url":"https:\/\/www.tecdmx.org.mx\/","name":"Tribunal Electoral de la Ciudad de M\u00e9xico","description":"25 a\u00f1os garantizando justicia en tu elecci\u00f3n","potentialAction":[{"@type":"SearchAction","target":{"@type":"EntryPoint","urlTemplate":"https:\/\/www.tecdmx.org.mx\/?s={search_term_string}"},"query-input":"required name=search_term_string"}],"inLanguage":"es"},{"@type":"Person","@id":"https:\/\/www.tecdmx.org.mx\/#\/schema\/person\/208c898199fb3234203823c5f0cf31d6","name":"Difusion2025","image":{"@type":"ImageObject","inLanguage":"es","@id":"https:\/\/www.tecdmx.org.mx\/#\/schema\/person\/image\/","url":"https:\/\/secure.gravatar.com\/avatar\/6f7a4ba3acb418040e90a2eb99b5df28?s=96&d=mm&r=g","contentUrl":"https:\/\/secure.gravatar.com\/avatar\/6f7a4ba3acb418040e90a2eb99b5df28?s=96&d=mm&r=g","caption":"Difusion2025"}}]}},"_links":{"self":[{"href":"https:\/\/www.tecdmx.org.mx\/index.php\/wp-json\/wp\/v2\/posts\/14545"}],"collection":[{"href":"https:\/\/www.tecdmx.org.mx\/index.php\/wp-json\/wp\/v2\/posts"}],"about":[{"href":"https:\/\/www.tecdmx.org.mx\/index.php\/wp-json\/wp\/v2\/types\/post"}],"author":[{"embeddable":true,"href":"https:\/\/www.tecdmx.org.mx\/index.php\/wp-json\/wp\/v2\/users\/13"}],"replies":[{"embeddable":true,"href":"https:\/\/www.tecdmx.org.mx\/index.php\/wp-json\/wp\/v2\/comments?post=14545"}],"version-history":[{"count":1,"href":"https:\/\/www.tecdmx.org.mx\/index.php\/wp-json\/wp\/v2\/posts\/14545\/revisions"}],"predecessor-version":[{"id":14551,"href":"https:\/\/www.tecdmx.org.mx\/index.php\/wp-json\/wp\/v2\/posts\/14545\/revisions\/14551"}],"wp:attachment":[{"href":"https:\/\/www.tecdmx.org.mx\/index.php\/wp-json\/wp\/v2\/media?parent=14545"}],"wp:term":[{"taxonomy":"category","embeddable":true,"href":"https:\/\/www.tecdmx.org.mx\/index.php\/wp-json\/wp\/v2\/categories?post=14545"},{"taxonomy":"post_tag","embeddable":true,"href":"https:\/\/www.tecdmx.org.mx\/index.php\/wp-json\/wp\/v2\/tags?post=14545"}],"curies":[{"name":"wp","href":"https:\/\/api.w.org\/{rel}","templated":true}]}}