{"id":14552,"date":"2019-03-05T21:08:25","date_gmt":"2019-03-05T21:08:25","guid":{"rendered":"http:\/\/www2.tecdmx.org.mx\/?p=14552"},"modified":"2019-11-10T21:11:47","modified_gmt":"2019-11-10T21:11:47","slug":"inauguracion-de-la-feria-en-conmemoracion-del-dia-internacional-de-la-mujer-del-tsjcdmx","status":"publish","type":"post","link":"https:\/\/www.tecdmx.org.mx\/index.php\/destacados\/2019\/03\/05\/inauguracion-de-la-feria-en-conmemoracion-del-dia-internacional-de-la-mujer-del-tsjcdmx\/","title":{"rendered":"Inauguraci\u00f3n de la Feria en Conmemoraci\u00f3n del D\u00eda Internacional de la Mujer del TSJCDMX"},"content":{"rendered":"\n<p class=\"has-medium-font-size\">La Magistrada Martha Mercado particip\u00f3 en la inauguraci\u00f3n de la Feria de Conmemoraci\u00f3n del D\u00eda Internacional de la Mujer, del Tribunal Superior de Justicia de la CDMX, cuya finalidad es promover, difundir y fomentar acciones en torno a la igualdad de la mujer. &#8220;Es importante sumar m\u00e1s mujeres y hombres para vivir una vida en igualdad&#8221;, coment\u00f3 la Magistrada.<\/p>\n\n\n\n<ul class=\"wp-block-gallery aligncenter columns-1 wp-block-gallery-1 is-layout-flex wp-block-gallery-is-layout-flex\"><li class=\"blocks-gallery-item\"><figure><img loading=\"lazy\" decoding=\"async\" width=\"607\" height=\"350\" src=\"https:\/\/www.tecdmx.org.mx\/wp-content\/uploads\/2019\/11\/feriadiamujer-1-607x350.jpeg\" alt=\"\" data-id=\"14554\" data-link=\"http:\/\/www2.tecdmx.org.mx\/?attachment_id=14554\" class=\"wp-image-14554\" srcset=\"https:\/\/www.tecdmx.org.mx\/wp-content\/uploads\/2019\/11\/feriadiamujer-1-434x250.jpeg 434w, https:\/\/www.tecdmx.org.mx\/wp-content\/uploads\/2019\/11\/feriadiamujer-1-768x443.jpeg 768w, https:\/\/www.tecdmx.org.mx\/wp-content\/uploads\/2019\/11\/feriadiamujer-1-607x350.jpeg 607w, https:\/\/www.tecdmx.org.mx\/wp-content\/uploads\/2019\/11\/feriadiamujer-1.jpeg 1280w\" sizes=\"(max-width: 607px) 100vw, 607px\" \/><\/figure><\/li><li class=\"blocks-gallery-item\"><figure><img loading=\"lazy\" decoding=\"async\" width=\"525\" height=\"350\" src=\"https:\/\/www.tecdmx.org.mx\/wp-content\/uploads\/2019\/11\/feriadiamujer-2-525x350.jpeg\" alt=\"\" data-id=\"14555\" data-link=\"http:\/\/www2.tecdmx.org.mx\/?attachment_id=14555\" class=\"wp-image-14555\" srcset=\"https:\/\/www.tecdmx.org.mx\/wp-content\/uploads\/2019\/11\/feriadiamujer-2-375x250.jpeg 375w, https:\/\/www.tecdmx.org.mx\/wp-content\/uploads\/2019\/11\/feriadiamujer-2-768x512.jpeg 768w, https:\/\/www.tecdmx.org.mx\/wp-content\/uploads\/2019\/11\/feriadiamujer-2-525x350.jpeg 525w, https:\/\/www.tecdmx.org.mx\/wp-content\/uploads\/2019\/11\/feriadiamujer-2.jpeg 1280w\" sizes=\"(max-width: 525px) 100vw, 525px\" \/><\/figure><\/li><li class=\"blocks-gallery-item\"><figure><img loading=\"lazy\" decoding=\"async\" width=\"489\" height=\"350\" src=\"https:\/\/www.tecdmx.org.mx\/wp-content\/uploads\/2019\/11\/feriadiamujer-5-489x350.jpeg\" alt=\"\" data-id=\"14553\" data-link=\"http:\/\/www2.tecdmx.org.mx\/?attachment_id=14553\" class=\"wp-image-14553\" srcset=\"https:\/\/www.tecdmx.org.mx\/wp-content\/uploads\/2019\/11\/feriadiamujer-5-349x250.jpeg 349w, https:\/\/www.tecdmx.org.mx\/wp-content\/uploads\/2019\/11\/feriadiamujer-5-768x550.jpeg 768w, https:\/\/www.tecdmx.org.mx\/wp-content\/uploads\/2019\/11\/feriadiamujer-5-489x350.jpeg 489w, https:\/\/www.tecdmx.org.mx\/wp-content\/uploads\/2019\/11\/feriadiamujer-5.jpeg 1150w\" sizes=\"(max-width: 489px) 100vw, 489px\" \/><\/figure><\/li><li class=\"blocks-gallery-item\"><figure><img loading=\"lazy\" decoding=\"async\" width=\"525\" height=\"350\" src=\"https:\/\/www.tecdmx.org.mx\/wp-content\/uploads\/2019\/11\/feriadiamujer-3-525x350.jpeg\" alt=\"\" data-id=\"14556\" data-link=\"http:\/\/www2.tecdmx.org.mx\/?attachment_id=14556\" class=\"wp-image-14556\" srcset=\"https:\/\/www.tecdmx.org.mx\/wp-content\/uploads\/2019\/11\/feriadiamujer-3-375x250.jpeg 375w, https:\/\/www.tecdmx.org.mx\/wp-content\/uploads\/2019\/11\/feriadiamujer-3-768x512.jpeg 768w, https:\/\/www.tecdmx.org.mx\/wp-content\/uploads\/2019\/11\/feriadiamujer-3-525x350.jpeg 525w, https:\/\/www.tecdmx.org.mx\/wp-content\/uploads\/2019\/11\/feriadiamujer-3.jpeg 1280w\" sizes=\"(max-width: 525px) 100vw, 525px\" \/><\/figure><\/li><li class=\"blocks-gallery-item\"><figure><img loading=\"lazy\" decoding=\"async\" width=\"525\" height=\"350\" src=\"https:\/\/www.tecdmx.org.mx\/wp-content\/uploads\/2019\/11\/feriadiamujer-4-525x350.jpeg\" alt=\"\" data-id=\"14557\" data-link=\"http:\/\/www2.tecdmx.org.mx\/?attachment_id=14557\" class=\"wp-image-14557\" srcset=\"https:\/\/www.tecdmx.org.mx\/wp-content\/uploads\/2019\/11\/feriadiamujer-4-375x250.jpeg 375w, https:\/\/www.tecdmx.org.mx\/wp-content\/uploads\/2019\/11\/feriadiamujer-4-768x512.jpeg 768w, https:\/\/www.tecdmx.org.mx\/wp-content\/uploads\/2019\/11\/feriadiamujer-4-525x350.jpeg 525w, https:\/\/www.tecdmx.org.mx\/wp-content\/uploads\/2019\/11\/feriadiamujer-4.jpeg 1280w\" sizes=\"(max-width: 525px) 100vw, 525px\" \/><\/figure><\/li><\/ul>\n","protected":false},"excerpt":{"rendered":"<p>La Magistrada Martha Mercado particip\u00f3 en la inauguraci\u00f3n de la Feria de Conmemoraci\u00f3n del D\u00eda Internacional de la Mujer, del Tribunal Superior de Justicia de la CDMX, cuya finalidad es [&hellip;]<\/p>\n","protected":false},"author":13,"featured_media":0,"comment_status":"open","ping_status":"open","sticky":false,"template":"","format":"standard","meta":{"_acf_changed":false,"_exactmetrics_skip_tracking":false,"_exactmetrics_sitenote_active":false,"_exactmetrics_sitenote_note":"","_exactmetrics_sitenote_category":0,"footnotes":""},"categories":[47,40],"tags":[],"acf":[],"yoast_head":"<!-- This site is optimized with the Yoast SEO plugin v22.3 - https:\/\/yoast.com\/wordpress\/plugins\/seo\/ -->\n<title>Inauguraci\u00f3n de la Feria en Conmemoraci\u00f3n del D\u00eda Internacional de la Mujer del TSJCDMX - Tribunal Electoral de la Ciudad de M\u00e9xico<\/title>\n<meta name=\"robots\" content=\"index, follow, max-snippet:-1, max-image-preview:large, max-video-preview:-1\" \/>\n<link rel=\"canonical\" href=\"https:\/\/www.tecdmx.org.mx\/index.php\/destacados\/2019\/03\/05\/inauguracion-de-la-feria-en-conmemoracion-del-dia-internacional-de-la-mujer-del-tsjcdmx\/\" \/>\n<meta property=\"og:locale\" content=\"es_ES\" \/>\n<meta property=\"og:type\" content=\"article\" \/>\n<meta property=\"og:title\" content=\"Inauguraci\u00f3n de la Feria en Conmemoraci\u00f3n del D\u00eda Internacional de la Mujer del TSJCDMX - Tribunal Electoral de la Ciudad de M\u00e9xico\" \/>\n<meta property=\"og:description\" content=\"La Magistrada Martha Mercado particip\u00f3 en la inauguraci\u00f3n de la Feria de Conmemoraci\u00f3n del D\u00eda Internacional de la Mujer, del Tribunal Superior de Justicia de la CDMX, cuya finalidad es [&hellip;]\" \/>\n<meta property=\"og:url\" content=\"https:\/\/www.tecdmx.org.mx\/index.php\/destacados\/2019\/03\/05\/inauguracion-de-la-feria-en-conmemoracion-del-dia-internacional-de-la-mujer-del-tsjcdmx\/\" \/>\n<meta property=\"og:site_name\" content=\"Tribunal Electoral de la Ciudad de M\u00e9xico\" \/>\n<meta property=\"article:publisher\" content=\"https:\/\/www.facebook.com\/TECDMX\/\" \/>\n<meta property=\"article:published_time\" content=\"2019-03-05T21:08:25+00:00\" \/>\n<meta property=\"article:modified_time\" content=\"2019-11-10T21:11:47+00:00\" \/>\n<meta property=\"og:image\" content=\"http:\/\/www2.tecdmx.org.mx\/wp-content\/uploads\/2019\/11\/feriadiamujer-1-607x350.jpeg\" \/>\n<meta name=\"author\" content=\"Difusion2025\" \/>\n<meta name=\"twitter:card\" content=\"summary_large_image\" \/>\n<meta name=\"twitter:creator\" content=\"@tecdmx\" \/>\n<meta name=\"twitter:site\" content=\"@tecdmx\" \/>\n<meta name=\"twitter:label1\" content=\"Escrito por\" \/>\n\t<meta name=\"twitter:data1\" content=\"Difusion2025\" \/>\n<script type=\"application\/ld+json\" class=\"yoast-schema-graph\">{\"@context\":\"https:\/\/schema.org\",\"@graph\":[{\"@type\":\"WebPage\",\"@id\":\"https:\/\/www.tecdmx.org.mx\/index.php\/destacados\/2019\/03\/05\/inauguracion-de-la-feria-en-conmemoracion-del-dia-internacional-de-la-mujer-del-tsjcdmx\/\",\"url\":\"https:\/\/www.tecdmx.org.mx\/index.php\/destacados\/2019\/03\/05\/inauguracion-de-la-feria-en-conmemoracion-del-dia-internacional-de-la-mujer-del-tsjcdmx\/\",\"name\":\"Inauguraci\u00f3n de la Feria en Conmemoraci\u00f3n del D\u00eda Internacional de la Mujer del TSJCDMX - Tribunal Electoral de la Ciudad de M\u00e9xico\",\"isPartOf\":{\"@id\":\"https:\/\/www.tecdmx.org.mx\/#website\"},\"primaryImageOfPage\":{\"@id\":\"https:\/\/www.tecdmx.org.mx\/index.php\/destacados\/2019\/03\/05\/inauguracion-de-la-feria-en-conmemoracion-del-dia-internacional-de-la-mujer-del-tsjcdmx\/#primaryimage\"},\"image\":{\"@id\":\"https:\/\/www.tecdmx.org.mx\/index.php\/destacados\/2019\/03\/05\/inauguracion-de-la-feria-en-conmemoracion-del-dia-internacional-de-la-mujer-del-tsjcdmx\/#primaryimage\"},\"thumbnailUrl\":\"http:\/\/www2.tecdmx.org.mx\/wp-content\/uploads\/2019\/11\/feriadiamujer-1-607x350.jpeg\",\"datePublished\":\"2019-03-05T21:08:25+00:00\",\"dateModified\":\"2019-11-10T21:11:47+00:00\",\"author\":{\"@id\":\"https:\/\/www.tecdmx.org.mx\/#\/schema\/person\/208c898199fb3234203823c5f0cf31d6\"},\"breadcrumb\":{\"@id\":\"https:\/\/www.tecdmx.org.mx\/index.php\/destacados\/2019\/03\/05\/inauguracion-de-la-feria-en-conmemoracion-del-dia-internacional-de-la-mujer-del-tsjcdmx\/#breadcrumb\"},\"inLanguage\":\"es\",\"potentialAction\":[{\"@type\":\"ReadAction\",\"target\":[\"https:\/\/www.tecdmx.org.mx\/index.php\/destacados\/2019\/03\/05\/inauguracion-de-la-feria-en-conmemoracion-del-dia-internacional-de-la-mujer-del-tsjcdmx\/\"]}]},{\"@type\":\"ImageObject\",\"inLanguage\":\"es\",\"@id\":\"https:\/\/www.tecdmx.org.mx\/index.php\/destacados\/2019\/03\/05\/inauguracion-de-la-feria-en-conmemoracion-del-dia-internacional-de-la-mujer-del-tsjcdmx\/#primaryimage\",\"url\":\"http:\/\/www2.tecdmx.org.mx\/wp-content\/uploads\/2019\/11\/feriadiamujer-1-607x350.jpeg\",\"contentUrl\":\"http:\/\/www2.tecdmx.org.mx\/wp-content\/uploads\/2019\/11\/feriadiamujer-1-607x350.jpeg\"},{\"@type\":\"BreadcrumbList\",\"@id\":\"https:\/\/www.tecdmx.org.mx\/index.php\/destacados\/2019\/03\/05\/inauguracion-de-la-feria-en-conmemoracion-del-dia-internacional-de-la-mujer-del-tsjcdmx\/#breadcrumb\",\"itemListElement\":[{\"@type\":\"ListItem\",\"position\":1,\"name\":\"Portada\",\"item\":\"https:\/\/www.tecdmx.org.mx\/\"},{\"@type\":\"ListItem\",\"position\":2,\"name\":\"Inauguraci\u00f3n de la Feria en Conmemoraci\u00f3n del D\u00eda Internacional de la Mujer del TSJCDMX\"}]},{\"@type\":\"WebSite\",\"@id\":\"https:\/\/www.tecdmx.org.mx\/#website\",\"url\":\"https:\/\/www.tecdmx.org.mx\/\",\"name\":\"Tribunal Electoral de la Ciudad de M\u00e9xico\",\"description\":\"25 a\u00f1os garantizando justicia en tu elecci\u00f3n\",\"potentialAction\":[{\"@type\":\"SearchAction\",\"target\":{\"@type\":\"EntryPoint\",\"urlTemplate\":\"https:\/\/www.tecdmx.org.mx\/?s={search_term_string}\"},\"query-input\":\"required name=search_term_string\"}],\"inLanguage\":\"es\"},{\"@type\":\"Person\",\"@id\":\"https:\/\/www.tecdmx.org.mx\/#\/schema\/person\/208c898199fb3234203823c5f0cf31d6\",\"name\":\"Difusion2025\",\"image\":{\"@type\":\"ImageObject\",\"inLanguage\":\"es\",\"@id\":\"https:\/\/www.tecdmx.org.mx\/#\/schema\/person\/image\/\",\"url\":\"https:\/\/secure.gravatar.com\/avatar\/6f7a4ba3acb418040e90a2eb99b5df28?s=96&d=mm&r=g\",\"contentUrl\":\"https:\/\/secure.gravatar.com\/avatar\/6f7a4ba3acb418040e90a2eb99b5df28?s=96&d=mm&r=g\",\"caption\":\"Difusion2025\"}}]}<\/script>\n<!-- \/ Yoast SEO plugin. -->","yoast_head_json":{"title":"Inauguraci\u00f3n de la Feria en Conmemoraci\u00f3n del D\u00eda Internacional de la Mujer del TSJCDMX - Tribunal Electoral de la Ciudad de M\u00e9xico","robots":{"index":"index","follow":"follow","max-snippet":"max-snippet:-1","max-image-preview":"max-image-preview:large","max-video-preview":"max-video-preview:-1"},"canonical":"https:\/\/www.tecdmx.org.mx\/index.php\/destacados\/2019\/03\/05\/inauguracion-de-la-feria-en-conmemoracion-del-dia-internacional-de-la-mujer-del-tsjcdmx\/","og_locale":"es_ES","og_type":"article","og_title":"Inauguraci\u00f3n de la Feria en Conmemoraci\u00f3n del D\u00eda Internacional de la Mujer del TSJCDMX - Tribunal Electoral de la Ciudad de M\u00e9xico","og_description":"La Magistrada Martha Mercado particip\u00f3 en la inauguraci\u00f3n de la Feria de Conmemoraci\u00f3n del D\u00eda Internacional de la Mujer, del Tribunal Superior de Justicia de la CDMX, cuya finalidad es [&hellip;]","og_url":"https:\/\/www.tecdmx.org.mx\/index.php\/destacados\/2019\/03\/05\/inauguracion-de-la-feria-en-conmemoracion-del-dia-internacional-de-la-mujer-del-tsjcdmx\/","og_site_name":"Tribunal Electoral de la Ciudad de M\u00e9xico","article_publisher":"https:\/\/www.facebook.com\/TECDMX\/","article_published_time":"2019-03-05T21:08:25+00:00","article_modified_time":"2019-11-10T21:11:47+00:00","og_image":[{"url":"http:\/\/www2.tecdmx.org.mx\/wp-content\/uploads\/2019\/11\/feriadiamujer-1-607x350.jpeg"}],"author":"Difusion2025","twitter_card":"summary_large_image","twitter_creator":"@tecdmx","twitter_site":"@tecdmx","twitter_misc":{"Escrito por":"Difusion2025"},"schema":{"@context":"https:\/\/schema.org","@graph":[{"@type":"WebPage","@id":"https:\/\/www.tecdmx.org.mx\/index.php\/destacados\/2019\/03\/05\/inauguracion-de-la-feria-en-conmemoracion-del-dia-internacional-de-la-mujer-del-tsjcdmx\/","url":"https:\/\/www.tecdmx.org.mx\/index.php\/destacados\/2019\/03\/05\/inauguracion-de-la-feria-en-conmemoracion-del-dia-internacional-de-la-mujer-del-tsjcdmx\/","name":"Inauguraci\u00f3n de la Feria en Conmemoraci\u00f3n del D\u00eda Internacional de la Mujer del TSJCDMX - Tribunal Electoral de la Ciudad de M\u00e9xico","isPartOf":{"@id":"https:\/\/www.tecdmx.org.mx\/#website"},"primaryImageOfPage":{"@id":"https:\/\/www.tecdmx.org.mx\/index.php\/destacados\/2019\/03\/05\/inauguracion-de-la-feria-en-conmemoracion-del-dia-internacional-de-la-mujer-del-tsjcdmx\/#primaryimage"},"image":{"@id":"https:\/\/www.tecdmx.org.mx\/index.php\/destacados\/2019\/03\/05\/inauguracion-de-la-feria-en-conmemoracion-del-dia-internacional-de-la-mujer-del-tsjcdmx\/#primaryimage"},"thumbnailUrl":"http:\/\/www2.tecdmx.org.mx\/wp-content\/uploads\/2019\/11\/feriadiamujer-1-607x350.jpeg","datePublished":"2019-03-05T21:08:25+00:00","dateModified":"2019-11-10T21:11:47+00:00","author":{"@id":"https:\/\/www.tecdmx.org.mx\/#\/schema\/person\/208c898199fb3234203823c5f0cf31d6"},"breadcrumb":{"@id":"https:\/\/www.tecdmx.org.mx\/index.php\/destacados\/2019\/03\/05\/inauguracion-de-la-feria-en-conmemoracion-del-dia-internacional-de-la-mujer-del-tsjcdmx\/#breadcrumb"},"inLanguage":"es","potentialAction":[{"@type":"ReadAction","target":["https:\/\/www.tecdmx.org.mx\/index.php\/destacados\/2019\/03\/05\/inauguracion-de-la-feria-en-conmemoracion-del-dia-internacional-de-la-mujer-del-tsjcdmx\/"]}]},{"@type":"ImageObject","inLanguage":"es","@id":"https:\/\/www.tecdmx.org.mx\/index.php\/destacados\/2019\/03\/05\/inauguracion-de-la-feria-en-conmemoracion-del-dia-internacional-de-la-mujer-del-tsjcdmx\/#primaryimage","url":"http:\/\/www2.tecdmx.org.mx\/wp-content\/uploads\/2019\/11\/feriadiamujer-1-607x350.jpeg","contentUrl":"http:\/\/www2.tecdmx.org.mx\/wp-content\/uploads\/2019\/11\/feriadiamujer-1-607x350.jpeg"},{"@type":"BreadcrumbList","@id":"https:\/\/www.tecdmx.org.mx\/index.php\/destacados\/2019\/03\/05\/inauguracion-de-la-feria-en-conmemoracion-del-dia-internacional-de-la-mujer-del-tsjcdmx\/#breadcrumb","itemListElement":[{"@type":"ListItem","position":1,"name":"Portada","item":"https:\/\/www.tecdmx.org.mx\/"},{"@type":"ListItem","position":2,"name":"Inauguraci\u00f3n de la Feria en Conmemoraci\u00f3n del D\u00eda Internacional de la Mujer del TSJCDMX"}]},{"@type":"WebSite","@id":"https:\/\/www.tecdmx.org.mx\/#website","url":"https:\/\/www.tecdmx.org.mx\/","name":"Tribunal Electoral de la Ciudad de M\u00e9xico","description":"25 a\u00f1os garantizando justicia en tu elecci\u00f3n","potentialAction":[{"@type":"SearchAction","target":{"@type":"EntryPoint","urlTemplate":"https:\/\/www.tecdmx.org.mx\/?s={search_term_string}"},"query-input":"required name=search_term_string"}],"inLanguage":"es"},{"@type":"Person","@id":"https:\/\/www.tecdmx.org.mx\/#\/schema\/person\/208c898199fb3234203823c5f0cf31d6","name":"Difusion2025","image":{"@type":"ImageObject","inLanguage":"es","@id":"https:\/\/www.tecdmx.org.mx\/#\/schema\/person\/image\/","url":"https:\/\/secure.gravatar.com\/avatar\/6f7a4ba3acb418040e90a2eb99b5df28?s=96&d=mm&r=g","contentUrl":"https:\/\/secure.gravatar.com\/avatar\/6f7a4ba3acb418040e90a2eb99b5df28?s=96&d=mm&r=g","caption":"Difusion2025"}}]}},"_links":{"self":[{"href":"https:\/\/www.tecdmx.org.mx\/index.php\/wp-json\/wp\/v2\/posts\/14552"}],"collection":[{"href":"https:\/\/www.tecdmx.org.mx\/index.php\/wp-json\/wp\/v2\/posts"}],"about":[{"href":"https:\/\/www.tecdmx.org.mx\/index.php\/wp-json\/wp\/v2\/types\/post"}],"author":[{"embeddable":true,"href":"https:\/\/www.tecdmx.org.mx\/index.php\/wp-json\/wp\/v2\/users\/13"}],"replies":[{"embeddable":true,"href":"https:\/\/www.tecdmx.org.mx\/index.php\/wp-json\/wp\/v2\/comments?post=14552"}],"version-history":[{"count":1,"href":"https:\/\/www.tecdmx.org.mx\/index.php\/wp-json\/wp\/v2\/posts\/14552\/revisions"}],"predecessor-version":[{"id":14558,"href":"https:\/\/www.tecdmx.org.mx\/index.php\/wp-json\/wp\/v2\/posts\/14552\/revisions\/14558"}],"wp:attachment":[{"href":"https:\/\/www.tecdmx.org.mx\/index.php\/wp-json\/wp\/v2\/media?parent=14552"}],"wp:term":[{"taxonomy":"category","embeddable":true,"href":"https:\/\/www.tecdmx.org.mx\/index.php\/wp-json\/wp\/v2\/categories?post=14552"},{"taxonomy":"post_tag","embeddable":true,"href":"https:\/\/www.tecdmx.org.mx\/index.php\/wp-json\/wp\/v2\/tags?post=14552"}],"curies":[{"name":"wp","href":"https:\/\/api.w.org\/{rel}","templated":true}]}}