{"id":14567,"date":"2019-03-08T21:19:01","date_gmt":"2019-03-08T21:19:01","guid":{"rendered":"http:\/\/www2.tecdmx.org.mx\/?p=14567"},"modified":"2019-11-10T21:20:40","modified_gmt":"2019-11-10T21:20:40","slug":"feria-con-motivo-de-la-conmemoracion-del-dia-internacional-de-la-mujer","status":"publish","type":"post","link":"https:\/\/www.tecdmx.org.mx\/index.php\/eventos\/2019\/03\/08\/feria-con-motivo-de-la-conmemoracion-del-dia-internacional-de-la-mujer\/","title":{"rendered":"Feria con motivo de la Conmemoraci\u00f3n del D\u00eda Internacional de la Mujer"},"content":{"rendered":"\n<p class=\"has-medium-font-size\"> El Magistrado Presidente hizo un recorrido en la Feria con motivo del D\u00eda Internacional de la Mujer organizada por el TSJCDMX. En este espacio, diversas instituciones buscan generar conciencia sobre la importancia de seguir fomentando la igualdad sustantiva entre mujeres y hombres. <\/p>\n\n\n\n<ul class=\"wp-block-gallery aligncenter columns-1 wp-block-gallery-1 is-layout-flex wp-block-gallery-is-layout-flex\"><li class=\"blocks-gallery-item\"><figure><img loading=\"lazy\" decoding=\"async\" width=\"404\" height=\"350\" src=\"https:\/\/www.tecdmx.org.mx\/wp-content\/uploads\/2019\/11\/feria-dia-mujer-2-404x350.jpg\" alt=\"\" data-id=\"14568\" data-link=\"http:\/\/www2.tecdmx.org.mx\/?attachment_id=14568\" class=\"wp-image-14568\" srcset=\"https:\/\/www.tecdmx.org.mx\/wp-content\/uploads\/2019\/11\/feria-dia-mujer-2-289x250.jpg 289w, https:\/\/www.tecdmx.org.mx\/wp-content\/uploads\/2019\/11\/feria-dia-mujer-2-768x665.jpg 768w, https:\/\/www.tecdmx.org.mx\/wp-content\/uploads\/2019\/11\/feria-dia-mujer-2-404x350.jpg 404w, https:\/\/www.tecdmx.org.mx\/wp-content\/uploads\/2019\/11\/feria-dia-mujer-2.jpg 1200w\" sizes=\"(max-width: 404px) 100vw, 404px\" \/><\/figure><\/li><li class=\"blocks-gallery-item\"><figure><img loading=\"lazy\" decoding=\"async\" width=\"526\" height=\"350\" src=\"https:\/\/www.tecdmx.org.mx\/wp-content\/uploads\/2019\/11\/feria-dia-mujer-1-526x350.jpg\" alt=\"\" data-id=\"14569\" data-link=\"http:\/\/www2.tecdmx.org.mx\/?attachment_id=14569\" class=\"wp-image-14569\" srcset=\"https:\/\/www.tecdmx.org.mx\/wp-content\/uploads\/2019\/11\/feria-dia-mujer-1-375x250.jpg 375w, https:\/\/www.tecdmx.org.mx\/wp-content\/uploads\/2019\/11\/feria-dia-mujer-1-768x512.jpg 768w, https:\/\/www.tecdmx.org.mx\/wp-content\/uploads\/2019\/11\/feria-dia-mujer-1-526x350.jpg 526w, https:\/\/www.tecdmx.org.mx\/wp-content\/uploads\/2019\/11\/feria-dia-mujer-1.jpg 1024w\" sizes=\"(max-width: 526px) 100vw, 526px\" \/><\/figure><\/li><\/ul>\n","protected":false},"excerpt":{"rendered":"<p>El Magistrado Presidente hizo un recorrido en la Feria con motivo del D\u00eda Internacional de la Mujer organizada por el TSJCDMX. En este espacio, diversas instituciones buscan generar conciencia sobre [&hellip;]<\/p>\n","protected":false},"author":13,"featured_media":0,"comment_status":"open","ping_status":"open","sticky":false,"template":"","format":"standard","meta":{"_acf_changed":false,"_exactmetrics_skip_tracking":false,"_exactmetrics_sitenote_active":false,"_exactmetrics_sitenote_note":"","_exactmetrics_sitenote_category":0,"footnotes":""},"categories":[47,40],"tags":[],"acf":[],"yoast_head":"<!-- This site is optimized with the Yoast SEO plugin v22.3 - https:\/\/yoast.com\/wordpress\/plugins\/seo\/ -->\n<title>Feria con motivo de la Conmemoraci\u00f3n del D\u00eda Internacional de la Mujer - Tribunal Electoral de la Ciudad de M\u00e9xico<\/title>\n<meta name=\"robots\" content=\"index, follow, max-snippet:-1, max-image-preview:large, max-video-preview:-1\" \/>\n<link rel=\"canonical\" href=\"https:\/\/www.tecdmx.org.mx\/index.php\/eventos\/2019\/03\/08\/feria-con-motivo-de-la-conmemoracion-del-dia-internacional-de-la-mujer\/\" \/>\n<meta property=\"og:locale\" content=\"es_ES\" \/>\n<meta property=\"og:type\" content=\"article\" \/>\n<meta property=\"og:title\" content=\"Feria con motivo de la Conmemoraci\u00f3n del D\u00eda Internacional de la Mujer - Tribunal Electoral de la Ciudad de M\u00e9xico\" \/>\n<meta property=\"og:description\" content=\"El Magistrado Presidente hizo un recorrido en la Feria con motivo del D\u00eda Internacional de la Mujer organizada por el TSJCDMX. En este espacio, diversas instituciones buscan generar conciencia sobre [&hellip;]\" \/>\n<meta property=\"og:url\" content=\"https:\/\/www.tecdmx.org.mx\/index.php\/eventos\/2019\/03\/08\/feria-con-motivo-de-la-conmemoracion-del-dia-internacional-de-la-mujer\/\" \/>\n<meta property=\"og:site_name\" content=\"Tribunal Electoral de la Ciudad de M\u00e9xico\" \/>\n<meta property=\"article:publisher\" content=\"https:\/\/www.facebook.com\/TECDMX\/\" \/>\n<meta property=\"article:published_time\" content=\"2019-03-08T21:19:01+00:00\" \/>\n<meta property=\"article:modified_time\" content=\"2019-11-10T21:20:40+00:00\" \/>\n<meta property=\"og:image\" content=\"http:\/\/www2.tecdmx.org.mx\/wp-content\/uploads\/2019\/11\/feria-dia-mujer-2-404x350.jpg\" \/>\n<meta name=\"author\" content=\"Difusion2025\" \/>\n<meta name=\"twitter:card\" content=\"summary_large_image\" \/>\n<meta name=\"twitter:creator\" content=\"@tecdmx\" \/>\n<meta name=\"twitter:site\" content=\"@tecdmx\" \/>\n<meta name=\"twitter:label1\" content=\"Escrito por\" \/>\n\t<meta name=\"twitter:data1\" content=\"Difusion2025\" \/>\n<script type=\"application\/ld+json\" class=\"yoast-schema-graph\">{\"@context\":\"https:\/\/schema.org\",\"@graph\":[{\"@type\":\"WebPage\",\"@id\":\"https:\/\/www.tecdmx.org.mx\/index.php\/eventos\/2019\/03\/08\/feria-con-motivo-de-la-conmemoracion-del-dia-internacional-de-la-mujer\/\",\"url\":\"https:\/\/www.tecdmx.org.mx\/index.php\/eventos\/2019\/03\/08\/feria-con-motivo-de-la-conmemoracion-del-dia-internacional-de-la-mujer\/\",\"name\":\"Feria con motivo de la Conmemoraci\u00f3n del D\u00eda Internacional de la Mujer - Tribunal Electoral de la Ciudad de M\u00e9xico\",\"isPartOf\":{\"@id\":\"https:\/\/www.tecdmx.org.mx\/#website\"},\"primaryImageOfPage\":{\"@id\":\"https:\/\/www.tecdmx.org.mx\/index.php\/eventos\/2019\/03\/08\/feria-con-motivo-de-la-conmemoracion-del-dia-internacional-de-la-mujer\/#primaryimage\"},\"image\":{\"@id\":\"https:\/\/www.tecdmx.org.mx\/index.php\/eventos\/2019\/03\/08\/feria-con-motivo-de-la-conmemoracion-del-dia-internacional-de-la-mujer\/#primaryimage\"},\"thumbnailUrl\":\"http:\/\/www2.tecdmx.org.mx\/wp-content\/uploads\/2019\/11\/feria-dia-mujer-2-404x350.jpg\",\"datePublished\":\"2019-03-08T21:19:01+00:00\",\"dateModified\":\"2019-11-10T21:20:40+00:00\",\"author\":{\"@id\":\"https:\/\/www.tecdmx.org.mx\/#\/schema\/person\/208c898199fb3234203823c5f0cf31d6\"},\"breadcrumb\":{\"@id\":\"https:\/\/www.tecdmx.org.mx\/index.php\/eventos\/2019\/03\/08\/feria-con-motivo-de-la-conmemoracion-del-dia-internacional-de-la-mujer\/#breadcrumb\"},\"inLanguage\":\"es\",\"potentialAction\":[{\"@type\":\"ReadAction\",\"target\":[\"https:\/\/www.tecdmx.org.mx\/index.php\/eventos\/2019\/03\/08\/feria-con-motivo-de-la-conmemoracion-del-dia-internacional-de-la-mujer\/\"]}]},{\"@type\":\"ImageObject\",\"inLanguage\":\"es\",\"@id\":\"https:\/\/www.tecdmx.org.mx\/index.php\/eventos\/2019\/03\/08\/feria-con-motivo-de-la-conmemoracion-del-dia-internacional-de-la-mujer\/#primaryimage\",\"url\":\"http:\/\/www2.tecdmx.org.mx\/wp-content\/uploads\/2019\/11\/feria-dia-mujer-2-404x350.jpg\",\"contentUrl\":\"http:\/\/www2.tecdmx.org.mx\/wp-content\/uploads\/2019\/11\/feria-dia-mujer-2-404x350.jpg\"},{\"@type\":\"BreadcrumbList\",\"@id\":\"https:\/\/www.tecdmx.org.mx\/index.php\/eventos\/2019\/03\/08\/feria-con-motivo-de-la-conmemoracion-del-dia-internacional-de-la-mujer\/#breadcrumb\",\"itemListElement\":[{\"@type\":\"ListItem\",\"position\":1,\"name\":\"Portada\",\"item\":\"https:\/\/www.tecdmx.org.mx\/\"},{\"@type\":\"ListItem\",\"position\":2,\"name\":\"Feria con motivo de la Conmemoraci\u00f3n del D\u00eda Internacional de la Mujer\"}]},{\"@type\":\"WebSite\",\"@id\":\"https:\/\/www.tecdmx.org.mx\/#website\",\"url\":\"https:\/\/www.tecdmx.org.mx\/\",\"name\":\"Tribunal Electoral de la Ciudad de M\u00e9xico\",\"description\":\"25 a\u00f1os garantizando justicia en tu elecci\u00f3n\",\"potentialAction\":[{\"@type\":\"SearchAction\",\"target\":{\"@type\":\"EntryPoint\",\"urlTemplate\":\"https:\/\/www.tecdmx.org.mx\/?s={search_term_string}\"},\"query-input\":\"required name=search_term_string\"}],\"inLanguage\":\"es\"},{\"@type\":\"Person\",\"@id\":\"https:\/\/www.tecdmx.org.mx\/#\/schema\/person\/208c898199fb3234203823c5f0cf31d6\",\"name\":\"Difusion2025\",\"image\":{\"@type\":\"ImageObject\",\"inLanguage\":\"es\",\"@id\":\"https:\/\/www.tecdmx.org.mx\/#\/schema\/person\/image\/\",\"url\":\"https:\/\/secure.gravatar.com\/avatar\/6f7a4ba3acb418040e90a2eb99b5df28?s=96&d=mm&r=g\",\"contentUrl\":\"https:\/\/secure.gravatar.com\/avatar\/6f7a4ba3acb418040e90a2eb99b5df28?s=96&d=mm&r=g\",\"caption\":\"Difusion2025\"}}]}<\/script>\n<!-- \/ Yoast SEO plugin. -->","yoast_head_json":{"title":"Feria con motivo de la Conmemoraci\u00f3n del D\u00eda Internacional de la Mujer - Tribunal Electoral de la Ciudad de M\u00e9xico","robots":{"index":"index","follow":"follow","max-snippet":"max-snippet:-1","max-image-preview":"max-image-preview:large","max-video-preview":"max-video-preview:-1"},"canonical":"https:\/\/www.tecdmx.org.mx\/index.php\/eventos\/2019\/03\/08\/feria-con-motivo-de-la-conmemoracion-del-dia-internacional-de-la-mujer\/","og_locale":"es_ES","og_type":"article","og_title":"Feria con motivo de la Conmemoraci\u00f3n del D\u00eda Internacional de la Mujer - Tribunal Electoral de la Ciudad de M\u00e9xico","og_description":"El Magistrado Presidente hizo un recorrido en la Feria con motivo del D\u00eda Internacional de la Mujer organizada por el TSJCDMX. En este espacio, diversas instituciones buscan generar conciencia sobre [&hellip;]","og_url":"https:\/\/www.tecdmx.org.mx\/index.php\/eventos\/2019\/03\/08\/feria-con-motivo-de-la-conmemoracion-del-dia-internacional-de-la-mujer\/","og_site_name":"Tribunal Electoral de la Ciudad de M\u00e9xico","article_publisher":"https:\/\/www.facebook.com\/TECDMX\/","article_published_time":"2019-03-08T21:19:01+00:00","article_modified_time":"2019-11-10T21:20:40+00:00","og_image":[{"url":"http:\/\/www2.tecdmx.org.mx\/wp-content\/uploads\/2019\/11\/feria-dia-mujer-2-404x350.jpg"}],"author":"Difusion2025","twitter_card":"summary_large_image","twitter_creator":"@tecdmx","twitter_site":"@tecdmx","twitter_misc":{"Escrito por":"Difusion2025"},"schema":{"@context":"https:\/\/schema.org","@graph":[{"@type":"WebPage","@id":"https:\/\/www.tecdmx.org.mx\/index.php\/eventos\/2019\/03\/08\/feria-con-motivo-de-la-conmemoracion-del-dia-internacional-de-la-mujer\/","url":"https:\/\/www.tecdmx.org.mx\/index.php\/eventos\/2019\/03\/08\/feria-con-motivo-de-la-conmemoracion-del-dia-internacional-de-la-mujer\/","name":"Feria con motivo de la Conmemoraci\u00f3n del D\u00eda Internacional de la Mujer - Tribunal Electoral de la Ciudad de M\u00e9xico","isPartOf":{"@id":"https:\/\/www.tecdmx.org.mx\/#website"},"primaryImageOfPage":{"@id":"https:\/\/www.tecdmx.org.mx\/index.php\/eventos\/2019\/03\/08\/feria-con-motivo-de-la-conmemoracion-del-dia-internacional-de-la-mujer\/#primaryimage"},"image":{"@id":"https:\/\/www.tecdmx.org.mx\/index.php\/eventos\/2019\/03\/08\/feria-con-motivo-de-la-conmemoracion-del-dia-internacional-de-la-mujer\/#primaryimage"},"thumbnailUrl":"http:\/\/www2.tecdmx.org.mx\/wp-content\/uploads\/2019\/11\/feria-dia-mujer-2-404x350.jpg","datePublished":"2019-03-08T21:19:01+00:00","dateModified":"2019-11-10T21:20:40+00:00","author":{"@id":"https:\/\/www.tecdmx.org.mx\/#\/schema\/person\/208c898199fb3234203823c5f0cf31d6"},"breadcrumb":{"@id":"https:\/\/www.tecdmx.org.mx\/index.php\/eventos\/2019\/03\/08\/feria-con-motivo-de-la-conmemoracion-del-dia-internacional-de-la-mujer\/#breadcrumb"},"inLanguage":"es","potentialAction":[{"@type":"ReadAction","target":["https:\/\/www.tecdmx.org.mx\/index.php\/eventos\/2019\/03\/08\/feria-con-motivo-de-la-conmemoracion-del-dia-internacional-de-la-mujer\/"]}]},{"@type":"ImageObject","inLanguage":"es","@id":"https:\/\/www.tecdmx.org.mx\/index.php\/eventos\/2019\/03\/08\/feria-con-motivo-de-la-conmemoracion-del-dia-internacional-de-la-mujer\/#primaryimage","url":"http:\/\/www2.tecdmx.org.mx\/wp-content\/uploads\/2019\/11\/feria-dia-mujer-2-404x350.jpg","contentUrl":"http:\/\/www2.tecdmx.org.mx\/wp-content\/uploads\/2019\/11\/feria-dia-mujer-2-404x350.jpg"},{"@type":"BreadcrumbList","@id":"https:\/\/www.tecdmx.org.mx\/index.php\/eventos\/2019\/03\/08\/feria-con-motivo-de-la-conmemoracion-del-dia-internacional-de-la-mujer\/#breadcrumb","itemListElement":[{"@type":"ListItem","position":1,"name":"Portada","item":"https:\/\/www.tecdmx.org.mx\/"},{"@type":"ListItem","position":2,"name":"Feria con motivo de la Conmemoraci\u00f3n del D\u00eda Internacional de la Mujer"}]},{"@type":"WebSite","@id":"https:\/\/www.tecdmx.org.mx\/#website","url":"https:\/\/www.tecdmx.org.mx\/","name":"Tribunal Electoral de la Ciudad de M\u00e9xico","description":"25 a\u00f1os garantizando justicia en tu elecci\u00f3n","potentialAction":[{"@type":"SearchAction","target":{"@type":"EntryPoint","urlTemplate":"https:\/\/www.tecdmx.org.mx\/?s={search_term_string}"},"query-input":"required name=search_term_string"}],"inLanguage":"es"},{"@type":"Person","@id":"https:\/\/www.tecdmx.org.mx\/#\/schema\/person\/208c898199fb3234203823c5f0cf31d6","name":"Difusion2025","image":{"@type":"ImageObject","inLanguage":"es","@id":"https:\/\/www.tecdmx.org.mx\/#\/schema\/person\/image\/","url":"https:\/\/secure.gravatar.com\/avatar\/6f7a4ba3acb418040e90a2eb99b5df28?s=96&d=mm&r=g","contentUrl":"https:\/\/secure.gravatar.com\/avatar\/6f7a4ba3acb418040e90a2eb99b5df28?s=96&d=mm&r=g","caption":"Difusion2025"}}]}},"_links":{"self":[{"href":"https:\/\/www.tecdmx.org.mx\/index.php\/wp-json\/wp\/v2\/posts\/14567"}],"collection":[{"href":"https:\/\/www.tecdmx.org.mx\/index.php\/wp-json\/wp\/v2\/posts"}],"about":[{"href":"https:\/\/www.tecdmx.org.mx\/index.php\/wp-json\/wp\/v2\/types\/post"}],"author":[{"embeddable":true,"href":"https:\/\/www.tecdmx.org.mx\/index.php\/wp-json\/wp\/v2\/users\/13"}],"replies":[{"embeddable":true,"href":"https:\/\/www.tecdmx.org.mx\/index.php\/wp-json\/wp\/v2\/comments?post=14567"}],"version-history":[{"count":1,"href":"https:\/\/www.tecdmx.org.mx\/index.php\/wp-json\/wp\/v2\/posts\/14567\/revisions"}],"predecessor-version":[{"id":14570,"href":"https:\/\/www.tecdmx.org.mx\/index.php\/wp-json\/wp\/v2\/posts\/14567\/revisions\/14570"}],"wp:attachment":[{"href":"https:\/\/www.tecdmx.org.mx\/index.php\/wp-json\/wp\/v2\/media?parent=14567"}],"wp:term":[{"taxonomy":"category","embeddable":true,"href":"https:\/\/www.tecdmx.org.mx\/index.php\/wp-json\/wp\/v2\/categories?post=14567"},{"taxonomy":"post_tag","embeddable":true,"href":"https:\/\/www.tecdmx.org.mx\/index.php\/wp-json\/wp\/v2\/tags?post=14567"}],"curies":[{"name":"wp","href":"https:\/\/api.w.org\/{rel}","templated":true}]}}