{"id":14658,"date":"2019-04-24T23:01:43","date_gmt":"2019-04-24T23:01:43","guid":{"rendered":"http:\/\/www2.tecdmx.org.mx\/?p=14658"},"modified":"2019-11-12T00:23:12","modified_gmt":"2019-11-12T00:23:12","slug":"jornadas-de-salud-tecdmx-2019-conferencia","status":"publish","type":"post","link":"https:\/\/www.tecdmx.org.mx\/index.php\/eventos\/2019\/04\/24\/jornadas-de-salud-tecdmx-2019-conferencia\/","title":{"rendered":"Jornadas de Salud TECDMX 2019. Conferencia"},"content":{"rendered":"\n<p class=\"has-medium-font-size\">El Dr. C\u00e9sar Real imparti\u00f3 la conferencia \u201cQu\u00e9 hacer cuando se presentan emergencias en casa\u201d como parte de la campa\u00f1a de salud 18-19, a las personas servidoras p\u00fablicas de este \u00f3rganos jurisdiccional. <\/p>\n\n\n\n<ul class=\"wp-block-gallery aligncenter columns-1 wp-block-gallery-1 is-layout-flex wp-block-gallery-is-layout-flex\"><li class=\"blocks-gallery-item\"><figure><img loading=\"lazy\" decoding=\"async\" width=\"525\" height=\"350\" src=\"https:\/\/www.tecdmx.org.mx\/wp-content\/uploads\/2019\/11\/jornada-salud-2-525x350.jpeg\" alt=\"\" data-id=\"14661\" data-link=\"http:\/\/www2.tecdmx.org.mx\/?attachment_id=14661\" class=\"wp-image-14661\" srcset=\"https:\/\/www.tecdmx.org.mx\/wp-content\/uploads\/2019\/11\/jornada-salud-2-375x250.jpeg 375w, https:\/\/www.tecdmx.org.mx\/wp-content\/uploads\/2019\/11\/jornada-salud-2-768x512.jpeg 768w, https:\/\/www.tecdmx.org.mx\/wp-content\/uploads\/2019\/11\/jornada-salud-2-525x350.jpeg 525w, https:\/\/www.tecdmx.org.mx\/wp-content\/uploads\/2019\/11\/jornada-salud-2.jpeg 1280w\" sizes=\"(max-width: 525px) 100vw, 525px\" \/><\/figure><\/li><li class=\"blocks-gallery-item\"><figure><img loading=\"lazy\" decoding=\"async\" width=\"525\" height=\"350\" src=\"https:\/\/www.tecdmx.org.mx\/wp-content\/uploads\/2019\/11\/jornada-salud-3-525x350.jpeg\" alt=\"\" data-id=\"14662\" data-link=\"http:\/\/www2.tecdmx.org.mx\/?attachment_id=14662\" class=\"wp-image-14662\" srcset=\"https:\/\/www.tecdmx.org.mx\/wp-content\/uploads\/2019\/11\/jornada-salud-3-375x250.jpeg 375w, https:\/\/www.tecdmx.org.mx\/wp-content\/uploads\/2019\/11\/jornada-salud-3-768x512.jpeg 768w, https:\/\/www.tecdmx.org.mx\/wp-content\/uploads\/2019\/11\/jornada-salud-3-525x350.jpeg 525w, https:\/\/www.tecdmx.org.mx\/wp-content\/uploads\/2019\/11\/jornada-salud-3.jpeg 1280w\" sizes=\"(max-width: 525px) 100vw, 525px\" \/><\/figure><\/li><li class=\"blocks-gallery-item\"><figure><img loading=\"lazy\" decoding=\"async\" width=\"525\" height=\"350\" src=\"https:\/\/www.tecdmx.org.mx\/wp-content\/uploads\/2019\/11\/jornada-salud-1-525x350.jpeg\" alt=\"\" data-id=\"14660\" data-link=\"http:\/\/www2.tecdmx.org.mx\/?attachment_id=14660\" class=\"wp-image-14660\" srcset=\"https:\/\/www.tecdmx.org.mx\/wp-content\/uploads\/2019\/11\/jornada-salud-1-375x250.jpeg 375w, https:\/\/www.tecdmx.org.mx\/wp-content\/uploads\/2019\/11\/jornada-salud-1-768x512.jpeg 768w, https:\/\/www.tecdmx.org.mx\/wp-content\/uploads\/2019\/11\/jornada-salud-1-525x350.jpeg 525w, https:\/\/www.tecdmx.org.mx\/wp-content\/uploads\/2019\/11\/jornada-salud-1.jpeg 1280w\" sizes=\"(max-width: 525px) 100vw, 525px\" \/><\/figure><\/li><li class=\"blocks-gallery-item\"><figure><img loading=\"lazy\" decoding=\"async\" width=\"525\" height=\"350\" src=\"https:\/\/www.tecdmx.org.mx\/wp-content\/uploads\/2019\/11\/jornada-salud-4-525x350.jpeg\" alt=\"\" data-id=\"14659\" data-link=\"http:\/\/www2.tecdmx.org.mx\/?attachment_id=14659\" class=\"wp-image-14659\" srcset=\"https:\/\/www.tecdmx.org.mx\/wp-content\/uploads\/2019\/11\/jornada-salud-4-375x250.jpeg 375w, https:\/\/www.tecdmx.org.mx\/wp-content\/uploads\/2019\/11\/jornada-salud-4-768x512.jpeg 768w, https:\/\/www.tecdmx.org.mx\/wp-content\/uploads\/2019\/11\/jornada-salud-4-525x350.jpeg 525w, https:\/\/www.tecdmx.org.mx\/wp-content\/uploads\/2019\/11\/jornada-salud-4.jpeg 1280w\" sizes=\"(max-width: 525px) 100vw, 525px\" \/><\/figure><\/li><\/ul>\n","protected":false},"excerpt":{"rendered":"<p>El Dr. C\u00e9sar Real imparti\u00f3 la conferencia \u201cQu\u00e9 hacer cuando se presentan emergencias en casa\u201d como parte de la campa\u00f1a de salud 18-19, a las personas servidoras p\u00fablicas de este [&hellip;]<\/p>\n","protected":false},"author":13,"featured_media":0,"comment_status":"open","ping_status":"open","sticky":false,"template":"","format":"standard","meta":{"_acf_changed":false,"_exactmetrics_skip_tracking":false,"_exactmetrics_sitenote_active":false,"_exactmetrics_sitenote_note":"","_exactmetrics_sitenote_category":0,"footnotes":""},"categories":[40],"tags":[],"acf":[],"yoast_head":"<!-- This site is optimized with the Yoast SEO plugin v22.3 - https:\/\/yoast.com\/wordpress\/plugins\/seo\/ -->\n<title>Jornadas de Salud TECDMX 2019. Conferencia - Tribunal Electoral de la Ciudad de M\u00e9xico<\/title>\n<meta name=\"robots\" content=\"index, follow, max-snippet:-1, max-image-preview:large, max-video-preview:-1\" \/>\n<link rel=\"canonical\" href=\"https:\/\/www.tecdmx.org.mx\/index.php\/eventos\/2019\/04\/24\/jornadas-de-salud-tecdmx-2019-conferencia\/\" \/>\n<meta property=\"og:locale\" content=\"es_ES\" \/>\n<meta property=\"og:type\" content=\"article\" \/>\n<meta property=\"og:title\" content=\"Jornadas de Salud TECDMX 2019. Conferencia - Tribunal Electoral de la Ciudad de M\u00e9xico\" \/>\n<meta property=\"og:description\" content=\"El Dr. C\u00e9sar Real imparti\u00f3 la conferencia \u201cQu\u00e9 hacer cuando se presentan emergencias en casa\u201d como parte de la campa\u00f1a de salud 18-19, a las personas servidoras p\u00fablicas de este [&hellip;]\" \/>\n<meta property=\"og:url\" content=\"https:\/\/www.tecdmx.org.mx\/index.php\/eventos\/2019\/04\/24\/jornadas-de-salud-tecdmx-2019-conferencia\/\" \/>\n<meta property=\"og:site_name\" content=\"Tribunal Electoral de la Ciudad de M\u00e9xico\" \/>\n<meta property=\"article:publisher\" content=\"https:\/\/www.facebook.com\/TECDMX\/\" \/>\n<meta property=\"article:published_time\" content=\"2019-04-24T23:01:43+00:00\" \/>\n<meta property=\"article:modified_time\" content=\"2019-11-12T00:23:12+00:00\" \/>\n<meta property=\"og:image\" content=\"http:\/\/www2.tecdmx.org.mx\/wp-content\/uploads\/2019\/11\/jornada-salud-2-525x350.jpeg\" \/>\n<meta name=\"author\" content=\"Difusion2025\" \/>\n<meta name=\"twitter:card\" content=\"summary_large_image\" \/>\n<meta name=\"twitter:creator\" content=\"@tecdmx\" \/>\n<meta name=\"twitter:site\" content=\"@tecdmx\" \/>\n<meta name=\"twitter:label1\" content=\"Escrito por\" \/>\n\t<meta name=\"twitter:data1\" content=\"Difusion2025\" \/>\n<script type=\"application\/ld+json\" class=\"yoast-schema-graph\">{\"@context\":\"https:\/\/schema.org\",\"@graph\":[{\"@type\":\"WebPage\",\"@id\":\"https:\/\/www.tecdmx.org.mx\/index.php\/eventos\/2019\/04\/24\/jornadas-de-salud-tecdmx-2019-conferencia\/\",\"url\":\"https:\/\/www.tecdmx.org.mx\/index.php\/eventos\/2019\/04\/24\/jornadas-de-salud-tecdmx-2019-conferencia\/\",\"name\":\"Jornadas de Salud TECDMX 2019. Conferencia - Tribunal Electoral de la Ciudad de M\u00e9xico\",\"isPartOf\":{\"@id\":\"https:\/\/www.tecdmx.org.mx\/#website\"},\"primaryImageOfPage\":{\"@id\":\"https:\/\/www.tecdmx.org.mx\/index.php\/eventos\/2019\/04\/24\/jornadas-de-salud-tecdmx-2019-conferencia\/#primaryimage\"},\"image\":{\"@id\":\"https:\/\/www.tecdmx.org.mx\/index.php\/eventos\/2019\/04\/24\/jornadas-de-salud-tecdmx-2019-conferencia\/#primaryimage\"},\"thumbnailUrl\":\"http:\/\/www2.tecdmx.org.mx\/wp-content\/uploads\/2019\/11\/jornada-salud-2-525x350.jpeg\",\"datePublished\":\"2019-04-24T23:01:43+00:00\",\"dateModified\":\"2019-11-12T00:23:12+00:00\",\"author\":{\"@id\":\"https:\/\/www.tecdmx.org.mx\/#\/schema\/person\/208c898199fb3234203823c5f0cf31d6\"},\"breadcrumb\":{\"@id\":\"https:\/\/www.tecdmx.org.mx\/index.php\/eventos\/2019\/04\/24\/jornadas-de-salud-tecdmx-2019-conferencia\/#breadcrumb\"},\"inLanguage\":\"es\",\"potentialAction\":[{\"@type\":\"ReadAction\",\"target\":[\"https:\/\/www.tecdmx.org.mx\/index.php\/eventos\/2019\/04\/24\/jornadas-de-salud-tecdmx-2019-conferencia\/\"]}]},{\"@type\":\"ImageObject\",\"inLanguage\":\"es\",\"@id\":\"https:\/\/www.tecdmx.org.mx\/index.php\/eventos\/2019\/04\/24\/jornadas-de-salud-tecdmx-2019-conferencia\/#primaryimage\",\"url\":\"http:\/\/www2.tecdmx.org.mx\/wp-content\/uploads\/2019\/11\/jornada-salud-2-525x350.jpeg\",\"contentUrl\":\"http:\/\/www2.tecdmx.org.mx\/wp-content\/uploads\/2019\/11\/jornada-salud-2-525x350.jpeg\"},{\"@type\":\"BreadcrumbList\",\"@id\":\"https:\/\/www.tecdmx.org.mx\/index.php\/eventos\/2019\/04\/24\/jornadas-de-salud-tecdmx-2019-conferencia\/#breadcrumb\",\"itemListElement\":[{\"@type\":\"ListItem\",\"position\":1,\"name\":\"Portada\",\"item\":\"https:\/\/www.tecdmx.org.mx\/\"},{\"@type\":\"ListItem\",\"position\":2,\"name\":\"Jornadas de Salud TECDMX 2019. Conferencia\"}]},{\"@type\":\"WebSite\",\"@id\":\"https:\/\/www.tecdmx.org.mx\/#website\",\"url\":\"https:\/\/www.tecdmx.org.mx\/\",\"name\":\"Tribunal Electoral de la Ciudad de M\u00e9xico\",\"description\":\"25 a\u00f1os garantizando justicia en tu elecci\u00f3n\",\"potentialAction\":[{\"@type\":\"SearchAction\",\"target\":{\"@type\":\"EntryPoint\",\"urlTemplate\":\"https:\/\/www.tecdmx.org.mx\/?s={search_term_string}\"},\"query-input\":\"required name=search_term_string\"}],\"inLanguage\":\"es\"},{\"@type\":\"Person\",\"@id\":\"https:\/\/www.tecdmx.org.mx\/#\/schema\/person\/208c898199fb3234203823c5f0cf31d6\",\"name\":\"Difusion2025\",\"image\":{\"@type\":\"ImageObject\",\"inLanguage\":\"es\",\"@id\":\"https:\/\/www.tecdmx.org.mx\/#\/schema\/person\/image\/\",\"url\":\"https:\/\/secure.gravatar.com\/avatar\/6f7a4ba3acb418040e90a2eb99b5df28?s=96&d=mm&r=g\",\"contentUrl\":\"https:\/\/secure.gravatar.com\/avatar\/6f7a4ba3acb418040e90a2eb99b5df28?s=96&d=mm&r=g\",\"caption\":\"Difusion2025\"}}]}<\/script>\n<!-- \/ Yoast SEO plugin. -->","yoast_head_json":{"title":"Jornadas de Salud TECDMX 2019. Conferencia - Tribunal Electoral de la Ciudad de M\u00e9xico","robots":{"index":"index","follow":"follow","max-snippet":"max-snippet:-1","max-image-preview":"max-image-preview:large","max-video-preview":"max-video-preview:-1"},"canonical":"https:\/\/www.tecdmx.org.mx\/index.php\/eventos\/2019\/04\/24\/jornadas-de-salud-tecdmx-2019-conferencia\/","og_locale":"es_ES","og_type":"article","og_title":"Jornadas de Salud TECDMX 2019. Conferencia - Tribunal Electoral de la Ciudad de M\u00e9xico","og_description":"El Dr. C\u00e9sar Real imparti\u00f3 la conferencia \u201cQu\u00e9 hacer cuando se presentan emergencias en casa\u201d como parte de la campa\u00f1a de salud 18-19, a las personas servidoras p\u00fablicas de este [&hellip;]","og_url":"https:\/\/www.tecdmx.org.mx\/index.php\/eventos\/2019\/04\/24\/jornadas-de-salud-tecdmx-2019-conferencia\/","og_site_name":"Tribunal Electoral de la Ciudad de M\u00e9xico","article_publisher":"https:\/\/www.facebook.com\/TECDMX\/","article_published_time":"2019-04-24T23:01:43+00:00","article_modified_time":"2019-11-12T00:23:12+00:00","og_image":[{"url":"http:\/\/www2.tecdmx.org.mx\/wp-content\/uploads\/2019\/11\/jornada-salud-2-525x350.jpeg"}],"author":"Difusion2025","twitter_card":"summary_large_image","twitter_creator":"@tecdmx","twitter_site":"@tecdmx","twitter_misc":{"Escrito por":"Difusion2025"},"schema":{"@context":"https:\/\/schema.org","@graph":[{"@type":"WebPage","@id":"https:\/\/www.tecdmx.org.mx\/index.php\/eventos\/2019\/04\/24\/jornadas-de-salud-tecdmx-2019-conferencia\/","url":"https:\/\/www.tecdmx.org.mx\/index.php\/eventos\/2019\/04\/24\/jornadas-de-salud-tecdmx-2019-conferencia\/","name":"Jornadas de Salud TECDMX 2019. Conferencia - Tribunal Electoral de la Ciudad de M\u00e9xico","isPartOf":{"@id":"https:\/\/www.tecdmx.org.mx\/#website"},"primaryImageOfPage":{"@id":"https:\/\/www.tecdmx.org.mx\/index.php\/eventos\/2019\/04\/24\/jornadas-de-salud-tecdmx-2019-conferencia\/#primaryimage"},"image":{"@id":"https:\/\/www.tecdmx.org.mx\/index.php\/eventos\/2019\/04\/24\/jornadas-de-salud-tecdmx-2019-conferencia\/#primaryimage"},"thumbnailUrl":"http:\/\/www2.tecdmx.org.mx\/wp-content\/uploads\/2019\/11\/jornada-salud-2-525x350.jpeg","datePublished":"2019-04-24T23:01:43+00:00","dateModified":"2019-11-12T00:23:12+00:00","author":{"@id":"https:\/\/www.tecdmx.org.mx\/#\/schema\/person\/208c898199fb3234203823c5f0cf31d6"},"breadcrumb":{"@id":"https:\/\/www.tecdmx.org.mx\/index.php\/eventos\/2019\/04\/24\/jornadas-de-salud-tecdmx-2019-conferencia\/#breadcrumb"},"inLanguage":"es","potentialAction":[{"@type":"ReadAction","target":["https:\/\/www.tecdmx.org.mx\/index.php\/eventos\/2019\/04\/24\/jornadas-de-salud-tecdmx-2019-conferencia\/"]}]},{"@type":"ImageObject","inLanguage":"es","@id":"https:\/\/www.tecdmx.org.mx\/index.php\/eventos\/2019\/04\/24\/jornadas-de-salud-tecdmx-2019-conferencia\/#primaryimage","url":"http:\/\/www2.tecdmx.org.mx\/wp-content\/uploads\/2019\/11\/jornada-salud-2-525x350.jpeg","contentUrl":"http:\/\/www2.tecdmx.org.mx\/wp-content\/uploads\/2019\/11\/jornada-salud-2-525x350.jpeg"},{"@type":"BreadcrumbList","@id":"https:\/\/www.tecdmx.org.mx\/index.php\/eventos\/2019\/04\/24\/jornadas-de-salud-tecdmx-2019-conferencia\/#breadcrumb","itemListElement":[{"@type":"ListItem","position":1,"name":"Portada","item":"https:\/\/www.tecdmx.org.mx\/"},{"@type":"ListItem","position":2,"name":"Jornadas de Salud TECDMX 2019. Conferencia"}]},{"@type":"WebSite","@id":"https:\/\/www.tecdmx.org.mx\/#website","url":"https:\/\/www.tecdmx.org.mx\/","name":"Tribunal Electoral de la Ciudad de M\u00e9xico","description":"25 a\u00f1os garantizando justicia en tu elecci\u00f3n","potentialAction":[{"@type":"SearchAction","target":{"@type":"EntryPoint","urlTemplate":"https:\/\/www.tecdmx.org.mx\/?s={search_term_string}"},"query-input":"required name=search_term_string"}],"inLanguage":"es"},{"@type":"Person","@id":"https:\/\/www.tecdmx.org.mx\/#\/schema\/person\/208c898199fb3234203823c5f0cf31d6","name":"Difusion2025","image":{"@type":"ImageObject","inLanguage":"es","@id":"https:\/\/www.tecdmx.org.mx\/#\/schema\/person\/image\/","url":"https:\/\/secure.gravatar.com\/avatar\/6f7a4ba3acb418040e90a2eb99b5df28?s=96&d=mm&r=g","contentUrl":"https:\/\/secure.gravatar.com\/avatar\/6f7a4ba3acb418040e90a2eb99b5df28?s=96&d=mm&r=g","caption":"Difusion2025"}}]}},"_links":{"self":[{"href":"https:\/\/www.tecdmx.org.mx\/index.php\/wp-json\/wp\/v2\/posts\/14658"}],"collection":[{"href":"https:\/\/www.tecdmx.org.mx\/index.php\/wp-json\/wp\/v2\/posts"}],"about":[{"href":"https:\/\/www.tecdmx.org.mx\/index.php\/wp-json\/wp\/v2\/types\/post"}],"author":[{"embeddable":true,"href":"https:\/\/www.tecdmx.org.mx\/index.php\/wp-json\/wp\/v2\/users\/13"}],"replies":[{"embeddable":true,"href":"https:\/\/www.tecdmx.org.mx\/index.php\/wp-json\/wp\/v2\/comments?post=14658"}],"version-history":[{"count":1,"href":"https:\/\/www.tecdmx.org.mx\/index.php\/wp-json\/wp\/v2\/posts\/14658\/revisions"}],"predecessor-version":[{"id":14663,"href":"https:\/\/www.tecdmx.org.mx\/index.php\/wp-json\/wp\/v2\/posts\/14658\/revisions\/14663"}],"wp:attachment":[{"href":"https:\/\/www.tecdmx.org.mx\/index.php\/wp-json\/wp\/v2\/media?parent=14658"}],"wp:term":[{"taxonomy":"category","embeddable":true,"href":"https:\/\/www.tecdmx.org.mx\/index.php\/wp-json\/wp\/v2\/categories?post=14658"},{"taxonomy":"post_tag","embeddable":true,"href":"https:\/\/www.tecdmx.org.mx\/index.php\/wp-json\/wp\/v2\/tags?post=14658"}],"curies":[{"name":"wp","href":"https:\/\/api.w.org\/{rel}","templated":true}]}}