{"id":14780,"date":"2019-06-11T12:43:28","date_gmt":"2019-06-11T12:43:28","guid":{"rendered":"http:\/\/www2.tecdmx.org.mx\/?p=14780"},"modified":"2019-11-11T00:48:00","modified_gmt":"2019-11-11T00:48:00","slug":"foro-analisis-para-la-reforma-electoral-y-del-estado","status":"publish","type":"post","link":"https:\/\/www.tecdmx.org.mx\/index.php\/destacados\/2019\/06\/11\/foro-analisis-para-la-reforma-electoral-y-del-estado\/","title":{"rendered":"Foro: \u201cAn\u00e1lisis para la Reforma Electoral y del Estado\u201d"},"content":{"rendered":"\n<p class=\"has-medium-font-size\">El magistrado Armando Hern\u00e1ndez Cruz asisti\u00f3 al foro \u201cAn\u00e1lisis para la Reforma Electoral y del Estado\u201d, que se llev\u00f3 a cabo en la C\u00e1mara de Diputados. Espacio de reflexi\u00f3n para encontrar mecanismos que fortalezcan la participaci\u00f3n ciudadana y la democracia. <\/p>\n\n\n\n<ul class=\"wp-block-gallery aligncenter columns-1 wp-block-gallery-1 is-layout-flex wp-block-gallery-is-layout-flex\"><li class=\"blocks-gallery-item\"><figure><img loading=\"lazy\" decoding=\"async\" width=\"481\" height=\"350\" src=\"https:\/\/www.tecdmx.org.mx\/wp-content\/uploads\/2019\/11\/an\u00e1lisis-reforma-2-481x350.png\" alt=\"\" data-id=\"14781\" data-link=\"http:\/\/www2.tecdmx.org.mx\/?attachment_id=14781\" class=\"wp-image-14781\" srcset=\"https:\/\/www.tecdmx.org.mx\/wp-content\/uploads\/2019\/11\/an\u00e1lisis-reforma-2-344x250.png 344w, https:\/\/www.tecdmx.org.mx\/wp-content\/uploads\/2019\/11\/an\u00e1lisis-reforma-2-768x559.png 768w, https:\/\/www.tecdmx.org.mx\/wp-content\/uploads\/2019\/11\/an\u00e1lisis-reforma-2-481x350.png 481w, https:\/\/www.tecdmx.org.mx\/wp-content\/uploads\/2019\/11\/an\u00e1lisis-reforma-2.png 1856w\" sizes=\"(max-width: 481px) 100vw, 481px\" \/><\/figure><\/li><li class=\"blocks-gallery-item\"><figure><img loading=\"lazy\" decoding=\"async\" width=\"506\" height=\"350\" src=\"https:\/\/www.tecdmx.org.mx\/wp-content\/uploads\/2019\/11\/an\u00e1lisis-reforma-1-506x350.png\" alt=\"\" data-id=\"14782\" data-link=\"http:\/\/www2.tecdmx.org.mx\/?attachment_id=14782\" class=\"wp-image-14782\" srcset=\"https:\/\/www.tecdmx.org.mx\/wp-content\/uploads\/2019\/11\/an\u00e1lisis-reforma-1-362x250.png 362w, https:\/\/www.tecdmx.org.mx\/wp-content\/uploads\/2019\/11\/an\u00e1lisis-reforma-1-768x531.png 768w, https:\/\/www.tecdmx.org.mx\/wp-content\/uploads\/2019\/11\/an\u00e1lisis-reforma-1-506x350.png 506w, https:\/\/www.tecdmx.org.mx\/wp-content\/uploads\/2019\/11\/an\u00e1lisis-reforma-1.png 1958w\" sizes=\"(max-width: 506px) 100vw, 506px\" \/><\/figure><\/li><\/ul>\n","protected":false},"excerpt":{"rendered":"<p>El magistrado Armando Hern\u00e1ndez Cruz asisti\u00f3 al foro \u201cAn\u00e1lisis para la Reforma Electoral y del Estado\u201d, que se llev\u00f3 a cabo en la C\u00e1mara de Diputados. Espacio de reflexi\u00f3n para [&hellip;]<\/p>\n","protected":false},"author":13,"featured_media":0,"comment_status":"open","ping_status":"open","sticky":false,"template":"","format":"standard","meta":{"_acf_changed":false,"_exactmetrics_skip_tracking":false,"_exactmetrics_sitenote_active":false,"_exactmetrics_sitenote_note":"","_exactmetrics_sitenote_category":0,"footnotes":""},"categories":[47,40],"tags":[],"acf":[],"yoast_head":"<!-- This site is optimized with the Yoast SEO plugin v22.3 - https:\/\/yoast.com\/wordpress\/plugins\/seo\/ -->\n<title>Foro: \u201cAn\u00e1lisis para la Reforma Electoral y del Estado\u201d - Tribunal Electoral de la Ciudad de M\u00e9xico<\/title>\n<meta name=\"robots\" content=\"index, follow, max-snippet:-1, max-image-preview:large, max-video-preview:-1\" \/>\n<link rel=\"canonical\" href=\"https:\/\/www.tecdmx.org.mx\/index.php\/destacados\/2019\/06\/11\/foro-analisis-para-la-reforma-electoral-y-del-estado\/\" \/>\n<meta property=\"og:locale\" content=\"es_ES\" \/>\n<meta property=\"og:type\" content=\"article\" \/>\n<meta property=\"og:title\" content=\"Foro: \u201cAn\u00e1lisis para la Reforma Electoral y del Estado\u201d - Tribunal Electoral de la Ciudad de M\u00e9xico\" \/>\n<meta property=\"og:description\" content=\"El magistrado Armando Hern\u00e1ndez Cruz asisti\u00f3 al foro \u201cAn\u00e1lisis para la Reforma Electoral y del Estado\u201d, que se llev\u00f3 a cabo en la C\u00e1mara de Diputados. Espacio de reflexi\u00f3n para [&hellip;]\" \/>\n<meta property=\"og:url\" content=\"https:\/\/www.tecdmx.org.mx\/index.php\/destacados\/2019\/06\/11\/foro-analisis-para-la-reforma-electoral-y-del-estado\/\" \/>\n<meta property=\"og:site_name\" content=\"Tribunal Electoral de la Ciudad de M\u00e9xico\" \/>\n<meta property=\"article:publisher\" content=\"https:\/\/www.facebook.com\/TECDMX\/\" \/>\n<meta property=\"article:published_time\" content=\"2019-06-11T12:43:28+00:00\" \/>\n<meta property=\"article:modified_time\" content=\"2019-11-11T00:48:00+00:00\" \/>\n<meta property=\"og:image\" content=\"http:\/\/www2.tecdmx.org.mx\/wp-content\/uploads\/2019\/11\/an\u00e1lisis-reforma-2-481x350.png\" \/>\n<meta name=\"author\" content=\"Difusion2025\" \/>\n<meta name=\"twitter:card\" content=\"summary_large_image\" \/>\n<meta name=\"twitter:creator\" content=\"@tecdmx\" \/>\n<meta name=\"twitter:site\" content=\"@tecdmx\" \/>\n<meta name=\"twitter:label1\" content=\"Escrito por\" \/>\n\t<meta name=\"twitter:data1\" content=\"Difusion2025\" \/>\n<script type=\"application\/ld+json\" class=\"yoast-schema-graph\">{\"@context\":\"https:\/\/schema.org\",\"@graph\":[{\"@type\":\"WebPage\",\"@id\":\"https:\/\/www.tecdmx.org.mx\/index.php\/destacados\/2019\/06\/11\/foro-analisis-para-la-reforma-electoral-y-del-estado\/\",\"url\":\"https:\/\/www.tecdmx.org.mx\/index.php\/destacados\/2019\/06\/11\/foro-analisis-para-la-reforma-electoral-y-del-estado\/\",\"name\":\"Foro: \u201cAn\u00e1lisis para la Reforma Electoral y del Estado\u201d - Tribunal Electoral de la Ciudad de M\u00e9xico\",\"isPartOf\":{\"@id\":\"https:\/\/www.tecdmx.org.mx\/#website\"},\"datePublished\":\"2019-06-11T12:43:28+00:00\",\"dateModified\":\"2019-11-11T00:48:00+00:00\",\"author\":{\"@id\":\"https:\/\/www.tecdmx.org.mx\/#\/schema\/person\/208c898199fb3234203823c5f0cf31d6\"},\"breadcrumb\":{\"@id\":\"https:\/\/www.tecdmx.org.mx\/index.php\/destacados\/2019\/06\/11\/foro-analisis-para-la-reforma-electoral-y-del-estado\/#breadcrumb\"},\"inLanguage\":\"es\",\"potentialAction\":[{\"@type\":\"ReadAction\",\"target\":[\"https:\/\/www.tecdmx.org.mx\/index.php\/destacados\/2019\/06\/11\/foro-analisis-para-la-reforma-electoral-y-del-estado\/\"]}]},{\"@type\":\"BreadcrumbList\",\"@id\":\"https:\/\/www.tecdmx.org.mx\/index.php\/destacados\/2019\/06\/11\/foro-analisis-para-la-reforma-electoral-y-del-estado\/#breadcrumb\",\"itemListElement\":[{\"@type\":\"ListItem\",\"position\":1,\"name\":\"Portada\",\"item\":\"https:\/\/www.tecdmx.org.mx\/\"},{\"@type\":\"ListItem\",\"position\":2,\"name\":\"Foro: \u201cAn\u00e1lisis para la Reforma Electoral y del Estado\u201d\"}]},{\"@type\":\"WebSite\",\"@id\":\"https:\/\/www.tecdmx.org.mx\/#website\",\"url\":\"https:\/\/www.tecdmx.org.mx\/\",\"name\":\"Tribunal Electoral de la Ciudad de M\u00e9xico\",\"description\":\"25 a\u00f1os garantizando justicia en tu elecci\u00f3n\",\"potentialAction\":[{\"@type\":\"SearchAction\",\"target\":{\"@type\":\"EntryPoint\",\"urlTemplate\":\"https:\/\/www.tecdmx.org.mx\/?s={search_term_string}\"},\"query-input\":\"required name=search_term_string\"}],\"inLanguage\":\"es\"},{\"@type\":\"Person\",\"@id\":\"https:\/\/www.tecdmx.org.mx\/#\/schema\/person\/208c898199fb3234203823c5f0cf31d6\",\"name\":\"Difusion2025\",\"image\":{\"@type\":\"ImageObject\",\"inLanguage\":\"es\",\"@id\":\"https:\/\/www.tecdmx.org.mx\/#\/schema\/person\/image\/\",\"url\":\"https:\/\/secure.gravatar.com\/avatar\/6f7a4ba3acb418040e90a2eb99b5df28?s=96&d=mm&r=g\",\"contentUrl\":\"https:\/\/secure.gravatar.com\/avatar\/6f7a4ba3acb418040e90a2eb99b5df28?s=96&d=mm&r=g\",\"caption\":\"Difusion2025\"}}]}<\/script>\n<!-- \/ Yoast SEO plugin. -->","yoast_head_json":{"title":"Foro: \u201cAn\u00e1lisis para la Reforma Electoral y del Estado\u201d - Tribunal Electoral de la Ciudad de M\u00e9xico","robots":{"index":"index","follow":"follow","max-snippet":"max-snippet:-1","max-image-preview":"max-image-preview:large","max-video-preview":"max-video-preview:-1"},"canonical":"https:\/\/www.tecdmx.org.mx\/index.php\/destacados\/2019\/06\/11\/foro-analisis-para-la-reforma-electoral-y-del-estado\/","og_locale":"es_ES","og_type":"article","og_title":"Foro: \u201cAn\u00e1lisis para la Reforma Electoral y del Estado\u201d - Tribunal Electoral de la Ciudad de M\u00e9xico","og_description":"El magistrado Armando Hern\u00e1ndez Cruz asisti\u00f3 al foro \u201cAn\u00e1lisis para la Reforma Electoral y del Estado\u201d, que se llev\u00f3 a cabo en la C\u00e1mara de Diputados. Espacio de reflexi\u00f3n para [&hellip;]","og_url":"https:\/\/www.tecdmx.org.mx\/index.php\/destacados\/2019\/06\/11\/foro-analisis-para-la-reforma-electoral-y-del-estado\/","og_site_name":"Tribunal Electoral de la Ciudad de M\u00e9xico","article_publisher":"https:\/\/www.facebook.com\/TECDMX\/","article_published_time":"2019-06-11T12:43:28+00:00","article_modified_time":"2019-11-11T00:48:00+00:00","og_image":[{"url":"http:\/\/www2.tecdmx.org.mx\/wp-content\/uploads\/2019\/11\/an\u00e1lisis-reforma-2-481x350.png"}],"author":"Difusion2025","twitter_card":"summary_large_image","twitter_creator":"@tecdmx","twitter_site":"@tecdmx","twitter_misc":{"Escrito por":"Difusion2025"},"schema":{"@context":"https:\/\/schema.org","@graph":[{"@type":"WebPage","@id":"https:\/\/www.tecdmx.org.mx\/index.php\/destacados\/2019\/06\/11\/foro-analisis-para-la-reforma-electoral-y-del-estado\/","url":"https:\/\/www.tecdmx.org.mx\/index.php\/destacados\/2019\/06\/11\/foro-analisis-para-la-reforma-electoral-y-del-estado\/","name":"Foro: \u201cAn\u00e1lisis para la Reforma Electoral y del Estado\u201d - Tribunal Electoral de la Ciudad de M\u00e9xico","isPartOf":{"@id":"https:\/\/www.tecdmx.org.mx\/#website"},"datePublished":"2019-06-11T12:43:28+00:00","dateModified":"2019-11-11T00:48:00+00:00","author":{"@id":"https:\/\/www.tecdmx.org.mx\/#\/schema\/person\/208c898199fb3234203823c5f0cf31d6"},"breadcrumb":{"@id":"https:\/\/www.tecdmx.org.mx\/index.php\/destacados\/2019\/06\/11\/foro-analisis-para-la-reforma-electoral-y-del-estado\/#breadcrumb"},"inLanguage":"es","potentialAction":[{"@type":"ReadAction","target":["https:\/\/www.tecdmx.org.mx\/index.php\/destacados\/2019\/06\/11\/foro-analisis-para-la-reforma-electoral-y-del-estado\/"]}]},{"@type":"BreadcrumbList","@id":"https:\/\/www.tecdmx.org.mx\/index.php\/destacados\/2019\/06\/11\/foro-analisis-para-la-reforma-electoral-y-del-estado\/#breadcrumb","itemListElement":[{"@type":"ListItem","position":1,"name":"Portada","item":"https:\/\/www.tecdmx.org.mx\/"},{"@type":"ListItem","position":2,"name":"Foro: \u201cAn\u00e1lisis para la Reforma Electoral y del Estado\u201d"}]},{"@type":"WebSite","@id":"https:\/\/www.tecdmx.org.mx\/#website","url":"https:\/\/www.tecdmx.org.mx\/","name":"Tribunal Electoral de la Ciudad de M\u00e9xico","description":"25 a\u00f1os garantizando justicia en tu elecci\u00f3n","potentialAction":[{"@type":"SearchAction","target":{"@type":"EntryPoint","urlTemplate":"https:\/\/www.tecdmx.org.mx\/?s={search_term_string}"},"query-input":"required name=search_term_string"}],"inLanguage":"es"},{"@type":"Person","@id":"https:\/\/www.tecdmx.org.mx\/#\/schema\/person\/208c898199fb3234203823c5f0cf31d6","name":"Difusion2025","image":{"@type":"ImageObject","inLanguage":"es","@id":"https:\/\/www.tecdmx.org.mx\/#\/schema\/person\/image\/","url":"https:\/\/secure.gravatar.com\/avatar\/6f7a4ba3acb418040e90a2eb99b5df28?s=96&d=mm&r=g","contentUrl":"https:\/\/secure.gravatar.com\/avatar\/6f7a4ba3acb418040e90a2eb99b5df28?s=96&d=mm&r=g","caption":"Difusion2025"}}]}},"_links":{"self":[{"href":"https:\/\/www.tecdmx.org.mx\/index.php\/wp-json\/wp\/v2\/posts\/14780"}],"collection":[{"href":"https:\/\/www.tecdmx.org.mx\/index.php\/wp-json\/wp\/v2\/posts"}],"about":[{"href":"https:\/\/www.tecdmx.org.mx\/index.php\/wp-json\/wp\/v2\/types\/post"}],"author":[{"embeddable":true,"href":"https:\/\/www.tecdmx.org.mx\/index.php\/wp-json\/wp\/v2\/users\/13"}],"replies":[{"embeddable":true,"href":"https:\/\/www.tecdmx.org.mx\/index.php\/wp-json\/wp\/v2\/comments?post=14780"}],"version-history":[{"count":1,"href":"https:\/\/www.tecdmx.org.mx\/index.php\/wp-json\/wp\/v2\/posts\/14780\/revisions"}],"predecessor-version":[{"id":14783,"href":"https:\/\/www.tecdmx.org.mx\/index.php\/wp-json\/wp\/v2\/posts\/14780\/revisions\/14783"}],"wp:attachment":[{"href":"https:\/\/www.tecdmx.org.mx\/index.php\/wp-json\/wp\/v2\/media?parent=14780"}],"wp:term":[{"taxonomy":"category","embeddable":true,"href":"https:\/\/www.tecdmx.org.mx\/index.php\/wp-json\/wp\/v2\/categories?post=14780"},{"taxonomy":"post_tag","embeddable":true,"href":"https:\/\/www.tecdmx.org.mx\/index.php\/wp-json\/wp\/v2\/tags?post=14780"}],"curies":[{"name":"wp","href":"https:\/\/api.w.org\/{rel}","templated":true}]}}