{"id":14820,"date":"2019-06-25T13:29:35","date_gmt":"2019-06-25T13:29:35","guid":{"rendered":"http:\/\/www2.tecdmx.org.mx\/?p=14820"},"modified":"2019-11-11T01:37:10","modified_gmt":"2019-11-11T01:37:10","slug":"foro-la-importancia-de-los-tribunales-electorales-locales-en-el-federalismo-electoral","status":"publish","type":"post","link":"https:\/\/www.tecdmx.org.mx\/index.php\/eventos\/2019\/06\/25\/foro-la-importancia-de-los-tribunales-electorales-locales-en-el-federalismo-electoral\/","title":{"rendered":"Foro: La Importancia de los Tribunales Electorales Locales en el Federalismo Electoral"},"content":{"rendered":"\n<p>El Magistrado Armando Hern\u00e1ndez Cruz y el Presidente de la Asociaci\u00f3n de Magistradas y Magistrados Electorales Locales de los Estados Unidos Mexicanos, A.C., participaron en el Foro \u201cLa Importancia de los Tribunales Electorales Locales en el Federalismo Electoral\u201d, el cual fue organizado por la Sala Regional Toluca del Tribunal Electoral del Poder Judicial de la Federaci\u00f3n. <\/p>\n\n\n\n<ul class=\"wp-block-gallery aligncenter columns-1 wp-block-gallery-1 is-layout-flex wp-block-gallery-is-layout-flex\"><li class=\"blocks-gallery-item\"><figure><img loading=\"lazy\" decoding=\"async\" width=\"886\" height=\"350\" src=\"https:\/\/www.tecdmx.org.mx\/wp-content\/uploads\/2019\/11\/foro-tribunales-locales-2-886x350.png\" alt=\"\" data-id=\"14823\" data-link=\"http:\/\/www2.tecdmx.org.mx\/?attachment_id=14823\" class=\"wp-image-14823\" srcset=\"https:\/\/www.tecdmx.org.mx\/wp-content\/uploads\/2019\/11\/foro-tribunales-locales-2-446x176.png 446w, https:\/\/www.tecdmx.org.mx\/wp-content\/uploads\/2019\/11\/foro-tribunales-locales-2-768x303.png 768w, https:\/\/www.tecdmx.org.mx\/wp-content\/uploads\/2019\/11\/foro-tribunales-locales-2-886x350.png 886w\" sizes=\"(max-width: 886px) 100vw, 886px\" \/><\/figure><\/li><li class=\"blocks-gallery-item\"><figure><img loading=\"lazy\" decoding=\"async\" width=\"483\" height=\"350\" src=\"https:\/\/www.tecdmx.org.mx\/wp-content\/uploads\/2019\/11\/foro-tribunales-locales-1-483x350.png\" alt=\"\" data-id=\"14822\" data-link=\"http:\/\/www2.tecdmx.org.mx\/?attachment_id=14822\" class=\"wp-image-14822\" srcset=\"https:\/\/www.tecdmx.org.mx\/wp-content\/uploads\/2019\/11\/foro-tribunales-locales-1-345x250.png 345w, https:\/\/www.tecdmx.org.mx\/wp-content\/uploads\/2019\/11\/foro-tribunales-locales-1-768x556.png 768w, https:\/\/www.tecdmx.org.mx\/wp-content\/uploads\/2019\/11\/foro-tribunales-locales-1-483x350.png 483w\" sizes=\"(max-width: 483px) 100vw, 483px\" \/><\/figure><\/li><li class=\"blocks-gallery-item\"><figure><img loading=\"lazy\" decoding=\"async\" width=\"590\" height=\"350\" src=\"https:\/\/www.tecdmx.org.mx\/wp-content\/uploads\/2019\/11\/foro-tribunales-locales-3-590x350.png\" alt=\"\" data-id=\"14821\" data-link=\"http:\/\/www2.tecdmx.org.mx\/?attachment_id=14821\" class=\"wp-image-14821\" srcset=\"https:\/\/www.tecdmx.org.mx\/wp-content\/uploads\/2019\/11\/foro-tribunales-locales-3-422x250.png 422w, https:\/\/www.tecdmx.org.mx\/wp-content\/uploads\/2019\/11\/foro-tribunales-locales-3-768x455.png 768w, https:\/\/www.tecdmx.org.mx\/wp-content\/uploads\/2019\/11\/foro-tribunales-locales-3-590x350.png 590w\" sizes=\"(max-width: 590px) 100vw, 590px\" \/><\/figure><\/li><\/ul>\n","protected":false},"excerpt":{"rendered":"<p>El Magistrado Armando Hern\u00e1ndez Cruz y el Presidente de la Asociaci\u00f3n de Magistradas y Magistrados Electorales Locales de los Estados Unidos Mexicanos, A.C., participaron en el Foro \u201cLa Importancia de [&hellip;]<\/p>\n","protected":false},"author":13,"featured_media":0,"comment_status":"open","ping_status":"open","sticky":false,"template":"","format":"standard","meta":{"_acf_changed":false,"_exactmetrics_skip_tracking":false,"_exactmetrics_sitenote_active":false,"_exactmetrics_sitenote_note":"","_exactmetrics_sitenote_category":0,"footnotes":""},"categories":[47,40],"tags":[],"acf":[],"yoast_head":"<!-- This site is optimized with the Yoast SEO plugin v22.3 - https:\/\/yoast.com\/wordpress\/plugins\/seo\/ -->\n<title>Foro: La Importancia de los Tribunales Electorales Locales en el Federalismo Electoral - Tribunal Electoral de la Ciudad de M\u00e9xico<\/title>\n<meta name=\"robots\" content=\"index, follow, max-snippet:-1, max-image-preview:large, max-video-preview:-1\" \/>\n<link rel=\"canonical\" href=\"https:\/\/www.tecdmx.org.mx\/index.php\/eventos\/2019\/06\/25\/foro-la-importancia-de-los-tribunales-electorales-locales-en-el-federalismo-electoral\/\" \/>\n<meta property=\"og:locale\" content=\"es_ES\" \/>\n<meta property=\"og:type\" content=\"article\" \/>\n<meta property=\"og:title\" content=\"Foro: La Importancia de los Tribunales Electorales Locales en el Federalismo Electoral - Tribunal Electoral de la Ciudad de M\u00e9xico\" \/>\n<meta property=\"og:description\" content=\"El Magistrado Armando Hern\u00e1ndez Cruz y el Presidente de la Asociaci\u00f3n de Magistradas y Magistrados Electorales Locales de los Estados Unidos Mexicanos, A.C., participaron en el Foro \u201cLa Importancia de [&hellip;]\" \/>\n<meta property=\"og:url\" content=\"https:\/\/www.tecdmx.org.mx\/index.php\/eventos\/2019\/06\/25\/foro-la-importancia-de-los-tribunales-electorales-locales-en-el-federalismo-electoral\/\" \/>\n<meta property=\"og:site_name\" content=\"Tribunal Electoral de la Ciudad de M\u00e9xico\" \/>\n<meta property=\"article:publisher\" content=\"https:\/\/www.facebook.com\/TECDMX\/\" \/>\n<meta property=\"article:published_time\" content=\"2019-06-25T13:29:35+00:00\" \/>\n<meta property=\"article:modified_time\" content=\"2019-11-11T01:37:10+00:00\" \/>\n<meta property=\"og:image\" content=\"http:\/\/www2.tecdmx.org.mx\/wp-content\/uploads\/2019\/11\/foro-tribunales-locales-2-886x350.png\" \/>\n<meta name=\"author\" content=\"Difusion2025\" \/>\n<meta name=\"twitter:card\" content=\"summary_large_image\" \/>\n<meta name=\"twitter:creator\" content=\"@tecdmx\" \/>\n<meta name=\"twitter:site\" content=\"@tecdmx\" \/>\n<meta name=\"twitter:label1\" content=\"Escrito por\" \/>\n\t<meta name=\"twitter:data1\" content=\"Difusion2025\" \/>\n<script type=\"application\/ld+json\" class=\"yoast-schema-graph\">{\"@context\":\"https:\/\/schema.org\",\"@graph\":[{\"@type\":\"WebPage\",\"@id\":\"https:\/\/www.tecdmx.org.mx\/index.php\/eventos\/2019\/06\/25\/foro-la-importancia-de-los-tribunales-electorales-locales-en-el-federalismo-electoral\/\",\"url\":\"https:\/\/www.tecdmx.org.mx\/index.php\/eventos\/2019\/06\/25\/foro-la-importancia-de-los-tribunales-electorales-locales-en-el-federalismo-electoral\/\",\"name\":\"Foro: La Importancia de los Tribunales Electorales Locales en el Federalismo Electoral - Tribunal Electoral de la Ciudad de M\u00e9xico\",\"isPartOf\":{\"@id\":\"https:\/\/www.tecdmx.org.mx\/#website\"},\"primaryImageOfPage\":{\"@id\":\"https:\/\/www.tecdmx.org.mx\/index.php\/eventos\/2019\/06\/25\/foro-la-importancia-de-los-tribunales-electorales-locales-en-el-federalismo-electoral\/#primaryimage\"},\"image\":{\"@id\":\"https:\/\/www.tecdmx.org.mx\/index.php\/eventos\/2019\/06\/25\/foro-la-importancia-de-los-tribunales-electorales-locales-en-el-federalismo-electoral\/#primaryimage\"},\"thumbnailUrl\":\"http:\/\/www2.tecdmx.org.mx\/wp-content\/uploads\/2019\/11\/foro-tribunales-locales-2-886x350.png\",\"datePublished\":\"2019-06-25T13:29:35+00:00\",\"dateModified\":\"2019-11-11T01:37:10+00:00\",\"author\":{\"@id\":\"https:\/\/www.tecdmx.org.mx\/#\/schema\/person\/208c898199fb3234203823c5f0cf31d6\"},\"breadcrumb\":{\"@id\":\"https:\/\/www.tecdmx.org.mx\/index.php\/eventos\/2019\/06\/25\/foro-la-importancia-de-los-tribunales-electorales-locales-en-el-federalismo-electoral\/#breadcrumb\"},\"inLanguage\":\"es\",\"potentialAction\":[{\"@type\":\"ReadAction\",\"target\":[\"https:\/\/www.tecdmx.org.mx\/index.php\/eventos\/2019\/06\/25\/foro-la-importancia-de-los-tribunales-electorales-locales-en-el-federalismo-electoral\/\"]}]},{\"@type\":\"ImageObject\",\"inLanguage\":\"es\",\"@id\":\"https:\/\/www.tecdmx.org.mx\/index.php\/eventos\/2019\/06\/25\/foro-la-importancia-de-los-tribunales-electorales-locales-en-el-federalismo-electoral\/#primaryimage\",\"url\":\"http:\/\/www2.tecdmx.org.mx\/wp-content\/uploads\/2019\/11\/foro-tribunales-locales-2-886x350.png\",\"contentUrl\":\"http:\/\/www2.tecdmx.org.mx\/wp-content\/uploads\/2019\/11\/foro-tribunales-locales-2-886x350.png\"},{\"@type\":\"BreadcrumbList\",\"@id\":\"https:\/\/www.tecdmx.org.mx\/index.php\/eventos\/2019\/06\/25\/foro-la-importancia-de-los-tribunales-electorales-locales-en-el-federalismo-electoral\/#breadcrumb\",\"itemListElement\":[{\"@type\":\"ListItem\",\"position\":1,\"name\":\"Portada\",\"item\":\"https:\/\/www.tecdmx.org.mx\/\"},{\"@type\":\"ListItem\",\"position\":2,\"name\":\"Foro: La Importancia de los Tribunales Electorales Locales en el Federalismo Electoral\"}]},{\"@type\":\"WebSite\",\"@id\":\"https:\/\/www.tecdmx.org.mx\/#website\",\"url\":\"https:\/\/www.tecdmx.org.mx\/\",\"name\":\"Tribunal Electoral de la Ciudad de M\u00e9xico\",\"description\":\"25 a\u00f1os garantizando justicia en tu elecci\u00f3n\",\"potentialAction\":[{\"@type\":\"SearchAction\",\"target\":{\"@type\":\"EntryPoint\",\"urlTemplate\":\"https:\/\/www.tecdmx.org.mx\/?s={search_term_string}\"},\"query-input\":\"required name=search_term_string\"}],\"inLanguage\":\"es\"},{\"@type\":\"Person\",\"@id\":\"https:\/\/www.tecdmx.org.mx\/#\/schema\/person\/208c898199fb3234203823c5f0cf31d6\",\"name\":\"Difusion2025\",\"image\":{\"@type\":\"ImageObject\",\"inLanguage\":\"es\",\"@id\":\"https:\/\/www.tecdmx.org.mx\/#\/schema\/person\/image\/\",\"url\":\"https:\/\/secure.gravatar.com\/avatar\/6f7a4ba3acb418040e90a2eb99b5df28?s=96&d=mm&r=g\",\"contentUrl\":\"https:\/\/secure.gravatar.com\/avatar\/6f7a4ba3acb418040e90a2eb99b5df28?s=96&d=mm&r=g\",\"caption\":\"Difusion2025\"}}]}<\/script>\n<!-- \/ Yoast SEO plugin. -->","yoast_head_json":{"title":"Foro: La Importancia de los Tribunales Electorales Locales en el Federalismo Electoral - Tribunal Electoral de la Ciudad de M\u00e9xico","robots":{"index":"index","follow":"follow","max-snippet":"max-snippet:-1","max-image-preview":"max-image-preview:large","max-video-preview":"max-video-preview:-1"},"canonical":"https:\/\/www.tecdmx.org.mx\/index.php\/eventos\/2019\/06\/25\/foro-la-importancia-de-los-tribunales-electorales-locales-en-el-federalismo-electoral\/","og_locale":"es_ES","og_type":"article","og_title":"Foro: La Importancia de los Tribunales Electorales Locales en el Federalismo Electoral - Tribunal Electoral de la Ciudad de M\u00e9xico","og_description":"El Magistrado Armando Hern\u00e1ndez Cruz y el Presidente de la Asociaci\u00f3n de Magistradas y Magistrados Electorales Locales de los Estados Unidos Mexicanos, A.C., participaron en el Foro \u201cLa Importancia de [&hellip;]","og_url":"https:\/\/www.tecdmx.org.mx\/index.php\/eventos\/2019\/06\/25\/foro-la-importancia-de-los-tribunales-electorales-locales-en-el-federalismo-electoral\/","og_site_name":"Tribunal Electoral de la Ciudad de M\u00e9xico","article_publisher":"https:\/\/www.facebook.com\/TECDMX\/","article_published_time":"2019-06-25T13:29:35+00:00","article_modified_time":"2019-11-11T01:37:10+00:00","og_image":[{"url":"http:\/\/www2.tecdmx.org.mx\/wp-content\/uploads\/2019\/11\/foro-tribunales-locales-2-886x350.png"}],"author":"Difusion2025","twitter_card":"summary_large_image","twitter_creator":"@tecdmx","twitter_site":"@tecdmx","twitter_misc":{"Escrito por":"Difusion2025"},"schema":{"@context":"https:\/\/schema.org","@graph":[{"@type":"WebPage","@id":"https:\/\/www.tecdmx.org.mx\/index.php\/eventos\/2019\/06\/25\/foro-la-importancia-de-los-tribunales-electorales-locales-en-el-federalismo-electoral\/","url":"https:\/\/www.tecdmx.org.mx\/index.php\/eventos\/2019\/06\/25\/foro-la-importancia-de-los-tribunales-electorales-locales-en-el-federalismo-electoral\/","name":"Foro: La Importancia de los Tribunales Electorales Locales en el Federalismo Electoral - Tribunal Electoral de la Ciudad de M\u00e9xico","isPartOf":{"@id":"https:\/\/www.tecdmx.org.mx\/#website"},"primaryImageOfPage":{"@id":"https:\/\/www.tecdmx.org.mx\/index.php\/eventos\/2019\/06\/25\/foro-la-importancia-de-los-tribunales-electorales-locales-en-el-federalismo-electoral\/#primaryimage"},"image":{"@id":"https:\/\/www.tecdmx.org.mx\/index.php\/eventos\/2019\/06\/25\/foro-la-importancia-de-los-tribunales-electorales-locales-en-el-federalismo-electoral\/#primaryimage"},"thumbnailUrl":"http:\/\/www2.tecdmx.org.mx\/wp-content\/uploads\/2019\/11\/foro-tribunales-locales-2-886x350.png","datePublished":"2019-06-25T13:29:35+00:00","dateModified":"2019-11-11T01:37:10+00:00","author":{"@id":"https:\/\/www.tecdmx.org.mx\/#\/schema\/person\/208c898199fb3234203823c5f0cf31d6"},"breadcrumb":{"@id":"https:\/\/www.tecdmx.org.mx\/index.php\/eventos\/2019\/06\/25\/foro-la-importancia-de-los-tribunales-electorales-locales-en-el-federalismo-electoral\/#breadcrumb"},"inLanguage":"es","potentialAction":[{"@type":"ReadAction","target":["https:\/\/www.tecdmx.org.mx\/index.php\/eventos\/2019\/06\/25\/foro-la-importancia-de-los-tribunales-electorales-locales-en-el-federalismo-electoral\/"]}]},{"@type":"ImageObject","inLanguage":"es","@id":"https:\/\/www.tecdmx.org.mx\/index.php\/eventos\/2019\/06\/25\/foro-la-importancia-de-los-tribunales-electorales-locales-en-el-federalismo-electoral\/#primaryimage","url":"http:\/\/www2.tecdmx.org.mx\/wp-content\/uploads\/2019\/11\/foro-tribunales-locales-2-886x350.png","contentUrl":"http:\/\/www2.tecdmx.org.mx\/wp-content\/uploads\/2019\/11\/foro-tribunales-locales-2-886x350.png"},{"@type":"BreadcrumbList","@id":"https:\/\/www.tecdmx.org.mx\/index.php\/eventos\/2019\/06\/25\/foro-la-importancia-de-los-tribunales-electorales-locales-en-el-federalismo-electoral\/#breadcrumb","itemListElement":[{"@type":"ListItem","position":1,"name":"Portada","item":"https:\/\/www.tecdmx.org.mx\/"},{"@type":"ListItem","position":2,"name":"Foro: La Importancia de los Tribunales Electorales Locales en el Federalismo Electoral"}]},{"@type":"WebSite","@id":"https:\/\/www.tecdmx.org.mx\/#website","url":"https:\/\/www.tecdmx.org.mx\/","name":"Tribunal Electoral de la Ciudad de M\u00e9xico","description":"25 a\u00f1os garantizando justicia en tu elecci\u00f3n","potentialAction":[{"@type":"SearchAction","target":{"@type":"EntryPoint","urlTemplate":"https:\/\/www.tecdmx.org.mx\/?s={search_term_string}"},"query-input":"required name=search_term_string"}],"inLanguage":"es"},{"@type":"Person","@id":"https:\/\/www.tecdmx.org.mx\/#\/schema\/person\/208c898199fb3234203823c5f0cf31d6","name":"Difusion2025","image":{"@type":"ImageObject","inLanguage":"es","@id":"https:\/\/www.tecdmx.org.mx\/#\/schema\/person\/image\/","url":"https:\/\/secure.gravatar.com\/avatar\/6f7a4ba3acb418040e90a2eb99b5df28?s=96&d=mm&r=g","contentUrl":"https:\/\/secure.gravatar.com\/avatar\/6f7a4ba3acb418040e90a2eb99b5df28?s=96&d=mm&r=g","caption":"Difusion2025"}}]}},"_links":{"self":[{"href":"https:\/\/www.tecdmx.org.mx\/index.php\/wp-json\/wp\/v2\/posts\/14820"}],"collection":[{"href":"https:\/\/www.tecdmx.org.mx\/index.php\/wp-json\/wp\/v2\/posts"}],"about":[{"href":"https:\/\/www.tecdmx.org.mx\/index.php\/wp-json\/wp\/v2\/types\/post"}],"author":[{"embeddable":true,"href":"https:\/\/www.tecdmx.org.mx\/index.php\/wp-json\/wp\/v2\/users\/13"}],"replies":[{"embeddable":true,"href":"https:\/\/www.tecdmx.org.mx\/index.php\/wp-json\/wp\/v2\/comments?post=14820"}],"version-history":[{"count":1,"href":"https:\/\/www.tecdmx.org.mx\/index.php\/wp-json\/wp\/v2\/posts\/14820\/revisions"}],"predecessor-version":[{"id":14824,"href":"https:\/\/www.tecdmx.org.mx\/index.php\/wp-json\/wp\/v2\/posts\/14820\/revisions\/14824"}],"wp:attachment":[{"href":"https:\/\/www.tecdmx.org.mx\/index.php\/wp-json\/wp\/v2\/media?parent=14820"}],"wp:term":[{"taxonomy":"category","embeddable":true,"href":"https:\/\/www.tecdmx.org.mx\/index.php\/wp-json\/wp\/v2\/categories?post=14820"},{"taxonomy":"post_tag","embeddable":true,"href":"https:\/\/www.tecdmx.org.mx\/index.php\/wp-json\/wp\/v2\/tags?post=14820"}],"curies":[{"name":"wp","href":"https:\/\/api.w.org\/{rel}","templated":true}]}}