{"id":14825,"date":"2019-06-26T13:37:13","date_gmt":"2019-06-26T13:37:13","guid":{"rendered":"http:\/\/www2.tecdmx.org.mx\/?p=14825"},"modified":"2019-11-11T01:54:29","modified_gmt":"2019-11-11T01:54:29","slug":"mesa-de-analisis-ley-general-de-educacion-y-otros-ordenamientos","status":"publish","type":"post","link":"https:\/\/www.tecdmx.org.mx\/index.php\/eventos\/2019\/06\/26\/mesa-de-analisis-ley-general-de-educacion-y-otros-ordenamientos\/","title":{"rendered":"Mesa de an\u00e1lisis: Ley General de Educaci\u00f3n y otros ordenamientos"},"content":{"rendered":"\n<p>El Magistrado Armando Hern\u00e1ndez Cruz particip\u00f3 en la \u201cMesa de an\u00e1lisis: Ley General de Educaci\u00f3n y otros ordenamientos\u201d, en el marco de las audiencias p\u00fablicas sobre leyes secundarias de la Reforma Educativa en la C\u00e1mara de Diputados. <\/p>\n\n\n\n<ul class=\"wp-block-gallery aligncenter columns-1 wp-block-gallery-1 is-layout-flex wp-block-gallery-is-layout-flex\"><li class=\"blocks-gallery-item\"><figure><img loading=\"lazy\" decoding=\"async\" width=\"523\" height=\"350\" src=\"https:\/\/www.tecdmx.org.mx\/wp-content\/uploads\/2019\/11\/Mesa-Ley-Educaci\u00f3n-2-523x350.png\" alt=\"\" data-id=\"14826\" data-link=\"http:\/\/www2.tecdmx.org.mx\/?attachment_id=14826\" class=\"wp-image-14826\" srcset=\"https:\/\/www.tecdmx.org.mx\/wp-content\/uploads\/2019\/11\/Mesa-Ley-Educaci\u00f3n-2-373x250.png 373w, https:\/\/www.tecdmx.org.mx\/wp-content\/uploads\/2019\/11\/Mesa-Ley-Educaci\u00f3n-2-768x514.png 768w, https:\/\/www.tecdmx.org.mx\/wp-content\/uploads\/2019\/11\/Mesa-Ley-Educaci\u00f3n-2-523x350.png 523w\" sizes=\"(max-width: 523px) 100vw, 523px\" \/><\/figure><\/li><li class=\"blocks-gallery-item\"><figure><img loading=\"lazy\" decoding=\"async\" width=\"483\" height=\"350\" src=\"https:\/\/www.tecdmx.org.mx\/wp-content\/uploads\/2019\/11\/Mesa-Ley-Educaci\u00f3n-1-483x350.png\" alt=\"\" data-id=\"14827\" data-link=\"http:\/\/www2.tecdmx.org.mx\/?attachment_id=14827\" class=\"wp-image-14827\" srcset=\"https:\/\/www.tecdmx.org.mx\/wp-content\/uploads\/2019\/11\/Mesa-Ley-Educaci\u00f3n-1-345x250.png 345w, https:\/\/www.tecdmx.org.mx\/wp-content\/uploads\/2019\/11\/Mesa-Ley-Educaci\u00f3n-1-768x557.png 768w, https:\/\/www.tecdmx.org.mx\/wp-content\/uploads\/2019\/11\/Mesa-Ley-Educaci\u00f3n-1-483x350.png 483w\" sizes=\"(max-width: 483px) 100vw, 483px\" \/><\/figure><\/li><\/ul>\n","protected":false},"excerpt":{"rendered":"<p>El Magistrado Armando Hern\u00e1ndez Cruz particip\u00f3 en la \u201cMesa de an\u00e1lisis: Ley General de Educaci\u00f3n y otros ordenamientos\u201d, en el marco de las audiencias p\u00fablicas sobre leyes secundarias de la [&hellip;]<\/p>\n","protected":false},"author":13,"featured_media":0,"comment_status":"open","ping_status":"open","sticky":false,"template":"","format":"standard","meta":{"_acf_changed":false,"_exactmetrics_skip_tracking":false,"_exactmetrics_sitenote_active":false,"_exactmetrics_sitenote_note":"","_exactmetrics_sitenote_category":0,"footnotes":""},"categories":[47,40],"tags":[],"acf":[],"yoast_head":"<!-- This site is optimized with the Yoast SEO plugin v22.3 - https:\/\/yoast.com\/wordpress\/plugins\/seo\/ -->\n<title>Mesa de an\u00e1lisis: Ley General de Educaci\u00f3n y otros ordenamientos - Tribunal Electoral de la Ciudad de M\u00e9xico<\/title>\n<meta name=\"robots\" content=\"index, follow, max-snippet:-1, max-image-preview:large, max-video-preview:-1\" \/>\n<link rel=\"canonical\" href=\"https:\/\/www.tecdmx.org.mx\/index.php\/eventos\/2019\/06\/26\/mesa-de-analisis-ley-general-de-educacion-y-otros-ordenamientos\/\" \/>\n<meta property=\"og:locale\" content=\"es_ES\" \/>\n<meta property=\"og:type\" content=\"article\" \/>\n<meta property=\"og:title\" content=\"Mesa de an\u00e1lisis: Ley General de Educaci\u00f3n y otros ordenamientos - Tribunal Electoral de la Ciudad de M\u00e9xico\" \/>\n<meta property=\"og:description\" content=\"El Magistrado Armando Hern\u00e1ndez Cruz particip\u00f3 en la \u201cMesa de an\u00e1lisis: Ley General de Educaci\u00f3n y otros ordenamientos\u201d, en el marco de las audiencias p\u00fablicas sobre leyes secundarias de la [&hellip;]\" \/>\n<meta property=\"og:url\" content=\"https:\/\/www.tecdmx.org.mx\/index.php\/eventos\/2019\/06\/26\/mesa-de-analisis-ley-general-de-educacion-y-otros-ordenamientos\/\" \/>\n<meta property=\"og:site_name\" content=\"Tribunal Electoral de la Ciudad de M\u00e9xico\" \/>\n<meta property=\"article:publisher\" content=\"https:\/\/www.facebook.com\/TECDMX\/\" \/>\n<meta property=\"article:published_time\" content=\"2019-06-26T13:37:13+00:00\" \/>\n<meta property=\"article:modified_time\" content=\"2019-11-11T01:54:29+00:00\" \/>\n<meta property=\"og:image\" content=\"http:\/\/www2.tecdmx.org.mx\/wp-content\/uploads\/2019\/11\/Mesa-Ley-Educaci\u00f3n-2-523x350.png\" \/>\n<meta name=\"author\" content=\"Difusion2025\" \/>\n<meta name=\"twitter:card\" content=\"summary_large_image\" \/>\n<meta name=\"twitter:creator\" content=\"@tecdmx\" \/>\n<meta name=\"twitter:site\" content=\"@tecdmx\" \/>\n<meta name=\"twitter:label1\" content=\"Escrito por\" \/>\n\t<meta name=\"twitter:data1\" content=\"Difusion2025\" \/>\n<script type=\"application\/ld+json\" class=\"yoast-schema-graph\">{\"@context\":\"https:\/\/schema.org\",\"@graph\":[{\"@type\":\"WebPage\",\"@id\":\"https:\/\/www.tecdmx.org.mx\/index.php\/eventos\/2019\/06\/26\/mesa-de-analisis-ley-general-de-educacion-y-otros-ordenamientos\/\",\"url\":\"https:\/\/www.tecdmx.org.mx\/index.php\/eventos\/2019\/06\/26\/mesa-de-analisis-ley-general-de-educacion-y-otros-ordenamientos\/\",\"name\":\"Mesa de an\u00e1lisis: Ley General de Educaci\u00f3n y otros ordenamientos - Tribunal Electoral de la Ciudad de M\u00e9xico\",\"isPartOf\":{\"@id\":\"https:\/\/www.tecdmx.org.mx\/#website\"},\"datePublished\":\"2019-06-26T13:37:13+00:00\",\"dateModified\":\"2019-11-11T01:54:29+00:00\",\"author\":{\"@id\":\"https:\/\/www.tecdmx.org.mx\/#\/schema\/person\/208c898199fb3234203823c5f0cf31d6\"},\"breadcrumb\":{\"@id\":\"https:\/\/www.tecdmx.org.mx\/index.php\/eventos\/2019\/06\/26\/mesa-de-analisis-ley-general-de-educacion-y-otros-ordenamientos\/#breadcrumb\"},\"inLanguage\":\"es\",\"potentialAction\":[{\"@type\":\"ReadAction\",\"target\":[\"https:\/\/www.tecdmx.org.mx\/index.php\/eventos\/2019\/06\/26\/mesa-de-analisis-ley-general-de-educacion-y-otros-ordenamientos\/\"]}]},{\"@type\":\"BreadcrumbList\",\"@id\":\"https:\/\/www.tecdmx.org.mx\/index.php\/eventos\/2019\/06\/26\/mesa-de-analisis-ley-general-de-educacion-y-otros-ordenamientos\/#breadcrumb\",\"itemListElement\":[{\"@type\":\"ListItem\",\"position\":1,\"name\":\"Portada\",\"item\":\"https:\/\/www.tecdmx.org.mx\/\"},{\"@type\":\"ListItem\",\"position\":2,\"name\":\"Mesa de an\u00e1lisis: Ley General de Educaci\u00f3n y otros ordenamientos\"}]},{\"@type\":\"WebSite\",\"@id\":\"https:\/\/www.tecdmx.org.mx\/#website\",\"url\":\"https:\/\/www.tecdmx.org.mx\/\",\"name\":\"Tribunal Electoral de la Ciudad de M\u00e9xico\",\"description\":\"25 a\u00f1os garantizando justicia en tu elecci\u00f3n\",\"potentialAction\":[{\"@type\":\"SearchAction\",\"target\":{\"@type\":\"EntryPoint\",\"urlTemplate\":\"https:\/\/www.tecdmx.org.mx\/?s={search_term_string}\"},\"query-input\":\"required name=search_term_string\"}],\"inLanguage\":\"es\"},{\"@type\":\"Person\",\"@id\":\"https:\/\/www.tecdmx.org.mx\/#\/schema\/person\/208c898199fb3234203823c5f0cf31d6\",\"name\":\"Difusion2025\",\"image\":{\"@type\":\"ImageObject\",\"inLanguage\":\"es\",\"@id\":\"https:\/\/www.tecdmx.org.mx\/#\/schema\/person\/image\/\",\"url\":\"https:\/\/secure.gravatar.com\/avatar\/6f7a4ba3acb418040e90a2eb99b5df28?s=96&d=mm&r=g\",\"contentUrl\":\"https:\/\/secure.gravatar.com\/avatar\/6f7a4ba3acb418040e90a2eb99b5df28?s=96&d=mm&r=g\",\"caption\":\"Difusion2025\"}}]}<\/script>\n<!-- \/ Yoast SEO plugin. -->","yoast_head_json":{"title":"Mesa de an\u00e1lisis: Ley General de Educaci\u00f3n y otros ordenamientos - Tribunal Electoral de la Ciudad de M\u00e9xico","robots":{"index":"index","follow":"follow","max-snippet":"max-snippet:-1","max-image-preview":"max-image-preview:large","max-video-preview":"max-video-preview:-1"},"canonical":"https:\/\/www.tecdmx.org.mx\/index.php\/eventos\/2019\/06\/26\/mesa-de-analisis-ley-general-de-educacion-y-otros-ordenamientos\/","og_locale":"es_ES","og_type":"article","og_title":"Mesa de an\u00e1lisis: Ley General de Educaci\u00f3n y otros ordenamientos - Tribunal Electoral de la Ciudad de M\u00e9xico","og_description":"El Magistrado Armando Hern\u00e1ndez Cruz particip\u00f3 en la \u201cMesa de an\u00e1lisis: Ley General de Educaci\u00f3n y otros ordenamientos\u201d, en el marco de las audiencias p\u00fablicas sobre leyes secundarias de la [&hellip;]","og_url":"https:\/\/www.tecdmx.org.mx\/index.php\/eventos\/2019\/06\/26\/mesa-de-analisis-ley-general-de-educacion-y-otros-ordenamientos\/","og_site_name":"Tribunal Electoral de la Ciudad de M\u00e9xico","article_publisher":"https:\/\/www.facebook.com\/TECDMX\/","article_published_time":"2019-06-26T13:37:13+00:00","article_modified_time":"2019-11-11T01:54:29+00:00","og_image":[{"url":"http:\/\/www2.tecdmx.org.mx\/wp-content\/uploads\/2019\/11\/Mesa-Ley-Educaci\u00f3n-2-523x350.png"}],"author":"Difusion2025","twitter_card":"summary_large_image","twitter_creator":"@tecdmx","twitter_site":"@tecdmx","twitter_misc":{"Escrito por":"Difusion2025"},"schema":{"@context":"https:\/\/schema.org","@graph":[{"@type":"WebPage","@id":"https:\/\/www.tecdmx.org.mx\/index.php\/eventos\/2019\/06\/26\/mesa-de-analisis-ley-general-de-educacion-y-otros-ordenamientos\/","url":"https:\/\/www.tecdmx.org.mx\/index.php\/eventos\/2019\/06\/26\/mesa-de-analisis-ley-general-de-educacion-y-otros-ordenamientos\/","name":"Mesa de an\u00e1lisis: Ley General de Educaci\u00f3n y otros ordenamientos - Tribunal Electoral de la Ciudad de M\u00e9xico","isPartOf":{"@id":"https:\/\/www.tecdmx.org.mx\/#website"},"datePublished":"2019-06-26T13:37:13+00:00","dateModified":"2019-11-11T01:54:29+00:00","author":{"@id":"https:\/\/www.tecdmx.org.mx\/#\/schema\/person\/208c898199fb3234203823c5f0cf31d6"},"breadcrumb":{"@id":"https:\/\/www.tecdmx.org.mx\/index.php\/eventos\/2019\/06\/26\/mesa-de-analisis-ley-general-de-educacion-y-otros-ordenamientos\/#breadcrumb"},"inLanguage":"es","potentialAction":[{"@type":"ReadAction","target":["https:\/\/www.tecdmx.org.mx\/index.php\/eventos\/2019\/06\/26\/mesa-de-analisis-ley-general-de-educacion-y-otros-ordenamientos\/"]}]},{"@type":"BreadcrumbList","@id":"https:\/\/www.tecdmx.org.mx\/index.php\/eventos\/2019\/06\/26\/mesa-de-analisis-ley-general-de-educacion-y-otros-ordenamientos\/#breadcrumb","itemListElement":[{"@type":"ListItem","position":1,"name":"Portada","item":"https:\/\/www.tecdmx.org.mx\/"},{"@type":"ListItem","position":2,"name":"Mesa de an\u00e1lisis: Ley General de Educaci\u00f3n y otros ordenamientos"}]},{"@type":"WebSite","@id":"https:\/\/www.tecdmx.org.mx\/#website","url":"https:\/\/www.tecdmx.org.mx\/","name":"Tribunal Electoral de la Ciudad de M\u00e9xico","description":"25 a\u00f1os garantizando justicia en tu elecci\u00f3n","potentialAction":[{"@type":"SearchAction","target":{"@type":"EntryPoint","urlTemplate":"https:\/\/www.tecdmx.org.mx\/?s={search_term_string}"},"query-input":"required name=search_term_string"}],"inLanguage":"es"},{"@type":"Person","@id":"https:\/\/www.tecdmx.org.mx\/#\/schema\/person\/208c898199fb3234203823c5f0cf31d6","name":"Difusion2025","image":{"@type":"ImageObject","inLanguage":"es","@id":"https:\/\/www.tecdmx.org.mx\/#\/schema\/person\/image\/","url":"https:\/\/secure.gravatar.com\/avatar\/6f7a4ba3acb418040e90a2eb99b5df28?s=96&d=mm&r=g","contentUrl":"https:\/\/secure.gravatar.com\/avatar\/6f7a4ba3acb418040e90a2eb99b5df28?s=96&d=mm&r=g","caption":"Difusion2025"}}]}},"_links":{"self":[{"href":"https:\/\/www.tecdmx.org.mx\/index.php\/wp-json\/wp\/v2\/posts\/14825"}],"collection":[{"href":"https:\/\/www.tecdmx.org.mx\/index.php\/wp-json\/wp\/v2\/posts"}],"about":[{"href":"https:\/\/www.tecdmx.org.mx\/index.php\/wp-json\/wp\/v2\/types\/post"}],"author":[{"embeddable":true,"href":"https:\/\/www.tecdmx.org.mx\/index.php\/wp-json\/wp\/v2\/users\/13"}],"replies":[{"embeddable":true,"href":"https:\/\/www.tecdmx.org.mx\/index.php\/wp-json\/wp\/v2\/comments?post=14825"}],"version-history":[{"count":1,"href":"https:\/\/www.tecdmx.org.mx\/index.php\/wp-json\/wp\/v2\/posts\/14825\/revisions"}],"predecessor-version":[{"id":14828,"href":"https:\/\/www.tecdmx.org.mx\/index.php\/wp-json\/wp\/v2\/posts\/14825\/revisions\/14828"}],"wp:attachment":[{"href":"https:\/\/www.tecdmx.org.mx\/index.php\/wp-json\/wp\/v2\/media?parent=14825"}],"wp:term":[{"taxonomy":"category","embeddable":true,"href":"https:\/\/www.tecdmx.org.mx\/index.php\/wp-json\/wp\/v2\/categories?post=14825"},{"taxonomy":"post_tag","embeddable":true,"href":"https:\/\/www.tecdmx.org.mx\/index.php\/wp-json\/wp\/v2\/tags?post=14825"}],"curies":[{"name":"wp","href":"https:\/\/api.w.org\/{rel}","templated":true}]}}