{"id":14839,"date":"2019-06-26T14:03:21","date_gmt":"2019-06-26T14:03:21","guid":{"rendered":"http:\/\/www2.tecdmx.org.mx\/?p=14839"},"modified":"2019-11-11T02:06:09","modified_gmt":"2019-11-11T02:06:09","slug":"foro-estrategias-sobre-violencia-politica-por-razones-de-genero-para-los-procesos-electorales","status":"publish","type":"post","link":"https:\/\/www.tecdmx.org.mx\/index.php\/eventos\/2019\/06\/26\/foro-estrategias-sobre-violencia-politica-por-razones-de-genero-para-los-procesos-electorales\/","title":{"rendered":"Foro Estrategias sobre Violencia Pol\u00edtica por Razones de G\u00e9nero para los Procesos Electorales"},"content":{"rendered":"\n<p> La Magistrada Martha Leticia Mercado Ram\u00edrez particip\u00f3 en el foro \u201cEstrategias sobre Violencia Pol\u00edtica por Razones de G\u00e9nero para los Procesos Electorales\u201d, organizado por el Instituto Electoral de la Ciudad de M\u00e9xico. <\/p>\n\n\n\n<ul class=\"wp-block-gallery aligncenter columns-1 wp-block-gallery-1 is-layout-flex wp-block-gallery-is-layout-flex\"><li class=\"blocks-gallery-item\"><figure><img loading=\"lazy\" decoding=\"async\" width=\"507\" height=\"350\" src=\"https:\/\/www.tecdmx.org.mx\/wp-content\/uploads\/2019\/11\/foro-violencia-3-507x350.png\" alt=\"\" data-id=\"14840\" data-link=\"http:\/\/www2.tecdmx.org.mx\/?attachment_id=14840\" class=\"wp-image-14840\" srcset=\"https:\/\/www.tecdmx.org.mx\/wp-content\/uploads\/2019\/11\/foro-violencia-3-362x250.png 362w, https:\/\/www.tecdmx.org.mx\/wp-content\/uploads\/2019\/11\/foro-violencia-3-768x531.png 768w, https:\/\/www.tecdmx.org.mx\/wp-content\/uploads\/2019\/11\/foro-violencia-3-507x350.png 507w\" sizes=\"(max-width: 507px) 100vw, 507px\" \/><\/figure><\/li><li class=\"blocks-gallery-item\"><figure><img loading=\"lazy\" decoding=\"async\" width=\"556\" height=\"350\" src=\"https:\/\/www.tecdmx.org.mx\/wp-content\/uploads\/2019\/11\/foro-violencia-1-556x350.png\" alt=\"\" data-id=\"14841\" data-link=\"http:\/\/www2.tecdmx.org.mx\/?attachment_id=14841\" class=\"wp-image-14841\" srcset=\"https:\/\/www.tecdmx.org.mx\/wp-content\/uploads\/2019\/11\/foro-violencia-1-397x250.png 397w, https:\/\/www.tecdmx.org.mx\/wp-content\/uploads\/2019\/11\/foro-violencia-1-768x484.png 768w, https:\/\/www.tecdmx.org.mx\/wp-content\/uploads\/2019\/11\/foro-violencia-1-556x350.png 556w\" sizes=\"(max-width: 556px) 100vw, 556px\" \/><\/figure><\/li><li class=\"blocks-gallery-item\"><figure><img loading=\"lazy\" decoding=\"async\" width=\"508\" height=\"350\" src=\"https:\/\/www.tecdmx.org.mx\/wp-content\/uploads\/2019\/11\/foro-violencia-2-508x350.png\" alt=\"\" data-id=\"14842\" data-link=\"http:\/\/www2.tecdmx.org.mx\/?attachment_id=14842\" class=\"wp-image-14842\" srcset=\"https:\/\/www.tecdmx.org.mx\/wp-content\/uploads\/2019\/11\/foro-violencia-2-363x250.png 363w, https:\/\/www.tecdmx.org.mx\/wp-content\/uploads\/2019\/11\/foro-violencia-2-768x529.png 768w, https:\/\/www.tecdmx.org.mx\/wp-content\/uploads\/2019\/11\/foro-violencia-2-508x350.png 508w\" sizes=\"(max-width: 508px) 100vw, 508px\" \/><\/figure><\/li><\/ul>\n\n\n\n<p class=\"has-medium-font-size\"><\/p>\n","protected":false},"excerpt":{"rendered":"<p>La Magistrada Martha Leticia Mercado Ram\u00edrez particip\u00f3 en el foro \u201cEstrategias sobre Violencia Pol\u00edtica por Razones de G\u00e9nero para los Procesos Electorales\u201d, organizado por el Instituto Electoral de la Ciudad [&hellip;]<\/p>\n","protected":false},"author":13,"featured_media":0,"comment_status":"open","ping_status":"open","sticky":false,"template":"","format":"standard","meta":{"_acf_changed":false,"_exactmetrics_skip_tracking":false,"_exactmetrics_sitenote_active":false,"_exactmetrics_sitenote_note":"","_exactmetrics_sitenote_category":0,"footnotes":""},"categories":[47,40],"tags":[],"acf":[],"yoast_head":"<!-- This site is optimized with the Yoast SEO plugin v22.3 - https:\/\/yoast.com\/wordpress\/plugins\/seo\/ -->\n<title>Foro Estrategias sobre Violencia Pol\u00edtica por Razones de G\u00e9nero para los Procesos Electorales - Tribunal Electoral de la Ciudad de M\u00e9xico<\/title>\n<meta name=\"robots\" content=\"index, follow, max-snippet:-1, max-image-preview:large, max-video-preview:-1\" \/>\n<link rel=\"canonical\" href=\"https:\/\/www.tecdmx.org.mx\/index.php\/eventos\/2019\/06\/26\/foro-estrategias-sobre-violencia-politica-por-razones-de-genero-para-los-procesos-electorales\/\" \/>\n<meta property=\"og:locale\" content=\"es_ES\" \/>\n<meta property=\"og:type\" content=\"article\" \/>\n<meta property=\"og:title\" content=\"Foro Estrategias sobre Violencia Pol\u00edtica por Razones de G\u00e9nero para los Procesos Electorales - Tribunal Electoral de la Ciudad de M\u00e9xico\" \/>\n<meta property=\"og:description\" content=\"La Magistrada Martha Leticia Mercado Ram\u00edrez particip\u00f3 en el foro \u201cEstrategias sobre Violencia Pol\u00edtica por Razones de G\u00e9nero para los Procesos Electorales\u201d, organizado por el Instituto Electoral de la Ciudad [&hellip;]\" \/>\n<meta property=\"og:url\" content=\"https:\/\/www.tecdmx.org.mx\/index.php\/eventos\/2019\/06\/26\/foro-estrategias-sobre-violencia-politica-por-razones-de-genero-para-los-procesos-electorales\/\" \/>\n<meta property=\"og:site_name\" content=\"Tribunal Electoral de la Ciudad de M\u00e9xico\" \/>\n<meta property=\"article:publisher\" content=\"https:\/\/www.facebook.com\/TECDMX\/\" \/>\n<meta property=\"article:published_time\" content=\"2019-06-26T14:03:21+00:00\" \/>\n<meta property=\"article:modified_time\" content=\"2019-11-11T02:06:09+00:00\" \/>\n<meta property=\"og:image\" content=\"http:\/\/www2.tecdmx.org.mx\/wp-content\/uploads\/2019\/11\/foro-violencia-3-507x350.png\" \/>\n<meta name=\"author\" content=\"Difusion2025\" \/>\n<meta name=\"twitter:card\" content=\"summary_large_image\" \/>\n<meta name=\"twitter:creator\" content=\"@tecdmx\" \/>\n<meta name=\"twitter:site\" content=\"@tecdmx\" \/>\n<meta name=\"twitter:label1\" content=\"Escrito por\" \/>\n\t<meta name=\"twitter:data1\" content=\"Difusion2025\" \/>\n<script type=\"application\/ld+json\" class=\"yoast-schema-graph\">{\"@context\":\"https:\/\/schema.org\",\"@graph\":[{\"@type\":\"WebPage\",\"@id\":\"https:\/\/www.tecdmx.org.mx\/index.php\/eventos\/2019\/06\/26\/foro-estrategias-sobre-violencia-politica-por-razones-de-genero-para-los-procesos-electorales\/\",\"url\":\"https:\/\/www.tecdmx.org.mx\/index.php\/eventos\/2019\/06\/26\/foro-estrategias-sobre-violencia-politica-por-razones-de-genero-para-los-procesos-electorales\/\",\"name\":\"Foro Estrategias sobre Violencia Pol\u00edtica por Razones de G\u00e9nero para los Procesos Electorales - Tribunal Electoral de la Ciudad de M\u00e9xico\",\"isPartOf\":{\"@id\":\"https:\/\/www.tecdmx.org.mx\/#website\"},\"primaryImageOfPage\":{\"@id\":\"https:\/\/www.tecdmx.org.mx\/index.php\/eventos\/2019\/06\/26\/foro-estrategias-sobre-violencia-politica-por-razones-de-genero-para-los-procesos-electorales\/#primaryimage\"},\"image\":{\"@id\":\"https:\/\/www.tecdmx.org.mx\/index.php\/eventos\/2019\/06\/26\/foro-estrategias-sobre-violencia-politica-por-razones-de-genero-para-los-procesos-electorales\/#primaryimage\"},\"thumbnailUrl\":\"http:\/\/www2.tecdmx.org.mx\/wp-content\/uploads\/2019\/11\/foro-violencia-3-507x350.png\",\"datePublished\":\"2019-06-26T14:03:21+00:00\",\"dateModified\":\"2019-11-11T02:06:09+00:00\",\"author\":{\"@id\":\"https:\/\/www.tecdmx.org.mx\/#\/schema\/person\/208c898199fb3234203823c5f0cf31d6\"},\"breadcrumb\":{\"@id\":\"https:\/\/www.tecdmx.org.mx\/index.php\/eventos\/2019\/06\/26\/foro-estrategias-sobre-violencia-politica-por-razones-de-genero-para-los-procesos-electorales\/#breadcrumb\"},\"inLanguage\":\"es\",\"potentialAction\":[{\"@type\":\"ReadAction\",\"target\":[\"https:\/\/www.tecdmx.org.mx\/index.php\/eventos\/2019\/06\/26\/foro-estrategias-sobre-violencia-politica-por-razones-de-genero-para-los-procesos-electorales\/\"]}]},{\"@type\":\"ImageObject\",\"inLanguage\":\"es\",\"@id\":\"https:\/\/www.tecdmx.org.mx\/index.php\/eventos\/2019\/06\/26\/foro-estrategias-sobre-violencia-politica-por-razones-de-genero-para-los-procesos-electorales\/#primaryimage\",\"url\":\"http:\/\/www2.tecdmx.org.mx\/wp-content\/uploads\/2019\/11\/foro-violencia-3-507x350.png\",\"contentUrl\":\"http:\/\/www2.tecdmx.org.mx\/wp-content\/uploads\/2019\/11\/foro-violencia-3-507x350.png\"},{\"@type\":\"BreadcrumbList\",\"@id\":\"https:\/\/www.tecdmx.org.mx\/index.php\/eventos\/2019\/06\/26\/foro-estrategias-sobre-violencia-politica-por-razones-de-genero-para-los-procesos-electorales\/#breadcrumb\",\"itemListElement\":[{\"@type\":\"ListItem\",\"position\":1,\"name\":\"Portada\",\"item\":\"https:\/\/www.tecdmx.org.mx\/\"},{\"@type\":\"ListItem\",\"position\":2,\"name\":\"Foro Estrategias sobre Violencia Pol\u00edtica por Razones de G\u00e9nero para los Procesos Electorales\"}]},{\"@type\":\"WebSite\",\"@id\":\"https:\/\/www.tecdmx.org.mx\/#website\",\"url\":\"https:\/\/www.tecdmx.org.mx\/\",\"name\":\"Tribunal Electoral de la Ciudad de M\u00e9xico\",\"description\":\"25 a\u00f1os garantizando justicia en tu elecci\u00f3n\",\"potentialAction\":[{\"@type\":\"SearchAction\",\"target\":{\"@type\":\"EntryPoint\",\"urlTemplate\":\"https:\/\/www.tecdmx.org.mx\/?s={search_term_string}\"},\"query-input\":\"required name=search_term_string\"}],\"inLanguage\":\"es\"},{\"@type\":\"Person\",\"@id\":\"https:\/\/www.tecdmx.org.mx\/#\/schema\/person\/208c898199fb3234203823c5f0cf31d6\",\"name\":\"Difusion2025\",\"image\":{\"@type\":\"ImageObject\",\"inLanguage\":\"es\",\"@id\":\"https:\/\/www.tecdmx.org.mx\/#\/schema\/person\/image\/\",\"url\":\"https:\/\/secure.gravatar.com\/avatar\/6f7a4ba3acb418040e90a2eb99b5df28?s=96&d=mm&r=g\",\"contentUrl\":\"https:\/\/secure.gravatar.com\/avatar\/6f7a4ba3acb418040e90a2eb99b5df28?s=96&d=mm&r=g\",\"caption\":\"Difusion2025\"}}]}<\/script>\n<!-- \/ Yoast SEO plugin. -->","yoast_head_json":{"title":"Foro Estrategias sobre Violencia Pol\u00edtica por Razones de G\u00e9nero para los Procesos Electorales - Tribunal Electoral de la Ciudad de M\u00e9xico","robots":{"index":"index","follow":"follow","max-snippet":"max-snippet:-1","max-image-preview":"max-image-preview:large","max-video-preview":"max-video-preview:-1"},"canonical":"https:\/\/www.tecdmx.org.mx\/index.php\/eventos\/2019\/06\/26\/foro-estrategias-sobre-violencia-politica-por-razones-de-genero-para-los-procesos-electorales\/","og_locale":"es_ES","og_type":"article","og_title":"Foro Estrategias sobre Violencia Pol\u00edtica por Razones de G\u00e9nero para los Procesos Electorales - Tribunal Electoral de la Ciudad de M\u00e9xico","og_description":"La Magistrada Martha Leticia Mercado Ram\u00edrez particip\u00f3 en el foro \u201cEstrategias sobre Violencia Pol\u00edtica por Razones de G\u00e9nero para los Procesos Electorales\u201d, organizado por el Instituto Electoral de la Ciudad [&hellip;]","og_url":"https:\/\/www.tecdmx.org.mx\/index.php\/eventos\/2019\/06\/26\/foro-estrategias-sobre-violencia-politica-por-razones-de-genero-para-los-procesos-electorales\/","og_site_name":"Tribunal Electoral de la Ciudad de M\u00e9xico","article_publisher":"https:\/\/www.facebook.com\/TECDMX\/","article_published_time":"2019-06-26T14:03:21+00:00","article_modified_time":"2019-11-11T02:06:09+00:00","og_image":[{"url":"http:\/\/www2.tecdmx.org.mx\/wp-content\/uploads\/2019\/11\/foro-violencia-3-507x350.png"}],"author":"Difusion2025","twitter_card":"summary_large_image","twitter_creator":"@tecdmx","twitter_site":"@tecdmx","twitter_misc":{"Escrito por":"Difusion2025"},"schema":{"@context":"https:\/\/schema.org","@graph":[{"@type":"WebPage","@id":"https:\/\/www.tecdmx.org.mx\/index.php\/eventos\/2019\/06\/26\/foro-estrategias-sobre-violencia-politica-por-razones-de-genero-para-los-procesos-electorales\/","url":"https:\/\/www.tecdmx.org.mx\/index.php\/eventos\/2019\/06\/26\/foro-estrategias-sobre-violencia-politica-por-razones-de-genero-para-los-procesos-electorales\/","name":"Foro Estrategias sobre Violencia Pol\u00edtica por Razones de G\u00e9nero para los Procesos Electorales - Tribunal Electoral de la Ciudad de M\u00e9xico","isPartOf":{"@id":"https:\/\/www.tecdmx.org.mx\/#website"},"primaryImageOfPage":{"@id":"https:\/\/www.tecdmx.org.mx\/index.php\/eventos\/2019\/06\/26\/foro-estrategias-sobre-violencia-politica-por-razones-de-genero-para-los-procesos-electorales\/#primaryimage"},"image":{"@id":"https:\/\/www.tecdmx.org.mx\/index.php\/eventos\/2019\/06\/26\/foro-estrategias-sobre-violencia-politica-por-razones-de-genero-para-los-procesos-electorales\/#primaryimage"},"thumbnailUrl":"http:\/\/www2.tecdmx.org.mx\/wp-content\/uploads\/2019\/11\/foro-violencia-3-507x350.png","datePublished":"2019-06-26T14:03:21+00:00","dateModified":"2019-11-11T02:06:09+00:00","author":{"@id":"https:\/\/www.tecdmx.org.mx\/#\/schema\/person\/208c898199fb3234203823c5f0cf31d6"},"breadcrumb":{"@id":"https:\/\/www.tecdmx.org.mx\/index.php\/eventos\/2019\/06\/26\/foro-estrategias-sobre-violencia-politica-por-razones-de-genero-para-los-procesos-electorales\/#breadcrumb"},"inLanguage":"es","potentialAction":[{"@type":"ReadAction","target":["https:\/\/www.tecdmx.org.mx\/index.php\/eventos\/2019\/06\/26\/foro-estrategias-sobre-violencia-politica-por-razones-de-genero-para-los-procesos-electorales\/"]}]},{"@type":"ImageObject","inLanguage":"es","@id":"https:\/\/www.tecdmx.org.mx\/index.php\/eventos\/2019\/06\/26\/foro-estrategias-sobre-violencia-politica-por-razones-de-genero-para-los-procesos-electorales\/#primaryimage","url":"http:\/\/www2.tecdmx.org.mx\/wp-content\/uploads\/2019\/11\/foro-violencia-3-507x350.png","contentUrl":"http:\/\/www2.tecdmx.org.mx\/wp-content\/uploads\/2019\/11\/foro-violencia-3-507x350.png"},{"@type":"BreadcrumbList","@id":"https:\/\/www.tecdmx.org.mx\/index.php\/eventos\/2019\/06\/26\/foro-estrategias-sobre-violencia-politica-por-razones-de-genero-para-los-procesos-electorales\/#breadcrumb","itemListElement":[{"@type":"ListItem","position":1,"name":"Portada","item":"https:\/\/www.tecdmx.org.mx\/"},{"@type":"ListItem","position":2,"name":"Foro Estrategias sobre Violencia Pol\u00edtica por Razones de G\u00e9nero para los Procesos Electorales"}]},{"@type":"WebSite","@id":"https:\/\/www.tecdmx.org.mx\/#website","url":"https:\/\/www.tecdmx.org.mx\/","name":"Tribunal Electoral de la Ciudad de M\u00e9xico","description":"25 a\u00f1os garantizando justicia en tu elecci\u00f3n","potentialAction":[{"@type":"SearchAction","target":{"@type":"EntryPoint","urlTemplate":"https:\/\/www.tecdmx.org.mx\/?s={search_term_string}"},"query-input":"required name=search_term_string"}],"inLanguage":"es"},{"@type":"Person","@id":"https:\/\/www.tecdmx.org.mx\/#\/schema\/person\/208c898199fb3234203823c5f0cf31d6","name":"Difusion2025","image":{"@type":"ImageObject","inLanguage":"es","@id":"https:\/\/www.tecdmx.org.mx\/#\/schema\/person\/image\/","url":"https:\/\/secure.gravatar.com\/avatar\/6f7a4ba3acb418040e90a2eb99b5df28?s=96&d=mm&r=g","contentUrl":"https:\/\/secure.gravatar.com\/avatar\/6f7a4ba3acb418040e90a2eb99b5df28?s=96&d=mm&r=g","caption":"Difusion2025"}}]}},"_links":{"self":[{"href":"https:\/\/www.tecdmx.org.mx\/index.php\/wp-json\/wp\/v2\/posts\/14839"}],"collection":[{"href":"https:\/\/www.tecdmx.org.mx\/index.php\/wp-json\/wp\/v2\/posts"}],"about":[{"href":"https:\/\/www.tecdmx.org.mx\/index.php\/wp-json\/wp\/v2\/types\/post"}],"author":[{"embeddable":true,"href":"https:\/\/www.tecdmx.org.mx\/index.php\/wp-json\/wp\/v2\/users\/13"}],"replies":[{"embeddable":true,"href":"https:\/\/www.tecdmx.org.mx\/index.php\/wp-json\/wp\/v2\/comments?post=14839"}],"version-history":[{"count":1,"href":"https:\/\/www.tecdmx.org.mx\/index.php\/wp-json\/wp\/v2\/posts\/14839\/revisions"}],"predecessor-version":[{"id":14843,"href":"https:\/\/www.tecdmx.org.mx\/index.php\/wp-json\/wp\/v2\/posts\/14839\/revisions\/14843"}],"wp:attachment":[{"href":"https:\/\/www.tecdmx.org.mx\/index.php\/wp-json\/wp\/v2\/media?parent=14839"}],"wp:term":[{"taxonomy":"category","embeddable":true,"href":"https:\/\/www.tecdmx.org.mx\/index.php\/wp-json\/wp\/v2\/categories?post=14839"},{"taxonomy":"post_tag","embeddable":true,"href":"https:\/\/www.tecdmx.org.mx\/index.php\/wp-json\/wp\/v2\/tags?post=14839"}],"curies":[{"name":"wp","href":"https:\/\/api.w.org\/{rel}","templated":true}]}}