{"id":14849,"date":"2019-06-27T14:09:52","date_gmt":"2019-06-27T14:09:52","guid":{"rendered":"http:\/\/www2.tecdmx.org.mx\/?p=14849"},"modified":"2019-11-11T02:12:30","modified_gmt":"2019-11-11T02:12:30","slug":"consejo-academico-segunda-sesion-ordinaria","status":"publish","type":"post","link":"https:\/\/www.tecdmx.org.mx\/index.php\/destacados\/2019\/06\/27\/consejo-academico-segunda-sesion-ordinaria\/","title":{"rendered":"Consejo Acad\u00e9mico: Segunda Sesi\u00f3n Ordinaria"},"content":{"rendered":"\n<p class=\"has-medium-font-size\"> Celebramos la Segunda Sesi\u00f3n Ordinaria del Consejo Acad\u00e9mico del Tribunal Electoral de la Ciudad de M\u00e9xico, en el cual se dio la bienvenida al doctor Jaime C\u00e1rdenas Gracia como Consejero de \u00e9ste. La capacitaci\u00f3n es fundamental para el fortalecimiento de la cultura democr\u00e1tica y la participaci\u00f3n ciudadana en de esta capital. <\/p>\n\n\n\n<ul class=\"wp-block-gallery aligncenter columns-1 wp-block-gallery-1 is-layout-flex wp-block-gallery-is-layout-flex\"><li class=\"blocks-gallery-item\"><figure><img loading=\"lazy\" decoding=\"async\" width=\"569\" height=\"350\" src=\"https:\/\/www.tecdmx.org.mx\/wp-content\/uploads\/2019\/11\/consejo-acad\u00e9mico-2-569x350.png\" alt=\"\" data-id=\"14850\" data-link=\"http:\/\/www2.tecdmx.org.mx\/?attachment_id=14850\" class=\"wp-image-14850\" srcset=\"https:\/\/www.tecdmx.org.mx\/wp-content\/uploads\/2019\/11\/consejo-acad\u00e9mico-2-407x250.png 407w, https:\/\/www.tecdmx.org.mx\/wp-content\/uploads\/2019\/11\/consejo-acad\u00e9mico-2-768x472.png 768w, https:\/\/www.tecdmx.org.mx\/wp-content\/uploads\/2019\/11\/consejo-acad\u00e9mico-2-569x350.png 569w\" sizes=\"(max-width: 569px) 100vw, 569px\" \/><\/figure><\/li><li class=\"blocks-gallery-item\"><figure><img loading=\"lazy\" decoding=\"async\" width=\"553\" height=\"350\" src=\"https:\/\/www.tecdmx.org.mx\/wp-content\/uploads\/2019\/11\/consejo-acad\u00e9mico-1-553x350.png\" alt=\"\" data-id=\"14851\" data-link=\"http:\/\/www2.tecdmx.org.mx\/?attachment_id=14851\" class=\"wp-image-14851\" srcset=\"https:\/\/www.tecdmx.org.mx\/wp-content\/uploads\/2019\/11\/consejo-acad\u00e9mico-1-395x250.png 395w, https:\/\/www.tecdmx.org.mx\/wp-content\/uploads\/2019\/11\/consejo-acad\u00e9mico-1-768x486.png 768w, https:\/\/www.tecdmx.org.mx\/wp-content\/uploads\/2019\/11\/consejo-acad\u00e9mico-1-553x350.png 553w\" sizes=\"(max-width: 553px) 100vw, 553px\" \/><\/figure><\/li><\/ul>\n","protected":false},"excerpt":{"rendered":"<p>Celebramos la Segunda Sesi\u00f3n Ordinaria del Consejo Acad\u00e9mico del Tribunal Electoral de la Ciudad de M\u00e9xico, en el cual se dio la bienvenida al doctor Jaime C\u00e1rdenas Gracia como Consejero [&hellip;]<\/p>\n","protected":false},"author":13,"featured_media":0,"comment_status":"open","ping_status":"open","sticky":false,"template":"","format":"standard","meta":{"_acf_changed":false,"_exactmetrics_skip_tracking":false,"_exactmetrics_sitenote_active":false,"_exactmetrics_sitenote_note":"","_exactmetrics_sitenote_category":0,"footnotes":""},"categories":[55,47],"tags":[],"acf":[],"yoast_head":"<!-- This site is optimized with the Yoast SEO plugin v22.3 - https:\/\/yoast.com\/wordpress\/plugins\/seo\/ -->\n<title>Consejo Acad\u00e9mico: Segunda Sesi\u00f3n Ordinaria - Tribunal Electoral de la Ciudad de M\u00e9xico<\/title>\n<meta name=\"robots\" content=\"index, follow, max-snippet:-1, max-image-preview:large, max-video-preview:-1\" \/>\n<link rel=\"canonical\" href=\"https:\/\/www.tecdmx.org.mx\/index.php\/destacados\/2019\/06\/27\/consejo-academico-segunda-sesion-ordinaria\/\" \/>\n<meta property=\"og:locale\" content=\"es_ES\" \/>\n<meta property=\"og:type\" content=\"article\" \/>\n<meta property=\"og:title\" content=\"Consejo Acad\u00e9mico: Segunda Sesi\u00f3n Ordinaria - Tribunal Electoral de la Ciudad de M\u00e9xico\" \/>\n<meta property=\"og:description\" content=\"Celebramos la Segunda Sesi\u00f3n Ordinaria del Consejo Acad\u00e9mico del Tribunal Electoral de la Ciudad de M\u00e9xico, en el cual se dio la bienvenida al doctor Jaime C\u00e1rdenas Gracia como Consejero [&hellip;]\" \/>\n<meta property=\"og:url\" content=\"https:\/\/www.tecdmx.org.mx\/index.php\/destacados\/2019\/06\/27\/consejo-academico-segunda-sesion-ordinaria\/\" \/>\n<meta property=\"og:site_name\" content=\"Tribunal Electoral de la Ciudad de M\u00e9xico\" \/>\n<meta property=\"article:publisher\" content=\"https:\/\/www.facebook.com\/TECDMX\/\" \/>\n<meta property=\"article:published_time\" content=\"2019-06-27T14:09:52+00:00\" \/>\n<meta property=\"article:modified_time\" content=\"2019-11-11T02:12:30+00:00\" \/>\n<meta property=\"og:image\" content=\"http:\/\/www2.tecdmx.org.mx\/wp-content\/uploads\/2019\/11\/consejo-acad\u00e9mico-2-569x350.png\" \/>\n<meta name=\"author\" content=\"Difusion2025\" \/>\n<meta name=\"twitter:card\" content=\"summary_large_image\" \/>\n<meta name=\"twitter:creator\" content=\"@tecdmx\" \/>\n<meta name=\"twitter:site\" content=\"@tecdmx\" \/>\n<meta name=\"twitter:label1\" content=\"Escrito por\" \/>\n\t<meta name=\"twitter:data1\" content=\"Difusion2025\" \/>\n<script type=\"application\/ld+json\" class=\"yoast-schema-graph\">{\"@context\":\"https:\/\/schema.org\",\"@graph\":[{\"@type\":\"WebPage\",\"@id\":\"https:\/\/www.tecdmx.org.mx\/index.php\/destacados\/2019\/06\/27\/consejo-academico-segunda-sesion-ordinaria\/\",\"url\":\"https:\/\/www.tecdmx.org.mx\/index.php\/destacados\/2019\/06\/27\/consejo-academico-segunda-sesion-ordinaria\/\",\"name\":\"Consejo Acad\u00e9mico: Segunda Sesi\u00f3n Ordinaria - Tribunal Electoral de la Ciudad de M\u00e9xico\",\"isPartOf\":{\"@id\":\"https:\/\/www.tecdmx.org.mx\/#website\"},\"datePublished\":\"2019-06-27T14:09:52+00:00\",\"dateModified\":\"2019-11-11T02:12:30+00:00\",\"author\":{\"@id\":\"https:\/\/www.tecdmx.org.mx\/#\/schema\/person\/208c898199fb3234203823c5f0cf31d6\"},\"breadcrumb\":{\"@id\":\"https:\/\/www.tecdmx.org.mx\/index.php\/destacados\/2019\/06\/27\/consejo-academico-segunda-sesion-ordinaria\/#breadcrumb\"},\"inLanguage\":\"es\",\"potentialAction\":[{\"@type\":\"ReadAction\",\"target\":[\"https:\/\/www.tecdmx.org.mx\/index.php\/destacados\/2019\/06\/27\/consejo-academico-segunda-sesion-ordinaria\/\"]}]},{\"@type\":\"BreadcrumbList\",\"@id\":\"https:\/\/www.tecdmx.org.mx\/index.php\/destacados\/2019\/06\/27\/consejo-academico-segunda-sesion-ordinaria\/#breadcrumb\",\"itemListElement\":[{\"@type\":\"ListItem\",\"position\":1,\"name\":\"Portada\",\"item\":\"https:\/\/www.tecdmx.org.mx\/\"},{\"@type\":\"ListItem\",\"position\":2,\"name\":\"Consejo Acad\u00e9mico: Segunda Sesi\u00f3n Ordinaria\"}]},{\"@type\":\"WebSite\",\"@id\":\"https:\/\/www.tecdmx.org.mx\/#website\",\"url\":\"https:\/\/www.tecdmx.org.mx\/\",\"name\":\"Tribunal Electoral de la Ciudad de M\u00e9xico\",\"description\":\"25 a\u00f1os garantizando justicia en tu elecci\u00f3n\",\"potentialAction\":[{\"@type\":\"SearchAction\",\"target\":{\"@type\":\"EntryPoint\",\"urlTemplate\":\"https:\/\/www.tecdmx.org.mx\/?s={search_term_string}\"},\"query-input\":\"required name=search_term_string\"}],\"inLanguage\":\"es\"},{\"@type\":\"Person\",\"@id\":\"https:\/\/www.tecdmx.org.mx\/#\/schema\/person\/208c898199fb3234203823c5f0cf31d6\",\"name\":\"Difusion2025\",\"image\":{\"@type\":\"ImageObject\",\"inLanguage\":\"es\",\"@id\":\"https:\/\/www.tecdmx.org.mx\/#\/schema\/person\/image\/\",\"url\":\"https:\/\/secure.gravatar.com\/avatar\/6f7a4ba3acb418040e90a2eb99b5df28?s=96&d=mm&r=g\",\"contentUrl\":\"https:\/\/secure.gravatar.com\/avatar\/6f7a4ba3acb418040e90a2eb99b5df28?s=96&d=mm&r=g\",\"caption\":\"Difusion2025\"}}]}<\/script>\n<!-- \/ Yoast SEO plugin. -->","yoast_head_json":{"title":"Consejo Acad\u00e9mico: Segunda Sesi\u00f3n Ordinaria - Tribunal Electoral de la Ciudad de M\u00e9xico","robots":{"index":"index","follow":"follow","max-snippet":"max-snippet:-1","max-image-preview":"max-image-preview:large","max-video-preview":"max-video-preview:-1"},"canonical":"https:\/\/www.tecdmx.org.mx\/index.php\/destacados\/2019\/06\/27\/consejo-academico-segunda-sesion-ordinaria\/","og_locale":"es_ES","og_type":"article","og_title":"Consejo Acad\u00e9mico: Segunda Sesi\u00f3n Ordinaria - Tribunal Electoral de la Ciudad de M\u00e9xico","og_description":"Celebramos la Segunda Sesi\u00f3n Ordinaria del Consejo Acad\u00e9mico del Tribunal Electoral de la Ciudad de M\u00e9xico, en el cual se dio la bienvenida al doctor Jaime C\u00e1rdenas Gracia como Consejero [&hellip;]","og_url":"https:\/\/www.tecdmx.org.mx\/index.php\/destacados\/2019\/06\/27\/consejo-academico-segunda-sesion-ordinaria\/","og_site_name":"Tribunal Electoral de la Ciudad de M\u00e9xico","article_publisher":"https:\/\/www.facebook.com\/TECDMX\/","article_published_time":"2019-06-27T14:09:52+00:00","article_modified_time":"2019-11-11T02:12:30+00:00","og_image":[{"url":"http:\/\/www2.tecdmx.org.mx\/wp-content\/uploads\/2019\/11\/consejo-acad\u00e9mico-2-569x350.png"}],"author":"Difusion2025","twitter_card":"summary_large_image","twitter_creator":"@tecdmx","twitter_site":"@tecdmx","twitter_misc":{"Escrito por":"Difusion2025"},"schema":{"@context":"https:\/\/schema.org","@graph":[{"@type":"WebPage","@id":"https:\/\/www.tecdmx.org.mx\/index.php\/destacados\/2019\/06\/27\/consejo-academico-segunda-sesion-ordinaria\/","url":"https:\/\/www.tecdmx.org.mx\/index.php\/destacados\/2019\/06\/27\/consejo-academico-segunda-sesion-ordinaria\/","name":"Consejo Acad\u00e9mico: Segunda Sesi\u00f3n Ordinaria - Tribunal Electoral de la Ciudad de M\u00e9xico","isPartOf":{"@id":"https:\/\/www.tecdmx.org.mx\/#website"},"datePublished":"2019-06-27T14:09:52+00:00","dateModified":"2019-11-11T02:12:30+00:00","author":{"@id":"https:\/\/www.tecdmx.org.mx\/#\/schema\/person\/208c898199fb3234203823c5f0cf31d6"},"breadcrumb":{"@id":"https:\/\/www.tecdmx.org.mx\/index.php\/destacados\/2019\/06\/27\/consejo-academico-segunda-sesion-ordinaria\/#breadcrumb"},"inLanguage":"es","potentialAction":[{"@type":"ReadAction","target":["https:\/\/www.tecdmx.org.mx\/index.php\/destacados\/2019\/06\/27\/consejo-academico-segunda-sesion-ordinaria\/"]}]},{"@type":"BreadcrumbList","@id":"https:\/\/www.tecdmx.org.mx\/index.php\/destacados\/2019\/06\/27\/consejo-academico-segunda-sesion-ordinaria\/#breadcrumb","itemListElement":[{"@type":"ListItem","position":1,"name":"Portada","item":"https:\/\/www.tecdmx.org.mx\/"},{"@type":"ListItem","position":2,"name":"Consejo Acad\u00e9mico: Segunda Sesi\u00f3n Ordinaria"}]},{"@type":"WebSite","@id":"https:\/\/www.tecdmx.org.mx\/#website","url":"https:\/\/www.tecdmx.org.mx\/","name":"Tribunal Electoral de la Ciudad de M\u00e9xico","description":"25 a\u00f1os garantizando justicia en tu elecci\u00f3n","potentialAction":[{"@type":"SearchAction","target":{"@type":"EntryPoint","urlTemplate":"https:\/\/www.tecdmx.org.mx\/?s={search_term_string}"},"query-input":"required name=search_term_string"}],"inLanguage":"es"},{"@type":"Person","@id":"https:\/\/www.tecdmx.org.mx\/#\/schema\/person\/208c898199fb3234203823c5f0cf31d6","name":"Difusion2025","image":{"@type":"ImageObject","inLanguage":"es","@id":"https:\/\/www.tecdmx.org.mx\/#\/schema\/person\/image\/","url":"https:\/\/secure.gravatar.com\/avatar\/6f7a4ba3acb418040e90a2eb99b5df28?s=96&d=mm&r=g","contentUrl":"https:\/\/secure.gravatar.com\/avatar\/6f7a4ba3acb418040e90a2eb99b5df28?s=96&d=mm&r=g","caption":"Difusion2025"}}]}},"_links":{"self":[{"href":"https:\/\/www.tecdmx.org.mx\/index.php\/wp-json\/wp\/v2\/posts\/14849"}],"collection":[{"href":"https:\/\/www.tecdmx.org.mx\/index.php\/wp-json\/wp\/v2\/posts"}],"about":[{"href":"https:\/\/www.tecdmx.org.mx\/index.php\/wp-json\/wp\/v2\/types\/post"}],"author":[{"embeddable":true,"href":"https:\/\/www.tecdmx.org.mx\/index.php\/wp-json\/wp\/v2\/users\/13"}],"replies":[{"embeddable":true,"href":"https:\/\/www.tecdmx.org.mx\/index.php\/wp-json\/wp\/v2\/comments?post=14849"}],"version-history":[{"count":1,"href":"https:\/\/www.tecdmx.org.mx\/index.php\/wp-json\/wp\/v2\/posts\/14849\/revisions"}],"predecessor-version":[{"id":14852,"href":"https:\/\/www.tecdmx.org.mx\/index.php\/wp-json\/wp\/v2\/posts\/14849\/revisions\/14852"}],"wp:attachment":[{"href":"https:\/\/www.tecdmx.org.mx\/index.php\/wp-json\/wp\/v2\/media?parent=14849"}],"wp:term":[{"taxonomy":"category","embeddable":true,"href":"https:\/\/www.tecdmx.org.mx\/index.php\/wp-json\/wp\/v2\/categories?post=14849"},{"taxonomy":"post_tag","embeddable":true,"href":"https:\/\/www.tecdmx.org.mx\/index.php\/wp-json\/wp\/v2\/tags?post=14849"}],"curies":[{"name":"wp","href":"https:\/\/api.w.org\/{rel}","templated":true}]}}