{"id":14853,"date":"2019-07-08T14:12:07","date_gmt":"2019-07-08T14:12:07","guid":{"rendered":"http:\/\/www2.tecdmx.org.mx\/?p=14853"},"modified":"2019-11-11T02:14:54","modified_gmt":"2019-11-11T02:14:54","slug":"agitando-ideas-jovenes-formando-ciudadania__trashed","status":"publish","type":"post","link":"https:\/\/www.tecdmx.org.mx\/index.php\/eventos\/programas-tecdmx\/2019\/07\/08\/agitando-ideas-jovenes-formando-ciudadania__trashed\/","title":{"rendered":"Agitando Ideas: J\u00f3venes formando ciudadan\u00eda"},"content":{"rendered":"\n<p class=\"has-medium-font-size\">El Magistrado Juan Carlos S\u00e1nchez Le\u00f3n particip\u00f3 en el Programa \u201cAgitando Ideas\u201d, del TECDMX e INJUVE impartiendo la conferencia sobre los Juicios de la Ciudadan\u00eda. <\/p>\n\n\n\n<ul class=\"wp-block-gallery aligncenter columns-1 wp-block-gallery-1 is-layout-flex wp-block-gallery-is-layout-flex\"><li class=\"blocks-gallery-item\"><figure><img loading=\"lazy\" decoding=\"async\" width=\"269\" height=\"350\" src=\"https:\/\/www.tecdmx.org.mx\/wp-content\/uploads\/2019\/11\/agitando-ideas-4-269x350.jpeg\" alt=\"\" data-id=\"14854\" data-link=\"http:\/\/www2.tecdmx.org.mx\/?attachment_id=14854\" class=\"wp-image-14854\" srcset=\"https:\/\/www.tecdmx.org.mx\/wp-content\/uploads\/2019\/11\/agitando-ideas-4-192x250.jpeg 192w, https:\/\/www.tecdmx.org.mx\/wp-content\/uploads\/2019\/11\/agitando-ideas-4-768x998.jpeg 768w, https:\/\/www.tecdmx.org.mx\/wp-content\/uploads\/2019\/11\/agitando-ideas-4-269x350.jpeg 269w, https:\/\/www.tecdmx.org.mx\/wp-content\/uploads\/2019\/11\/agitando-ideas-4.jpeg 853w\" sizes=\"(max-width: 269px) 100vw, 269px\" \/><\/figure><\/li><li class=\"blocks-gallery-item\"><figure><img loading=\"lazy\" decoding=\"async\" width=\"591\" height=\"350\" src=\"https:\/\/www.tecdmx.org.mx\/wp-content\/uploads\/2019\/11\/agitando-ideas-1-591x350.jpeg\" alt=\"\" data-id=\"14855\" data-link=\"http:\/\/www2.tecdmx.org.mx\/?attachment_id=14855\" class=\"wp-image-14855\" srcset=\"https:\/\/www.tecdmx.org.mx\/wp-content\/uploads\/2019\/11\/agitando-ideas-1-422x250.jpeg 422w, https:\/\/www.tecdmx.org.mx\/wp-content\/uploads\/2019\/11\/agitando-ideas-1-768x455.jpeg 768w, https:\/\/www.tecdmx.org.mx\/wp-content\/uploads\/2019\/11\/agitando-ideas-1-591x350.jpeg 591w, https:\/\/www.tecdmx.org.mx\/wp-content\/uploads\/2019\/11\/agitando-ideas-1.jpeg 1223w\" sizes=\"(max-width: 591px) 100vw, 591px\" \/><\/figure><\/li><li class=\"blocks-gallery-item\"><figure><img loading=\"lazy\" decoding=\"async\" width=\"523\" height=\"350\" src=\"https:\/\/www.tecdmx.org.mx\/wp-content\/uploads\/2019\/11\/agitando-ideas-2-523x350.jpeg\" alt=\"\" data-id=\"14856\" data-link=\"http:\/\/www2.tecdmx.org.mx\/?attachment_id=14856\" class=\"wp-image-14856\" srcset=\"https:\/\/www.tecdmx.org.mx\/wp-content\/uploads\/2019\/11\/agitando-ideas-2-374x250.jpeg 374w, https:\/\/www.tecdmx.org.mx\/wp-content\/uploads\/2019\/11\/agitando-ideas-2-768x514.jpeg 768w, https:\/\/www.tecdmx.org.mx\/wp-content\/uploads\/2019\/11\/agitando-ideas-2-523x350.jpeg 523w, https:\/\/www.tecdmx.org.mx\/wp-content\/uploads\/2019\/11\/agitando-ideas-2.jpeg 1211w\" sizes=\"(max-width: 523px) 100vw, 523px\" \/><\/figure><\/li><li class=\"blocks-gallery-item\"><figure><img loading=\"lazy\" decoding=\"async\" width=\"435\" height=\"350\" src=\"https:\/\/www.tecdmx.org.mx\/wp-content\/uploads\/2019\/11\/agitando-ideas-3-435x350.jpeg\" alt=\"\" data-id=\"14857\" data-link=\"http:\/\/www2.tecdmx.org.mx\/?attachment_id=14857\" class=\"wp-image-14857\" srcset=\"https:\/\/www.tecdmx.org.mx\/wp-content\/uploads\/2019\/11\/agitando-ideas-3-311x250.jpeg 311w, https:\/\/www.tecdmx.org.mx\/wp-content\/uploads\/2019\/11\/agitando-ideas-3-768x618.jpeg 768w, https:\/\/www.tecdmx.org.mx\/wp-content\/uploads\/2019\/11\/agitando-ideas-3-435x350.jpeg 435w, https:\/\/www.tecdmx.org.mx\/wp-content\/uploads\/2019\/11\/agitando-ideas-3.jpeg 1203w\" sizes=\"(max-width: 435px) 100vw, 435px\" \/><\/figure><\/li><\/ul>\n","protected":false},"excerpt":{"rendered":"<p>El Magistrado Juan Carlos S\u00e1nchez Le\u00f3n particip\u00f3 en el Programa \u201cAgitando Ideas\u201d, del TECDMX e INJUVE impartiendo la conferencia sobre los Juicios de la Ciudadan\u00eda.<\/p>\n","protected":false},"author":13,"featured_media":0,"comment_status":"open","ping_status":"open","sticky":false,"template":"","format":"standard","meta":{"_acf_changed":false,"_exactmetrics_skip_tracking":false,"_exactmetrics_sitenote_active":false,"_exactmetrics_sitenote_note":"","_exactmetrics_sitenote_category":0,"footnotes":""},"categories":[47,61],"tags":[],"acf":[],"yoast_head":"<!-- This site is optimized with the Yoast SEO plugin v22.3 - https:\/\/yoast.com\/wordpress\/plugins\/seo\/ -->\n<title>Agitando Ideas: J\u00f3venes formando ciudadan\u00eda - Tribunal Electoral de la Ciudad de M\u00e9xico<\/title>\n<meta name=\"robots\" content=\"index, follow, max-snippet:-1, max-image-preview:large, max-video-preview:-1\" \/>\n<link rel=\"canonical\" href=\"https:\/\/www.tecdmx.org.mx\/index.php\/eventos\/programas-tecdmx\/2019\/07\/08\/agitando-ideas-jovenes-formando-ciudadania__trashed\/\" \/>\n<meta property=\"og:locale\" content=\"es_ES\" \/>\n<meta property=\"og:type\" content=\"article\" \/>\n<meta property=\"og:title\" content=\"Agitando Ideas: J\u00f3venes formando ciudadan\u00eda - Tribunal Electoral de la Ciudad de M\u00e9xico\" \/>\n<meta property=\"og:description\" content=\"El Magistrado Juan Carlos S\u00e1nchez Le\u00f3n particip\u00f3 en el Programa \u201cAgitando Ideas\u201d, del TECDMX e INJUVE impartiendo la conferencia sobre los Juicios de la Ciudadan\u00eda.\" \/>\n<meta property=\"og:url\" content=\"https:\/\/www.tecdmx.org.mx\/index.php\/eventos\/programas-tecdmx\/2019\/07\/08\/agitando-ideas-jovenes-formando-ciudadania__trashed\/\" \/>\n<meta property=\"og:site_name\" content=\"Tribunal Electoral de la Ciudad de M\u00e9xico\" \/>\n<meta property=\"article:publisher\" content=\"https:\/\/www.facebook.com\/TECDMX\/\" \/>\n<meta property=\"article:published_time\" content=\"2019-07-08T14:12:07+00:00\" \/>\n<meta property=\"article:modified_time\" content=\"2019-11-11T02:14:54+00:00\" \/>\n<meta property=\"og:image\" content=\"http:\/\/www2.tecdmx.org.mx\/wp-content\/uploads\/2019\/11\/agitando-ideas-4-269x350.jpeg\" \/>\n<meta name=\"author\" content=\"Difusion2025\" \/>\n<meta name=\"twitter:card\" content=\"summary_large_image\" \/>\n<meta name=\"twitter:creator\" content=\"@tecdmx\" \/>\n<meta name=\"twitter:site\" content=\"@tecdmx\" \/>\n<meta name=\"twitter:label1\" content=\"Escrito por\" \/>\n\t<meta name=\"twitter:data1\" content=\"Difusion2025\" \/>\n<script type=\"application\/ld+json\" class=\"yoast-schema-graph\">{\"@context\":\"https:\/\/schema.org\",\"@graph\":[{\"@type\":\"WebPage\",\"@id\":\"https:\/\/www.tecdmx.org.mx\/index.php\/eventos\/programas-tecdmx\/2019\/07\/08\/agitando-ideas-jovenes-formando-ciudadania__trashed\/\",\"url\":\"https:\/\/www.tecdmx.org.mx\/index.php\/eventos\/programas-tecdmx\/2019\/07\/08\/agitando-ideas-jovenes-formando-ciudadania__trashed\/\",\"name\":\"Agitando Ideas: J\u00f3venes formando ciudadan\u00eda - Tribunal Electoral de la Ciudad de M\u00e9xico\",\"isPartOf\":{\"@id\":\"https:\/\/www.tecdmx.org.mx\/#website\"},\"primaryImageOfPage\":{\"@id\":\"https:\/\/www.tecdmx.org.mx\/index.php\/eventos\/programas-tecdmx\/2019\/07\/08\/agitando-ideas-jovenes-formando-ciudadania__trashed\/#primaryimage\"},\"image\":{\"@id\":\"https:\/\/www.tecdmx.org.mx\/index.php\/eventos\/programas-tecdmx\/2019\/07\/08\/agitando-ideas-jovenes-formando-ciudadania__trashed\/#primaryimage\"},\"thumbnailUrl\":\"http:\/\/www2.tecdmx.org.mx\/wp-content\/uploads\/2019\/11\/agitando-ideas-4-269x350.jpeg\",\"datePublished\":\"2019-07-08T14:12:07+00:00\",\"dateModified\":\"2019-11-11T02:14:54+00:00\",\"author\":{\"@id\":\"https:\/\/www.tecdmx.org.mx\/#\/schema\/person\/208c898199fb3234203823c5f0cf31d6\"},\"breadcrumb\":{\"@id\":\"https:\/\/www.tecdmx.org.mx\/index.php\/eventos\/programas-tecdmx\/2019\/07\/08\/agitando-ideas-jovenes-formando-ciudadania__trashed\/#breadcrumb\"},\"inLanguage\":\"es\",\"potentialAction\":[{\"@type\":\"ReadAction\",\"target\":[\"https:\/\/www.tecdmx.org.mx\/index.php\/eventos\/programas-tecdmx\/2019\/07\/08\/agitando-ideas-jovenes-formando-ciudadania__trashed\/\"]}]},{\"@type\":\"ImageObject\",\"inLanguage\":\"es\",\"@id\":\"https:\/\/www.tecdmx.org.mx\/index.php\/eventos\/programas-tecdmx\/2019\/07\/08\/agitando-ideas-jovenes-formando-ciudadania__trashed\/#primaryimage\",\"url\":\"http:\/\/www2.tecdmx.org.mx\/wp-content\/uploads\/2019\/11\/agitando-ideas-4-269x350.jpeg\",\"contentUrl\":\"http:\/\/www2.tecdmx.org.mx\/wp-content\/uploads\/2019\/11\/agitando-ideas-4-269x350.jpeg\"},{\"@type\":\"BreadcrumbList\",\"@id\":\"https:\/\/www.tecdmx.org.mx\/index.php\/eventos\/programas-tecdmx\/2019\/07\/08\/agitando-ideas-jovenes-formando-ciudadania__trashed\/#breadcrumb\",\"itemListElement\":[{\"@type\":\"ListItem\",\"position\":1,\"name\":\"Portada\",\"item\":\"https:\/\/www.tecdmx.org.mx\/\"},{\"@type\":\"ListItem\",\"position\":2,\"name\":\"Agitando Ideas: J\u00f3venes formando ciudadan\u00eda\"}]},{\"@type\":\"WebSite\",\"@id\":\"https:\/\/www.tecdmx.org.mx\/#website\",\"url\":\"https:\/\/www.tecdmx.org.mx\/\",\"name\":\"Tribunal Electoral de la Ciudad de M\u00e9xico\",\"description\":\"25 a\u00f1os garantizando justicia en tu elecci\u00f3n\",\"potentialAction\":[{\"@type\":\"SearchAction\",\"target\":{\"@type\":\"EntryPoint\",\"urlTemplate\":\"https:\/\/www.tecdmx.org.mx\/?s={search_term_string}\"},\"query-input\":\"required name=search_term_string\"}],\"inLanguage\":\"es\"},{\"@type\":\"Person\",\"@id\":\"https:\/\/www.tecdmx.org.mx\/#\/schema\/person\/208c898199fb3234203823c5f0cf31d6\",\"name\":\"Difusion2025\",\"image\":{\"@type\":\"ImageObject\",\"inLanguage\":\"es\",\"@id\":\"https:\/\/www.tecdmx.org.mx\/#\/schema\/person\/image\/\",\"url\":\"https:\/\/secure.gravatar.com\/avatar\/6f7a4ba3acb418040e90a2eb99b5df28?s=96&d=mm&r=g\",\"contentUrl\":\"https:\/\/secure.gravatar.com\/avatar\/6f7a4ba3acb418040e90a2eb99b5df28?s=96&d=mm&r=g\",\"caption\":\"Difusion2025\"}}]}<\/script>\n<!-- \/ Yoast SEO plugin. -->","yoast_head_json":{"title":"Agitando Ideas: J\u00f3venes formando ciudadan\u00eda - Tribunal Electoral de la Ciudad de M\u00e9xico","robots":{"index":"index","follow":"follow","max-snippet":"max-snippet:-1","max-image-preview":"max-image-preview:large","max-video-preview":"max-video-preview:-1"},"canonical":"https:\/\/www.tecdmx.org.mx\/index.php\/eventos\/programas-tecdmx\/2019\/07\/08\/agitando-ideas-jovenes-formando-ciudadania__trashed\/","og_locale":"es_ES","og_type":"article","og_title":"Agitando Ideas: J\u00f3venes formando ciudadan\u00eda - Tribunal Electoral de la Ciudad de M\u00e9xico","og_description":"El Magistrado Juan Carlos S\u00e1nchez Le\u00f3n particip\u00f3 en el Programa \u201cAgitando Ideas\u201d, del TECDMX e INJUVE impartiendo la conferencia sobre los Juicios de la Ciudadan\u00eda.","og_url":"https:\/\/www.tecdmx.org.mx\/index.php\/eventos\/programas-tecdmx\/2019\/07\/08\/agitando-ideas-jovenes-formando-ciudadania__trashed\/","og_site_name":"Tribunal Electoral de la Ciudad de M\u00e9xico","article_publisher":"https:\/\/www.facebook.com\/TECDMX\/","article_published_time":"2019-07-08T14:12:07+00:00","article_modified_time":"2019-11-11T02:14:54+00:00","og_image":[{"url":"http:\/\/www2.tecdmx.org.mx\/wp-content\/uploads\/2019\/11\/agitando-ideas-4-269x350.jpeg"}],"author":"Difusion2025","twitter_card":"summary_large_image","twitter_creator":"@tecdmx","twitter_site":"@tecdmx","twitter_misc":{"Escrito por":"Difusion2025"},"schema":{"@context":"https:\/\/schema.org","@graph":[{"@type":"WebPage","@id":"https:\/\/www.tecdmx.org.mx\/index.php\/eventos\/programas-tecdmx\/2019\/07\/08\/agitando-ideas-jovenes-formando-ciudadania__trashed\/","url":"https:\/\/www.tecdmx.org.mx\/index.php\/eventos\/programas-tecdmx\/2019\/07\/08\/agitando-ideas-jovenes-formando-ciudadania__trashed\/","name":"Agitando Ideas: J\u00f3venes formando ciudadan\u00eda - Tribunal Electoral de la Ciudad de M\u00e9xico","isPartOf":{"@id":"https:\/\/www.tecdmx.org.mx\/#website"},"primaryImageOfPage":{"@id":"https:\/\/www.tecdmx.org.mx\/index.php\/eventos\/programas-tecdmx\/2019\/07\/08\/agitando-ideas-jovenes-formando-ciudadania__trashed\/#primaryimage"},"image":{"@id":"https:\/\/www.tecdmx.org.mx\/index.php\/eventos\/programas-tecdmx\/2019\/07\/08\/agitando-ideas-jovenes-formando-ciudadania__trashed\/#primaryimage"},"thumbnailUrl":"http:\/\/www2.tecdmx.org.mx\/wp-content\/uploads\/2019\/11\/agitando-ideas-4-269x350.jpeg","datePublished":"2019-07-08T14:12:07+00:00","dateModified":"2019-11-11T02:14:54+00:00","author":{"@id":"https:\/\/www.tecdmx.org.mx\/#\/schema\/person\/208c898199fb3234203823c5f0cf31d6"},"breadcrumb":{"@id":"https:\/\/www.tecdmx.org.mx\/index.php\/eventos\/programas-tecdmx\/2019\/07\/08\/agitando-ideas-jovenes-formando-ciudadania__trashed\/#breadcrumb"},"inLanguage":"es","potentialAction":[{"@type":"ReadAction","target":["https:\/\/www.tecdmx.org.mx\/index.php\/eventos\/programas-tecdmx\/2019\/07\/08\/agitando-ideas-jovenes-formando-ciudadania__trashed\/"]}]},{"@type":"ImageObject","inLanguage":"es","@id":"https:\/\/www.tecdmx.org.mx\/index.php\/eventos\/programas-tecdmx\/2019\/07\/08\/agitando-ideas-jovenes-formando-ciudadania__trashed\/#primaryimage","url":"http:\/\/www2.tecdmx.org.mx\/wp-content\/uploads\/2019\/11\/agitando-ideas-4-269x350.jpeg","contentUrl":"http:\/\/www2.tecdmx.org.mx\/wp-content\/uploads\/2019\/11\/agitando-ideas-4-269x350.jpeg"},{"@type":"BreadcrumbList","@id":"https:\/\/www.tecdmx.org.mx\/index.php\/eventos\/programas-tecdmx\/2019\/07\/08\/agitando-ideas-jovenes-formando-ciudadania__trashed\/#breadcrumb","itemListElement":[{"@type":"ListItem","position":1,"name":"Portada","item":"https:\/\/www.tecdmx.org.mx\/"},{"@type":"ListItem","position":2,"name":"Agitando Ideas: J\u00f3venes formando ciudadan\u00eda"}]},{"@type":"WebSite","@id":"https:\/\/www.tecdmx.org.mx\/#website","url":"https:\/\/www.tecdmx.org.mx\/","name":"Tribunal Electoral de la Ciudad de M\u00e9xico","description":"25 a\u00f1os garantizando justicia en tu elecci\u00f3n","potentialAction":[{"@type":"SearchAction","target":{"@type":"EntryPoint","urlTemplate":"https:\/\/www.tecdmx.org.mx\/?s={search_term_string}"},"query-input":"required name=search_term_string"}],"inLanguage":"es"},{"@type":"Person","@id":"https:\/\/www.tecdmx.org.mx\/#\/schema\/person\/208c898199fb3234203823c5f0cf31d6","name":"Difusion2025","image":{"@type":"ImageObject","inLanguage":"es","@id":"https:\/\/www.tecdmx.org.mx\/#\/schema\/person\/image\/","url":"https:\/\/secure.gravatar.com\/avatar\/6f7a4ba3acb418040e90a2eb99b5df28?s=96&d=mm&r=g","contentUrl":"https:\/\/secure.gravatar.com\/avatar\/6f7a4ba3acb418040e90a2eb99b5df28?s=96&d=mm&r=g","caption":"Difusion2025"}}]}},"_links":{"self":[{"href":"https:\/\/www.tecdmx.org.mx\/index.php\/wp-json\/wp\/v2\/posts\/14853"}],"collection":[{"href":"https:\/\/www.tecdmx.org.mx\/index.php\/wp-json\/wp\/v2\/posts"}],"about":[{"href":"https:\/\/www.tecdmx.org.mx\/index.php\/wp-json\/wp\/v2\/types\/post"}],"author":[{"embeddable":true,"href":"https:\/\/www.tecdmx.org.mx\/index.php\/wp-json\/wp\/v2\/users\/13"}],"replies":[{"embeddable":true,"href":"https:\/\/www.tecdmx.org.mx\/index.php\/wp-json\/wp\/v2\/comments?post=14853"}],"version-history":[{"count":1,"href":"https:\/\/www.tecdmx.org.mx\/index.php\/wp-json\/wp\/v2\/posts\/14853\/revisions"}],"predecessor-version":[{"id":14858,"href":"https:\/\/www.tecdmx.org.mx\/index.php\/wp-json\/wp\/v2\/posts\/14853\/revisions\/14858"}],"wp:attachment":[{"href":"https:\/\/www.tecdmx.org.mx\/index.php\/wp-json\/wp\/v2\/media?parent=14853"}],"wp:term":[{"taxonomy":"category","embeddable":true,"href":"https:\/\/www.tecdmx.org.mx\/index.php\/wp-json\/wp\/v2\/categories?post=14853"},{"taxonomy":"post_tag","embeddable":true,"href":"https:\/\/www.tecdmx.org.mx\/index.php\/wp-json\/wp\/v2\/tags?post=14853"}],"curies":[{"name":"wp","href":"https:\/\/api.w.org\/{rel}","templated":true}]}}