{"id":14890,"date":"2019-07-17T14:31:51","date_gmt":"2019-07-17T14:31:51","guid":{"rendered":"http:\/\/www2.tecdmx.org.mx\/?p=14890"},"modified":"2019-11-11T02:34:46","modified_gmt":"2019-11-11T02:34:46","slug":"presentacion-del-libro-derechos-humanos-democracia-y-desarrollo","status":"publish","type":"post","link":"https:\/\/www.tecdmx.org.mx\/index.php\/eventos\/2019\/07\/17\/presentacion-del-libro-derechos-humanos-democracia-y-desarrollo\/","title":{"rendered":"Presentaci\u00f3n del libro \u201cDerechos humanos, democracia y desarrollo\u201d"},"content":{"rendered":"\n<p>El Magistrado Armando Hern\u00e1ndez Cruz present\u00f3 el libro \u201cDerechos humanos, democracia y desarrollo\u201d, en el Senado de la Rep\u00fablica; la Senadora Kenia L\u00f3pez Rabad\u00e1n, Presidenta de la Comisi\u00f3n de Derechos Humanos, coment\u00f3 la obra. Acompa\u00f1\u00f3 dicho evento el Magistrado Presidente, Gustavo Anzaldo Hern\u00e1ndez. <\/p>\n\n\n\n<ul class=\"wp-block-gallery aligncenter columns-1 wp-block-gallery-1 is-layout-flex wp-block-gallery-is-layout-flex\"><li class=\"blocks-gallery-item\"><figure><img loading=\"lazy\" decoding=\"async\" width=\"231\" height=\"350\" src=\"https:\/\/www.tecdmx.org.mx\/wp-content\/uploads\/2019\/11\/Libro-AHC-5-231x350.png\" alt=\"\" data-id=\"14891\" data-link=\"http:\/\/www2.tecdmx.org.mx\/?attachment_id=14891\" class=\"wp-image-14891\" srcset=\"https:\/\/www.tecdmx.org.mx\/wp-content\/uploads\/2019\/11\/Libro-AHC-5-165x250.png 165w, https:\/\/www.tecdmx.org.mx\/wp-content\/uploads\/2019\/11\/Libro-AHC-5-768x1164.png 768w, https:\/\/www.tecdmx.org.mx\/wp-content\/uploads\/2019\/11\/Libro-AHC-5-231x350.png 231w, https:\/\/www.tecdmx.org.mx\/wp-content\/uploads\/2019\/11\/Libro-AHC-5.png 1314w\" sizes=\"(max-width: 231px) 100vw, 231px\" \/><\/figure><\/li><li class=\"blocks-gallery-item\"><figure><img loading=\"lazy\" decoding=\"async\" width=\"598\" height=\"350\" src=\"https:\/\/www.tecdmx.org.mx\/wp-content\/uploads\/2019\/11\/Libro-AHC-1-598x350.png\" alt=\"\" data-id=\"14892\" data-link=\"http:\/\/www2.tecdmx.org.mx\/?attachment_id=14892\" class=\"wp-image-14892\" srcset=\"https:\/\/www.tecdmx.org.mx\/wp-content\/uploads\/2019\/11\/Libro-AHC-1-427x250.png 427w, https:\/\/www.tecdmx.org.mx\/wp-content\/uploads\/2019\/11\/Libro-AHC-1-768x450.png 768w, https:\/\/www.tecdmx.org.mx\/wp-content\/uploads\/2019\/11\/Libro-AHC-1-598x350.png 598w, https:\/\/www.tecdmx.org.mx\/wp-content\/uploads\/2019\/11\/Libro-AHC-1.png 1876w\" sizes=\"(max-width: 598px) 100vw, 598px\" \/><\/figure><\/li><li class=\"blocks-gallery-item\"><figure><img loading=\"lazy\" decoding=\"async\" width=\"490\" height=\"350\" src=\"https:\/\/www.tecdmx.org.mx\/wp-content\/uploads\/2019\/11\/Libro-AHC-2-490x350.png\" alt=\"\" data-id=\"14893\" data-link=\"http:\/\/www2.tecdmx.org.mx\/?attachment_id=14893\" class=\"wp-image-14893\" srcset=\"https:\/\/www.tecdmx.org.mx\/wp-content\/uploads\/2019\/11\/Libro-AHC-2-350x250.png 350w, https:\/\/www.tecdmx.org.mx\/wp-content\/uploads\/2019\/11\/Libro-AHC-2-768x548.png 768w, https:\/\/www.tecdmx.org.mx\/wp-content\/uploads\/2019\/11\/Libro-AHC-2-490x350.png 490w, https:\/\/www.tecdmx.org.mx\/wp-content\/uploads\/2019\/11\/Libro-AHC-2.png 1880w\" sizes=\"(max-width: 490px) 100vw, 490px\" \/><\/figure><\/li><li class=\"blocks-gallery-item\"><figure><img loading=\"lazy\" decoding=\"async\" width=\"483\" height=\"350\" src=\"https:\/\/www.tecdmx.org.mx\/wp-content\/uploads\/2019\/11\/Libro-AHC-3-483x350.png\" alt=\"\" data-id=\"14894\" data-link=\"http:\/\/www2.tecdmx.org.mx\/?attachment_id=14894\" class=\"wp-image-14894\" srcset=\"https:\/\/www.tecdmx.org.mx\/wp-content\/uploads\/2019\/11\/Libro-AHC-3-345x250.png 345w, https:\/\/www.tecdmx.org.mx\/wp-content\/uploads\/2019\/11\/Libro-AHC-3-768x557.png 768w, https:\/\/www.tecdmx.org.mx\/wp-content\/uploads\/2019\/11\/Libro-AHC-3-483x350.png 483w, https:\/\/www.tecdmx.org.mx\/wp-content\/uploads\/2019\/11\/Libro-AHC-3.png 1876w\" sizes=\"(max-width: 483px) 100vw, 483px\" \/><\/figure><\/li><li class=\"blocks-gallery-item\"><figure><img loading=\"lazy\" decoding=\"async\" width=\"486\" height=\"350\" src=\"https:\/\/www.tecdmx.org.mx\/wp-content\/uploads\/2019\/11\/Libro-AHC-4-486x350.png\" alt=\"\" data-id=\"14895\" data-link=\"http:\/\/www2.tecdmx.org.mx\/?attachment_id=14895\" class=\"wp-image-14895\" srcset=\"https:\/\/www.tecdmx.org.mx\/wp-content\/uploads\/2019\/11\/Libro-AHC-4-347x250.png 347w, https:\/\/www.tecdmx.org.mx\/wp-content\/uploads\/2019\/11\/Libro-AHC-4-768x553.png 768w, https:\/\/www.tecdmx.org.mx\/wp-content\/uploads\/2019\/11\/Libro-AHC-4-486x350.png 486w, https:\/\/www.tecdmx.org.mx\/wp-content\/uploads\/2019\/11\/Libro-AHC-4.png 1894w\" sizes=\"(max-width: 486px) 100vw, 486px\" \/><\/figure><\/li><\/ul>\n","protected":false},"excerpt":{"rendered":"<p>El Magistrado Armando Hern\u00e1ndez Cruz present\u00f3 el libro \u201cDerechos humanos, democracia y desarrollo\u201d, en el Senado de la Rep\u00fablica; la Senadora Kenia L\u00f3pez Rabad\u00e1n, Presidenta de la Comisi\u00f3n de Derechos [&hellip;]<\/p>\n","protected":false},"author":13,"featured_media":0,"comment_status":"open","ping_status":"open","sticky":false,"template":"","format":"standard","meta":{"_acf_changed":false,"_exactmetrics_skip_tracking":false,"_exactmetrics_sitenote_active":false,"_exactmetrics_sitenote_note":"","_exactmetrics_sitenote_category":0,"footnotes":""},"categories":[47,40],"tags":[],"acf":[],"yoast_head":"<!-- This site is optimized with the Yoast SEO plugin v22.3 - https:\/\/yoast.com\/wordpress\/plugins\/seo\/ -->\n<title>Presentaci\u00f3n del libro \u201cDerechos humanos, democracia y desarrollo\u201d - Tribunal Electoral de la Ciudad de M\u00e9xico<\/title>\n<meta name=\"robots\" content=\"index, follow, max-snippet:-1, max-image-preview:large, max-video-preview:-1\" \/>\n<link rel=\"canonical\" href=\"https:\/\/www.tecdmx.org.mx\/index.php\/eventos\/2019\/07\/17\/presentacion-del-libro-derechos-humanos-democracia-y-desarrollo\/\" \/>\n<meta property=\"og:locale\" content=\"es_ES\" \/>\n<meta property=\"og:type\" content=\"article\" \/>\n<meta property=\"og:title\" content=\"Presentaci\u00f3n del libro \u201cDerechos humanos, democracia y desarrollo\u201d - Tribunal Electoral de la Ciudad de M\u00e9xico\" \/>\n<meta property=\"og:description\" content=\"El Magistrado Armando Hern\u00e1ndez Cruz present\u00f3 el libro \u201cDerechos humanos, democracia y desarrollo\u201d, en el Senado de la Rep\u00fablica; la Senadora Kenia L\u00f3pez Rabad\u00e1n, Presidenta de la Comisi\u00f3n de Derechos [&hellip;]\" \/>\n<meta property=\"og:url\" content=\"https:\/\/www.tecdmx.org.mx\/index.php\/eventos\/2019\/07\/17\/presentacion-del-libro-derechos-humanos-democracia-y-desarrollo\/\" \/>\n<meta property=\"og:site_name\" content=\"Tribunal Electoral de la Ciudad de M\u00e9xico\" \/>\n<meta property=\"article:publisher\" content=\"https:\/\/www.facebook.com\/TECDMX\/\" \/>\n<meta property=\"article:published_time\" content=\"2019-07-17T14:31:51+00:00\" \/>\n<meta property=\"article:modified_time\" content=\"2019-11-11T02:34:46+00:00\" \/>\n<meta property=\"og:image\" content=\"http:\/\/www2.tecdmx.org.mx\/wp-content\/uploads\/2019\/11\/Libro-AHC-5-231x350.png\" \/>\n<meta name=\"author\" content=\"Difusion2025\" \/>\n<meta name=\"twitter:card\" content=\"summary_large_image\" \/>\n<meta name=\"twitter:creator\" content=\"@tecdmx\" \/>\n<meta name=\"twitter:site\" content=\"@tecdmx\" \/>\n<meta name=\"twitter:label1\" content=\"Escrito por\" \/>\n\t<meta name=\"twitter:data1\" content=\"Difusion2025\" \/>\n<script type=\"application\/ld+json\" class=\"yoast-schema-graph\">{\"@context\":\"https:\/\/schema.org\",\"@graph\":[{\"@type\":\"WebPage\",\"@id\":\"https:\/\/www.tecdmx.org.mx\/index.php\/eventos\/2019\/07\/17\/presentacion-del-libro-derechos-humanos-democracia-y-desarrollo\/\",\"url\":\"https:\/\/www.tecdmx.org.mx\/index.php\/eventos\/2019\/07\/17\/presentacion-del-libro-derechos-humanos-democracia-y-desarrollo\/\",\"name\":\"Presentaci\u00f3n del libro \u201cDerechos humanos, democracia y desarrollo\u201d - Tribunal Electoral de la Ciudad de M\u00e9xico\",\"isPartOf\":{\"@id\":\"https:\/\/www.tecdmx.org.mx\/#website\"},\"primaryImageOfPage\":{\"@id\":\"https:\/\/www.tecdmx.org.mx\/index.php\/eventos\/2019\/07\/17\/presentacion-del-libro-derechos-humanos-democracia-y-desarrollo\/#primaryimage\"},\"image\":{\"@id\":\"https:\/\/www.tecdmx.org.mx\/index.php\/eventos\/2019\/07\/17\/presentacion-del-libro-derechos-humanos-democracia-y-desarrollo\/#primaryimage\"},\"thumbnailUrl\":\"http:\/\/www2.tecdmx.org.mx\/wp-content\/uploads\/2019\/11\/Libro-AHC-5-231x350.png\",\"datePublished\":\"2019-07-17T14:31:51+00:00\",\"dateModified\":\"2019-11-11T02:34:46+00:00\",\"author\":{\"@id\":\"https:\/\/www.tecdmx.org.mx\/#\/schema\/person\/208c898199fb3234203823c5f0cf31d6\"},\"breadcrumb\":{\"@id\":\"https:\/\/www.tecdmx.org.mx\/index.php\/eventos\/2019\/07\/17\/presentacion-del-libro-derechos-humanos-democracia-y-desarrollo\/#breadcrumb\"},\"inLanguage\":\"es\",\"potentialAction\":[{\"@type\":\"ReadAction\",\"target\":[\"https:\/\/www.tecdmx.org.mx\/index.php\/eventos\/2019\/07\/17\/presentacion-del-libro-derechos-humanos-democracia-y-desarrollo\/\"]}]},{\"@type\":\"ImageObject\",\"inLanguage\":\"es\",\"@id\":\"https:\/\/www.tecdmx.org.mx\/index.php\/eventos\/2019\/07\/17\/presentacion-del-libro-derechos-humanos-democracia-y-desarrollo\/#primaryimage\",\"url\":\"http:\/\/www2.tecdmx.org.mx\/wp-content\/uploads\/2019\/11\/Libro-AHC-5-231x350.png\",\"contentUrl\":\"http:\/\/www2.tecdmx.org.mx\/wp-content\/uploads\/2019\/11\/Libro-AHC-5-231x350.png\"},{\"@type\":\"BreadcrumbList\",\"@id\":\"https:\/\/www.tecdmx.org.mx\/index.php\/eventos\/2019\/07\/17\/presentacion-del-libro-derechos-humanos-democracia-y-desarrollo\/#breadcrumb\",\"itemListElement\":[{\"@type\":\"ListItem\",\"position\":1,\"name\":\"Portada\",\"item\":\"https:\/\/www.tecdmx.org.mx\/\"},{\"@type\":\"ListItem\",\"position\":2,\"name\":\"Presentaci\u00f3n del libro \u201cDerechos humanos, democracia y desarrollo\u201d\"}]},{\"@type\":\"WebSite\",\"@id\":\"https:\/\/www.tecdmx.org.mx\/#website\",\"url\":\"https:\/\/www.tecdmx.org.mx\/\",\"name\":\"Tribunal Electoral de la Ciudad de M\u00e9xico\",\"description\":\"25 a\u00f1os garantizando justicia en tu elecci\u00f3n\",\"potentialAction\":[{\"@type\":\"SearchAction\",\"target\":{\"@type\":\"EntryPoint\",\"urlTemplate\":\"https:\/\/www.tecdmx.org.mx\/?s={search_term_string}\"},\"query-input\":\"required name=search_term_string\"}],\"inLanguage\":\"es\"},{\"@type\":\"Person\",\"@id\":\"https:\/\/www.tecdmx.org.mx\/#\/schema\/person\/208c898199fb3234203823c5f0cf31d6\",\"name\":\"Difusion2025\",\"image\":{\"@type\":\"ImageObject\",\"inLanguage\":\"es\",\"@id\":\"https:\/\/www.tecdmx.org.mx\/#\/schema\/person\/image\/\",\"url\":\"https:\/\/secure.gravatar.com\/avatar\/6f7a4ba3acb418040e90a2eb99b5df28?s=96&d=mm&r=g\",\"contentUrl\":\"https:\/\/secure.gravatar.com\/avatar\/6f7a4ba3acb418040e90a2eb99b5df28?s=96&d=mm&r=g\",\"caption\":\"Difusion2025\"}}]}<\/script>\n<!-- \/ Yoast SEO plugin. -->","yoast_head_json":{"title":"Presentaci\u00f3n del libro \u201cDerechos humanos, democracia y desarrollo\u201d - Tribunal Electoral de la Ciudad de M\u00e9xico","robots":{"index":"index","follow":"follow","max-snippet":"max-snippet:-1","max-image-preview":"max-image-preview:large","max-video-preview":"max-video-preview:-1"},"canonical":"https:\/\/www.tecdmx.org.mx\/index.php\/eventos\/2019\/07\/17\/presentacion-del-libro-derechos-humanos-democracia-y-desarrollo\/","og_locale":"es_ES","og_type":"article","og_title":"Presentaci\u00f3n del libro \u201cDerechos humanos, democracia y desarrollo\u201d - Tribunal Electoral de la Ciudad de M\u00e9xico","og_description":"El Magistrado Armando Hern\u00e1ndez Cruz present\u00f3 el libro \u201cDerechos humanos, democracia y desarrollo\u201d, en el Senado de la Rep\u00fablica; la Senadora Kenia L\u00f3pez Rabad\u00e1n, Presidenta de la Comisi\u00f3n de Derechos [&hellip;]","og_url":"https:\/\/www.tecdmx.org.mx\/index.php\/eventos\/2019\/07\/17\/presentacion-del-libro-derechos-humanos-democracia-y-desarrollo\/","og_site_name":"Tribunal Electoral de la Ciudad de M\u00e9xico","article_publisher":"https:\/\/www.facebook.com\/TECDMX\/","article_published_time":"2019-07-17T14:31:51+00:00","article_modified_time":"2019-11-11T02:34:46+00:00","og_image":[{"url":"http:\/\/www2.tecdmx.org.mx\/wp-content\/uploads\/2019\/11\/Libro-AHC-5-231x350.png"}],"author":"Difusion2025","twitter_card":"summary_large_image","twitter_creator":"@tecdmx","twitter_site":"@tecdmx","twitter_misc":{"Escrito por":"Difusion2025"},"schema":{"@context":"https:\/\/schema.org","@graph":[{"@type":"WebPage","@id":"https:\/\/www.tecdmx.org.mx\/index.php\/eventos\/2019\/07\/17\/presentacion-del-libro-derechos-humanos-democracia-y-desarrollo\/","url":"https:\/\/www.tecdmx.org.mx\/index.php\/eventos\/2019\/07\/17\/presentacion-del-libro-derechos-humanos-democracia-y-desarrollo\/","name":"Presentaci\u00f3n del libro \u201cDerechos humanos, democracia y desarrollo\u201d - Tribunal Electoral de la Ciudad de M\u00e9xico","isPartOf":{"@id":"https:\/\/www.tecdmx.org.mx\/#website"},"primaryImageOfPage":{"@id":"https:\/\/www.tecdmx.org.mx\/index.php\/eventos\/2019\/07\/17\/presentacion-del-libro-derechos-humanos-democracia-y-desarrollo\/#primaryimage"},"image":{"@id":"https:\/\/www.tecdmx.org.mx\/index.php\/eventos\/2019\/07\/17\/presentacion-del-libro-derechos-humanos-democracia-y-desarrollo\/#primaryimage"},"thumbnailUrl":"http:\/\/www2.tecdmx.org.mx\/wp-content\/uploads\/2019\/11\/Libro-AHC-5-231x350.png","datePublished":"2019-07-17T14:31:51+00:00","dateModified":"2019-11-11T02:34:46+00:00","author":{"@id":"https:\/\/www.tecdmx.org.mx\/#\/schema\/person\/208c898199fb3234203823c5f0cf31d6"},"breadcrumb":{"@id":"https:\/\/www.tecdmx.org.mx\/index.php\/eventos\/2019\/07\/17\/presentacion-del-libro-derechos-humanos-democracia-y-desarrollo\/#breadcrumb"},"inLanguage":"es","potentialAction":[{"@type":"ReadAction","target":["https:\/\/www.tecdmx.org.mx\/index.php\/eventos\/2019\/07\/17\/presentacion-del-libro-derechos-humanos-democracia-y-desarrollo\/"]}]},{"@type":"ImageObject","inLanguage":"es","@id":"https:\/\/www.tecdmx.org.mx\/index.php\/eventos\/2019\/07\/17\/presentacion-del-libro-derechos-humanos-democracia-y-desarrollo\/#primaryimage","url":"http:\/\/www2.tecdmx.org.mx\/wp-content\/uploads\/2019\/11\/Libro-AHC-5-231x350.png","contentUrl":"http:\/\/www2.tecdmx.org.mx\/wp-content\/uploads\/2019\/11\/Libro-AHC-5-231x350.png"},{"@type":"BreadcrumbList","@id":"https:\/\/www.tecdmx.org.mx\/index.php\/eventos\/2019\/07\/17\/presentacion-del-libro-derechos-humanos-democracia-y-desarrollo\/#breadcrumb","itemListElement":[{"@type":"ListItem","position":1,"name":"Portada","item":"https:\/\/www.tecdmx.org.mx\/"},{"@type":"ListItem","position":2,"name":"Presentaci\u00f3n del libro \u201cDerechos humanos, democracia y desarrollo\u201d"}]},{"@type":"WebSite","@id":"https:\/\/www.tecdmx.org.mx\/#website","url":"https:\/\/www.tecdmx.org.mx\/","name":"Tribunal Electoral de la Ciudad de M\u00e9xico","description":"25 a\u00f1os garantizando justicia en tu elecci\u00f3n","potentialAction":[{"@type":"SearchAction","target":{"@type":"EntryPoint","urlTemplate":"https:\/\/www.tecdmx.org.mx\/?s={search_term_string}"},"query-input":"required name=search_term_string"}],"inLanguage":"es"},{"@type":"Person","@id":"https:\/\/www.tecdmx.org.mx\/#\/schema\/person\/208c898199fb3234203823c5f0cf31d6","name":"Difusion2025","image":{"@type":"ImageObject","inLanguage":"es","@id":"https:\/\/www.tecdmx.org.mx\/#\/schema\/person\/image\/","url":"https:\/\/secure.gravatar.com\/avatar\/6f7a4ba3acb418040e90a2eb99b5df28?s=96&d=mm&r=g","contentUrl":"https:\/\/secure.gravatar.com\/avatar\/6f7a4ba3acb418040e90a2eb99b5df28?s=96&d=mm&r=g","caption":"Difusion2025"}}]}},"_links":{"self":[{"href":"https:\/\/www.tecdmx.org.mx\/index.php\/wp-json\/wp\/v2\/posts\/14890"}],"collection":[{"href":"https:\/\/www.tecdmx.org.mx\/index.php\/wp-json\/wp\/v2\/posts"}],"about":[{"href":"https:\/\/www.tecdmx.org.mx\/index.php\/wp-json\/wp\/v2\/types\/post"}],"author":[{"embeddable":true,"href":"https:\/\/www.tecdmx.org.mx\/index.php\/wp-json\/wp\/v2\/users\/13"}],"replies":[{"embeddable":true,"href":"https:\/\/www.tecdmx.org.mx\/index.php\/wp-json\/wp\/v2\/comments?post=14890"}],"version-history":[{"count":1,"href":"https:\/\/www.tecdmx.org.mx\/index.php\/wp-json\/wp\/v2\/posts\/14890\/revisions"}],"predecessor-version":[{"id":14896,"href":"https:\/\/www.tecdmx.org.mx\/index.php\/wp-json\/wp\/v2\/posts\/14890\/revisions\/14896"}],"wp:attachment":[{"href":"https:\/\/www.tecdmx.org.mx\/index.php\/wp-json\/wp\/v2\/media?parent=14890"}],"wp:term":[{"taxonomy":"category","embeddable":true,"href":"https:\/\/www.tecdmx.org.mx\/index.php\/wp-json\/wp\/v2\/categories?post=14890"},{"taxonomy":"post_tag","embeddable":true,"href":"https:\/\/www.tecdmx.org.mx\/index.php\/wp-json\/wp\/v2\/tags?post=14890"}],"curies":[{"name":"wp","href":"https:\/\/api.w.org\/{rel}","templated":true}]}}