{"id":14909,"date":"2019-07-26T14:47:00","date_gmt":"2019-07-26T14:47:00","guid":{"rendered":"http:\/\/www2.tecdmx.org.mx\/?p=14909"},"modified":"2019-11-11T02:49:14","modified_gmt":"2019-11-11T02:49:14","slug":"agitando-ideas-jovenes-formando-ciudadania-2019-clausura-de-la-primera-brigada","status":"publish","type":"post","link":"https:\/\/www.tecdmx.org.mx\/index.php\/destacados\/2019\/07\/26\/agitando-ideas-jovenes-formando-ciudadania-2019-clausura-de-la-primera-brigada\/","title":{"rendered":"Agitando ideas, j\u00f3venes formando ciudadan\u00eda 2019 Clausura de la primera brigada"},"content":{"rendered":"\n<p class=\"has-medium-font-size\">El Magistrado Presidente Gustavo Anzaldo Hern\u00e1ndez presidi\u00f3 la clausura de la primera brigada del programa \u201cAgitando Ideas\u201d, J\u00f3venes formando ciudadan\u00eda 2019. En el evento tambi\u00e9n se cont\u00f3 con la presencia de la Magistrada Martha Leticia Mercado Ram\u00edrez, el Magistrado Juan Carlos S\u00e1nchez Le\u00f3n, la licenciada Beatriz Olivares Pinal, Directora del Instituto de la Juventud de la CDMX y el licenciado Cristian Mor\u00e1n Fern\u00e1ndez, Coordinador de la primera brigada del programa, as\u00ed como de las y los ponentes que participaron en los distintos m\u00f3dulos y los j\u00f3venes integrantes de esta brigada. <\/p>\n\n\n\n<ul class=\"wp-block-gallery aligncenter columns-1 wp-block-gallery-1 is-layout-flex wp-block-gallery-is-layout-flex\"><li class=\"blocks-gallery-item\"><figure><img loading=\"lazy\" decoding=\"async\" width=\"525\" height=\"350\" src=\"https:\/\/www.tecdmx.org.mx\/wp-content\/uploads\/2019\/11\/cierre-agitando-1-525x350.jpeg\" alt=\"\" data-id=\"14911\" data-link=\"http:\/\/www2.tecdmx.org.mx\/?attachment_id=14911\" class=\"wp-image-14911\" srcset=\"https:\/\/www.tecdmx.org.mx\/wp-content\/uploads\/2019\/11\/cierre-agitando-1-375x250.jpeg 375w, https:\/\/www.tecdmx.org.mx\/wp-content\/uploads\/2019\/11\/cierre-agitando-1-768x512.jpeg 768w, https:\/\/www.tecdmx.org.mx\/wp-content\/uploads\/2019\/11\/cierre-agitando-1-525x350.jpeg 525w, https:\/\/www.tecdmx.org.mx\/wp-content\/uploads\/2019\/11\/cierre-agitando-1.jpeg 1280w\" sizes=\"(max-width: 525px) 100vw, 525px\" \/><\/figure><\/li><li class=\"blocks-gallery-item\"><figure><img loading=\"lazy\" decoding=\"async\" width=\"525\" height=\"350\" src=\"https:\/\/www.tecdmx.org.mx\/wp-content\/uploads\/2019\/11\/cierre-agitando-3-525x350.jpeg\" alt=\"\" data-id=\"14910\" data-link=\"http:\/\/www2.tecdmx.org.mx\/?attachment_id=14910\" class=\"wp-image-14910\" srcset=\"https:\/\/www.tecdmx.org.mx\/wp-content\/uploads\/2019\/11\/cierre-agitando-3-375x250.jpeg 375w, https:\/\/www.tecdmx.org.mx\/wp-content\/uploads\/2019\/11\/cierre-agitando-3-768x512.jpeg 768w, https:\/\/www.tecdmx.org.mx\/wp-content\/uploads\/2019\/11\/cierre-agitando-3-525x350.jpeg 525w, https:\/\/www.tecdmx.org.mx\/wp-content\/uploads\/2019\/11\/cierre-agitando-3.jpeg 1280w\" sizes=\"(max-width: 525px) 100vw, 525px\" \/><\/figure><\/li><li class=\"blocks-gallery-item\"><figure><img loading=\"lazy\" decoding=\"async\" width=\"525\" height=\"350\" src=\"https:\/\/www.tecdmx.org.mx\/wp-content\/uploads\/2019\/11\/cierre-agitando-2-525x350.jpeg\" alt=\"\" data-id=\"14912\" data-link=\"http:\/\/www2.tecdmx.org.mx\/?attachment_id=14912\" class=\"wp-image-14912\" srcset=\"https:\/\/www.tecdmx.org.mx\/wp-content\/uploads\/2019\/11\/cierre-agitando-2-375x250.jpeg 375w, https:\/\/www.tecdmx.org.mx\/wp-content\/uploads\/2019\/11\/cierre-agitando-2-768x512.jpeg 768w, https:\/\/www.tecdmx.org.mx\/wp-content\/uploads\/2019\/11\/cierre-agitando-2-525x350.jpeg 525w, https:\/\/www.tecdmx.org.mx\/wp-content\/uploads\/2019\/11\/cierre-agitando-2.jpeg 1280w\" sizes=\"(max-width: 525px) 100vw, 525px\" \/><\/figure><\/li><\/ul>\n","protected":false},"excerpt":{"rendered":"<p>El Magistrado Presidente Gustavo Anzaldo Hern\u00e1ndez presidi\u00f3 la clausura de la primera brigada del programa \u201cAgitando Ideas\u201d, J\u00f3venes formando ciudadan\u00eda 2019. En el evento tambi\u00e9n se cont\u00f3 con la presencia [&hellip;]<\/p>\n","protected":false},"author":13,"featured_media":0,"comment_status":"open","ping_status":"open","sticky":false,"template":"","format":"standard","meta":{"_acf_changed":false,"_exactmetrics_skip_tracking":false,"_exactmetrics_sitenote_active":false,"_exactmetrics_sitenote_note":"","_exactmetrics_sitenote_category":0,"footnotes":""},"categories":[47,61],"tags":[],"acf":[],"yoast_head":"<!-- This site is optimized with the Yoast SEO plugin v22.3 - https:\/\/yoast.com\/wordpress\/plugins\/seo\/ -->\n<title>Agitando ideas, j\u00f3venes formando ciudadan\u00eda 2019 Clausura de la primera brigada - Tribunal Electoral de la Ciudad de M\u00e9xico<\/title>\n<meta name=\"robots\" content=\"index, follow, max-snippet:-1, max-image-preview:large, max-video-preview:-1\" \/>\n<link rel=\"canonical\" href=\"https:\/\/www.tecdmx.org.mx\/index.php\/destacados\/2019\/07\/26\/agitando-ideas-jovenes-formando-ciudadania-2019-clausura-de-la-primera-brigada\/\" \/>\n<meta property=\"og:locale\" content=\"es_ES\" \/>\n<meta property=\"og:type\" content=\"article\" \/>\n<meta property=\"og:title\" content=\"Agitando ideas, j\u00f3venes formando ciudadan\u00eda 2019 Clausura de la primera brigada - Tribunal Electoral de la Ciudad de M\u00e9xico\" \/>\n<meta property=\"og:description\" content=\"El Magistrado Presidente Gustavo Anzaldo Hern\u00e1ndez presidi\u00f3 la clausura de la primera brigada del programa \u201cAgitando Ideas\u201d, J\u00f3venes formando ciudadan\u00eda 2019. En el evento tambi\u00e9n se cont\u00f3 con la presencia [&hellip;]\" \/>\n<meta property=\"og:url\" content=\"https:\/\/www.tecdmx.org.mx\/index.php\/destacados\/2019\/07\/26\/agitando-ideas-jovenes-formando-ciudadania-2019-clausura-de-la-primera-brigada\/\" \/>\n<meta property=\"og:site_name\" content=\"Tribunal Electoral de la Ciudad de M\u00e9xico\" \/>\n<meta property=\"article:publisher\" content=\"https:\/\/www.facebook.com\/TECDMX\/\" \/>\n<meta property=\"article:published_time\" content=\"2019-07-26T14:47:00+00:00\" \/>\n<meta property=\"article:modified_time\" content=\"2019-11-11T02:49:14+00:00\" \/>\n<meta property=\"og:image\" content=\"http:\/\/www2.tecdmx.org.mx\/wp-content\/uploads\/2019\/11\/cierre-agitando-1-525x350.jpeg\" \/>\n<meta name=\"author\" content=\"Difusion2025\" \/>\n<meta name=\"twitter:card\" content=\"summary_large_image\" \/>\n<meta name=\"twitter:creator\" content=\"@tecdmx\" \/>\n<meta name=\"twitter:site\" content=\"@tecdmx\" \/>\n<meta name=\"twitter:label1\" content=\"Escrito por\" \/>\n\t<meta name=\"twitter:data1\" content=\"Difusion2025\" \/>\n\t<meta name=\"twitter:label2\" content=\"Tiempo de lectura\" \/>\n\t<meta name=\"twitter:data2\" content=\"1 minuto\" \/>\n<script type=\"application\/ld+json\" class=\"yoast-schema-graph\">{\"@context\":\"https:\/\/schema.org\",\"@graph\":[{\"@type\":\"WebPage\",\"@id\":\"https:\/\/www.tecdmx.org.mx\/index.php\/destacados\/2019\/07\/26\/agitando-ideas-jovenes-formando-ciudadania-2019-clausura-de-la-primera-brigada\/\",\"url\":\"https:\/\/www.tecdmx.org.mx\/index.php\/destacados\/2019\/07\/26\/agitando-ideas-jovenes-formando-ciudadania-2019-clausura-de-la-primera-brigada\/\",\"name\":\"Agitando ideas, j\u00f3venes formando ciudadan\u00eda 2019 Clausura de la primera brigada - Tribunal Electoral de la Ciudad de M\u00e9xico\",\"isPartOf\":{\"@id\":\"https:\/\/www.tecdmx.org.mx\/#website\"},\"primaryImageOfPage\":{\"@id\":\"https:\/\/www.tecdmx.org.mx\/index.php\/destacados\/2019\/07\/26\/agitando-ideas-jovenes-formando-ciudadania-2019-clausura-de-la-primera-brigada\/#primaryimage\"},\"image\":{\"@id\":\"https:\/\/www.tecdmx.org.mx\/index.php\/destacados\/2019\/07\/26\/agitando-ideas-jovenes-formando-ciudadania-2019-clausura-de-la-primera-brigada\/#primaryimage\"},\"thumbnailUrl\":\"http:\/\/www2.tecdmx.org.mx\/wp-content\/uploads\/2019\/11\/cierre-agitando-1-525x350.jpeg\",\"datePublished\":\"2019-07-26T14:47:00+00:00\",\"dateModified\":\"2019-11-11T02:49:14+00:00\",\"author\":{\"@id\":\"https:\/\/www.tecdmx.org.mx\/#\/schema\/person\/208c898199fb3234203823c5f0cf31d6\"},\"breadcrumb\":{\"@id\":\"https:\/\/www.tecdmx.org.mx\/index.php\/destacados\/2019\/07\/26\/agitando-ideas-jovenes-formando-ciudadania-2019-clausura-de-la-primera-brigada\/#breadcrumb\"},\"inLanguage\":\"es\",\"potentialAction\":[{\"@type\":\"ReadAction\",\"target\":[\"https:\/\/www.tecdmx.org.mx\/index.php\/destacados\/2019\/07\/26\/agitando-ideas-jovenes-formando-ciudadania-2019-clausura-de-la-primera-brigada\/\"]}]},{\"@type\":\"ImageObject\",\"inLanguage\":\"es\",\"@id\":\"https:\/\/www.tecdmx.org.mx\/index.php\/destacados\/2019\/07\/26\/agitando-ideas-jovenes-formando-ciudadania-2019-clausura-de-la-primera-brigada\/#primaryimage\",\"url\":\"http:\/\/www2.tecdmx.org.mx\/wp-content\/uploads\/2019\/11\/cierre-agitando-1-525x350.jpeg\",\"contentUrl\":\"http:\/\/www2.tecdmx.org.mx\/wp-content\/uploads\/2019\/11\/cierre-agitando-1-525x350.jpeg\"},{\"@type\":\"BreadcrumbList\",\"@id\":\"https:\/\/www.tecdmx.org.mx\/index.php\/destacados\/2019\/07\/26\/agitando-ideas-jovenes-formando-ciudadania-2019-clausura-de-la-primera-brigada\/#breadcrumb\",\"itemListElement\":[{\"@type\":\"ListItem\",\"position\":1,\"name\":\"Portada\",\"item\":\"https:\/\/www.tecdmx.org.mx\/\"},{\"@type\":\"ListItem\",\"position\":2,\"name\":\"Agitando ideas, j\u00f3venes formando ciudadan\u00eda 2019 Clausura de la primera brigada\"}]},{\"@type\":\"WebSite\",\"@id\":\"https:\/\/www.tecdmx.org.mx\/#website\",\"url\":\"https:\/\/www.tecdmx.org.mx\/\",\"name\":\"Tribunal Electoral de la Ciudad de M\u00e9xico\",\"description\":\"25 a\u00f1os garantizando justicia en tu elecci\u00f3n\",\"potentialAction\":[{\"@type\":\"SearchAction\",\"target\":{\"@type\":\"EntryPoint\",\"urlTemplate\":\"https:\/\/www.tecdmx.org.mx\/?s={search_term_string}\"},\"query-input\":\"required name=search_term_string\"}],\"inLanguage\":\"es\"},{\"@type\":\"Person\",\"@id\":\"https:\/\/www.tecdmx.org.mx\/#\/schema\/person\/208c898199fb3234203823c5f0cf31d6\",\"name\":\"Difusion2025\",\"image\":{\"@type\":\"ImageObject\",\"inLanguage\":\"es\",\"@id\":\"https:\/\/www.tecdmx.org.mx\/#\/schema\/person\/image\/\",\"url\":\"https:\/\/secure.gravatar.com\/avatar\/6f7a4ba3acb418040e90a2eb99b5df28?s=96&d=mm&r=g\",\"contentUrl\":\"https:\/\/secure.gravatar.com\/avatar\/6f7a4ba3acb418040e90a2eb99b5df28?s=96&d=mm&r=g\",\"caption\":\"Difusion2025\"}}]}<\/script>\n<!-- \/ Yoast SEO plugin. -->","yoast_head_json":{"title":"Agitando ideas, j\u00f3venes formando ciudadan\u00eda 2019 Clausura de la primera brigada - Tribunal Electoral de la Ciudad de M\u00e9xico","robots":{"index":"index","follow":"follow","max-snippet":"max-snippet:-1","max-image-preview":"max-image-preview:large","max-video-preview":"max-video-preview:-1"},"canonical":"https:\/\/www.tecdmx.org.mx\/index.php\/destacados\/2019\/07\/26\/agitando-ideas-jovenes-formando-ciudadania-2019-clausura-de-la-primera-brigada\/","og_locale":"es_ES","og_type":"article","og_title":"Agitando ideas, j\u00f3venes formando ciudadan\u00eda 2019 Clausura de la primera brigada - Tribunal Electoral de la Ciudad de M\u00e9xico","og_description":"El Magistrado Presidente Gustavo Anzaldo Hern\u00e1ndez presidi\u00f3 la clausura de la primera brigada del programa \u201cAgitando Ideas\u201d, J\u00f3venes formando ciudadan\u00eda 2019. En el evento tambi\u00e9n se cont\u00f3 con la presencia [&hellip;]","og_url":"https:\/\/www.tecdmx.org.mx\/index.php\/destacados\/2019\/07\/26\/agitando-ideas-jovenes-formando-ciudadania-2019-clausura-de-la-primera-brigada\/","og_site_name":"Tribunal Electoral de la Ciudad de M\u00e9xico","article_publisher":"https:\/\/www.facebook.com\/TECDMX\/","article_published_time":"2019-07-26T14:47:00+00:00","article_modified_time":"2019-11-11T02:49:14+00:00","og_image":[{"url":"http:\/\/www2.tecdmx.org.mx\/wp-content\/uploads\/2019\/11\/cierre-agitando-1-525x350.jpeg"}],"author":"Difusion2025","twitter_card":"summary_large_image","twitter_creator":"@tecdmx","twitter_site":"@tecdmx","twitter_misc":{"Escrito por":"Difusion2025","Tiempo de lectura":"1 minuto"},"schema":{"@context":"https:\/\/schema.org","@graph":[{"@type":"WebPage","@id":"https:\/\/www.tecdmx.org.mx\/index.php\/destacados\/2019\/07\/26\/agitando-ideas-jovenes-formando-ciudadania-2019-clausura-de-la-primera-brigada\/","url":"https:\/\/www.tecdmx.org.mx\/index.php\/destacados\/2019\/07\/26\/agitando-ideas-jovenes-formando-ciudadania-2019-clausura-de-la-primera-brigada\/","name":"Agitando ideas, j\u00f3venes formando ciudadan\u00eda 2019 Clausura de la primera brigada - Tribunal Electoral de la Ciudad de M\u00e9xico","isPartOf":{"@id":"https:\/\/www.tecdmx.org.mx\/#website"},"primaryImageOfPage":{"@id":"https:\/\/www.tecdmx.org.mx\/index.php\/destacados\/2019\/07\/26\/agitando-ideas-jovenes-formando-ciudadania-2019-clausura-de-la-primera-brigada\/#primaryimage"},"image":{"@id":"https:\/\/www.tecdmx.org.mx\/index.php\/destacados\/2019\/07\/26\/agitando-ideas-jovenes-formando-ciudadania-2019-clausura-de-la-primera-brigada\/#primaryimage"},"thumbnailUrl":"http:\/\/www2.tecdmx.org.mx\/wp-content\/uploads\/2019\/11\/cierre-agitando-1-525x350.jpeg","datePublished":"2019-07-26T14:47:00+00:00","dateModified":"2019-11-11T02:49:14+00:00","author":{"@id":"https:\/\/www.tecdmx.org.mx\/#\/schema\/person\/208c898199fb3234203823c5f0cf31d6"},"breadcrumb":{"@id":"https:\/\/www.tecdmx.org.mx\/index.php\/destacados\/2019\/07\/26\/agitando-ideas-jovenes-formando-ciudadania-2019-clausura-de-la-primera-brigada\/#breadcrumb"},"inLanguage":"es","potentialAction":[{"@type":"ReadAction","target":["https:\/\/www.tecdmx.org.mx\/index.php\/destacados\/2019\/07\/26\/agitando-ideas-jovenes-formando-ciudadania-2019-clausura-de-la-primera-brigada\/"]}]},{"@type":"ImageObject","inLanguage":"es","@id":"https:\/\/www.tecdmx.org.mx\/index.php\/destacados\/2019\/07\/26\/agitando-ideas-jovenes-formando-ciudadania-2019-clausura-de-la-primera-brigada\/#primaryimage","url":"http:\/\/www2.tecdmx.org.mx\/wp-content\/uploads\/2019\/11\/cierre-agitando-1-525x350.jpeg","contentUrl":"http:\/\/www2.tecdmx.org.mx\/wp-content\/uploads\/2019\/11\/cierre-agitando-1-525x350.jpeg"},{"@type":"BreadcrumbList","@id":"https:\/\/www.tecdmx.org.mx\/index.php\/destacados\/2019\/07\/26\/agitando-ideas-jovenes-formando-ciudadania-2019-clausura-de-la-primera-brigada\/#breadcrumb","itemListElement":[{"@type":"ListItem","position":1,"name":"Portada","item":"https:\/\/www.tecdmx.org.mx\/"},{"@type":"ListItem","position":2,"name":"Agitando ideas, j\u00f3venes formando ciudadan\u00eda 2019 Clausura de la primera brigada"}]},{"@type":"WebSite","@id":"https:\/\/www.tecdmx.org.mx\/#website","url":"https:\/\/www.tecdmx.org.mx\/","name":"Tribunal Electoral de la Ciudad de M\u00e9xico","description":"25 a\u00f1os garantizando justicia en tu elecci\u00f3n","potentialAction":[{"@type":"SearchAction","target":{"@type":"EntryPoint","urlTemplate":"https:\/\/www.tecdmx.org.mx\/?s={search_term_string}"},"query-input":"required name=search_term_string"}],"inLanguage":"es"},{"@type":"Person","@id":"https:\/\/www.tecdmx.org.mx\/#\/schema\/person\/208c898199fb3234203823c5f0cf31d6","name":"Difusion2025","image":{"@type":"ImageObject","inLanguage":"es","@id":"https:\/\/www.tecdmx.org.mx\/#\/schema\/person\/image\/","url":"https:\/\/secure.gravatar.com\/avatar\/6f7a4ba3acb418040e90a2eb99b5df28?s=96&d=mm&r=g","contentUrl":"https:\/\/secure.gravatar.com\/avatar\/6f7a4ba3acb418040e90a2eb99b5df28?s=96&d=mm&r=g","caption":"Difusion2025"}}]}},"_links":{"self":[{"href":"https:\/\/www.tecdmx.org.mx\/index.php\/wp-json\/wp\/v2\/posts\/14909"}],"collection":[{"href":"https:\/\/www.tecdmx.org.mx\/index.php\/wp-json\/wp\/v2\/posts"}],"about":[{"href":"https:\/\/www.tecdmx.org.mx\/index.php\/wp-json\/wp\/v2\/types\/post"}],"author":[{"embeddable":true,"href":"https:\/\/www.tecdmx.org.mx\/index.php\/wp-json\/wp\/v2\/users\/13"}],"replies":[{"embeddable":true,"href":"https:\/\/www.tecdmx.org.mx\/index.php\/wp-json\/wp\/v2\/comments?post=14909"}],"version-history":[{"count":1,"href":"https:\/\/www.tecdmx.org.mx\/index.php\/wp-json\/wp\/v2\/posts\/14909\/revisions"}],"predecessor-version":[{"id":14913,"href":"https:\/\/www.tecdmx.org.mx\/index.php\/wp-json\/wp\/v2\/posts\/14909\/revisions\/14913"}],"wp:attachment":[{"href":"https:\/\/www.tecdmx.org.mx\/index.php\/wp-json\/wp\/v2\/media?parent=14909"}],"wp:term":[{"taxonomy":"category","embeddable":true,"href":"https:\/\/www.tecdmx.org.mx\/index.php\/wp-json\/wp\/v2\/categories?post=14909"},{"taxonomy":"post_tag","embeddable":true,"href":"https:\/\/www.tecdmx.org.mx\/index.php\/wp-json\/wp\/v2\/tags?post=14909"}],"curies":[{"name":"wp","href":"https:\/\/api.w.org\/{rel}","templated":true}]}}