{"id":14942,"date":"2019-08-13T15:04:59","date_gmt":"2019-08-13T15:04:59","guid":{"rendered":"http:\/\/www2.tecdmx.org.mx\/?p=14942"},"modified":"2019-11-11T03:06:47","modified_gmt":"2019-11-11T03:06:47","slug":"concluyo-el-foro-reforma-constitucional-en-materia-de-paridad","status":"publish","type":"post","link":"https:\/\/www.tecdmx.org.mx\/index.php\/eventos\/2019\/08\/13\/concluyo-el-foro-reforma-constitucional-en-materia-de-paridad\/","title":{"rendered":"Concluy\u00f3 el Foro: \u201cReforma Constitucional en Materia de Paridad&#8221;"},"content":{"rendered":"\n<p class=\"has-medium-font-size\">Concluy\u00f3 el Foro: \u201cReforma Constitucional en Materia de Paridad, conformaci\u00f3n de las Leyes Secundarias y su impacto en la Legislaci\u00f3n de la Ciudad\u201d organizado por el Tribunal Electoral de la Ciudad de M\u00e9xico. Este evento fue moderado por la Magistrada Martha Mercado quien, a manera de conclusi\u00f3n, subray\u00f3 la importancia de las aportaciones de diversos sectores de la sociedad para la construcci\u00f3n de una paridad efectiva. \u00a0\u00a0\u00a0\u00a0\u00a0\u00a0 Con este foro se abri\u00f3 un importante espacio de reflexi\u00f3n y an\u00e1lisis en el que se cont\u00f3 con la presencia de la Senadora de la Rep\u00fablica, Beatriz Paredes Rangel, el Consejero del Instituto Electoral de la Ciudad de M\u00e9xico, Yuri Beltr\u00e1n, el Magistrado Armando Hern\u00e1ndez Cruz, entre otras destacadas personalidades del \u00e1mbito gubernamental y de la sociedad civil. <\/p>\n\n\n\n<ul class=\"wp-block-gallery aligncenter columns-1 wp-block-gallery-1 is-layout-flex wp-block-gallery-is-layout-flex\"><li class=\"blocks-gallery-item\"><figure><img loading=\"lazy\" decoding=\"async\" width=\"525\" height=\"350\" src=\"https:\/\/www.tecdmx.org.mx\/wp-content\/uploads\/2019\/11\/Foro-Paridad-2-1-525x350.png\" alt=\"\" data-id=\"14945\" data-link=\"http:\/\/www2.tecdmx.org.mx\/?attachment_id=14945\" class=\"wp-image-14945\" srcset=\"https:\/\/www.tecdmx.org.mx\/wp-content\/uploads\/2019\/11\/Foro-Paridad-2-1-375x250.png 375w, https:\/\/www.tecdmx.org.mx\/wp-content\/uploads\/2019\/11\/Foro-Paridad-2-1-768x512.png 768w, https:\/\/www.tecdmx.org.mx\/wp-content\/uploads\/2019\/11\/Foro-Paridad-2-1-525x350.png 525w, https:\/\/www.tecdmx.org.mx\/wp-content\/uploads\/2019\/11\/Foro-Paridad-2-1.png 1280w\" sizes=\"(max-width: 525px) 100vw, 525px\" \/><\/figure><\/li><li class=\"blocks-gallery-item\"><figure><img loading=\"lazy\" decoding=\"async\" width=\"525\" height=\"350\" src=\"https:\/\/www.tecdmx.org.mx\/wp-content\/uploads\/2019\/11\/Foro-Paridad-4-1-525x350.png\" alt=\"\" data-id=\"14943\" data-link=\"http:\/\/www2.tecdmx.org.mx\/?attachment_id=14943\" class=\"wp-image-14943\" srcset=\"https:\/\/www.tecdmx.org.mx\/wp-content\/uploads\/2019\/11\/Foro-Paridad-4-1-375x250.png 375w, https:\/\/www.tecdmx.org.mx\/wp-content\/uploads\/2019\/11\/Foro-Paridad-4-1-768x512.png 768w, https:\/\/www.tecdmx.org.mx\/wp-content\/uploads\/2019\/11\/Foro-Paridad-4-1-525x350.png 525w, https:\/\/www.tecdmx.org.mx\/wp-content\/uploads\/2019\/11\/Foro-Paridad-4-1.png 1280w\" sizes=\"(max-width: 525px) 100vw, 525px\" \/><\/figure><\/li><li class=\"blocks-gallery-item\"><figure><img loading=\"lazy\" decoding=\"async\" width=\"233\" height=\"350\" src=\"https:\/\/www.tecdmx.org.mx\/wp-content\/uploads\/2019\/11\/Foro-Paridad-3-1-233x350.png\" alt=\"\" data-id=\"14946\" data-link=\"http:\/\/www2.tecdmx.org.mx\/?attachment_id=14946\" class=\"wp-image-14946\" srcset=\"https:\/\/www.tecdmx.org.mx\/wp-content\/uploads\/2019\/11\/Foro-Paridad-3-1-167x250.png 167w, https:\/\/www.tecdmx.org.mx\/wp-content\/uploads\/2019\/11\/Foro-Paridad-3-1-768x1152.png 768w, https:\/\/www.tecdmx.org.mx\/wp-content\/uploads\/2019\/11\/Foro-Paridad-3-1-233x350.png 233w, https:\/\/www.tecdmx.org.mx\/wp-content\/uploads\/2019\/11\/Foro-Paridad-3-1.png 853w\" sizes=\"(max-width: 233px) 100vw, 233px\" \/><\/figure><\/li><li class=\"blocks-gallery-item\"><figure><img loading=\"lazy\" decoding=\"async\" width=\"525\" height=\"350\" src=\"https:\/\/www.tecdmx.org.mx\/wp-content\/uploads\/2019\/11\/Foro-Paridad-1-1-525x350.png\" alt=\"\" data-id=\"14944\" data-link=\"http:\/\/www2.tecdmx.org.mx\/?attachment_id=14944\" class=\"wp-image-14944\" srcset=\"https:\/\/www.tecdmx.org.mx\/wp-content\/uploads\/2019\/11\/Foro-Paridad-1-1-375x250.png 375w, https:\/\/www.tecdmx.org.mx\/wp-content\/uploads\/2019\/11\/Foro-Paridad-1-1-768x512.png 768w, https:\/\/www.tecdmx.org.mx\/wp-content\/uploads\/2019\/11\/Foro-Paridad-1-1-525x350.png 525w, https:\/\/www.tecdmx.org.mx\/wp-content\/uploads\/2019\/11\/Foro-Paridad-1-1.png 1280w\" sizes=\"(max-width: 525px) 100vw, 525px\" \/><\/figure><\/li><\/ul>\n","protected":false},"excerpt":{"rendered":"<p>Concluy\u00f3 el Foro: \u201cReforma Constitucional en Materia de Paridad, conformaci\u00f3n de las Leyes Secundarias y su impacto en la Legislaci\u00f3n de la Ciudad\u201d organizado por el Tribunal Electoral de la [&hellip;]<\/p>\n","protected":false},"author":13,"featured_media":0,"comment_status":"open","ping_status":"open","sticky":false,"template":"","format":"standard","meta":{"_acf_changed":false,"_exactmetrics_skip_tracking":false,"_exactmetrics_sitenote_active":false,"_exactmetrics_sitenote_note":"","_exactmetrics_sitenote_category":0,"footnotes":""},"categories":[47,40],"tags":[],"acf":[],"yoast_head":"<!-- This site is optimized with the Yoast SEO plugin v22.3 - https:\/\/yoast.com\/wordpress\/plugins\/seo\/ -->\n<title>Concluy\u00f3 el Foro: \u201cReforma Constitucional en Materia de Paridad&quot; - Tribunal Electoral de la Ciudad de M\u00e9xico<\/title>\n<meta name=\"robots\" content=\"index, follow, max-snippet:-1, max-image-preview:large, max-video-preview:-1\" \/>\n<link rel=\"canonical\" href=\"https:\/\/www.tecdmx.org.mx\/index.php\/eventos\/2019\/08\/13\/concluyo-el-foro-reforma-constitucional-en-materia-de-paridad\/\" \/>\n<meta property=\"og:locale\" content=\"es_ES\" \/>\n<meta property=\"og:type\" content=\"article\" \/>\n<meta property=\"og:title\" content=\"Concluy\u00f3 el Foro: \u201cReforma Constitucional en Materia de Paridad&quot; - Tribunal Electoral de la Ciudad de M\u00e9xico\" \/>\n<meta property=\"og:description\" content=\"Concluy\u00f3 el Foro: \u201cReforma Constitucional en Materia de Paridad, conformaci\u00f3n de las Leyes Secundarias y su impacto en la Legislaci\u00f3n de la Ciudad\u201d organizado por el Tribunal Electoral de la [&hellip;]\" \/>\n<meta property=\"og:url\" content=\"https:\/\/www.tecdmx.org.mx\/index.php\/eventos\/2019\/08\/13\/concluyo-el-foro-reforma-constitucional-en-materia-de-paridad\/\" \/>\n<meta property=\"og:site_name\" content=\"Tribunal Electoral de la Ciudad de M\u00e9xico\" \/>\n<meta property=\"article:publisher\" content=\"https:\/\/www.facebook.com\/TECDMX\/\" \/>\n<meta property=\"article:published_time\" content=\"2019-08-13T15:04:59+00:00\" \/>\n<meta property=\"article:modified_time\" content=\"2019-11-11T03:06:47+00:00\" \/>\n<meta property=\"og:image\" content=\"http:\/\/www2.tecdmx.org.mx\/wp-content\/uploads\/2019\/11\/Foro-Paridad-2-1-525x350.png\" \/>\n<meta name=\"author\" content=\"Difusion2025\" \/>\n<meta name=\"twitter:card\" content=\"summary_large_image\" \/>\n<meta name=\"twitter:creator\" content=\"@tecdmx\" \/>\n<meta name=\"twitter:site\" content=\"@tecdmx\" \/>\n<meta name=\"twitter:label1\" content=\"Escrito por\" \/>\n\t<meta name=\"twitter:data1\" content=\"Difusion2025\" \/>\n\t<meta name=\"twitter:label2\" content=\"Tiempo de lectura\" \/>\n\t<meta name=\"twitter:data2\" content=\"1 minuto\" \/>\n<script type=\"application\/ld+json\" class=\"yoast-schema-graph\">{\"@context\":\"https:\/\/schema.org\",\"@graph\":[{\"@type\":\"WebPage\",\"@id\":\"https:\/\/www.tecdmx.org.mx\/index.php\/eventos\/2019\/08\/13\/concluyo-el-foro-reforma-constitucional-en-materia-de-paridad\/\",\"url\":\"https:\/\/www.tecdmx.org.mx\/index.php\/eventos\/2019\/08\/13\/concluyo-el-foro-reforma-constitucional-en-materia-de-paridad\/\",\"name\":\"Concluy\u00f3 el Foro: \u201cReforma Constitucional en Materia de Paridad\\\" - Tribunal Electoral de la Ciudad de M\u00e9xico\",\"isPartOf\":{\"@id\":\"https:\/\/www.tecdmx.org.mx\/#website\"},\"primaryImageOfPage\":{\"@id\":\"https:\/\/www.tecdmx.org.mx\/index.php\/eventos\/2019\/08\/13\/concluyo-el-foro-reforma-constitucional-en-materia-de-paridad\/#primaryimage\"},\"image\":{\"@id\":\"https:\/\/www.tecdmx.org.mx\/index.php\/eventos\/2019\/08\/13\/concluyo-el-foro-reforma-constitucional-en-materia-de-paridad\/#primaryimage\"},\"thumbnailUrl\":\"http:\/\/www2.tecdmx.org.mx\/wp-content\/uploads\/2019\/11\/Foro-Paridad-2-1-525x350.png\",\"datePublished\":\"2019-08-13T15:04:59+00:00\",\"dateModified\":\"2019-11-11T03:06:47+00:00\",\"author\":{\"@id\":\"https:\/\/www.tecdmx.org.mx\/#\/schema\/person\/208c898199fb3234203823c5f0cf31d6\"},\"breadcrumb\":{\"@id\":\"https:\/\/www.tecdmx.org.mx\/index.php\/eventos\/2019\/08\/13\/concluyo-el-foro-reforma-constitucional-en-materia-de-paridad\/#breadcrumb\"},\"inLanguage\":\"es\",\"potentialAction\":[{\"@type\":\"ReadAction\",\"target\":[\"https:\/\/www.tecdmx.org.mx\/index.php\/eventos\/2019\/08\/13\/concluyo-el-foro-reforma-constitucional-en-materia-de-paridad\/\"]}]},{\"@type\":\"ImageObject\",\"inLanguage\":\"es\",\"@id\":\"https:\/\/www.tecdmx.org.mx\/index.php\/eventos\/2019\/08\/13\/concluyo-el-foro-reforma-constitucional-en-materia-de-paridad\/#primaryimage\",\"url\":\"http:\/\/www2.tecdmx.org.mx\/wp-content\/uploads\/2019\/11\/Foro-Paridad-2-1-525x350.png\",\"contentUrl\":\"http:\/\/www2.tecdmx.org.mx\/wp-content\/uploads\/2019\/11\/Foro-Paridad-2-1-525x350.png\"},{\"@type\":\"BreadcrumbList\",\"@id\":\"https:\/\/www.tecdmx.org.mx\/index.php\/eventos\/2019\/08\/13\/concluyo-el-foro-reforma-constitucional-en-materia-de-paridad\/#breadcrumb\",\"itemListElement\":[{\"@type\":\"ListItem\",\"position\":1,\"name\":\"Portada\",\"item\":\"https:\/\/www.tecdmx.org.mx\/\"},{\"@type\":\"ListItem\",\"position\":2,\"name\":\"Concluy\u00f3 el Foro: \u201cReforma Constitucional en Materia de Paridad&#8221;\"}]},{\"@type\":\"WebSite\",\"@id\":\"https:\/\/www.tecdmx.org.mx\/#website\",\"url\":\"https:\/\/www.tecdmx.org.mx\/\",\"name\":\"Tribunal Electoral de la Ciudad de M\u00e9xico\",\"description\":\"25 a\u00f1os garantizando justicia en tu elecci\u00f3n\",\"potentialAction\":[{\"@type\":\"SearchAction\",\"target\":{\"@type\":\"EntryPoint\",\"urlTemplate\":\"https:\/\/www.tecdmx.org.mx\/?s={search_term_string}\"},\"query-input\":\"required name=search_term_string\"}],\"inLanguage\":\"es\"},{\"@type\":\"Person\",\"@id\":\"https:\/\/www.tecdmx.org.mx\/#\/schema\/person\/208c898199fb3234203823c5f0cf31d6\",\"name\":\"Difusion2025\",\"image\":{\"@type\":\"ImageObject\",\"inLanguage\":\"es\",\"@id\":\"https:\/\/www.tecdmx.org.mx\/#\/schema\/person\/image\/\",\"url\":\"https:\/\/secure.gravatar.com\/avatar\/6f7a4ba3acb418040e90a2eb99b5df28?s=96&d=mm&r=g\",\"contentUrl\":\"https:\/\/secure.gravatar.com\/avatar\/6f7a4ba3acb418040e90a2eb99b5df28?s=96&d=mm&r=g\",\"caption\":\"Difusion2025\"}}]}<\/script>\n<!-- \/ Yoast SEO plugin. -->","yoast_head_json":{"title":"Concluy\u00f3 el Foro: \u201cReforma Constitucional en Materia de Paridad\" - Tribunal Electoral de la Ciudad de M\u00e9xico","robots":{"index":"index","follow":"follow","max-snippet":"max-snippet:-1","max-image-preview":"max-image-preview:large","max-video-preview":"max-video-preview:-1"},"canonical":"https:\/\/www.tecdmx.org.mx\/index.php\/eventos\/2019\/08\/13\/concluyo-el-foro-reforma-constitucional-en-materia-de-paridad\/","og_locale":"es_ES","og_type":"article","og_title":"Concluy\u00f3 el Foro: \u201cReforma Constitucional en Materia de Paridad\" - Tribunal Electoral de la Ciudad de M\u00e9xico","og_description":"Concluy\u00f3 el Foro: \u201cReforma Constitucional en Materia de Paridad, conformaci\u00f3n de las Leyes Secundarias y su impacto en la Legislaci\u00f3n de la Ciudad\u201d organizado por el Tribunal Electoral de la [&hellip;]","og_url":"https:\/\/www.tecdmx.org.mx\/index.php\/eventos\/2019\/08\/13\/concluyo-el-foro-reforma-constitucional-en-materia-de-paridad\/","og_site_name":"Tribunal Electoral de la Ciudad de M\u00e9xico","article_publisher":"https:\/\/www.facebook.com\/TECDMX\/","article_published_time":"2019-08-13T15:04:59+00:00","article_modified_time":"2019-11-11T03:06:47+00:00","og_image":[{"url":"http:\/\/www2.tecdmx.org.mx\/wp-content\/uploads\/2019\/11\/Foro-Paridad-2-1-525x350.png"}],"author":"Difusion2025","twitter_card":"summary_large_image","twitter_creator":"@tecdmx","twitter_site":"@tecdmx","twitter_misc":{"Escrito por":"Difusion2025","Tiempo de lectura":"1 minuto"},"schema":{"@context":"https:\/\/schema.org","@graph":[{"@type":"WebPage","@id":"https:\/\/www.tecdmx.org.mx\/index.php\/eventos\/2019\/08\/13\/concluyo-el-foro-reforma-constitucional-en-materia-de-paridad\/","url":"https:\/\/www.tecdmx.org.mx\/index.php\/eventos\/2019\/08\/13\/concluyo-el-foro-reforma-constitucional-en-materia-de-paridad\/","name":"Concluy\u00f3 el Foro: \u201cReforma Constitucional en Materia de Paridad\" - Tribunal Electoral de la Ciudad de M\u00e9xico","isPartOf":{"@id":"https:\/\/www.tecdmx.org.mx\/#website"},"primaryImageOfPage":{"@id":"https:\/\/www.tecdmx.org.mx\/index.php\/eventos\/2019\/08\/13\/concluyo-el-foro-reforma-constitucional-en-materia-de-paridad\/#primaryimage"},"image":{"@id":"https:\/\/www.tecdmx.org.mx\/index.php\/eventos\/2019\/08\/13\/concluyo-el-foro-reforma-constitucional-en-materia-de-paridad\/#primaryimage"},"thumbnailUrl":"http:\/\/www2.tecdmx.org.mx\/wp-content\/uploads\/2019\/11\/Foro-Paridad-2-1-525x350.png","datePublished":"2019-08-13T15:04:59+00:00","dateModified":"2019-11-11T03:06:47+00:00","author":{"@id":"https:\/\/www.tecdmx.org.mx\/#\/schema\/person\/208c898199fb3234203823c5f0cf31d6"},"breadcrumb":{"@id":"https:\/\/www.tecdmx.org.mx\/index.php\/eventos\/2019\/08\/13\/concluyo-el-foro-reforma-constitucional-en-materia-de-paridad\/#breadcrumb"},"inLanguage":"es","potentialAction":[{"@type":"ReadAction","target":["https:\/\/www.tecdmx.org.mx\/index.php\/eventos\/2019\/08\/13\/concluyo-el-foro-reforma-constitucional-en-materia-de-paridad\/"]}]},{"@type":"ImageObject","inLanguage":"es","@id":"https:\/\/www.tecdmx.org.mx\/index.php\/eventos\/2019\/08\/13\/concluyo-el-foro-reforma-constitucional-en-materia-de-paridad\/#primaryimage","url":"http:\/\/www2.tecdmx.org.mx\/wp-content\/uploads\/2019\/11\/Foro-Paridad-2-1-525x350.png","contentUrl":"http:\/\/www2.tecdmx.org.mx\/wp-content\/uploads\/2019\/11\/Foro-Paridad-2-1-525x350.png"},{"@type":"BreadcrumbList","@id":"https:\/\/www.tecdmx.org.mx\/index.php\/eventos\/2019\/08\/13\/concluyo-el-foro-reforma-constitucional-en-materia-de-paridad\/#breadcrumb","itemListElement":[{"@type":"ListItem","position":1,"name":"Portada","item":"https:\/\/www.tecdmx.org.mx\/"},{"@type":"ListItem","position":2,"name":"Concluy\u00f3 el Foro: \u201cReforma Constitucional en Materia de Paridad&#8221;"}]},{"@type":"WebSite","@id":"https:\/\/www.tecdmx.org.mx\/#website","url":"https:\/\/www.tecdmx.org.mx\/","name":"Tribunal Electoral de la Ciudad de M\u00e9xico","description":"25 a\u00f1os garantizando justicia en tu elecci\u00f3n","potentialAction":[{"@type":"SearchAction","target":{"@type":"EntryPoint","urlTemplate":"https:\/\/www.tecdmx.org.mx\/?s={search_term_string}"},"query-input":"required name=search_term_string"}],"inLanguage":"es"},{"@type":"Person","@id":"https:\/\/www.tecdmx.org.mx\/#\/schema\/person\/208c898199fb3234203823c5f0cf31d6","name":"Difusion2025","image":{"@type":"ImageObject","inLanguage":"es","@id":"https:\/\/www.tecdmx.org.mx\/#\/schema\/person\/image\/","url":"https:\/\/secure.gravatar.com\/avatar\/6f7a4ba3acb418040e90a2eb99b5df28?s=96&d=mm&r=g","contentUrl":"https:\/\/secure.gravatar.com\/avatar\/6f7a4ba3acb418040e90a2eb99b5df28?s=96&d=mm&r=g","caption":"Difusion2025"}}]}},"_links":{"self":[{"href":"https:\/\/www.tecdmx.org.mx\/index.php\/wp-json\/wp\/v2\/posts\/14942"}],"collection":[{"href":"https:\/\/www.tecdmx.org.mx\/index.php\/wp-json\/wp\/v2\/posts"}],"about":[{"href":"https:\/\/www.tecdmx.org.mx\/index.php\/wp-json\/wp\/v2\/types\/post"}],"author":[{"embeddable":true,"href":"https:\/\/www.tecdmx.org.mx\/index.php\/wp-json\/wp\/v2\/users\/13"}],"replies":[{"embeddable":true,"href":"https:\/\/www.tecdmx.org.mx\/index.php\/wp-json\/wp\/v2\/comments?post=14942"}],"version-history":[{"count":1,"href":"https:\/\/www.tecdmx.org.mx\/index.php\/wp-json\/wp\/v2\/posts\/14942\/revisions"}],"predecessor-version":[{"id":14947,"href":"https:\/\/www.tecdmx.org.mx\/index.php\/wp-json\/wp\/v2\/posts\/14942\/revisions\/14947"}],"wp:attachment":[{"href":"https:\/\/www.tecdmx.org.mx\/index.php\/wp-json\/wp\/v2\/media?parent=14942"}],"wp:term":[{"taxonomy":"category","embeddable":true,"href":"https:\/\/www.tecdmx.org.mx\/index.php\/wp-json\/wp\/v2\/categories?post=14942"},{"taxonomy":"post_tag","embeddable":true,"href":"https:\/\/www.tecdmx.org.mx\/index.php\/wp-json\/wp\/v2\/tags?post=14942"}],"curies":[{"name":"wp","href":"https:\/\/api.w.org\/{rel}","templated":true}]}}