{"id":14952,"date":"2019-08-14T15:10:41","date_gmt":"2019-08-14T15:10:41","guid":{"rendered":"http:\/\/www2.tecdmx.org.mx\/?p=14952"},"modified":"2019-11-11T03:12:33","modified_gmt":"2019-11-11T03:12:33","slug":"conversatorio-campanas-paritarias-en-las-alcaldias-de-la-ciudad-de-mexico-agenda-politica-de-genero-desafios-y-contrastes","status":"publish","type":"post","link":"https:\/\/www.tecdmx.org.mx\/index.php\/eventos\/2019\/08\/14\/conversatorio-campanas-paritarias-en-las-alcaldias-de-la-ciudad-de-mexico-agenda-politica-de-genero-desafios-y-contrastes\/","title":{"rendered":"Conversatorio: Campa\u00f1as Paritarias en las Alcald\u00edas de la Ciudad de M\u00e9xico: Agenda Pol\u00edtica de G\u00e9nero, Desaf\u00edos y Contrastes"},"content":{"rendered":"\n<p class=\"has-medium-font-size\">Se llev\u00f3 a cabo el Conversatorio: Campa\u00f1as Paritarias en las Alcald\u00edas de la Ciudad de M\u00e9xico: Agenda Pol\u00edtica de G\u00e9nero Desaf\u00edos y Contrastes. Este evento se desarroll\u00f3 como parte de las actividades del Observatorio de Participaci\u00f3n Pol\u00edtica de las Mujeres en la Ciudad de M\u00e9xico. En \u00e9l contamos con la presencia de los integrantes del Pleno del TECDMX, de concejalas y concejales, as\u00ed como de la ciudadan\u00eda en general. <\/p>\n\n\n\n<ul class=\"wp-block-gallery aligncenter columns-1 wp-block-gallery-1 is-layout-flex wp-block-gallery-is-layout-flex\"><li class=\"blocks-gallery-item\"><figure><img loading=\"lazy\" decoding=\"async\" width=\"487\" height=\"350\" src=\"https:\/\/www.tecdmx.org.mx\/wp-content\/uploads\/2019\/11\/conversatorio-3-487x350.png\" alt=\"\" data-id=\"14956\" data-link=\"http:\/\/www2.tecdmx.org.mx\/?attachment_id=14956\" class=\"wp-image-14956\" srcset=\"https:\/\/www.tecdmx.org.mx\/wp-content\/uploads\/2019\/11\/conversatorio-3-348x250.png 348w, https:\/\/www.tecdmx.org.mx\/wp-content\/uploads\/2019\/11\/conversatorio-3-768x552.png 768w, https:\/\/www.tecdmx.org.mx\/wp-content\/uploads\/2019\/11\/conversatorio-3-487x350.png 487w, https:\/\/www.tecdmx.org.mx\/wp-content\/uploads\/2019\/11\/conversatorio-3.png 1862w\" sizes=\"(max-width: 487px) 100vw, 487px\" \/><\/figure><\/li><li class=\"blocks-gallery-item\"><figure><img loading=\"lazy\" decoding=\"async\" width=\"630\" height=\"350\" src=\"https:\/\/www.tecdmx.org.mx\/wp-content\/uploads\/2019\/11\/conversatorio-4-630x350.png\" alt=\"\" data-id=\"14953\" data-link=\"http:\/\/www2.tecdmx.org.mx\/?attachment_id=14953\" class=\"wp-image-14953\" srcset=\"https:\/\/www.tecdmx.org.mx\/wp-content\/uploads\/2019\/11\/conversatorio-4-446x248.png 446w, https:\/\/www.tecdmx.org.mx\/wp-content\/uploads\/2019\/11\/conversatorio-4-768x427.png 768w, https:\/\/www.tecdmx.org.mx\/wp-content\/uploads\/2019\/11\/conversatorio-4-630x350.png 630w, https:\/\/www.tecdmx.org.mx\/wp-content\/uploads\/2019\/11\/conversatorio-4.png 1896w\" sizes=\"(max-width: 630px) 100vw, 630px\" \/><\/figure><\/li><li class=\"blocks-gallery-item\"><figure><img loading=\"lazy\" decoding=\"async\" width=\"561\" height=\"350\" src=\"https:\/\/www.tecdmx.org.mx\/wp-content\/uploads\/2019\/11\/conversatorio-1-561x350.png\" alt=\"\" data-id=\"14955\" data-link=\"http:\/\/www2.tecdmx.org.mx\/?attachment_id=14955\" class=\"wp-image-14955\" srcset=\"https:\/\/www.tecdmx.org.mx\/wp-content\/uploads\/2019\/11\/conversatorio-1-400x250.png 400w, https:\/\/www.tecdmx.org.mx\/wp-content\/uploads\/2019\/11\/conversatorio-1-768x480.png 768w, https:\/\/www.tecdmx.org.mx\/wp-content\/uploads\/2019\/11\/conversatorio-1-561x350.png 561w, https:\/\/www.tecdmx.org.mx\/wp-content\/uploads\/2019\/11\/conversatorio-1.png 2034w\" sizes=\"(max-width: 561px) 100vw, 561px\" \/><\/figure><\/li><\/ul>\n","protected":false},"excerpt":{"rendered":"<p>Se llev\u00f3 a cabo el Conversatorio: Campa\u00f1as Paritarias en las Alcald\u00edas de la Ciudad de M\u00e9xico: Agenda Pol\u00edtica de G\u00e9nero Desaf\u00edos y Contrastes. Este evento se desarroll\u00f3 como parte de [&hellip;]<\/p>\n","protected":false},"author":13,"featured_media":0,"comment_status":"open","ping_status":"open","sticky":false,"template":"","format":"standard","meta":{"_acf_changed":false,"_exactmetrics_skip_tracking":false,"_exactmetrics_sitenote_active":false,"_exactmetrics_sitenote_note":"","_exactmetrics_sitenote_category":0,"footnotes":""},"categories":[47,40],"tags":[],"acf":[],"yoast_head":"<!-- This site is optimized with the Yoast SEO plugin v22.3 - https:\/\/yoast.com\/wordpress\/plugins\/seo\/ -->\n<title>Conversatorio: Campa\u00f1as Paritarias en las Alcald\u00edas de la Ciudad de M\u00e9xico: Agenda Pol\u00edtica de G\u00e9nero, Desaf\u00edos y Contrastes - Tribunal Electoral de la Ciudad de M\u00e9xico<\/title>\n<meta name=\"robots\" content=\"index, follow, max-snippet:-1, max-image-preview:large, max-video-preview:-1\" \/>\n<link rel=\"canonical\" href=\"https:\/\/www.tecdmx.org.mx\/index.php\/eventos\/2019\/08\/14\/conversatorio-campanas-paritarias-en-las-alcaldias-de-la-ciudad-de-mexico-agenda-politica-de-genero-desafios-y-contrastes\/\" \/>\n<meta property=\"og:locale\" content=\"es_ES\" \/>\n<meta property=\"og:type\" content=\"article\" \/>\n<meta property=\"og:title\" content=\"Conversatorio: Campa\u00f1as Paritarias en las Alcald\u00edas de la Ciudad de M\u00e9xico: Agenda Pol\u00edtica de G\u00e9nero, Desaf\u00edos y Contrastes - Tribunal Electoral de la Ciudad de M\u00e9xico\" \/>\n<meta property=\"og:description\" content=\"Se llev\u00f3 a cabo el Conversatorio: Campa\u00f1as Paritarias en las Alcald\u00edas de la Ciudad de M\u00e9xico: Agenda Pol\u00edtica de G\u00e9nero Desaf\u00edos y Contrastes. Este evento se desarroll\u00f3 como parte de [&hellip;]\" \/>\n<meta property=\"og:url\" content=\"https:\/\/www.tecdmx.org.mx\/index.php\/eventos\/2019\/08\/14\/conversatorio-campanas-paritarias-en-las-alcaldias-de-la-ciudad-de-mexico-agenda-politica-de-genero-desafios-y-contrastes\/\" \/>\n<meta property=\"og:site_name\" content=\"Tribunal Electoral de la Ciudad de M\u00e9xico\" \/>\n<meta property=\"article:publisher\" content=\"https:\/\/www.facebook.com\/TECDMX\/\" \/>\n<meta property=\"article:published_time\" content=\"2019-08-14T15:10:41+00:00\" \/>\n<meta property=\"article:modified_time\" content=\"2019-11-11T03:12:33+00:00\" \/>\n<meta property=\"og:image\" content=\"http:\/\/www2.tecdmx.org.mx\/wp-content\/uploads\/2019\/11\/conversatorio-3-487x350.png\" \/>\n<meta name=\"author\" content=\"Difusion2025\" \/>\n<meta name=\"twitter:card\" content=\"summary_large_image\" \/>\n<meta name=\"twitter:creator\" content=\"@tecdmx\" \/>\n<meta name=\"twitter:site\" content=\"@tecdmx\" \/>\n<meta name=\"twitter:label1\" content=\"Escrito por\" \/>\n\t<meta name=\"twitter:data1\" content=\"Difusion2025\" \/>\n<script type=\"application\/ld+json\" class=\"yoast-schema-graph\">{\"@context\":\"https:\/\/schema.org\",\"@graph\":[{\"@type\":\"WebPage\",\"@id\":\"https:\/\/www.tecdmx.org.mx\/index.php\/eventos\/2019\/08\/14\/conversatorio-campanas-paritarias-en-las-alcaldias-de-la-ciudad-de-mexico-agenda-politica-de-genero-desafios-y-contrastes\/\",\"url\":\"https:\/\/www.tecdmx.org.mx\/index.php\/eventos\/2019\/08\/14\/conversatorio-campanas-paritarias-en-las-alcaldias-de-la-ciudad-de-mexico-agenda-politica-de-genero-desafios-y-contrastes\/\",\"name\":\"Conversatorio: Campa\u00f1as Paritarias en las Alcald\u00edas de la Ciudad de M\u00e9xico: Agenda Pol\u00edtica de G\u00e9nero, Desaf\u00edos y Contrastes - Tribunal Electoral de la Ciudad de M\u00e9xico\",\"isPartOf\":{\"@id\":\"https:\/\/www.tecdmx.org.mx\/#website\"},\"primaryImageOfPage\":{\"@id\":\"https:\/\/www.tecdmx.org.mx\/index.php\/eventos\/2019\/08\/14\/conversatorio-campanas-paritarias-en-las-alcaldias-de-la-ciudad-de-mexico-agenda-politica-de-genero-desafios-y-contrastes\/#primaryimage\"},\"image\":{\"@id\":\"https:\/\/www.tecdmx.org.mx\/index.php\/eventos\/2019\/08\/14\/conversatorio-campanas-paritarias-en-las-alcaldias-de-la-ciudad-de-mexico-agenda-politica-de-genero-desafios-y-contrastes\/#primaryimage\"},\"thumbnailUrl\":\"http:\/\/www2.tecdmx.org.mx\/wp-content\/uploads\/2019\/11\/conversatorio-3-487x350.png\",\"datePublished\":\"2019-08-14T15:10:41+00:00\",\"dateModified\":\"2019-11-11T03:12:33+00:00\",\"author\":{\"@id\":\"https:\/\/www.tecdmx.org.mx\/#\/schema\/person\/208c898199fb3234203823c5f0cf31d6\"},\"breadcrumb\":{\"@id\":\"https:\/\/www.tecdmx.org.mx\/index.php\/eventos\/2019\/08\/14\/conversatorio-campanas-paritarias-en-las-alcaldias-de-la-ciudad-de-mexico-agenda-politica-de-genero-desafios-y-contrastes\/#breadcrumb\"},\"inLanguage\":\"es\",\"potentialAction\":[{\"@type\":\"ReadAction\",\"target\":[\"https:\/\/www.tecdmx.org.mx\/index.php\/eventos\/2019\/08\/14\/conversatorio-campanas-paritarias-en-las-alcaldias-de-la-ciudad-de-mexico-agenda-politica-de-genero-desafios-y-contrastes\/\"]}]},{\"@type\":\"ImageObject\",\"inLanguage\":\"es\",\"@id\":\"https:\/\/www.tecdmx.org.mx\/index.php\/eventos\/2019\/08\/14\/conversatorio-campanas-paritarias-en-las-alcaldias-de-la-ciudad-de-mexico-agenda-politica-de-genero-desafios-y-contrastes\/#primaryimage\",\"url\":\"http:\/\/www2.tecdmx.org.mx\/wp-content\/uploads\/2019\/11\/conversatorio-3-487x350.png\",\"contentUrl\":\"http:\/\/www2.tecdmx.org.mx\/wp-content\/uploads\/2019\/11\/conversatorio-3-487x350.png\"},{\"@type\":\"BreadcrumbList\",\"@id\":\"https:\/\/www.tecdmx.org.mx\/index.php\/eventos\/2019\/08\/14\/conversatorio-campanas-paritarias-en-las-alcaldias-de-la-ciudad-de-mexico-agenda-politica-de-genero-desafios-y-contrastes\/#breadcrumb\",\"itemListElement\":[{\"@type\":\"ListItem\",\"position\":1,\"name\":\"Portada\",\"item\":\"https:\/\/www.tecdmx.org.mx\/\"},{\"@type\":\"ListItem\",\"position\":2,\"name\":\"Conversatorio: Campa\u00f1as Paritarias en las Alcald\u00edas de la Ciudad de M\u00e9xico: Agenda Pol\u00edtica de G\u00e9nero, Desaf\u00edos y Contrastes\"}]},{\"@type\":\"WebSite\",\"@id\":\"https:\/\/www.tecdmx.org.mx\/#website\",\"url\":\"https:\/\/www.tecdmx.org.mx\/\",\"name\":\"Tribunal Electoral de la Ciudad de M\u00e9xico\",\"description\":\"25 a\u00f1os garantizando justicia en tu elecci\u00f3n\",\"potentialAction\":[{\"@type\":\"SearchAction\",\"target\":{\"@type\":\"EntryPoint\",\"urlTemplate\":\"https:\/\/www.tecdmx.org.mx\/?s={search_term_string}\"},\"query-input\":\"required name=search_term_string\"}],\"inLanguage\":\"es\"},{\"@type\":\"Person\",\"@id\":\"https:\/\/www.tecdmx.org.mx\/#\/schema\/person\/208c898199fb3234203823c5f0cf31d6\",\"name\":\"Difusion2025\",\"image\":{\"@type\":\"ImageObject\",\"inLanguage\":\"es\",\"@id\":\"https:\/\/www.tecdmx.org.mx\/#\/schema\/person\/image\/\",\"url\":\"https:\/\/secure.gravatar.com\/avatar\/6f7a4ba3acb418040e90a2eb99b5df28?s=96&d=mm&r=g\",\"contentUrl\":\"https:\/\/secure.gravatar.com\/avatar\/6f7a4ba3acb418040e90a2eb99b5df28?s=96&d=mm&r=g\",\"caption\":\"Difusion2025\"}}]}<\/script>\n<!-- \/ Yoast SEO plugin. -->","yoast_head_json":{"title":"Conversatorio: Campa\u00f1as Paritarias en las Alcald\u00edas de la Ciudad de M\u00e9xico: Agenda Pol\u00edtica de G\u00e9nero, Desaf\u00edos y Contrastes - Tribunal Electoral de la Ciudad de M\u00e9xico","robots":{"index":"index","follow":"follow","max-snippet":"max-snippet:-1","max-image-preview":"max-image-preview:large","max-video-preview":"max-video-preview:-1"},"canonical":"https:\/\/www.tecdmx.org.mx\/index.php\/eventos\/2019\/08\/14\/conversatorio-campanas-paritarias-en-las-alcaldias-de-la-ciudad-de-mexico-agenda-politica-de-genero-desafios-y-contrastes\/","og_locale":"es_ES","og_type":"article","og_title":"Conversatorio: Campa\u00f1as Paritarias en las Alcald\u00edas de la Ciudad de M\u00e9xico: Agenda Pol\u00edtica de G\u00e9nero, Desaf\u00edos y Contrastes - Tribunal Electoral de la Ciudad de M\u00e9xico","og_description":"Se llev\u00f3 a cabo el Conversatorio: Campa\u00f1as Paritarias en las Alcald\u00edas de la Ciudad de M\u00e9xico: Agenda Pol\u00edtica de G\u00e9nero Desaf\u00edos y Contrastes. Este evento se desarroll\u00f3 como parte de [&hellip;]","og_url":"https:\/\/www.tecdmx.org.mx\/index.php\/eventos\/2019\/08\/14\/conversatorio-campanas-paritarias-en-las-alcaldias-de-la-ciudad-de-mexico-agenda-politica-de-genero-desafios-y-contrastes\/","og_site_name":"Tribunal Electoral de la Ciudad de M\u00e9xico","article_publisher":"https:\/\/www.facebook.com\/TECDMX\/","article_published_time":"2019-08-14T15:10:41+00:00","article_modified_time":"2019-11-11T03:12:33+00:00","og_image":[{"url":"http:\/\/www2.tecdmx.org.mx\/wp-content\/uploads\/2019\/11\/conversatorio-3-487x350.png"}],"author":"Difusion2025","twitter_card":"summary_large_image","twitter_creator":"@tecdmx","twitter_site":"@tecdmx","twitter_misc":{"Escrito por":"Difusion2025"},"schema":{"@context":"https:\/\/schema.org","@graph":[{"@type":"WebPage","@id":"https:\/\/www.tecdmx.org.mx\/index.php\/eventos\/2019\/08\/14\/conversatorio-campanas-paritarias-en-las-alcaldias-de-la-ciudad-de-mexico-agenda-politica-de-genero-desafios-y-contrastes\/","url":"https:\/\/www.tecdmx.org.mx\/index.php\/eventos\/2019\/08\/14\/conversatorio-campanas-paritarias-en-las-alcaldias-de-la-ciudad-de-mexico-agenda-politica-de-genero-desafios-y-contrastes\/","name":"Conversatorio: Campa\u00f1as Paritarias en las Alcald\u00edas de la Ciudad de M\u00e9xico: Agenda Pol\u00edtica de G\u00e9nero, Desaf\u00edos y Contrastes - Tribunal Electoral de la Ciudad de M\u00e9xico","isPartOf":{"@id":"https:\/\/www.tecdmx.org.mx\/#website"},"primaryImageOfPage":{"@id":"https:\/\/www.tecdmx.org.mx\/index.php\/eventos\/2019\/08\/14\/conversatorio-campanas-paritarias-en-las-alcaldias-de-la-ciudad-de-mexico-agenda-politica-de-genero-desafios-y-contrastes\/#primaryimage"},"image":{"@id":"https:\/\/www.tecdmx.org.mx\/index.php\/eventos\/2019\/08\/14\/conversatorio-campanas-paritarias-en-las-alcaldias-de-la-ciudad-de-mexico-agenda-politica-de-genero-desafios-y-contrastes\/#primaryimage"},"thumbnailUrl":"http:\/\/www2.tecdmx.org.mx\/wp-content\/uploads\/2019\/11\/conversatorio-3-487x350.png","datePublished":"2019-08-14T15:10:41+00:00","dateModified":"2019-11-11T03:12:33+00:00","author":{"@id":"https:\/\/www.tecdmx.org.mx\/#\/schema\/person\/208c898199fb3234203823c5f0cf31d6"},"breadcrumb":{"@id":"https:\/\/www.tecdmx.org.mx\/index.php\/eventos\/2019\/08\/14\/conversatorio-campanas-paritarias-en-las-alcaldias-de-la-ciudad-de-mexico-agenda-politica-de-genero-desafios-y-contrastes\/#breadcrumb"},"inLanguage":"es","potentialAction":[{"@type":"ReadAction","target":["https:\/\/www.tecdmx.org.mx\/index.php\/eventos\/2019\/08\/14\/conversatorio-campanas-paritarias-en-las-alcaldias-de-la-ciudad-de-mexico-agenda-politica-de-genero-desafios-y-contrastes\/"]}]},{"@type":"ImageObject","inLanguage":"es","@id":"https:\/\/www.tecdmx.org.mx\/index.php\/eventos\/2019\/08\/14\/conversatorio-campanas-paritarias-en-las-alcaldias-de-la-ciudad-de-mexico-agenda-politica-de-genero-desafios-y-contrastes\/#primaryimage","url":"http:\/\/www2.tecdmx.org.mx\/wp-content\/uploads\/2019\/11\/conversatorio-3-487x350.png","contentUrl":"http:\/\/www2.tecdmx.org.mx\/wp-content\/uploads\/2019\/11\/conversatorio-3-487x350.png"},{"@type":"BreadcrumbList","@id":"https:\/\/www.tecdmx.org.mx\/index.php\/eventos\/2019\/08\/14\/conversatorio-campanas-paritarias-en-las-alcaldias-de-la-ciudad-de-mexico-agenda-politica-de-genero-desafios-y-contrastes\/#breadcrumb","itemListElement":[{"@type":"ListItem","position":1,"name":"Portada","item":"https:\/\/www.tecdmx.org.mx\/"},{"@type":"ListItem","position":2,"name":"Conversatorio: Campa\u00f1as Paritarias en las Alcald\u00edas de la Ciudad de M\u00e9xico: Agenda Pol\u00edtica de G\u00e9nero, Desaf\u00edos y Contrastes"}]},{"@type":"WebSite","@id":"https:\/\/www.tecdmx.org.mx\/#website","url":"https:\/\/www.tecdmx.org.mx\/","name":"Tribunal Electoral de la Ciudad de M\u00e9xico","description":"25 a\u00f1os garantizando justicia en tu elecci\u00f3n","potentialAction":[{"@type":"SearchAction","target":{"@type":"EntryPoint","urlTemplate":"https:\/\/www.tecdmx.org.mx\/?s={search_term_string}"},"query-input":"required name=search_term_string"}],"inLanguage":"es"},{"@type":"Person","@id":"https:\/\/www.tecdmx.org.mx\/#\/schema\/person\/208c898199fb3234203823c5f0cf31d6","name":"Difusion2025","image":{"@type":"ImageObject","inLanguage":"es","@id":"https:\/\/www.tecdmx.org.mx\/#\/schema\/person\/image\/","url":"https:\/\/secure.gravatar.com\/avatar\/6f7a4ba3acb418040e90a2eb99b5df28?s=96&d=mm&r=g","contentUrl":"https:\/\/secure.gravatar.com\/avatar\/6f7a4ba3acb418040e90a2eb99b5df28?s=96&d=mm&r=g","caption":"Difusion2025"}}]}},"_links":{"self":[{"href":"https:\/\/www.tecdmx.org.mx\/index.php\/wp-json\/wp\/v2\/posts\/14952"}],"collection":[{"href":"https:\/\/www.tecdmx.org.mx\/index.php\/wp-json\/wp\/v2\/posts"}],"about":[{"href":"https:\/\/www.tecdmx.org.mx\/index.php\/wp-json\/wp\/v2\/types\/post"}],"author":[{"embeddable":true,"href":"https:\/\/www.tecdmx.org.mx\/index.php\/wp-json\/wp\/v2\/users\/13"}],"replies":[{"embeddable":true,"href":"https:\/\/www.tecdmx.org.mx\/index.php\/wp-json\/wp\/v2\/comments?post=14952"}],"version-history":[{"count":1,"href":"https:\/\/www.tecdmx.org.mx\/index.php\/wp-json\/wp\/v2\/posts\/14952\/revisions"}],"predecessor-version":[{"id":14957,"href":"https:\/\/www.tecdmx.org.mx\/index.php\/wp-json\/wp\/v2\/posts\/14952\/revisions\/14957"}],"wp:attachment":[{"href":"https:\/\/www.tecdmx.org.mx\/index.php\/wp-json\/wp\/v2\/media?parent=14952"}],"wp:term":[{"taxonomy":"category","embeddable":true,"href":"https:\/\/www.tecdmx.org.mx\/index.php\/wp-json\/wp\/v2\/categories?post=14952"},{"taxonomy":"post_tag","embeddable":true,"href":"https:\/\/www.tecdmx.org.mx\/index.php\/wp-json\/wp\/v2\/tags?post=14952"}],"curies":[{"name":"wp","href":"https:\/\/api.w.org\/{rel}","templated":true}]}}