{"id":14970,"date":"2019-08-19T15:16:23","date_gmt":"2019-08-19T15:16:23","guid":{"rendered":"http:\/\/www2.tecdmx.org.mx\/?p=14970"},"modified":"2019-11-11T03:19:01","modified_gmt":"2019-11-11T03:19:01","slug":"feria-civica-en-la-alcaldia-cuauhtemoc","status":"publish","type":"post","link":"https:\/\/www.tecdmx.org.mx\/index.php\/destacados\/2019\/08\/19\/feria-civica-en-la-alcaldia-cuauhtemoc\/","title":{"rendered":"Feria C\u00edvica en la Alcald\u00eda Cuauht\u00e9moc"},"content":{"rendered":"\n<p>Se llev\u00f3 a cabo la Feria C\u00edvica organizada por el Instituto Electoral de la Ciudad de M\u00e9xico en la Alcald\u00eda Cuauht\u00e9moc. El Tribunal Electoral de la Ciudad de M\u00e9xico particip\u00f3 con un estand en el que se organizaron din\u00e1micas con las o los asistentes al evento. En ella estuvieron presentes el Magistrado Presidente, Gustavo Anzaldo Hern\u00e1ndez y el alcalde N\u00e9stor N\u00fa\u00f1ez L\u00f3pez. <\/p>\n\n\n\n<ul class=\"wp-block-gallery aligncenter columns-1 wp-block-gallery-1 is-layout-flex wp-block-gallery-is-layout-flex\"><li class=\"blocks-gallery-item\"><figure><img loading=\"lazy\" decoding=\"async\" width=\"583\" height=\"350\" src=\"https:\/\/www.tecdmx.org.mx\/wp-content\/uploads\/2019\/11\/Feria-C\u00edvica-CUH-1-583x350.jpg\" alt=\"\" data-id=\"14972\" data-link=\"http:\/\/www2.tecdmx.org.mx\/?attachment_id=14972\" class=\"wp-image-14972\" srcset=\"https:\/\/www.tecdmx.org.mx\/wp-content\/uploads\/2019\/11\/Feria-C\u00edvica-CUH-1-417x250.jpg 417w, https:\/\/www.tecdmx.org.mx\/wp-content\/uploads\/2019\/11\/Feria-C\u00edvica-CUH-1-768x461.jpg 768w, https:\/\/www.tecdmx.org.mx\/wp-content\/uploads\/2019\/11\/Feria-C\u00edvica-CUH-1-583x350.jpg 583w, https:\/\/www.tecdmx.org.mx\/wp-content\/uploads\/2019\/11\/Feria-C\u00edvica-CUH-1.jpg 1000w\" sizes=\"(max-width: 583px) 100vw, 583px\" \/><\/figure><\/li><li class=\"blocks-gallery-item\"><figure><img loading=\"lazy\" decoding=\"async\" width=\"517\" height=\"350\" src=\"https:\/\/www.tecdmx.org.mx\/wp-content\/uploads\/2019\/11\/Feria-C\u00edvica-CUH-2-517x350.jpg\" alt=\"\" data-id=\"14973\" data-link=\"http:\/\/www2.tecdmx.org.mx\/?attachment_id=14973\" class=\"wp-image-14973\" srcset=\"https:\/\/www.tecdmx.org.mx\/wp-content\/uploads\/2019\/11\/Feria-C\u00edvica-CUH-2-369x250.jpg 369w, https:\/\/www.tecdmx.org.mx\/wp-content\/uploads\/2019\/11\/Feria-C\u00edvica-CUH-2-768x520.jpg 768w, https:\/\/www.tecdmx.org.mx\/wp-content\/uploads\/2019\/11\/Feria-C\u00edvica-CUH-2-517x350.jpg 517w, https:\/\/www.tecdmx.org.mx\/wp-content\/uploads\/2019\/11\/Feria-C\u00edvica-CUH-2.jpg 1000w\" sizes=\"(max-width: 517px) 100vw, 517px\" \/><\/figure><\/li><li class=\"blocks-gallery-item\"><figure><img loading=\"lazy\" decoding=\"async\" width=\"582\" height=\"350\" src=\"https:\/\/www.tecdmx.org.mx\/wp-content\/uploads\/2019\/11\/Feria-C\u00edvica-CUH-3-582x350.jpg\" alt=\"\" data-id=\"14971\" data-link=\"http:\/\/www2.tecdmx.org.mx\/?attachment_id=14971\" class=\"wp-image-14971\" srcset=\"https:\/\/www.tecdmx.org.mx\/wp-content\/uploads\/2019\/11\/Feria-C\u00edvica-CUH-3-416x250.jpg 416w, https:\/\/www.tecdmx.org.mx\/wp-content\/uploads\/2019\/11\/Feria-C\u00edvica-CUH-3-768x462.jpg 768w, https:\/\/www.tecdmx.org.mx\/wp-content\/uploads\/2019\/11\/Feria-C\u00edvica-CUH-3-582x350.jpg 582w, https:\/\/www.tecdmx.org.mx\/wp-content\/uploads\/2019\/11\/Feria-C\u00edvica-CUH-3.jpg 1000w\" sizes=\"(max-width: 582px) 100vw, 582px\" \/><\/figure><\/li><\/ul>\n","protected":false},"excerpt":{"rendered":"<p>Se llev\u00f3 a cabo la Feria C\u00edvica organizada por el Instituto Electoral de la Ciudad de M\u00e9xico en la Alcald\u00eda Cuauht\u00e9moc. El Tribunal Electoral de la Ciudad de M\u00e9xico particip\u00f3 [&hellip;]<\/p>\n","protected":false},"author":13,"featured_media":0,"comment_status":"open","ping_status":"open","sticky":false,"template":"","format":"standard","meta":{"_acf_changed":false,"_exactmetrics_skip_tracking":false,"_exactmetrics_sitenote_active":false,"_exactmetrics_sitenote_note":"","_exactmetrics_sitenote_category":0,"footnotes":""},"categories":[47,40],"tags":[],"acf":[],"yoast_head":"<!-- This site is optimized with the Yoast SEO plugin v22.3 - https:\/\/yoast.com\/wordpress\/plugins\/seo\/ -->\n<title>Feria C\u00edvica en la Alcald\u00eda Cuauht\u00e9moc - Tribunal Electoral de la Ciudad de M\u00e9xico<\/title>\n<meta name=\"robots\" content=\"index, follow, max-snippet:-1, max-image-preview:large, max-video-preview:-1\" \/>\n<link rel=\"canonical\" href=\"https:\/\/www.tecdmx.org.mx\/index.php\/destacados\/2019\/08\/19\/feria-civica-en-la-alcaldia-cuauhtemoc\/\" \/>\n<meta property=\"og:locale\" content=\"es_ES\" \/>\n<meta property=\"og:type\" content=\"article\" \/>\n<meta property=\"og:title\" content=\"Feria C\u00edvica en la Alcald\u00eda Cuauht\u00e9moc - Tribunal Electoral de la Ciudad de M\u00e9xico\" \/>\n<meta property=\"og:description\" content=\"Se llev\u00f3 a cabo la Feria C\u00edvica organizada por el Instituto Electoral de la Ciudad de M\u00e9xico en la Alcald\u00eda Cuauht\u00e9moc. El Tribunal Electoral de la Ciudad de M\u00e9xico particip\u00f3 [&hellip;]\" \/>\n<meta property=\"og:url\" content=\"https:\/\/www.tecdmx.org.mx\/index.php\/destacados\/2019\/08\/19\/feria-civica-en-la-alcaldia-cuauhtemoc\/\" \/>\n<meta property=\"og:site_name\" content=\"Tribunal Electoral de la Ciudad de M\u00e9xico\" \/>\n<meta property=\"article:publisher\" content=\"https:\/\/www.facebook.com\/TECDMX\/\" \/>\n<meta property=\"article:published_time\" content=\"2019-08-19T15:16:23+00:00\" \/>\n<meta property=\"article:modified_time\" content=\"2019-11-11T03:19:01+00:00\" \/>\n<meta property=\"og:image\" content=\"http:\/\/www2.tecdmx.org.mx\/wp-content\/uploads\/2019\/11\/Feria-C\u00edvica-CUH-1-583x350.jpg\" \/>\n<meta name=\"author\" content=\"Difusion2025\" \/>\n<meta name=\"twitter:card\" content=\"summary_large_image\" \/>\n<meta name=\"twitter:creator\" content=\"@tecdmx\" \/>\n<meta name=\"twitter:site\" content=\"@tecdmx\" \/>\n<meta name=\"twitter:label1\" content=\"Escrito por\" \/>\n\t<meta name=\"twitter:data1\" content=\"Difusion2025\" \/>\n<script type=\"application\/ld+json\" class=\"yoast-schema-graph\">{\"@context\":\"https:\/\/schema.org\",\"@graph\":[{\"@type\":\"WebPage\",\"@id\":\"https:\/\/www.tecdmx.org.mx\/index.php\/destacados\/2019\/08\/19\/feria-civica-en-la-alcaldia-cuauhtemoc\/\",\"url\":\"https:\/\/www.tecdmx.org.mx\/index.php\/destacados\/2019\/08\/19\/feria-civica-en-la-alcaldia-cuauhtemoc\/\",\"name\":\"Feria C\u00edvica en la Alcald\u00eda Cuauht\u00e9moc - Tribunal Electoral de la Ciudad de M\u00e9xico\",\"isPartOf\":{\"@id\":\"https:\/\/www.tecdmx.org.mx\/#website\"},\"datePublished\":\"2019-08-19T15:16:23+00:00\",\"dateModified\":\"2019-11-11T03:19:01+00:00\",\"author\":{\"@id\":\"https:\/\/www.tecdmx.org.mx\/#\/schema\/person\/208c898199fb3234203823c5f0cf31d6\"},\"breadcrumb\":{\"@id\":\"https:\/\/www.tecdmx.org.mx\/index.php\/destacados\/2019\/08\/19\/feria-civica-en-la-alcaldia-cuauhtemoc\/#breadcrumb\"},\"inLanguage\":\"es\",\"potentialAction\":[{\"@type\":\"ReadAction\",\"target\":[\"https:\/\/www.tecdmx.org.mx\/index.php\/destacados\/2019\/08\/19\/feria-civica-en-la-alcaldia-cuauhtemoc\/\"]}]},{\"@type\":\"BreadcrumbList\",\"@id\":\"https:\/\/www.tecdmx.org.mx\/index.php\/destacados\/2019\/08\/19\/feria-civica-en-la-alcaldia-cuauhtemoc\/#breadcrumb\",\"itemListElement\":[{\"@type\":\"ListItem\",\"position\":1,\"name\":\"Portada\",\"item\":\"https:\/\/www.tecdmx.org.mx\/\"},{\"@type\":\"ListItem\",\"position\":2,\"name\":\"Feria C\u00edvica en la Alcald\u00eda Cuauht\u00e9moc\"}]},{\"@type\":\"WebSite\",\"@id\":\"https:\/\/www.tecdmx.org.mx\/#website\",\"url\":\"https:\/\/www.tecdmx.org.mx\/\",\"name\":\"Tribunal Electoral de la Ciudad de M\u00e9xico\",\"description\":\"25 a\u00f1os garantizando justicia en tu elecci\u00f3n\",\"potentialAction\":[{\"@type\":\"SearchAction\",\"target\":{\"@type\":\"EntryPoint\",\"urlTemplate\":\"https:\/\/www.tecdmx.org.mx\/?s={search_term_string}\"},\"query-input\":\"required name=search_term_string\"}],\"inLanguage\":\"es\"},{\"@type\":\"Person\",\"@id\":\"https:\/\/www.tecdmx.org.mx\/#\/schema\/person\/208c898199fb3234203823c5f0cf31d6\",\"name\":\"Difusion2025\",\"image\":{\"@type\":\"ImageObject\",\"inLanguage\":\"es\",\"@id\":\"https:\/\/www.tecdmx.org.mx\/#\/schema\/person\/image\/\",\"url\":\"https:\/\/secure.gravatar.com\/avatar\/6f7a4ba3acb418040e90a2eb99b5df28?s=96&d=mm&r=g\",\"contentUrl\":\"https:\/\/secure.gravatar.com\/avatar\/6f7a4ba3acb418040e90a2eb99b5df28?s=96&d=mm&r=g\",\"caption\":\"Difusion2025\"}}]}<\/script>\n<!-- \/ Yoast SEO plugin. -->","yoast_head_json":{"title":"Feria C\u00edvica en la Alcald\u00eda Cuauht\u00e9moc - Tribunal Electoral de la Ciudad de M\u00e9xico","robots":{"index":"index","follow":"follow","max-snippet":"max-snippet:-1","max-image-preview":"max-image-preview:large","max-video-preview":"max-video-preview:-1"},"canonical":"https:\/\/www.tecdmx.org.mx\/index.php\/destacados\/2019\/08\/19\/feria-civica-en-la-alcaldia-cuauhtemoc\/","og_locale":"es_ES","og_type":"article","og_title":"Feria C\u00edvica en la Alcald\u00eda Cuauht\u00e9moc - Tribunal Electoral de la Ciudad de M\u00e9xico","og_description":"Se llev\u00f3 a cabo la Feria C\u00edvica organizada por el Instituto Electoral de la Ciudad de M\u00e9xico en la Alcald\u00eda Cuauht\u00e9moc. El Tribunal Electoral de la Ciudad de M\u00e9xico particip\u00f3 [&hellip;]","og_url":"https:\/\/www.tecdmx.org.mx\/index.php\/destacados\/2019\/08\/19\/feria-civica-en-la-alcaldia-cuauhtemoc\/","og_site_name":"Tribunal Electoral de la Ciudad de M\u00e9xico","article_publisher":"https:\/\/www.facebook.com\/TECDMX\/","article_published_time":"2019-08-19T15:16:23+00:00","article_modified_time":"2019-11-11T03:19:01+00:00","og_image":[{"url":"http:\/\/www2.tecdmx.org.mx\/wp-content\/uploads\/2019\/11\/Feria-C\u00edvica-CUH-1-583x350.jpg"}],"author":"Difusion2025","twitter_card":"summary_large_image","twitter_creator":"@tecdmx","twitter_site":"@tecdmx","twitter_misc":{"Escrito por":"Difusion2025"},"schema":{"@context":"https:\/\/schema.org","@graph":[{"@type":"WebPage","@id":"https:\/\/www.tecdmx.org.mx\/index.php\/destacados\/2019\/08\/19\/feria-civica-en-la-alcaldia-cuauhtemoc\/","url":"https:\/\/www.tecdmx.org.mx\/index.php\/destacados\/2019\/08\/19\/feria-civica-en-la-alcaldia-cuauhtemoc\/","name":"Feria C\u00edvica en la Alcald\u00eda Cuauht\u00e9moc - Tribunal Electoral de la Ciudad de M\u00e9xico","isPartOf":{"@id":"https:\/\/www.tecdmx.org.mx\/#website"},"datePublished":"2019-08-19T15:16:23+00:00","dateModified":"2019-11-11T03:19:01+00:00","author":{"@id":"https:\/\/www.tecdmx.org.mx\/#\/schema\/person\/208c898199fb3234203823c5f0cf31d6"},"breadcrumb":{"@id":"https:\/\/www.tecdmx.org.mx\/index.php\/destacados\/2019\/08\/19\/feria-civica-en-la-alcaldia-cuauhtemoc\/#breadcrumb"},"inLanguage":"es","potentialAction":[{"@type":"ReadAction","target":["https:\/\/www.tecdmx.org.mx\/index.php\/destacados\/2019\/08\/19\/feria-civica-en-la-alcaldia-cuauhtemoc\/"]}]},{"@type":"BreadcrumbList","@id":"https:\/\/www.tecdmx.org.mx\/index.php\/destacados\/2019\/08\/19\/feria-civica-en-la-alcaldia-cuauhtemoc\/#breadcrumb","itemListElement":[{"@type":"ListItem","position":1,"name":"Portada","item":"https:\/\/www.tecdmx.org.mx\/"},{"@type":"ListItem","position":2,"name":"Feria C\u00edvica en la Alcald\u00eda Cuauht\u00e9moc"}]},{"@type":"WebSite","@id":"https:\/\/www.tecdmx.org.mx\/#website","url":"https:\/\/www.tecdmx.org.mx\/","name":"Tribunal Electoral de la Ciudad de M\u00e9xico","description":"25 a\u00f1os garantizando justicia en tu elecci\u00f3n","potentialAction":[{"@type":"SearchAction","target":{"@type":"EntryPoint","urlTemplate":"https:\/\/www.tecdmx.org.mx\/?s={search_term_string}"},"query-input":"required name=search_term_string"}],"inLanguage":"es"},{"@type":"Person","@id":"https:\/\/www.tecdmx.org.mx\/#\/schema\/person\/208c898199fb3234203823c5f0cf31d6","name":"Difusion2025","image":{"@type":"ImageObject","inLanguage":"es","@id":"https:\/\/www.tecdmx.org.mx\/#\/schema\/person\/image\/","url":"https:\/\/secure.gravatar.com\/avatar\/6f7a4ba3acb418040e90a2eb99b5df28?s=96&d=mm&r=g","contentUrl":"https:\/\/secure.gravatar.com\/avatar\/6f7a4ba3acb418040e90a2eb99b5df28?s=96&d=mm&r=g","caption":"Difusion2025"}}]}},"_links":{"self":[{"href":"https:\/\/www.tecdmx.org.mx\/index.php\/wp-json\/wp\/v2\/posts\/14970"}],"collection":[{"href":"https:\/\/www.tecdmx.org.mx\/index.php\/wp-json\/wp\/v2\/posts"}],"about":[{"href":"https:\/\/www.tecdmx.org.mx\/index.php\/wp-json\/wp\/v2\/types\/post"}],"author":[{"embeddable":true,"href":"https:\/\/www.tecdmx.org.mx\/index.php\/wp-json\/wp\/v2\/users\/13"}],"replies":[{"embeddable":true,"href":"https:\/\/www.tecdmx.org.mx\/index.php\/wp-json\/wp\/v2\/comments?post=14970"}],"version-history":[{"count":1,"href":"https:\/\/www.tecdmx.org.mx\/index.php\/wp-json\/wp\/v2\/posts\/14970\/revisions"}],"predecessor-version":[{"id":14974,"href":"https:\/\/www.tecdmx.org.mx\/index.php\/wp-json\/wp\/v2\/posts\/14970\/revisions\/14974"}],"wp:attachment":[{"href":"https:\/\/www.tecdmx.org.mx\/index.php\/wp-json\/wp\/v2\/media?parent=14970"}],"wp:term":[{"taxonomy":"category","embeddable":true,"href":"https:\/\/www.tecdmx.org.mx\/index.php\/wp-json\/wp\/v2\/categories?post=14970"},{"taxonomy":"post_tag","embeddable":true,"href":"https:\/\/www.tecdmx.org.mx\/index.php\/wp-json\/wp\/v2\/tags?post=14970"}],"curies":[{"name":"wp","href":"https:\/\/api.w.org\/{rel}","templated":true}]}}