{"id":15004,"date":"2019-08-29T15:43:25","date_gmt":"2019-08-29T15:43:25","guid":{"rendered":"http:\/\/www2.tecdmx.org.mx\/?p=15004"},"modified":"2019-11-11T03:44:55","modified_gmt":"2019-11-11T03:44:55","slug":"seminario-construccion-de-ciudadania-interculturalidad-y-los-desafios-democraticos","status":"publish","type":"post","link":"https:\/\/www.tecdmx.org.mx\/index.php\/destacados\/2019\/08\/29\/seminario-construccion-de-ciudadania-interculturalidad-y-los-desafios-democraticos\/","title":{"rendered":"Seminario: Construcci\u00f3n de Ciudadan\u00eda, Interculturalidad y los desaf\u00edos democr\u00e1ticos"},"content":{"rendered":"\n<p>El Magistrado Presidente Gustavo Anzaldo y el Magistrado Armando Hern\u00e1ndez Cruz, participaron en el Seminario Construcci\u00f3n de Ciudadan\u00eda, Interculturalidad y los desaf\u00edos democr\u00e1ticos, organizado por la Sala Regional Guadalajara del Tribunal Electoral del Poder Judicial de la Federaci\u00f3n. <\/p>\n\n\n\n<ul class=\"wp-block-gallery aligncenter columns-1 wp-block-gallery-1 is-layout-flex wp-block-gallery-is-layout-flex\"><li class=\"blocks-gallery-item\"><figure><img loading=\"lazy\" decoding=\"async\" width=\"526\" height=\"350\" src=\"https:\/\/www.tecdmx.org.mx\/wp-content\/uploads\/2019\/11\/seminario-ciudadan\u00eda-3-526x350.jpg\" alt=\"\" data-id=\"15005\" data-link=\"http:\/\/www2.tecdmx.org.mx\/?attachment_id=15005\" class=\"wp-image-15005\" srcset=\"https:\/\/www.tecdmx.org.mx\/wp-content\/uploads\/2019\/11\/seminario-ciudadan\u00eda-3-375x250.jpg 375w, https:\/\/www.tecdmx.org.mx\/wp-content\/uploads\/2019\/11\/seminario-ciudadan\u00eda-3-768x511.jpg 768w, https:\/\/www.tecdmx.org.mx\/wp-content\/uploads\/2019\/11\/seminario-ciudadan\u00eda-3-526x350.jpg 526w, https:\/\/www.tecdmx.org.mx\/wp-content\/uploads\/2019\/11\/seminario-ciudadan\u00eda-3.jpg 1000w\" sizes=\"(max-width: 526px) 100vw, 526px\" \/><\/figure><\/li><li class=\"blocks-gallery-item\"><figure><img loading=\"lazy\" decoding=\"async\" width=\"638\" height=\"350\" src=\"https:\/\/www.tecdmx.org.mx\/wp-content\/uploads\/2019\/11\/seminario-ciudadan\u00eda-1-638x350.jpg\" alt=\"\" data-id=\"15006\" data-link=\"http:\/\/www2.tecdmx.org.mx\/?attachment_id=15006\" class=\"wp-image-15006\" srcset=\"https:\/\/www.tecdmx.org.mx\/wp-content\/uploads\/2019\/11\/seminario-ciudadan\u00eda-1-446x245.jpg 446w, https:\/\/www.tecdmx.org.mx\/wp-content\/uploads\/2019\/11\/seminario-ciudadan\u00eda-1-768x422.jpg 768w, https:\/\/www.tecdmx.org.mx\/wp-content\/uploads\/2019\/11\/seminario-ciudadan\u00eda-1-638x350.jpg 638w, https:\/\/www.tecdmx.org.mx\/wp-content\/uploads\/2019\/11\/seminario-ciudadan\u00eda-1.jpg 1000w\" sizes=\"(max-width: 638px) 100vw, 638px\" \/><\/figure><\/li><li class=\"blocks-gallery-item\"><figure><img loading=\"lazy\" decoding=\"async\" width=\"340\" height=\"350\" src=\"https:\/\/www.tecdmx.org.mx\/wp-content\/uploads\/2019\/11\/seminario-ciudadan\u00eda-2-340x350.png\" alt=\"\" data-id=\"15007\" data-link=\"http:\/\/www2.tecdmx.org.mx\/?attachment_id=15007\" class=\"wp-image-15007\" srcset=\"https:\/\/www.tecdmx.org.mx\/wp-content\/uploads\/2019\/11\/seminario-ciudadan\u00eda-2-243x250.png 243w, https:\/\/www.tecdmx.org.mx\/wp-content\/uploads\/2019\/11\/seminario-ciudadan\u00eda-2-768x790.png 768w, https:\/\/www.tecdmx.org.mx\/wp-content\/uploads\/2019\/11\/seminario-ciudadan\u00eda-2-340x350.png 340w, https:\/\/www.tecdmx.org.mx\/wp-content\/uploads\/2019\/11\/seminario-ciudadan\u00eda-2.png 1674w\" sizes=\"(max-width: 340px) 100vw, 340px\" \/><\/figure><\/li><\/ul>\n","protected":false},"excerpt":{"rendered":"<p>El Magistrado Presidente Gustavo Anzaldo y el Magistrado Armando Hern\u00e1ndez Cruz, participaron en el Seminario Construcci\u00f3n de Ciudadan\u00eda, Interculturalidad y los desaf\u00edos democr\u00e1ticos, organizado por la Sala Regional Guadalajara del [&hellip;]<\/p>\n","protected":false},"author":13,"featured_media":0,"comment_status":"open","ping_status":"open","sticky":false,"template":"","format":"standard","meta":{"_acf_changed":false,"_exactmetrics_skip_tracking":false,"_exactmetrics_sitenote_active":false,"_exactmetrics_sitenote_note":"","_exactmetrics_sitenote_category":0,"footnotes":""},"categories":[47,40],"tags":[],"acf":[],"yoast_head":"<!-- This site is optimized with the Yoast SEO plugin v22.3 - https:\/\/yoast.com\/wordpress\/plugins\/seo\/ -->\n<title>Seminario: Construcci\u00f3n de Ciudadan\u00eda, Interculturalidad y los desaf\u00edos democr\u00e1ticos - Tribunal Electoral de la Ciudad de M\u00e9xico<\/title>\n<meta name=\"robots\" content=\"index, follow, max-snippet:-1, max-image-preview:large, max-video-preview:-1\" \/>\n<link rel=\"canonical\" href=\"https:\/\/www.tecdmx.org.mx\/index.php\/destacados\/2019\/08\/29\/seminario-construccion-de-ciudadania-interculturalidad-y-los-desafios-democraticos\/\" \/>\n<meta property=\"og:locale\" content=\"es_ES\" \/>\n<meta property=\"og:type\" content=\"article\" \/>\n<meta property=\"og:title\" content=\"Seminario: Construcci\u00f3n de Ciudadan\u00eda, Interculturalidad y los desaf\u00edos democr\u00e1ticos - Tribunal Electoral de la Ciudad de M\u00e9xico\" \/>\n<meta property=\"og:description\" content=\"El Magistrado Presidente Gustavo Anzaldo y el Magistrado Armando Hern\u00e1ndez Cruz, participaron en el Seminario Construcci\u00f3n de Ciudadan\u00eda, Interculturalidad y los desaf\u00edos democr\u00e1ticos, organizado por la Sala Regional Guadalajara del [&hellip;]\" \/>\n<meta property=\"og:url\" content=\"https:\/\/www.tecdmx.org.mx\/index.php\/destacados\/2019\/08\/29\/seminario-construccion-de-ciudadania-interculturalidad-y-los-desafios-democraticos\/\" \/>\n<meta property=\"og:site_name\" content=\"Tribunal Electoral de la Ciudad de M\u00e9xico\" \/>\n<meta property=\"article:publisher\" content=\"https:\/\/www.facebook.com\/TECDMX\/\" \/>\n<meta property=\"article:published_time\" content=\"2019-08-29T15:43:25+00:00\" \/>\n<meta property=\"article:modified_time\" content=\"2019-11-11T03:44:55+00:00\" \/>\n<meta property=\"og:image\" content=\"http:\/\/www2.tecdmx.org.mx\/wp-content\/uploads\/2019\/11\/seminario-ciudadan\u00eda-3-526x350.jpg\" \/>\n<meta name=\"author\" content=\"Difusion2025\" \/>\n<meta name=\"twitter:card\" content=\"summary_large_image\" \/>\n<meta name=\"twitter:creator\" content=\"@tecdmx\" \/>\n<meta name=\"twitter:site\" content=\"@tecdmx\" \/>\n<meta name=\"twitter:label1\" content=\"Escrito por\" \/>\n\t<meta name=\"twitter:data1\" content=\"Difusion2025\" \/>\n<script type=\"application\/ld+json\" class=\"yoast-schema-graph\">{\"@context\":\"https:\/\/schema.org\",\"@graph\":[{\"@type\":\"WebPage\",\"@id\":\"https:\/\/www.tecdmx.org.mx\/index.php\/destacados\/2019\/08\/29\/seminario-construccion-de-ciudadania-interculturalidad-y-los-desafios-democraticos\/\",\"url\":\"https:\/\/www.tecdmx.org.mx\/index.php\/destacados\/2019\/08\/29\/seminario-construccion-de-ciudadania-interculturalidad-y-los-desafios-democraticos\/\",\"name\":\"Seminario: Construcci\u00f3n de Ciudadan\u00eda, Interculturalidad y los desaf\u00edos democr\u00e1ticos - Tribunal Electoral de la Ciudad de M\u00e9xico\",\"isPartOf\":{\"@id\":\"https:\/\/www.tecdmx.org.mx\/#website\"},\"datePublished\":\"2019-08-29T15:43:25+00:00\",\"dateModified\":\"2019-11-11T03:44:55+00:00\",\"author\":{\"@id\":\"https:\/\/www.tecdmx.org.mx\/#\/schema\/person\/208c898199fb3234203823c5f0cf31d6\"},\"breadcrumb\":{\"@id\":\"https:\/\/www.tecdmx.org.mx\/index.php\/destacados\/2019\/08\/29\/seminario-construccion-de-ciudadania-interculturalidad-y-los-desafios-democraticos\/#breadcrumb\"},\"inLanguage\":\"es\",\"potentialAction\":[{\"@type\":\"ReadAction\",\"target\":[\"https:\/\/www.tecdmx.org.mx\/index.php\/destacados\/2019\/08\/29\/seminario-construccion-de-ciudadania-interculturalidad-y-los-desafios-democraticos\/\"]}]},{\"@type\":\"BreadcrumbList\",\"@id\":\"https:\/\/www.tecdmx.org.mx\/index.php\/destacados\/2019\/08\/29\/seminario-construccion-de-ciudadania-interculturalidad-y-los-desafios-democraticos\/#breadcrumb\",\"itemListElement\":[{\"@type\":\"ListItem\",\"position\":1,\"name\":\"Portada\",\"item\":\"https:\/\/www.tecdmx.org.mx\/\"},{\"@type\":\"ListItem\",\"position\":2,\"name\":\"Seminario: Construcci\u00f3n de Ciudadan\u00eda, Interculturalidad y los desaf\u00edos democr\u00e1ticos\"}]},{\"@type\":\"WebSite\",\"@id\":\"https:\/\/www.tecdmx.org.mx\/#website\",\"url\":\"https:\/\/www.tecdmx.org.mx\/\",\"name\":\"Tribunal Electoral de la Ciudad de M\u00e9xico\",\"description\":\"25 a\u00f1os garantizando justicia en tu elecci\u00f3n\",\"potentialAction\":[{\"@type\":\"SearchAction\",\"target\":{\"@type\":\"EntryPoint\",\"urlTemplate\":\"https:\/\/www.tecdmx.org.mx\/?s={search_term_string}\"},\"query-input\":\"required name=search_term_string\"}],\"inLanguage\":\"es\"},{\"@type\":\"Person\",\"@id\":\"https:\/\/www.tecdmx.org.mx\/#\/schema\/person\/208c898199fb3234203823c5f0cf31d6\",\"name\":\"Difusion2025\",\"image\":{\"@type\":\"ImageObject\",\"inLanguage\":\"es\",\"@id\":\"https:\/\/www.tecdmx.org.mx\/#\/schema\/person\/image\/\",\"url\":\"https:\/\/secure.gravatar.com\/avatar\/6f7a4ba3acb418040e90a2eb99b5df28?s=96&d=mm&r=g\",\"contentUrl\":\"https:\/\/secure.gravatar.com\/avatar\/6f7a4ba3acb418040e90a2eb99b5df28?s=96&d=mm&r=g\",\"caption\":\"Difusion2025\"}}]}<\/script>\n<!-- \/ Yoast SEO plugin. -->","yoast_head_json":{"title":"Seminario: Construcci\u00f3n de Ciudadan\u00eda, Interculturalidad y los desaf\u00edos democr\u00e1ticos - Tribunal Electoral de la Ciudad de M\u00e9xico","robots":{"index":"index","follow":"follow","max-snippet":"max-snippet:-1","max-image-preview":"max-image-preview:large","max-video-preview":"max-video-preview:-1"},"canonical":"https:\/\/www.tecdmx.org.mx\/index.php\/destacados\/2019\/08\/29\/seminario-construccion-de-ciudadania-interculturalidad-y-los-desafios-democraticos\/","og_locale":"es_ES","og_type":"article","og_title":"Seminario: Construcci\u00f3n de Ciudadan\u00eda, Interculturalidad y los desaf\u00edos democr\u00e1ticos - Tribunal Electoral de la Ciudad de M\u00e9xico","og_description":"El Magistrado Presidente Gustavo Anzaldo y el Magistrado Armando Hern\u00e1ndez Cruz, participaron en el Seminario Construcci\u00f3n de Ciudadan\u00eda, Interculturalidad y los desaf\u00edos democr\u00e1ticos, organizado por la Sala Regional Guadalajara del [&hellip;]","og_url":"https:\/\/www.tecdmx.org.mx\/index.php\/destacados\/2019\/08\/29\/seminario-construccion-de-ciudadania-interculturalidad-y-los-desafios-democraticos\/","og_site_name":"Tribunal Electoral de la Ciudad de M\u00e9xico","article_publisher":"https:\/\/www.facebook.com\/TECDMX\/","article_published_time":"2019-08-29T15:43:25+00:00","article_modified_time":"2019-11-11T03:44:55+00:00","og_image":[{"url":"http:\/\/www2.tecdmx.org.mx\/wp-content\/uploads\/2019\/11\/seminario-ciudadan\u00eda-3-526x350.jpg"}],"author":"Difusion2025","twitter_card":"summary_large_image","twitter_creator":"@tecdmx","twitter_site":"@tecdmx","twitter_misc":{"Escrito por":"Difusion2025"},"schema":{"@context":"https:\/\/schema.org","@graph":[{"@type":"WebPage","@id":"https:\/\/www.tecdmx.org.mx\/index.php\/destacados\/2019\/08\/29\/seminario-construccion-de-ciudadania-interculturalidad-y-los-desafios-democraticos\/","url":"https:\/\/www.tecdmx.org.mx\/index.php\/destacados\/2019\/08\/29\/seminario-construccion-de-ciudadania-interculturalidad-y-los-desafios-democraticos\/","name":"Seminario: Construcci\u00f3n de Ciudadan\u00eda, Interculturalidad y los desaf\u00edos democr\u00e1ticos - Tribunal Electoral de la Ciudad de M\u00e9xico","isPartOf":{"@id":"https:\/\/www.tecdmx.org.mx\/#website"},"datePublished":"2019-08-29T15:43:25+00:00","dateModified":"2019-11-11T03:44:55+00:00","author":{"@id":"https:\/\/www.tecdmx.org.mx\/#\/schema\/person\/208c898199fb3234203823c5f0cf31d6"},"breadcrumb":{"@id":"https:\/\/www.tecdmx.org.mx\/index.php\/destacados\/2019\/08\/29\/seminario-construccion-de-ciudadania-interculturalidad-y-los-desafios-democraticos\/#breadcrumb"},"inLanguage":"es","potentialAction":[{"@type":"ReadAction","target":["https:\/\/www.tecdmx.org.mx\/index.php\/destacados\/2019\/08\/29\/seminario-construccion-de-ciudadania-interculturalidad-y-los-desafios-democraticos\/"]}]},{"@type":"BreadcrumbList","@id":"https:\/\/www.tecdmx.org.mx\/index.php\/destacados\/2019\/08\/29\/seminario-construccion-de-ciudadania-interculturalidad-y-los-desafios-democraticos\/#breadcrumb","itemListElement":[{"@type":"ListItem","position":1,"name":"Portada","item":"https:\/\/www.tecdmx.org.mx\/"},{"@type":"ListItem","position":2,"name":"Seminario: Construcci\u00f3n de Ciudadan\u00eda, Interculturalidad y los desaf\u00edos democr\u00e1ticos"}]},{"@type":"WebSite","@id":"https:\/\/www.tecdmx.org.mx\/#website","url":"https:\/\/www.tecdmx.org.mx\/","name":"Tribunal Electoral de la Ciudad de M\u00e9xico","description":"25 a\u00f1os garantizando justicia en tu elecci\u00f3n","potentialAction":[{"@type":"SearchAction","target":{"@type":"EntryPoint","urlTemplate":"https:\/\/www.tecdmx.org.mx\/?s={search_term_string}"},"query-input":"required name=search_term_string"}],"inLanguage":"es"},{"@type":"Person","@id":"https:\/\/www.tecdmx.org.mx\/#\/schema\/person\/208c898199fb3234203823c5f0cf31d6","name":"Difusion2025","image":{"@type":"ImageObject","inLanguage":"es","@id":"https:\/\/www.tecdmx.org.mx\/#\/schema\/person\/image\/","url":"https:\/\/secure.gravatar.com\/avatar\/6f7a4ba3acb418040e90a2eb99b5df28?s=96&d=mm&r=g","contentUrl":"https:\/\/secure.gravatar.com\/avatar\/6f7a4ba3acb418040e90a2eb99b5df28?s=96&d=mm&r=g","caption":"Difusion2025"}}]}},"_links":{"self":[{"href":"https:\/\/www.tecdmx.org.mx\/index.php\/wp-json\/wp\/v2\/posts\/15004"}],"collection":[{"href":"https:\/\/www.tecdmx.org.mx\/index.php\/wp-json\/wp\/v2\/posts"}],"about":[{"href":"https:\/\/www.tecdmx.org.mx\/index.php\/wp-json\/wp\/v2\/types\/post"}],"author":[{"embeddable":true,"href":"https:\/\/www.tecdmx.org.mx\/index.php\/wp-json\/wp\/v2\/users\/13"}],"replies":[{"embeddable":true,"href":"https:\/\/www.tecdmx.org.mx\/index.php\/wp-json\/wp\/v2\/comments?post=15004"}],"version-history":[{"count":1,"href":"https:\/\/www.tecdmx.org.mx\/index.php\/wp-json\/wp\/v2\/posts\/15004\/revisions"}],"predecessor-version":[{"id":15008,"href":"https:\/\/www.tecdmx.org.mx\/index.php\/wp-json\/wp\/v2\/posts\/15004\/revisions\/15008"}],"wp:attachment":[{"href":"https:\/\/www.tecdmx.org.mx\/index.php\/wp-json\/wp\/v2\/media?parent=15004"}],"wp:term":[{"taxonomy":"category","embeddable":true,"href":"https:\/\/www.tecdmx.org.mx\/index.php\/wp-json\/wp\/v2\/categories?post=15004"},{"taxonomy":"post_tag","embeddable":true,"href":"https:\/\/www.tecdmx.org.mx\/index.php\/wp-json\/wp\/v2\/tags?post=15004"}],"curies":[{"name":"wp","href":"https:\/\/api.w.org\/{rel}","templated":true}]}}