{"id":15029,"date":"2019-09-18T15:53:05","date_gmt":"2019-09-18T15:53:05","guid":{"rendered":"http:\/\/www2.tecdmx.org.mx\/?p=15029"},"modified":"2019-11-11T03:54:44","modified_gmt":"2019-11-11T03:54:44","slug":"curso-conferencia-ley-del-instituto-de-seguridad-y-servicios-sociales-de-los-trabajadores-del-estado-y-la-ley-del-seguro-social","status":"publish","type":"post","link":"https:\/\/www.tecdmx.org.mx\/index.php\/destacados\/2019\/09\/18\/curso-conferencia-ley-del-instituto-de-seguridad-y-servicios-sociales-de-los-trabajadores-del-estado-y-la-ley-del-seguro-social\/","title":{"rendered":"Curso &#8211; conferencia: \u201cLey del Instituto de Seguridad y Servicios Sociales de los Trabajadores del Estado y la Ley del Seguro Social\u201d"},"content":{"rendered":"\n<p>Los d\u00edas 11 y 18 de septiembre se llev\u00f3 a cabo el curso &#8211; conferencia: \u201cLey del Instituto de Seguridad y Servicios Sociales de los Trabajadores del Estado y la Ley del Seguro Social\u201d, en las instalaciones del TECDMX; impartido por el maestro Pedro Reyes Mireles y el doctor Gerardo Valente P\u00e9rez L\u00f3pez. El acto fue inaugurado por el Magistrado Juan Carlos S\u00e1nchez Le\u00f3n. <\/p>\n\n\n\n<ul class=\"wp-block-gallery aligncenter columns-1 wp-block-gallery-1 is-layout-flex wp-block-gallery-is-layout-flex\"><li class=\"blocks-gallery-item\"><figure><img loading=\"lazy\" decoding=\"async\" width=\"525\" height=\"350\" src=\"https:\/\/www.tecdmx.org.mx\/wp-content\/uploads\/2019\/11\/curso-ley-ss-3-525x350.jpg\" alt=\"\" data-id=\"15030\" data-link=\"http:\/\/www2.tecdmx.org.mx\/?attachment_id=15030\" class=\"wp-image-15030\" srcset=\"https:\/\/www.tecdmx.org.mx\/wp-content\/uploads\/2019\/11\/curso-ley-ss-3-375x250.jpg 375w, https:\/\/www.tecdmx.org.mx\/wp-content\/uploads\/2019\/11\/curso-ley-ss-3-768x512.jpg 768w, https:\/\/www.tecdmx.org.mx\/wp-content\/uploads\/2019\/11\/curso-ley-ss-3-525x350.jpg 525w, https:\/\/www.tecdmx.org.mx\/wp-content\/uploads\/2019\/11\/curso-ley-ss-3.jpg 1280w\" sizes=\"(max-width: 525px) 100vw, 525px\" \/><\/figure><\/li><li class=\"blocks-gallery-item\"><figure><img loading=\"lazy\" decoding=\"async\" width=\"525\" height=\"350\" src=\"https:\/\/www.tecdmx.org.mx\/wp-content\/uploads\/2019\/11\/curso-ley-ss-1-525x350.jpg\" alt=\"\" data-id=\"15031\" data-link=\"http:\/\/www2.tecdmx.org.mx\/?attachment_id=15031\" class=\"wp-image-15031\" srcset=\"https:\/\/www.tecdmx.org.mx\/wp-content\/uploads\/2019\/11\/curso-ley-ss-1-375x250.jpg 375w, https:\/\/www.tecdmx.org.mx\/wp-content\/uploads\/2019\/11\/curso-ley-ss-1-768x512.jpg 768w, https:\/\/www.tecdmx.org.mx\/wp-content\/uploads\/2019\/11\/curso-ley-ss-1-525x350.jpg 525w, https:\/\/www.tecdmx.org.mx\/wp-content\/uploads\/2019\/11\/curso-ley-ss-1.jpg 1280w\" sizes=\"(max-width: 525px) 100vw, 525px\" \/><\/figure><\/li><li class=\"blocks-gallery-item\"><figure><img loading=\"lazy\" decoding=\"async\" width=\"233\" height=\"350\" src=\"https:\/\/www.tecdmx.org.mx\/wp-content\/uploads\/2019\/11\/curso-ley-ss-2-233x350.jpg\" alt=\"\" data-id=\"15032\" data-link=\"http:\/\/www2.tecdmx.org.mx\/?attachment_id=15032\" class=\"wp-image-15032\" srcset=\"https:\/\/www.tecdmx.org.mx\/wp-content\/uploads\/2019\/11\/curso-ley-ss-2-167x250.jpg 167w, https:\/\/www.tecdmx.org.mx\/wp-content\/uploads\/2019\/11\/curso-ley-ss-2-768x1152.jpg 768w, https:\/\/www.tecdmx.org.mx\/wp-content\/uploads\/2019\/11\/curso-ley-ss-2-233x350.jpg 233w, https:\/\/www.tecdmx.org.mx\/wp-content\/uploads\/2019\/11\/curso-ley-ss-2.jpg 853w\" sizes=\"(max-width: 233px) 100vw, 233px\" \/><\/figure><\/li><\/ul>\n","protected":false},"excerpt":{"rendered":"<p>Los d\u00edas 11 y 18 de septiembre se llev\u00f3 a cabo el curso &#8211; conferencia: \u201cLey del Instituto de Seguridad y Servicios Sociales de los Trabajadores del Estado y la [&hellip;]<\/p>\n","protected":false},"author":13,"featured_media":0,"comment_status":"open","ping_status":"open","sticky":false,"template":"","format":"standard","meta":{"_acf_changed":false,"_exactmetrics_skip_tracking":false,"_exactmetrics_sitenote_active":false,"_exactmetrics_sitenote_note":"","_exactmetrics_sitenote_category":0,"footnotes":""},"categories":[47,40],"tags":[],"acf":[],"yoast_head":"<!-- This site is optimized with the Yoast SEO plugin v22.3 - https:\/\/yoast.com\/wordpress\/plugins\/seo\/ -->\n<title>Curso - conferencia: \u201cLey del Instituto de Seguridad y Servicios Sociales de los Trabajadores del Estado y la Ley del Seguro Social\u201d - Tribunal Electoral de la Ciudad de M\u00e9xico<\/title>\n<meta name=\"robots\" content=\"index, follow, max-snippet:-1, max-image-preview:large, max-video-preview:-1\" \/>\n<link rel=\"canonical\" href=\"https:\/\/www.tecdmx.org.mx\/index.php\/destacados\/2019\/09\/18\/curso-conferencia-ley-del-instituto-de-seguridad-y-servicios-sociales-de-los-trabajadores-del-estado-y-la-ley-del-seguro-social\/\" \/>\n<meta property=\"og:locale\" content=\"es_ES\" \/>\n<meta property=\"og:type\" content=\"article\" \/>\n<meta property=\"og:title\" content=\"Curso - conferencia: \u201cLey del Instituto de Seguridad y Servicios Sociales de los Trabajadores del Estado y la Ley del Seguro Social\u201d - Tribunal Electoral de la Ciudad de M\u00e9xico\" \/>\n<meta property=\"og:description\" content=\"Los d\u00edas 11 y 18 de septiembre se llev\u00f3 a cabo el curso &#8211; conferencia: \u201cLey del Instituto de Seguridad y Servicios Sociales de los Trabajadores del Estado y la [&hellip;]\" \/>\n<meta property=\"og:url\" content=\"https:\/\/www.tecdmx.org.mx\/index.php\/destacados\/2019\/09\/18\/curso-conferencia-ley-del-instituto-de-seguridad-y-servicios-sociales-de-los-trabajadores-del-estado-y-la-ley-del-seguro-social\/\" \/>\n<meta property=\"og:site_name\" content=\"Tribunal Electoral de la Ciudad de M\u00e9xico\" \/>\n<meta property=\"article:publisher\" content=\"https:\/\/www.facebook.com\/TECDMX\/\" \/>\n<meta property=\"article:published_time\" content=\"2019-09-18T15:53:05+00:00\" \/>\n<meta property=\"article:modified_time\" content=\"2019-11-11T03:54:44+00:00\" \/>\n<meta property=\"og:image\" content=\"http:\/\/www2.tecdmx.org.mx\/wp-content\/uploads\/2019\/11\/curso-ley-ss-3-525x350.jpg\" \/>\n<meta name=\"author\" content=\"Difusion2025\" \/>\n<meta name=\"twitter:card\" content=\"summary_large_image\" \/>\n<meta name=\"twitter:creator\" content=\"@tecdmx\" \/>\n<meta name=\"twitter:site\" content=\"@tecdmx\" \/>\n<meta name=\"twitter:label1\" content=\"Escrito por\" \/>\n\t<meta name=\"twitter:data1\" content=\"Difusion2025\" \/>\n<script type=\"application\/ld+json\" class=\"yoast-schema-graph\">{\"@context\":\"https:\/\/schema.org\",\"@graph\":[{\"@type\":\"WebPage\",\"@id\":\"https:\/\/www.tecdmx.org.mx\/index.php\/destacados\/2019\/09\/18\/curso-conferencia-ley-del-instituto-de-seguridad-y-servicios-sociales-de-los-trabajadores-del-estado-y-la-ley-del-seguro-social\/\",\"url\":\"https:\/\/www.tecdmx.org.mx\/index.php\/destacados\/2019\/09\/18\/curso-conferencia-ley-del-instituto-de-seguridad-y-servicios-sociales-de-los-trabajadores-del-estado-y-la-ley-del-seguro-social\/\",\"name\":\"Curso - conferencia: \u201cLey del Instituto de Seguridad y Servicios Sociales de los Trabajadores del Estado y la Ley del Seguro Social\u201d - Tribunal Electoral de la Ciudad de M\u00e9xico\",\"isPartOf\":{\"@id\":\"https:\/\/www.tecdmx.org.mx\/#website\"},\"primaryImageOfPage\":{\"@id\":\"https:\/\/www.tecdmx.org.mx\/index.php\/destacados\/2019\/09\/18\/curso-conferencia-ley-del-instituto-de-seguridad-y-servicios-sociales-de-los-trabajadores-del-estado-y-la-ley-del-seguro-social\/#primaryimage\"},\"image\":{\"@id\":\"https:\/\/www.tecdmx.org.mx\/index.php\/destacados\/2019\/09\/18\/curso-conferencia-ley-del-instituto-de-seguridad-y-servicios-sociales-de-los-trabajadores-del-estado-y-la-ley-del-seguro-social\/#primaryimage\"},\"thumbnailUrl\":\"http:\/\/www2.tecdmx.org.mx\/wp-content\/uploads\/2019\/11\/curso-ley-ss-3-525x350.jpg\",\"datePublished\":\"2019-09-18T15:53:05+00:00\",\"dateModified\":\"2019-11-11T03:54:44+00:00\",\"author\":{\"@id\":\"https:\/\/www.tecdmx.org.mx\/#\/schema\/person\/208c898199fb3234203823c5f0cf31d6\"},\"breadcrumb\":{\"@id\":\"https:\/\/www.tecdmx.org.mx\/index.php\/destacados\/2019\/09\/18\/curso-conferencia-ley-del-instituto-de-seguridad-y-servicios-sociales-de-los-trabajadores-del-estado-y-la-ley-del-seguro-social\/#breadcrumb\"},\"inLanguage\":\"es\",\"potentialAction\":[{\"@type\":\"ReadAction\",\"target\":[\"https:\/\/www.tecdmx.org.mx\/index.php\/destacados\/2019\/09\/18\/curso-conferencia-ley-del-instituto-de-seguridad-y-servicios-sociales-de-los-trabajadores-del-estado-y-la-ley-del-seguro-social\/\"]}]},{\"@type\":\"ImageObject\",\"inLanguage\":\"es\",\"@id\":\"https:\/\/www.tecdmx.org.mx\/index.php\/destacados\/2019\/09\/18\/curso-conferencia-ley-del-instituto-de-seguridad-y-servicios-sociales-de-los-trabajadores-del-estado-y-la-ley-del-seguro-social\/#primaryimage\",\"url\":\"http:\/\/www2.tecdmx.org.mx\/wp-content\/uploads\/2019\/11\/curso-ley-ss-3-525x350.jpg\",\"contentUrl\":\"http:\/\/www2.tecdmx.org.mx\/wp-content\/uploads\/2019\/11\/curso-ley-ss-3-525x350.jpg\"},{\"@type\":\"BreadcrumbList\",\"@id\":\"https:\/\/www.tecdmx.org.mx\/index.php\/destacados\/2019\/09\/18\/curso-conferencia-ley-del-instituto-de-seguridad-y-servicios-sociales-de-los-trabajadores-del-estado-y-la-ley-del-seguro-social\/#breadcrumb\",\"itemListElement\":[{\"@type\":\"ListItem\",\"position\":1,\"name\":\"Portada\",\"item\":\"https:\/\/www.tecdmx.org.mx\/\"},{\"@type\":\"ListItem\",\"position\":2,\"name\":\"Curso &#8211; conferencia: \u201cLey del Instituto de Seguridad y Servicios Sociales de los Trabajadores del Estado y la Ley del Seguro Social\u201d\"}]},{\"@type\":\"WebSite\",\"@id\":\"https:\/\/www.tecdmx.org.mx\/#website\",\"url\":\"https:\/\/www.tecdmx.org.mx\/\",\"name\":\"Tribunal Electoral de la Ciudad de M\u00e9xico\",\"description\":\"25 a\u00f1os garantizando justicia en tu elecci\u00f3n\",\"potentialAction\":[{\"@type\":\"SearchAction\",\"target\":{\"@type\":\"EntryPoint\",\"urlTemplate\":\"https:\/\/www.tecdmx.org.mx\/?s={search_term_string}\"},\"query-input\":\"required name=search_term_string\"}],\"inLanguage\":\"es\"},{\"@type\":\"Person\",\"@id\":\"https:\/\/www.tecdmx.org.mx\/#\/schema\/person\/208c898199fb3234203823c5f0cf31d6\",\"name\":\"Difusion2025\",\"image\":{\"@type\":\"ImageObject\",\"inLanguage\":\"es\",\"@id\":\"https:\/\/www.tecdmx.org.mx\/#\/schema\/person\/image\/\",\"url\":\"https:\/\/secure.gravatar.com\/avatar\/6f7a4ba3acb418040e90a2eb99b5df28?s=96&d=mm&r=g\",\"contentUrl\":\"https:\/\/secure.gravatar.com\/avatar\/6f7a4ba3acb418040e90a2eb99b5df28?s=96&d=mm&r=g\",\"caption\":\"Difusion2025\"}}]}<\/script>\n<!-- \/ Yoast SEO plugin. -->","yoast_head_json":{"title":"Curso - conferencia: \u201cLey del Instituto de Seguridad y Servicios Sociales de los Trabajadores del Estado y la Ley del Seguro Social\u201d - Tribunal Electoral de la Ciudad de M\u00e9xico","robots":{"index":"index","follow":"follow","max-snippet":"max-snippet:-1","max-image-preview":"max-image-preview:large","max-video-preview":"max-video-preview:-1"},"canonical":"https:\/\/www.tecdmx.org.mx\/index.php\/destacados\/2019\/09\/18\/curso-conferencia-ley-del-instituto-de-seguridad-y-servicios-sociales-de-los-trabajadores-del-estado-y-la-ley-del-seguro-social\/","og_locale":"es_ES","og_type":"article","og_title":"Curso - conferencia: \u201cLey del Instituto de Seguridad y Servicios Sociales de los Trabajadores del Estado y la Ley del Seguro Social\u201d - Tribunal Electoral de la Ciudad de M\u00e9xico","og_description":"Los d\u00edas 11 y 18 de septiembre se llev\u00f3 a cabo el curso &#8211; conferencia: \u201cLey del Instituto de Seguridad y Servicios Sociales de los Trabajadores del Estado y la [&hellip;]","og_url":"https:\/\/www.tecdmx.org.mx\/index.php\/destacados\/2019\/09\/18\/curso-conferencia-ley-del-instituto-de-seguridad-y-servicios-sociales-de-los-trabajadores-del-estado-y-la-ley-del-seguro-social\/","og_site_name":"Tribunal Electoral de la Ciudad de M\u00e9xico","article_publisher":"https:\/\/www.facebook.com\/TECDMX\/","article_published_time":"2019-09-18T15:53:05+00:00","article_modified_time":"2019-11-11T03:54:44+00:00","og_image":[{"url":"http:\/\/www2.tecdmx.org.mx\/wp-content\/uploads\/2019\/11\/curso-ley-ss-3-525x350.jpg"}],"author":"Difusion2025","twitter_card":"summary_large_image","twitter_creator":"@tecdmx","twitter_site":"@tecdmx","twitter_misc":{"Escrito por":"Difusion2025"},"schema":{"@context":"https:\/\/schema.org","@graph":[{"@type":"WebPage","@id":"https:\/\/www.tecdmx.org.mx\/index.php\/destacados\/2019\/09\/18\/curso-conferencia-ley-del-instituto-de-seguridad-y-servicios-sociales-de-los-trabajadores-del-estado-y-la-ley-del-seguro-social\/","url":"https:\/\/www.tecdmx.org.mx\/index.php\/destacados\/2019\/09\/18\/curso-conferencia-ley-del-instituto-de-seguridad-y-servicios-sociales-de-los-trabajadores-del-estado-y-la-ley-del-seguro-social\/","name":"Curso - conferencia: \u201cLey del Instituto de Seguridad y Servicios Sociales de los Trabajadores del Estado y la Ley del Seguro Social\u201d - Tribunal Electoral de la Ciudad de M\u00e9xico","isPartOf":{"@id":"https:\/\/www.tecdmx.org.mx\/#website"},"primaryImageOfPage":{"@id":"https:\/\/www.tecdmx.org.mx\/index.php\/destacados\/2019\/09\/18\/curso-conferencia-ley-del-instituto-de-seguridad-y-servicios-sociales-de-los-trabajadores-del-estado-y-la-ley-del-seguro-social\/#primaryimage"},"image":{"@id":"https:\/\/www.tecdmx.org.mx\/index.php\/destacados\/2019\/09\/18\/curso-conferencia-ley-del-instituto-de-seguridad-y-servicios-sociales-de-los-trabajadores-del-estado-y-la-ley-del-seguro-social\/#primaryimage"},"thumbnailUrl":"http:\/\/www2.tecdmx.org.mx\/wp-content\/uploads\/2019\/11\/curso-ley-ss-3-525x350.jpg","datePublished":"2019-09-18T15:53:05+00:00","dateModified":"2019-11-11T03:54:44+00:00","author":{"@id":"https:\/\/www.tecdmx.org.mx\/#\/schema\/person\/208c898199fb3234203823c5f0cf31d6"},"breadcrumb":{"@id":"https:\/\/www.tecdmx.org.mx\/index.php\/destacados\/2019\/09\/18\/curso-conferencia-ley-del-instituto-de-seguridad-y-servicios-sociales-de-los-trabajadores-del-estado-y-la-ley-del-seguro-social\/#breadcrumb"},"inLanguage":"es","potentialAction":[{"@type":"ReadAction","target":["https:\/\/www.tecdmx.org.mx\/index.php\/destacados\/2019\/09\/18\/curso-conferencia-ley-del-instituto-de-seguridad-y-servicios-sociales-de-los-trabajadores-del-estado-y-la-ley-del-seguro-social\/"]}]},{"@type":"ImageObject","inLanguage":"es","@id":"https:\/\/www.tecdmx.org.mx\/index.php\/destacados\/2019\/09\/18\/curso-conferencia-ley-del-instituto-de-seguridad-y-servicios-sociales-de-los-trabajadores-del-estado-y-la-ley-del-seguro-social\/#primaryimage","url":"http:\/\/www2.tecdmx.org.mx\/wp-content\/uploads\/2019\/11\/curso-ley-ss-3-525x350.jpg","contentUrl":"http:\/\/www2.tecdmx.org.mx\/wp-content\/uploads\/2019\/11\/curso-ley-ss-3-525x350.jpg"},{"@type":"BreadcrumbList","@id":"https:\/\/www.tecdmx.org.mx\/index.php\/destacados\/2019\/09\/18\/curso-conferencia-ley-del-instituto-de-seguridad-y-servicios-sociales-de-los-trabajadores-del-estado-y-la-ley-del-seguro-social\/#breadcrumb","itemListElement":[{"@type":"ListItem","position":1,"name":"Portada","item":"https:\/\/www.tecdmx.org.mx\/"},{"@type":"ListItem","position":2,"name":"Curso &#8211; conferencia: \u201cLey del Instituto de Seguridad y Servicios Sociales de los Trabajadores del Estado y la Ley del Seguro Social\u201d"}]},{"@type":"WebSite","@id":"https:\/\/www.tecdmx.org.mx\/#website","url":"https:\/\/www.tecdmx.org.mx\/","name":"Tribunal Electoral de la Ciudad de M\u00e9xico","description":"25 a\u00f1os garantizando justicia en tu elecci\u00f3n","potentialAction":[{"@type":"SearchAction","target":{"@type":"EntryPoint","urlTemplate":"https:\/\/www.tecdmx.org.mx\/?s={search_term_string}"},"query-input":"required name=search_term_string"}],"inLanguage":"es"},{"@type":"Person","@id":"https:\/\/www.tecdmx.org.mx\/#\/schema\/person\/208c898199fb3234203823c5f0cf31d6","name":"Difusion2025","image":{"@type":"ImageObject","inLanguage":"es","@id":"https:\/\/www.tecdmx.org.mx\/#\/schema\/person\/image\/","url":"https:\/\/secure.gravatar.com\/avatar\/6f7a4ba3acb418040e90a2eb99b5df28?s=96&d=mm&r=g","contentUrl":"https:\/\/secure.gravatar.com\/avatar\/6f7a4ba3acb418040e90a2eb99b5df28?s=96&d=mm&r=g","caption":"Difusion2025"}}]}},"_links":{"self":[{"href":"https:\/\/www.tecdmx.org.mx\/index.php\/wp-json\/wp\/v2\/posts\/15029"}],"collection":[{"href":"https:\/\/www.tecdmx.org.mx\/index.php\/wp-json\/wp\/v2\/posts"}],"about":[{"href":"https:\/\/www.tecdmx.org.mx\/index.php\/wp-json\/wp\/v2\/types\/post"}],"author":[{"embeddable":true,"href":"https:\/\/www.tecdmx.org.mx\/index.php\/wp-json\/wp\/v2\/users\/13"}],"replies":[{"embeddable":true,"href":"https:\/\/www.tecdmx.org.mx\/index.php\/wp-json\/wp\/v2\/comments?post=15029"}],"version-history":[{"count":1,"href":"https:\/\/www.tecdmx.org.mx\/index.php\/wp-json\/wp\/v2\/posts\/15029\/revisions"}],"predecessor-version":[{"id":15033,"href":"https:\/\/www.tecdmx.org.mx\/index.php\/wp-json\/wp\/v2\/posts\/15029\/revisions\/15033"}],"wp:attachment":[{"href":"https:\/\/www.tecdmx.org.mx\/index.php\/wp-json\/wp\/v2\/media?parent=15029"}],"wp:term":[{"taxonomy":"category","embeddable":true,"href":"https:\/\/www.tecdmx.org.mx\/index.php\/wp-json\/wp\/v2\/categories?post=15029"},{"taxonomy":"post_tag","embeddable":true,"href":"https:\/\/www.tecdmx.org.mx\/index.php\/wp-json\/wp\/v2\/tags?post=15029"}],"curies":[{"name":"wp","href":"https:\/\/api.w.org\/{rel}","templated":true}]}}