{"id":15073,"date":"2019-10-04T16:25:55","date_gmt":"2019-10-04T16:25:55","guid":{"rendered":"http:\/\/www2.tecdmx.org.mx\/?p=15073"},"modified":"2019-11-11T04:29:58","modified_gmt":"2019-11-11T04:29:58","slug":"agitando-ideas-jovenes-formando-ciudadania","status":"publish","type":"post","link":"https:\/\/www.tecdmx.org.mx\/index.php\/destacados\/2019\/10\/04\/agitando-ideas-jovenes-formando-ciudadania\/","title":{"rendered":"Agitando Ideas: J\u00f3venes formando ciudadan\u00eda"},"content":{"rendered":"\n<p>La Comisi\u00f3n de Derechos Humanos imparti\u00f3 el tema: Derechos Humanos, como parte del programa Agitando Ideas, un espacio donde los j\u00f3venes aprenden sobre diversos temas con especialistas, para fomentar su participaci\u00f3n en la vida democr\u00e1tica de la Ciudad de M\u00e9xico. La Magistrada Martha Leticia Mercado Ram\u00edrez intercambi\u00f3 ideas con las y los participantes. <\/p>\n\n\n\n<ul class=\"wp-block-gallery aligncenter columns-1 wp-block-gallery-1 is-layout-flex wp-block-gallery-is-layout-flex\"><li class=\"blocks-gallery-item\"><figure><img loading=\"lazy\" decoding=\"async\" width=\"526\" height=\"350\" src=\"https:\/\/www.tecdmx.org.mx\/wp-content\/uploads\/2019\/11\/Agitando-Ideas-DH-4-526x350.jpg\" alt=\"\" data-id=\"15074\" data-link=\"http:\/\/www2.tecdmx.org.mx\/?attachment_id=15074\" class=\"wp-image-15074\" srcset=\"https:\/\/www.tecdmx.org.mx\/wp-content\/uploads\/2019\/11\/Agitando-Ideas-DH-4-375x250.jpg 375w, https:\/\/www.tecdmx.org.mx\/wp-content\/uploads\/2019\/11\/Agitando-Ideas-DH-4-768x512.jpg 768w, https:\/\/www.tecdmx.org.mx\/wp-content\/uploads\/2019\/11\/Agitando-Ideas-DH-4-526x350.jpg 526w, https:\/\/www.tecdmx.org.mx\/wp-content\/uploads\/2019\/11\/Agitando-Ideas-DH-4.jpg 1024w\" sizes=\"(max-width: 526px) 100vw, 526px\" \/><\/figure><\/li><li class=\"blocks-gallery-item\"><figure><img loading=\"lazy\" decoding=\"async\" width=\"526\" height=\"350\" src=\"https:\/\/www.tecdmx.org.mx\/wp-content\/uploads\/2019\/11\/Agitando-Ideas-DH-2-526x350.jpg\" alt=\"\" data-id=\"15076\" data-link=\"http:\/\/www2.tecdmx.org.mx\/?attachment_id=15076\" class=\"wp-image-15076\" srcset=\"https:\/\/www.tecdmx.org.mx\/wp-content\/uploads\/2019\/11\/Agitando-Ideas-DH-2-375x250.jpg 375w, https:\/\/www.tecdmx.org.mx\/wp-content\/uploads\/2019\/11\/Agitando-Ideas-DH-2-768x512.jpg 768w, https:\/\/www.tecdmx.org.mx\/wp-content\/uploads\/2019\/11\/Agitando-Ideas-DH-2-526x350.jpg 526w, https:\/\/www.tecdmx.org.mx\/wp-content\/uploads\/2019\/11\/Agitando-Ideas-DH-2.jpg 1024w\" sizes=\"(max-width: 526px) 100vw, 526px\" \/><\/figure><\/li><li class=\"blocks-gallery-item\"><figure><img loading=\"lazy\" decoding=\"async\" width=\"467\" height=\"350\" src=\"https:\/\/www.tecdmx.org.mx\/wp-content\/uploads\/2019\/11\/Agitando-Ideas-DH-1-467x350.jpg\" alt=\"\" data-id=\"15075\" data-link=\"http:\/\/www2.tecdmx.org.mx\/?attachment_id=15075\" class=\"wp-image-15075\" srcset=\"https:\/\/www.tecdmx.org.mx\/wp-content\/uploads\/2019\/11\/Agitando-Ideas-DH-1-333x250.jpg 333w, https:\/\/www.tecdmx.org.mx\/wp-content\/uploads\/2019\/11\/Agitando-Ideas-DH-1-768x576.jpg 768w, https:\/\/www.tecdmx.org.mx\/wp-content\/uploads\/2019\/11\/Agitando-Ideas-DH-1-467x350.jpg 467w, https:\/\/www.tecdmx.org.mx\/wp-content\/uploads\/2019\/11\/Agitando-Ideas-DH-1.jpg 1024w\" sizes=\"(max-width: 467px) 100vw, 467px\" \/><\/figure><\/li><\/ul>\n","protected":false},"excerpt":{"rendered":"<p>La Comisi\u00f3n de Derechos Humanos imparti\u00f3 el tema: Derechos Humanos, como parte del programa Agitando Ideas, un espacio donde los j\u00f3venes aprenden sobre diversos temas con especialistas, para fomentar su [&hellip;]<\/p>\n","protected":false},"author":13,"featured_media":0,"comment_status":"open","ping_status":"open","sticky":false,"template":"","format":"standard","meta":{"_acf_changed":false,"_exactmetrics_skip_tracking":false,"_exactmetrics_sitenote_active":false,"_exactmetrics_sitenote_note":"","_exactmetrics_sitenote_category":0,"footnotes":""},"categories":[47,61],"tags":[],"acf":[],"yoast_head":"<!-- This site is optimized with the Yoast SEO plugin v22.3 - https:\/\/yoast.com\/wordpress\/plugins\/seo\/ -->\n<title>Agitando Ideas: J\u00f3venes formando ciudadan\u00eda - Tribunal Electoral de la Ciudad de M\u00e9xico<\/title>\n<meta name=\"robots\" content=\"index, follow, max-snippet:-1, max-image-preview:large, max-video-preview:-1\" \/>\n<link rel=\"canonical\" href=\"https:\/\/www.tecdmx.org.mx\/index.php\/destacados\/2019\/10\/04\/agitando-ideas-jovenes-formando-ciudadania\/\" \/>\n<meta property=\"og:locale\" content=\"es_ES\" \/>\n<meta property=\"og:type\" content=\"article\" \/>\n<meta property=\"og:title\" content=\"Agitando Ideas: J\u00f3venes formando ciudadan\u00eda - Tribunal Electoral de la Ciudad de M\u00e9xico\" \/>\n<meta property=\"og:description\" content=\"La Comisi\u00f3n de Derechos Humanos imparti\u00f3 el tema: Derechos Humanos, como parte del programa Agitando Ideas, un espacio donde los j\u00f3venes aprenden sobre diversos temas con especialistas, para fomentar su [&hellip;]\" \/>\n<meta property=\"og:url\" content=\"https:\/\/www.tecdmx.org.mx\/index.php\/destacados\/2019\/10\/04\/agitando-ideas-jovenes-formando-ciudadania\/\" \/>\n<meta property=\"og:site_name\" content=\"Tribunal Electoral de la Ciudad de M\u00e9xico\" \/>\n<meta property=\"article:publisher\" content=\"https:\/\/www.facebook.com\/TECDMX\/\" \/>\n<meta property=\"article:published_time\" content=\"2019-10-04T16:25:55+00:00\" \/>\n<meta property=\"article:modified_time\" content=\"2019-11-11T04:29:58+00:00\" \/>\n<meta property=\"og:image\" content=\"http:\/\/www2.tecdmx.org.mx\/wp-content\/uploads\/2019\/11\/Agitando-Ideas-DH-4-526x350.jpg\" \/>\n<meta name=\"author\" content=\"Difusion2025\" \/>\n<meta name=\"twitter:card\" content=\"summary_large_image\" \/>\n<meta name=\"twitter:creator\" content=\"@tecdmx\" \/>\n<meta name=\"twitter:site\" content=\"@tecdmx\" \/>\n<meta name=\"twitter:label1\" content=\"Escrito por\" \/>\n\t<meta name=\"twitter:data1\" content=\"Difusion2025\" \/>\n<script type=\"application\/ld+json\" class=\"yoast-schema-graph\">{\"@context\":\"https:\/\/schema.org\",\"@graph\":[{\"@type\":\"WebPage\",\"@id\":\"https:\/\/www.tecdmx.org.mx\/index.php\/destacados\/2019\/10\/04\/agitando-ideas-jovenes-formando-ciudadania\/\",\"url\":\"https:\/\/www.tecdmx.org.mx\/index.php\/destacados\/2019\/10\/04\/agitando-ideas-jovenes-formando-ciudadania\/\",\"name\":\"Agitando Ideas: J\u00f3venes formando ciudadan\u00eda - Tribunal Electoral de la Ciudad de M\u00e9xico\",\"isPartOf\":{\"@id\":\"https:\/\/www.tecdmx.org.mx\/#website\"},\"primaryImageOfPage\":{\"@id\":\"https:\/\/www.tecdmx.org.mx\/index.php\/destacados\/2019\/10\/04\/agitando-ideas-jovenes-formando-ciudadania\/#primaryimage\"},\"image\":{\"@id\":\"https:\/\/www.tecdmx.org.mx\/index.php\/destacados\/2019\/10\/04\/agitando-ideas-jovenes-formando-ciudadania\/#primaryimage\"},\"thumbnailUrl\":\"http:\/\/www2.tecdmx.org.mx\/wp-content\/uploads\/2019\/11\/Agitando-Ideas-DH-4-526x350.jpg\",\"datePublished\":\"2019-10-04T16:25:55+00:00\",\"dateModified\":\"2019-11-11T04:29:58+00:00\",\"author\":{\"@id\":\"https:\/\/www.tecdmx.org.mx\/#\/schema\/person\/208c898199fb3234203823c5f0cf31d6\"},\"breadcrumb\":{\"@id\":\"https:\/\/www.tecdmx.org.mx\/index.php\/destacados\/2019\/10\/04\/agitando-ideas-jovenes-formando-ciudadania\/#breadcrumb\"},\"inLanguage\":\"es\",\"potentialAction\":[{\"@type\":\"ReadAction\",\"target\":[\"https:\/\/www.tecdmx.org.mx\/index.php\/destacados\/2019\/10\/04\/agitando-ideas-jovenes-formando-ciudadania\/\"]}]},{\"@type\":\"ImageObject\",\"inLanguage\":\"es\",\"@id\":\"https:\/\/www.tecdmx.org.mx\/index.php\/destacados\/2019\/10\/04\/agitando-ideas-jovenes-formando-ciudadania\/#primaryimage\",\"url\":\"http:\/\/www2.tecdmx.org.mx\/wp-content\/uploads\/2019\/11\/Agitando-Ideas-DH-4-526x350.jpg\",\"contentUrl\":\"http:\/\/www2.tecdmx.org.mx\/wp-content\/uploads\/2019\/11\/Agitando-Ideas-DH-4-526x350.jpg\"},{\"@type\":\"BreadcrumbList\",\"@id\":\"https:\/\/www.tecdmx.org.mx\/index.php\/destacados\/2019\/10\/04\/agitando-ideas-jovenes-formando-ciudadania\/#breadcrumb\",\"itemListElement\":[{\"@type\":\"ListItem\",\"position\":1,\"name\":\"Portada\",\"item\":\"https:\/\/www.tecdmx.org.mx\/\"},{\"@type\":\"ListItem\",\"position\":2,\"name\":\"Agitando Ideas: J\u00f3venes formando ciudadan\u00eda\"}]},{\"@type\":\"WebSite\",\"@id\":\"https:\/\/www.tecdmx.org.mx\/#website\",\"url\":\"https:\/\/www.tecdmx.org.mx\/\",\"name\":\"Tribunal Electoral de la Ciudad de M\u00e9xico\",\"description\":\"25 a\u00f1os garantizando justicia en tu elecci\u00f3n\",\"potentialAction\":[{\"@type\":\"SearchAction\",\"target\":{\"@type\":\"EntryPoint\",\"urlTemplate\":\"https:\/\/www.tecdmx.org.mx\/?s={search_term_string}\"},\"query-input\":\"required name=search_term_string\"}],\"inLanguage\":\"es\"},{\"@type\":\"Person\",\"@id\":\"https:\/\/www.tecdmx.org.mx\/#\/schema\/person\/208c898199fb3234203823c5f0cf31d6\",\"name\":\"Difusion2025\",\"image\":{\"@type\":\"ImageObject\",\"inLanguage\":\"es\",\"@id\":\"https:\/\/www.tecdmx.org.mx\/#\/schema\/person\/image\/\",\"url\":\"https:\/\/secure.gravatar.com\/avatar\/6f7a4ba3acb418040e90a2eb99b5df28?s=96&d=mm&r=g\",\"contentUrl\":\"https:\/\/secure.gravatar.com\/avatar\/6f7a4ba3acb418040e90a2eb99b5df28?s=96&d=mm&r=g\",\"caption\":\"Difusion2025\"}}]}<\/script>\n<!-- \/ Yoast SEO plugin. -->","yoast_head_json":{"title":"Agitando Ideas: J\u00f3venes formando ciudadan\u00eda - Tribunal Electoral de la Ciudad de M\u00e9xico","robots":{"index":"index","follow":"follow","max-snippet":"max-snippet:-1","max-image-preview":"max-image-preview:large","max-video-preview":"max-video-preview:-1"},"canonical":"https:\/\/www.tecdmx.org.mx\/index.php\/destacados\/2019\/10\/04\/agitando-ideas-jovenes-formando-ciudadania\/","og_locale":"es_ES","og_type":"article","og_title":"Agitando Ideas: J\u00f3venes formando ciudadan\u00eda - Tribunal Electoral de la Ciudad de M\u00e9xico","og_description":"La Comisi\u00f3n de Derechos Humanos imparti\u00f3 el tema: Derechos Humanos, como parte del programa Agitando Ideas, un espacio donde los j\u00f3venes aprenden sobre diversos temas con especialistas, para fomentar su [&hellip;]","og_url":"https:\/\/www.tecdmx.org.mx\/index.php\/destacados\/2019\/10\/04\/agitando-ideas-jovenes-formando-ciudadania\/","og_site_name":"Tribunal Electoral de la Ciudad de M\u00e9xico","article_publisher":"https:\/\/www.facebook.com\/TECDMX\/","article_published_time":"2019-10-04T16:25:55+00:00","article_modified_time":"2019-11-11T04:29:58+00:00","og_image":[{"url":"http:\/\/www2.tecdmx.org.mx\/wp-content\/uploads\/2019\/11\/Agitando-Ideas-DH-4-526x350.jpg"}],"author":"Difusion2025","twitter_card":"summary_large_image","twitter_creator":"@tecdmx","twitter_site":"@tecdmx","twitter_misc":{"Escrito por":"Difusion2025"},"schema":{"@context":"https:\/\/schema.org","@graph":[{"@type":"WebPage","@id":"https:\/\/www.tecdmx.org.mx\/index.php\/destacados\/2019\/10\/04\/agitando-ideas-jovenes-formando-ciudadania\/","url":"https:\/\/www.tecdmx.org.mx\/index.php\/destacados\/2019\/10\/04\/agitando-ideas-jovenes-formando-ciudadania\/","name":"Agitando Ideas: J\u00f3venes formando ciudadan\u00eda - Tribunal Electoral de la Ciudad de M\u00e9xico","isPartOf":{"@id":"https:\/\/www.tecdmx.org.mx\/#website"},"primaryImageOfPage":{"@id":"https:\/\/www.tecdmx.org.mx\/index.php\/destacados\/2019\/10\/04\/agitando-ideas-jovenes-formando-ciudadania\/#primaryimage"},"image":{"@id":"https:\/\/www.tecdmx.org.mx\/index.php\/destacados\/2019\/10\/04\/agitando-ideas-jovenes-formando-ciudadania\/#primaryimage"},"thumbnailUrl":"http:\/\/www2.tecdmx.org.mx\/wp-content\/uploads\/2019\/11\/Agitando-Ideas-DH-4-526x350.jpg","datePublished":"2019-10-04T16:25:55+00:00","dateModified":"2019-11-11T04:29:58+00:00","author":{"@id":"https:\/\/www.tecdmx.org.mx\/#\/schema\/person\/208c898199fb3234203823c5f0cf31d6"},"breadcrumb":{"@id":"https:\/\/www.tecdmx.org.mx\/index.php\/destacados\/2019\/10\/04\/agitando-ideas-jovenes-formando-ciudadania\/#breadcrumb"},"inLanguage":"es","potentialAction":[{"@type":"ReadAction","target":["https:\/\/www.tecdmx.org.mx\/index.php\/destacados\/2019\/10\/04\/agitando-ideas-jovenes-formando-ciudadania\/"]}]},{"@type":"ImageObject","inLanguage":"es","@id":"https:\/\/www.tecdmx.org.mx\/index.php\/destacados\/2019\/10\/04\/agitando-ideas-jovenes-formando-ciudadania\/#primaryimage","url":"http:\/\/www2.tecdmx.org.mx\/wp-content\/uploads\/2019\/11\/Agitando-Ideas-DH-4-526x350.jpg","contentUrl":"http:\/\/www2.tecdmx.org.mx\/wp-content\/uploads\/2019\/11\/Agitando-Ideas-DH-4-526x350.jpg"},{"@type":"BreadcrumbList","@id":"https:\/\/www.tecdmx.org.mx\/index.php\/destacados\/2019\/10\/04\/agitando-ideas-jovenes-formando-ciudadania\/#breadcrumb","itemListElement":[{"@type":"ListItem","position":1,"name":"Portada","item":"https:\/\/www.tecdmx.org.mx\/"},{"@type":"ListItem","position":2,"name":"Agitando Ideas: J\u00f3venes formando ciudadan\u00eda"}]},{"@type":"WebSite","@id":"https:\/\/www.tecdmx.org.mx\/#website","url":"https:\/\/www.tecdmx.org.mx\/","name":"Tribunal Electoral de la Ciudad de M\u00e9xico","description":"25 a\u00f1os garantizando justicia en tu elecci\u00f3n","potentialAction":[{"@type":"SearchAction","target":{"@type":"EntryPoint","urlTemplate":"https:\/\/www.tecdmx.org.mx\/?s={search_term_string}"},"query-input":"required name=search_term_string"}],"inLanguage":"es"},{"@type":"Person","@id":"https:\/\/www.tecdmx.org.mx\/#\/schema\/person\/208c898199fb3234203823c5f0cf31d6","name":"Difusion2025","image":{"@type":"ImageObject","inLanguage":"es","@id":"https:\/\/www.tecdmx.org.mx\/#\/schema\/person\/image\/","url":"https:\/\/secure.gravatar.com\/avatar\/6f7a4ba3acb418040e90a2eb99b5df28?s=96&d=mm&r=g","contentUrl":"https:\/\/secure.gravatar.com\/avatar\/6f7a4ba3acb418040e90a2eb99b5df28?s=96&d=mm&r=g","caption":"Difusion2025"}}]}},"_links":{"self":[{"href":"https:\/\/www.tecdmx.org.mx\/index.php\/wp-json\/wp\/v2\/posts\/15073"}],"collection":[{"href":"https:\/\/www.tecdmx.org.mx\/index.php\/wp-json\/wp\/v2\/posts"}],"about":[{"href":"https:\/\/www.tecdmx.org.mx\/index.php\/wp-json\/wp\/v2\/types\/post"}],"author":[{"embeddable":true,"href":"https:\/\/www.tecdmx.org.mx\/index.php\/wp-json\/wp\/v2\/users\/13"}],"replies":[{"embeddable":true,"href":"https:\/\/www.tecdmx.org.mx\/index.php\/wp-json\/wp\/v2\/comments?post=15073"}],"version-history":[{"count":1,"href":"https:\/\/www.tecdmx.org.mx\/index.php\/wp-json\/wp\/v2\/posts\/15073\/revisions"}],"predecessor-version":[{"id":15078,"href":"https:\/\/www.tecdmx.org.mx\/index.php\/wp-json\/wp\/v2\/posts\/15073\/revisions\/15078"}],"wp:attachment":[{"href":"https:\/\/www.tecdmx.org.mx\/index.php\/wp-json\/wp\/v2\/media?parent=15073"}],"wp:term":[{"taxonomy":"category","embeddable":true,"href":"https:\/\/www.tecdmx.org.mx\/index.php\/wp-json\/wp\/v2\/categories?post=15073"},{"taxonomy":"post_tag","embeddable":true,"href":"https:\/\/www.tecdmx.org.mx\/index.php\/wp-json\/wp\/v2\/tags?post=15073"}],"curies":[{"name":"wp","href":"https:\/\/api.w.org\/{rel}","templated":true}]}}