{"id":15095,"date":"2019-10-12T16:42:27","date_gmt":"2019-10-12T16:42:27","guid":{"rendered":"http:\/\/www2.tecdmx.org.mx\/?p=15095"},"modified":"2019-11-11T04:47:24","modified_gmt":"2019-11-11T04:47:24","slug":"foro-participacion-y-representacion-politica-de-las-mujeres-de-los-pueblos-barrios-originarios-y-comunidades-indigenas-de-la-cdmx","status":"publish","type":"post","link":"https:\/\/www.tecdmx.org.mx\/index.php\/sin-categoria\/2019\/10\/12\/foro-participacion-y-representacion-politica-de-las-mujeres-de-los-pueblos-barrios-originarios-y-comunidades-indigenas-de-la-cdmx\/","title":{"rendered":"Foro: \u201cParticipaci\u00f3n y Representaci\u00f3n Pol\u00edtica de las Mujeres de los Pueblos, Barrios Originarios y Comunidades Ind\u00edgenas de la CDMX"},"content":{"rendered":"\n<p>La Magistrada Martha Leticia Mercado Ram\u00edrez y la Defensora P\u00fablica de Participaci\u00f3n Ciudadana y de Procesos Democr\u00e1ticos, Sandra Araceli Vivanco Morales, participaron en el foro \u201cParticipaci\u00f3n y Representaci\u00f3n Pol\u00edtica de las Mujeres de los Pueblos, Barrios Originarios y Comunidades Ind\u00edgenas de la Ciudad de M\u00e9xico. <\/p>\n\n\n\n<ul class=\"wp-block-gallery aligncenter columns-1 wp-block-gallery-1 is-layout-flex wp-block-gallery-is-layout-flex\"><li class=\"blocks-gallery-item\"><figure><img loading=\"lazy\" decoding=\"async\" width=\"572\" height=\"350\" src=\"https:\/\/www.tecdmx.org.mx\/wp-content\/uploads\/2019\/11\/Foro-Participaci\u00f3n-2-572x350.png\" alt=\"\" data-id=\"15098\" data-link=\"http:\/\/www2.tecdmx.org.mx\/?attachment_id=15098\" class=\"wp-image-15098\" srcset=\"https:\/\/www.tecdmx.org.mx\/wp-content\/uploads\/2019\/11\/Foro-Participaci\u00f3n-2-409x250.png 409w, https:\/\/www.tecdmx.org.mx\/wp-content\/uploads\/2019\/11\/Foro-Participaci\u00f3n-2-768x470.png 768w, https:\/\/www.tecdmx.org.mx\/wp-content\/uploads\/2019\/11\/Foro-Participaci\u00f3n-2-572x350.png 572w, https:\/\/www.tecdmx.org.mx\/wp-content\/uploads\/2019\/11\/Foro-Participaci\u00f3n-2.png 1734w\" sizes=\"(max-width: 572px) 100vw, 572px\" \/><\/figure><\/li><li class=\"blocks-gallery-item\"><figure><img loading=\"lazy\" decoding=\"async\" width=\"686\" height=\"350\" src=\"https:\/\/www.tecdmx.org.mx\/wp-content\/uploads\/2019\/11\/Foro-Participaci\u00f3n-1-686x350.png\" alt=\"\" data-id=\"15097\" data-link=\"http:\/\/www2.tecdmx.org.mx\/?attachment_id=15097\" class=\"wp-image-15097\" srcset=\"https:\/\/www.tecdmx.org.mx\/wp-content\/uploads\/2019\/11\/Foro-Participaci\u00f3n-1-446x228.png 446w, https:\/\/www.tecdmx.org.mx\/wp-content\/uploads\/2019\/11\/Foro-Participaci\u00f3n-1-768x392.png 768w, https:\/\/www.tecdmx.org.mx\/wp-content\/uploads\/2019\/11\/Foro-Participaci\u00f3n-1-686x350.png 686w, https:\/\/www.tecdmx.org.mx\/wp-content\/uploads\/2019\/11\/Foro-Participaci\u00f3n-1.png 1825w\" sizes=\"(max-width: 686px) 100vw, 686px\" \/><\/figure><\/li><li class=\"blocks-gallery-item\"><figure><img loading=\"lazy\" decoding=\"async\" width=\"702\" height=\"350\" src=\"https:\/\/www.tecdmx.org.mx\/wp-content\/uploads\/2019\/11\/Foro-Participaci\u00f3n-3-702x350.png\" alt=\"\" data-id=\"15099\" data-link=\"http:\/\/www2.tecdmx.org.mx\/?attachment_id=15099\" class=\"wp-image-15099\" srcset=\"https:\/\/www.tecdmx.org.mx\/wp-content\/uploads\/2019\/11\/Foro-Participaci\u00f3n-3-446x223.png 446w, https:\/\/www.tecdmx.org.mx\/wp-content\/uploads\/2019\/11\/Foro-Participaci\u00f3n-3-768x383.png 768w, https:\/\/www.tecdmx.org.mx\/wp-content\/uploads\/2019\/11\/Foro-Participaci\u00f3n-3-702x350.png 702w, https:\/\/www.tecdmx.org.mx\/wp-content\/uploads\/2019\/11\/Foro-Participaci\u00f3n-3.png 1862w\" sizes=\"(max-width: 702px) 100vw, 702px\" \/><\/figure><\/li><li class=\"blocks-gallery-item\"><figure><img loading=\"lazy\" decoding=\"async\" width=\"532\" height=\"350\" src=\"https:\/\/www.tecdmx.org.mx\/wp-content\/uploads\/2019\/11\/Foro-Participaci\u00f3n-4-532x350.png\" alt=\"\" data-id=\"15096\" data-link=\"http:\/\/www2.tecdmx.org.mx\/?attachment_id=15096\" class=\"wp-image-15096\" srcset=\"https:\/\/www.tecdmx.org.mx\/wp-content\/uploads\/2019\/11\/Foro-Participaci\u00f3n-4-380x250.png 380w, https:\/\/www.tecdmx.org.mx\/wp-content\/uploads\/2019\/11\/Foro-Participaci\u00f3n-4-768x505.png 768w, https:\/\/www.tecdmx.org.mx\/wp-content\/uploads\/2019\/11\/Foro-Participaci\u00f3n-4-532x350.png 532w, https:\/\/www.tecdmx.org.mx\/wp-content\/uploads\/2019\/11\/Foro-Participaci\u00f3n-4.png 1872w\" sizes=\"(max-width: 532px) 100vw, 532px\" \/><\/figure><\/li><\/ul>\n","protected":false},"excerpt":{"rendered":"<p>La Magistrada Martha Leticia Mercado Ram\u00edrez y la Defensora P\u00fablica de Participaci\u00f3n Ciudadana y de Procesos Democr\u00e1ticos, Sandra Araceli Vivanco Morales, participaron en el foro \u201cParticipaci\u00f3n y Representaci\u00f3n Pol\u00edtica de [&hellip;]<\/p>\n","protected":false},"author":13,"featured_media":0,"comment_status":"open","ping_status":"open","sticky":false,"template":"","format":"standard","meta":{"_acf_changed":false,"_exactmetrics_skip_tracking":false,"_exactmetrics_sitenote_active":false,"_exactmetrics_sitenote_note":"","_exactmetrics_sitenote_category":0,"footnotes":""},"categories":[47,40,1],"tags":[],"acf":[],"yoast_head":"<!-- This site is optimized with the Yoast SEO plugin v22.3 - https:\/\/yoast.com\/wordpress\/plugins\/seo\/ -->\n<title>Foro: \u201cParticipaci\u00f3n y Representaci\u00f3n Pol\u00edtica de las Mujeres de los Pueblos, Barrios Originarios y Comunidades Ind\u00edgenas de la CDMX - Tribunal Electoral de la Ciudad de M\u00e9xico<\/title>\n<meta name=\"robots\" content=\"index, follow, max-snippet:-1, max-image-preview:large, max-video-preview:-1\" \/>\n<link rel=\"canonical\" href=\"https:\/\/www.tecdmx.org.mx\/index.php\/sin-categoria\/2019\/10\/12\/foro-participacion-y-representacion-politica-de-las-mujeres-de-los-pueblos-barrios-originarios-y-comunidades-indigenas-de-la-cdmx\/\" \/>\n<meta property=\"og:locale\" content=\"es_ES\" \/>\n<meta property=\"og:type\" content=\"article\" \/>\n<meta property=\"og:title\" content=\"Foro: \u201cParticipaci\u00f3n y Representaci\u00f3n Pol\u00edtica de las Mujeres de los Pueblos, Barrios Originarios y Comunidades Ind\u00edgenas de la CDMX - Tribunal Electoral de la Ciudad de M\u00e9xico\" \/>\n<meta property=\"og:description\" content=\"La Magistrada Martha Leticia Mercado Ram\u00edrez y la Defensora P\u00fablica de Participaci\u00f3n Ciudadana y de Procesos Democr\u00e1ticos, Sandra Araceli Vivanco Morales, participaron en el foro \u201cParticipaci\u00f3n y Representaci\u00f3n Pol\u00edtica de [&hellip;]\" \/>\n<meta property=\"og:url\" content=\"https:\/\/www.tecdmx.org.mx\/index.php\/sin-categoria\/2019\/10\/12\/foro-participacion-y-representacion-politica-de-las-mujeres-de-los-pueblos-barrios-originarios-y-comunidades-indigenas-de-la-cdmx\/\" \/>\n<meta property=\"og:site_name\" content=\"Tribunal Electoral de la Ciudad de M\u00e9xico\" \/>\n<meta property=\"article:publisher\" content=\"https:\/\/www.facebook.com\/TECDMX\/\" \/>\n<meta property=\"article:published_time\" content=\"2019-10-12T16:42:27+00:00\" \/>\n<meta property=\"article:modified_time\" content=\"2019-11-11T04:47:24+00:00\" \/>\n<meta property=\"og:image\" content=\"http:\/\/www2.tecdmx.org.mx\/wp-content\/uploads\/2019\/11\/Foro-Participaci\u00f3n-2-572x350.png\" \/>\n<meta name=\"author\" content=\"Difusion2025\" \/>\n<meta name=\"twitter:card\" content=\"summary_large_image\" \/>\n<meta name=\"twitter:creator\" content=\"@tecdmx\" \/>\n<meta name=\"twitter:site\" content=\"@tecdmx\" \/>\n<meta name=\"twitter:label1\" content=\"Escrito por\" \/>\n\t<meta name=\"twitter:data1\" content=\"Difusion2025\" \/>\n<script type=\"application\/ld+json\" class=\"yoast-schema-graph\">{\"@context\":\"https:\/\/schema.org\",\"@graph\":[{\"@type\":\"WebPage\",\"@id\":\"https:\/\/www.tecdmx.org.mx\/index.php\/sin-categoria\/2019\/10\/12\/foro-participacion-y-representacion-politica-de-las-mujeres-de-los-pueblos-barrios-originarios-y-comunidades-indigenas-de-la-cdmx\/\",\"url\":\"https:\/\/www.tecdmx.org.mx\/index.php\/sin-categoria\/2019\/10\/12\/foro-participacion-y-representacion-politica-de-las-mujeres-de-los-pueblos-barrios-originarios-y-comunidades-indigenas-de-la-cdmx\/\",\"name\":\"Foro: \u201cParticipaci\u00f3n y Representaci\u00f3n Pol\u00edtica de las Mujeres de los Pueblos, Barrios Originarios y Comunidades Ind\u00edgenas de la CDMX - Tribunal Electoral de la Ciudad de M\u00e9xico\",\"isPartOf\":{\"@id\":\"https:\/\/www.tecdmx.org.mx\/#website\"},\"datePublished\":\"2019-10-12T16:42:27+00:00\",\"dateModified\":\"2019-11-11T04:47:24+00:00\",\"author\":{\"@id\":\"https:\/\/www.tecdmx.org.mx\/#\/schema\/person\/208c898199fb3234203823c5f0cf31d6\"},\"breadcrumb\":{\"@id\":\"https:\/\/www.tecdmx.org.mx\/index.php\/sin-categoria\/2019\/10\/12\/foro-participacion-y-representacion-politica-de-las-mujeres-de-los-pueblos-barrios-originarios-y-comunidades-indigenas-de-la-cdmx\/#breadcrumb\"},\"inLanguage\":\"es\",\"potentialAction\":[{\"@type\":\"ReadAction\",\"target\":[\"https:\/\/www.tecdmx.org.mx\/index.php\/sin-categoria\/2019\/10\/12\/foro-participacion-y-representacion-politica-de-las-mujeres-de-los-pueblos-barrios-originarios-y-comunidades-indigenas-de-la-cdmx\/\"]}]},{\"@type\":\"BreadcrumbList\",\"@id\":\"https:\/\/www.tecdmx.org.mx\/index.php\/sin-categoria\/2019\/10\/12\/foro-participacion-y-representacion-politica-de-las-mujeres-de-los-pueblos-barrios-originarios-y-comunidades-indigenas-de-la-cdmx\/#breadcrumb\",\"itemListElement\":[{\"@type\":\"ListItem\",\"position\":1,\"name\":\"Portada\",\"item\":\"https:\/\/www.tecdmx.org.mx\/\"},{\"@type\":\"ListItem\",\"position\":2,\"name\":\"Foro: \u201cParticipaci\u00f3n y Representaci\u00f3n Pol\u00edtica de las Mujeres de los Pueblos, Barrios Originarios y Comunidades Ind\u00edgenas de la CDMX\"}]},{\"@type\":\"WebSite\",\"@id\":\"https:\/\/www.tecdmx.org.mx\/#website\",\"url\":\"https:\/\/www.tecdmx.org.mx\/\",\"name\":\"Tribunal Electoral de la Ciudad de M\u00e9xico\",\"description\":\"25 a\u00f1os garantizando justicia en tu elecci\u00f3n\",\"potentialAction\":[{\"@type\":\"SearchAction\",\"target\":{\"@type\":\"EntryPoint\",\"urlTemplate\":\"https:\/\/www.tecdmx.org.mx\/?s={search_term_string}\"},\"query-input\":\"required name=search_term_string\"}],\"inLanguage\":\"es\"},{\"@type\":\"Person\",\"@id\":\"https:\/\/www.tecdmx.org.mx\/#\/schema\/person\/208c898199fb3234203823c5f0cf31d6\",\"name\":\"Difusion2025\",\"image\":{\"@type\":\"ImageObject\",\"inLanguage\":\"es\",\"@id\":\"https:\/\/www.tecdmx.org.mx\/#\/schema\/person\/image\/\",\"url\":\"https:\/\/secure.gravatar.com\/avatar\/6f7a4ba3acb418040e90a2eb99b5df28?s=96&d=mm&r=g\",\"contentUrl\":\"https:\/\/secure.gravatar.com\/avatar\/6f7a4ba3acb418040e90a2eb99b5df28?s=96&d=mm&r=g\",\"caption\":\"Difusion2025\"}}]}<\/script>\n<!-- \/ Yoast SEO plugin. -->","yoast_head_json":{"title":"Foro: \u201cParticipaci\u00f3n y Representaci\u00f3n Pol\u00edtica de las Mujeres de los Pueblos, Barrios Originarios y Comunidades Ind\u00edgenas de la CDMX - Tribunal Electoral de la Ciudad de M\u00e9xico","robots":{"index":"index","follow":"follow","max-snippet":"max-snippet:-1","max-image-preview":"max-image-preview:large","max-video-preview":"max-video-preview:-1"},"canonical":"https:\/\/www.tecdmx.org.mx\/index.php\/sin-categoria\/2019\/10\/12\/foro-participacion-y-representacion-politica-de-las-mujeres-de-los-pueblos-barrios-originarios-y-comunidades-indigenas-de-la-cdmx\/","og_locale":"es_ES","og_type":"article","og_title":"Foro: \u201cParticipaci\u00f3n y Representaci\u00f3n Pol\u00edtica de las Mujeres de los Pueblos, Barrios Originarios y Comunidades Ind\u00edgenas de la CDMX - Tribunal Electoral de la Ciudad de M\u00e9xico","og_description":"La Magistrada Martha Leticia Mercado Ram\u00edrez y la Defensora P\u00fablica de Participaci\u00f3n Ciudadana y de Procesos Democr\u00e1ticos, Sandra Araceli Vivanco Morales, participaron en el foro \u201cParticipaci\u00f3n y Representaci\u00f3n Pol\u00edtica de [&hellip;]","og_url":"https:\/\/www.tecdmx.org.mx\/index.php\/sin-categoria\/2019\/10\/12\/foro-participacion-y-representacion-politica-de-las-mujeres-de-los-pueblos-barrios-originarios-y-comunidades-indigenas-de-la-cdmx\/","og_site_name":"Tribunal Electoral de la Ciudad de M\u00e9xico","article_publisher":"https:\/\/www.facebook.com\/TECDMX\/","article_published_time":"2019-10-12T16:42:27+00:00","article_modified_time":"2019-11-11T04:47:24+00:00","og_image":[{"url":"http:\/\/www2.tecdmx.org.mx\/wp-content\/uploads\/2019\/11\/Foro-Participaci\u00f3n-2-572x350.png"}],"author":"Difusion2025","twitter_card":"summary_large_image","twitter_creator":"@tecdmx","twitter_site":"@tecdmx","twitter_misc":{"Escrito por":"Difusion2025"},"schema":{"@context":"https:\/\/schema.org","@graph":[{"@type":"WebPage","@id":"https:\/\/www.tecdmx.org.mx\/index.php\/sin-categoria\/2019\/10\/12\/foro-participacion-y-representacion-politica-de-las-mujeres-de-los-pueblos-barrios-originarios-y-comunidades-indigenas-de-la-cdmx\/","url":"https:\/\/www.tecdmx.org.mx\/index.php\/sin-categoria\/2019\/10\/12\/foro-participacion-y-representacion-politica-de-las-mujeres-de-los-pueblos-barrios-originarios-y-comunidades-indigenas-de-la-cdmx\/","name":"Foro: \u201cParticipaci\u00f3n y Representaci\u00f3n Pol\u00edtica de las Mujeres de los Pueblos, Barrios Originarios y Comunidades Ind\u00edgenas de la CDMX - Tribunal Electoral de la Ciudad de M\u00e9xico","isPartOf":{"@id":"https:\/\/www.tecdmx.org.mx\/#website"},"datePublished":"2019-10-12T16:42:27+00:00","dateModified":"2019-11-11T04:47:24+00:00","author":{"@id":"https:\/\/www.tecdmx.org.mx\/#\/schema\/person\/208c898199fb3234203823c5f0cf31d6"},"breadcrumb":{"@id":"https:\/\/www.tecdmx.org.mx\/index.php\/sin-categoria\/2019\/10\/12\/foro-participacion-y-representacion-politica-de-las-mujeres-de-los-pueblos-barrios-originarios-y-comunidades-indigenas-de-la-cdmx\/#breadcrumb"},"inLanguage":"es","potentialAction":[{"@type":"ReadAction","target":["https:\/\/www.tecdmx.org.mx\/index.php\/sin-categoria\/2019\/10\/12\/foro-participacion-y-representacion-politica-de-las-mujeres-de-los-pueblos-barrios-originarios-y-comunidades-indigenas-de-la-cdmx\/"]}]},{"@type":"BreadcrumbList","@id":"https:\/\/www.tecdmx.org.mx\/index.php\/sin-categoria\/2019\/10\/12\/foro-participacion-y-representacion-politica-de-las-mujeres-de-los-pueblos-barrios-originarios-y-comunidades-indigenas-de-la-cdmx\/#breadcrumb","itemListElement":[{"@type":"ListItem","position":1,"name":"Portada","item":"https:\/\/www.tecdmx.org.mx\/"},{"@type":"ListItem","position":2,"name":"Foro: \u201cParticipaci\u00f3n y Representaci\u00f3n Pol\u00edtica de las Mujeres de los Pueblos, Barrios Originarios y Comunidades Ind\u00edgenas de la CDMX"}]},{"@type":"WebSite","@id":"https:\/\/www.tecdmx.org.mx\/#website","url":"https:\/\/www.tecdmx.org.mx\/","name":"Tribunal Electoral de la Ciudad de M\u00e9xico","description":"25 a\u00f1os garantizando justicia en tu elecci\u00f3n","potentialAction":[{"@type":"SearchAction","target":{"@type":"EntryPoint","urlTemplate":"https:\/\/www.tecdmx.org.mx\/?s={search_term_string}"},"query-input":"required name=search_term_string"}],"inLanguage":"es"},{"@type":"Person","@id":"https:\/\/www.tecdmx.org.mx\/#\/schema\/person\/208c898199fb3234203823c5f0cf31d6","name":"Difusion2025","image":{"@type":"ImageObject","inLanguage":"es","@id":"https:\/\/www.tecdmx.org.mx\/#\/schema\/person\/image\/","url":"https:\/\/secure.gravatar.com\/avatar\/6f7a4ba3acb418040e90a2eb99b5df28?s=96&d=mm&r=g","contentUrl":"https:\/\/secure.gravatar.com\/avatar\/6f7a4ba3acb418040e90a2eb99b5df28?s=96&d=mm&r=g","caption":"Difusion2025"}}]}},"_links":{"self":[{"href":"https:\/\/www.tecdmx.org.mx\/index.php\/wp-json\/wp\/v2\/posts\/15095"}],"collection":[{"href":"https:\/\/www.tecdmx.org.mx\/index.php\/wp-json\/wp\/v2\/posts"}],"about":[{"href":"https:\/\/www.tecdmx.org.mx\/index.php\/wp-json\/wp\/v2\/types\/post"}],"author":[{"embeddable":true,"href":"https:\/\/www.tecdmx.org.mx\/index.php\/wp-json\/wp\/v2\/users\/13"}],"replies":[{"embeddable":true,"href":"https:\/\/www.tecdmx.org.mx\/index.php\/wp-json\/wp\/v2\/comments?post=15095"}],"version-history":[{"count":1,"href":"https:\/\/www.tecdmx.org.mx\/index.php\/wp-json\/wp\/v2\/posts\/15095\/revisions"}],"predecessor-version":[{"id":15100,"href":"https:\/\/www.tecdmx.org.mx\/index.php\/wp-json\/wp\/v2\/posts\/15095\/revisions\/15100"}],"wp:attachment":[{"href":"https:\/\/www.tecdmx.org.mx\/index.php\/wp-json\/wp\/v2\/media?parent=15095"}],"wp:term":[{"taxonomy":"category","embeddable":true,"href":"https:\/\/www.tecdmx.org.mx\/index.php\/wp-json\/wp\/v2\/categories?post=15095"},{"taxonomy":"post_tag","embeddable":true,"href":"https:\/\/www.tecdmx.org.mx\/index.php\/wp-json\/wp\/v2\/tags?post=15095"}],"curies":[{"name":"wp","href":"https:\/\/api.w.org\/{rel}","templated":true}]}}