{"id":15120,"date":"2019-10-16T16:59:53","date_gmt":"2019-10-16T16:59:53","guid":{"rendered":"http:\/\/www2.tecdmx.org.mx\/?p=15120"},"modified":"2019-11-11T05:01:35","modified_gmt":"2019-11-11T05:01:35","slug":"foro-regional-la-importancia-del-federalismo-en-la-justicia-electoral","status":"publish","type":"post","link":"https:\/\/www.tecdmx.org.mx\/index.php\/destacados\/2019\/10\/16\/foro-regional-la-importancia-del-federalismo-en-la-justicia-electoral\/","title":{"rendered":"Foro Regional: &#8220;La Importancia del Federalismo en la Justicia Electoral&#8221;"},"content":{"rendered":"\n<p>El Magistrado Presidente Gustavo Anzaldo Hern\u00e1ndez asisti\u00f3 al Foro Regional &#8220;La Importancia del Federalismo en la Justicia Electoral&#8221; organizado en Puebla por el Tribunal Electoral del Estado de Puebla, la Asociaci\u00f3n de Tribunales Electorales de la Rep\u00fablica Mexicana A.C., el Tribunal Electoral de Tlaxcala, el Tribunal Electoral del Estado de Morelos y el Tribunal Electoral del Estado de Hidalgo. <\/p>\n\n\n\n<ul class=\"wp-block-gallery aligncenter columns-1 wp-block-gallery-1 is-layout-flex wp-block-gallery-is-layout-flex\"><li class=\"blocks-gallery-item\"><figure><img loading=\"lazy\" decoding=\"async\" width=\"467\" height=\"350\" src=\"https:\/\/www.tecdmx.org.mx\/wp-content\/uploads\/2019\/11\/Foro-Federalismo-5-467x350.jpg\" alt=\"\" data-id=\"15121\" data-link=\"http:\/\/www2.tecdmx.org.mx\/?attachment_id=15121\" class=\"wp-image-15121\" srcset=\"https:\/\/www.tecdmx.org.mx\/wp-content\/uploads\/2019\/11\/Foro-Federalismo-5-333x250.jpg 333w, https:\/\/www.tecdmx.org.mx\/wp-content\/uploads\/2019\/11\/Foro-Federalismo-5-768x576.jpg 768w, https:\/\/www.tecdmx.org.mx\/wp-content\/uploads\/2019\/11\/Foro-Federalismo-5-467x350.jpg 467w, https:\/\/www.tecdmx.org.mx\/wp-content\/uploads\/2019\/11\/Foro-Federalismo-5.jpg 2048w\" sizes=\"(max-width: 467px) 100vw, 467px\" \/><\/figure><\/li><li class=\"blocks-gallery-item\"><figure><img loading=\"lazy\" decoding=\"async\" width=\"467\" height=\"350\" src=\"https:\/\/www.tecdmx.org.mx\/wp-content\/uploads\/2019\/11\/Foro-Federalismo-1-467x350.jpg\" alt=\"\" data-id=\"15122\" data-link=\"http:\/\/www2.tecdmx.org.mx\/?attachment_id=15122\" class=\"wp-image-15122\" srcset=\"https:\/\/www.tecdmx.org.mx\/wp-content\/uploads\/2019\/11\/Foro-Federalismo-1-333x250.jpg 333w, https:\/\/www.tecdmx.org.mx\/wp-content\/uploads\/2019\/11\/Foro-Federalismo-1-768x576.jpg 768w, https:\/\/www.tecdmx.org.mx\/wp-content\/uploads\/2019\/11\/Foro-Federalismo-1-467x350.jpg 467w, https:\/\/www.tecdmx.org.mx\/wp-content\/uploads\/2019\/11\/Foro-Federalismo-1.jpg 1280w\" sizes=\"(max-width: 467px) 100vw, 467px\" \/><\/figure><\/li><li class=\"blocks-gallery-item\"><figure><img loading=\"lazy\" decoding=\"async\" width=\"467\" height=\"350\" src=\"https:\/\/www.tecdmx.org.mx\/wp-content\/uploads\/2019\/11\/Foro-Federalismo-2-467x350.jpg\" alt=\"\" data-id=\"15123\" data-link=\"http:\/\/www2.tecdmx.org.mx\/?attachment_id=15123\" class=\"wp-image-15123\" srcset=\"https:\/\/www.tecdmx.org.mx\/wp-content\/uploads\/2019\/11\/Foro-Federalismo-2-333x250.jpg 333w, https:\/\/www.tecdmx.org.mx\/wp-content\/uploads\/2019\/11\/Foro-Federalismo-2-768x576.jpg 768w, https:\/\/www.tecdmx.org.mx\/wp-content\/uploads\/2019\/11\/Foro-Federalismo-2-467x350.jpg 467w, https:\/\/www.tecdmx.org.mx\/wp-content\/uploads\/2019\/11\/Foro-Federalismo-2.jpg 1280w\" sizes=\"(max-width: 467px) 100vw, 467px\" \/><\/figure><\/li><li class=\"blocks-gallery-item\"><figure><img loading=\"lazy\" decoding=\"async\" width=\"467\" height=\"350\" src=\"https:\/\/www.tecdmx.org.mx\/wp-content\/uploads\/2019\/11\/Foro-Federalismo-3-467x350.jpg\" alt=\"\" data-id=\"15124\" data-link=\"http:\/\/www2.tecdmx.org.mx\/?attachment_id=15124\" class=\"wp-image-15124\" srcset=\"https:\/\/www.tecdmx.org.mx\/wp-content\/uploads\/2019\/11\/Foro-Federalismo-3-333x250.jpg 333w, https:\/\/www.tecdmx.org.mx\/wp-content\/uploads\/2019\/11\/Foro-Federalismo-3-768x576.jpg 768w, https:\/\/www.tecdmx.org.mx\/wp-content\/uploads\/2019\/11\/Foro-Federalismo-3-467x350.jpg 467w, https:\/\/www.tecdmx.org.mx\/wp-content\/uploads\/2019\/11\/Foro-Federalismo-3.jpg 1024w\" sizes=\"(max-width: 467px) 100vw, 467px\" \/><\/figure><\/li><li class=\"blocks-gallery-item\"><figure><img loading=\"lazy\" decoding=\"async\" width=\"467\" height=\"350\" src=\"https:\/\/www.tecdmx.org.mx\/wp-content\/uploads\/2019\/11\/Foro-Federalismo-4-467x350.jpg\" alt=\"\" data-id=\"15125\" data-link=\"http:\/\/www2.tecdmx.org.mx\/?attachment_id=15125\" class=\"wp-image-15125\" srcset=\"https:\/\/www.tecdmx.org.mx\/wp-content\/uploads\/2019\/11\/Foro-Federalismo-4-333x250.jpg 333w, https:\/\/www.tecdmx.org.mx\/wp-content\/uploads\/2019\/11\/Foro-Federalismo-4-768x576.jpg 768w, https:\/\/www.tecdmx.org.mx\/wp-content\/uploads\/2019\/11\/Foro-Federalismo-4-467x350.jpg 467w, https:\/\/www.tecdmx.org.mx\/wp-content\/uploads\/2019\/11\/Foro-Federalismo-4.jpg 2048w\" sizes=\"(max-width: 467px) 100vw, 467px\" \/><\/figure><\/li><\/ul>\n","protected":false},"excerpt":{"rendered":"<p>El Magistrado Presidente Gustavo Anzaldo Hern\u00e1ndez asisti\u00f3 al Foro Regional &#8220;La Importancia del Federalismo en la Justicia Electoral&#8221; organizado en Puebla por el Tribunal Electoral del Estado de Puebla, la [&hellip;]<\/p>\n","protected":false},"author":13,"featured_media":0,"comment_status":"open","ping_status":"open","sticky":false,"template":"","format":"standard","meta":{"_acf_changed":false,"_exactmetrics_skip_tracking":false,"_exactmetrics_sitenote_active":false,"_exactmetrics_sitenote_note":"","_exactmetrics_sitenote_category":0,"footnotes":""},"categories":[47,40],"tags":[],"acf":[],"yoast_head":"<!-- This site is optimized with the Yoast SEO plugin v22.3 - https:\/\/yoast.com\/wordpress\/plugins\/seo\/ -->\n<title>Foro Regional: &quot;La Importancia del Federalismo en la Justicia Electoral&quot; - Tribunal Electoral de la Ciudad de M\u00e9xico<\/title>\n<meta name=\"robots\" content=\"index, follow, max-snippet:-1, max-image-preview:large, max-video-preview:-1\" \/>\n<link rel=\"canonical\" href=\"https:\/\/www.tecdmx.org.mx\/index.php\/destacados\/2019\/10\/16\/foro-regional-la-importancia-del-federalismo-en-la-justicia-electoral\/\" \/>\n<meta property=\"og:locale\" content=\"es_ES\" \/>\n<meta property=\"og:type\" content=\"article\" \/>\n<meta property=\"og:title\" content=\"Foro Regional: &quot;La Importancia del Federalismo en la Justicia Electoral&quot; - Tribunal Electoral de la Ciudad de M\u00e9xico\" \/>\n<meta property=\"og:description\" content=\"El Magistrado Presidente Gustavo Anzaldo Hern\u00e1ndez asisti\u00f3 al Foro Regional &#8220;La Importancia del Federalismo en la Justicia Electoral&#8221; organizado en Puebla por el Tribunal Electoral del Estado de Puebla, la [&hellip;]\" \/>\n<meta property=\"og:url\" content=\"https:\/\/www.tecdmx.org.mx\/index.php\/destacados\/2019\/10\/16\/foro-regional-la-importancia-del-federalismo-en-la-justicia-electoral\/\" \/>\n<meta property=\"og:site_name\" content=\"Tribunal Electoral de la Ciudad de M\u00e9xico\" \/>\n<meta property=\"article:publisher\" content=\"https:\/\/www.facebook.com\/TECDMX\/\" \/>\n<meta property=\"article:published_time\" content=\"2019-10-16T16:59:53+00:00\" \/>\n<meta property=\"article:modified_time\" content=\"2019-11-11T05:01:35+00:00\" \/>\n<meta property=\"og:image\" content=\"http:\/\/www2.tecdmx.org.mx\/wp-content\/uploads\/2019\/11\/Foro-Federalismo-5-467x350.jpg\" \/>\n<meta name=\"author\" content=\"Difusion2025\" \/>\n<meta name=\"twitter:card\" content=\"summary_large_image\" \/>\n<meta name=\"twitter:creator\" content=\"@tecdmx\" \/>\n<meta name=\"twitter:site\" content=\"@tecdmx\" \/>\n<meta name=\"twitter:label1\" content=\"Escrito por\" \/>\n\t<meta name=\"twitter:data1\" content=\"Difusion2025\" \/>\n<script type=\"application\/ld+json\" class=\"yoast-schema-graph\">{\"@context\":\"https:\/\/schema.org\",\"@graph\":[{\"@type\":\"WebPage\",\"@id\":\"https:\/\/www.tecdmx.org.mx\/index.php\/destacados\/2019\/10\/16\/foro-regional-la-importancia-del-federalismo-en-la-justicia-electoral\/\",\"url\":\"https:\/\/www.tecdmx.org.mx\/index.php\/destacados\/2019\/10\/16\/foro-regional-la-importancia-del-federalismo-en-la-justicia-electoral\/\",\"name\":\"Foro Regional: \\\"La Importancia del Federalismo en la Justicia Electoral\\\" - Tribunal Electoral de la Ciudad de M\u00e9xico\",\"isPartOf\":{\"@id\":\"https:\/\/www.tecdmx.org.mx\/#website\"},\"primaryImageOfPage\":{\"@id\":\"https:\/\/www.tecdmx.org.mx\/index.php\/destacados\/2019\/10\/16\/foro-regional-la-importancia-del-federalismo-en-la-justicia-electoral\/#primaryimage\"},\"image\":{\"@id\":\"https:\/\/www.tecdmx.org.mx\/index.php\/destacados\/2019\/10\/16\/foro-regional-la-importancia-del-federalismo-en-la-justicia-electoral\/#primaryimage\"},\"thumbnailUrl\":\"http:\/\/www2.tecdmx.org.mx\/wp-content\/uploads\/2019\/11\/Foro-Federalismo-5-467x350.jpg\",\"datePublished\":\"2019-10-16T16:59:53+00:00\",\"dateModified\":\"2019-11-11T05:01:35+00:00\",\"author\":{\"@id\":\"https:\/\/www.tecdmx.org.mx\/#\/schema\/person\/208c898199fb3234203823c5f0cf31d6\"},\"breadcrumb\":{\"@id\":\"https:\/\/www.tecdmx.org.mx\/index.php\/destacados\/2019\/10\/16\/foro-regional-la-importancia-del-federalismo-en-la-justicia-electoral\/#breadcrumb\"},\"inLanguage\":\"es\",\"potentialAction\":[{\"@type\":\"ReadAction\",\"target\":[\"https:\/\/www.tecdmx.org.mx\/index.php\/destacados\/2019\/10\/16\/foro-regional-la-importancia-del-federalismo-en-la-justicia-electoral\/\"]}]},{\"@type\":\"ImageObject\",\"inLanguage\":\"es\",\"@id\":\"https:\/\/www.tecdmx.org.mx\/index.php\/destacados\/2019\/10\/16\/foro-regional-la-importancia-del-federalismo-en-la-justicia-electoral\/#primaryimage\",\"url\":\"http:\/\/www2.tecdmx.org.mx\/wp-content\/uploads\/2019\/11\/Foro-Federalismo-5-467x350.jpg\",\"contentUrl\":\"http:\/\/www2.tecdmx.org.mx\/wp-content\/uploads\/2019\/11\/Foro-Federalismo-5-467x350.jpg\"},{\"@type\":\"BreadcrumbList\",\"@id\":\"https:\/\/www.tecdmx.org.mx\/index.php\/destacados\/2019\/10\/16\/foro-regional-la-importancia-del-federalismo-en-la-justicia-electoral\/#breadcrumb\",\"itemListElement\":[{\"@type\":\"ListItem\",\"position\":1,\"name\":\"Portada\",\"item\":\"https:\/\/www.tecdmx.org.mx\/\"},{\"@type\":\"ListItem\",\"position\":2,\"name\":\"Foro Regional: &#8220;La Importancia del Federalismo en la Justicia Electoral&#8221;\"}]},{\"@type\":\"WebSite\",\"@id\":\"https:\/\/www.tecdmx.org.mx\/#website\",\"url\":\"https:\/\/www.tecdmx.org.mx\/\",\"name\":\"Tribunal Electoral de la Ciudad de M\u00e9xico\",\"description\":\"25 a\u00f1os garantizando justicia en tu elecci\u00f3n\",\"potentialAction\":[{\"@type\":\"SearchAction\",\"target\":{\"@type\":\"EntryPoint\",\"urlTemplate\":\"https:\/\/www.tecdmx.org.mx\/?s={search_term_string}\"},\"query-input\":\"required name=search_term_string\"}],\"inLanguage\":\"es\"},{\"@type\":\"Person\",\"@id\":\"https:\/\/www.tecdmx.org.mx\/#\/schema\/person\/208c898199fb3234203823c5f0cf31d6\",\"name\":\"Difusion2025\",\"image\":{\"@type\":\"ImageObject\",\"inLanguage\":\"es\",\"@id\":\"https:\/\/www.tecdmx.org.mx\/#\/schema\/person\/image\/\",\"url\":\"https:\/\/secure.gravatar.com\/avatar\/6f7a4ba3acb418040e90a2eb99b5df28?s=96&d=mm&r=g\",\"contentUrl\":\"https:\/\/secure.gravatar.com\/avatar\/6f7a4ba3acb418040e90a2eb99b5df28?s=96&d=mm&r=g\",\"caption\":\"Difusion2025\"}}]}<\/script>\n<!-- \/ Yoast SEO plugin. -->","yoast_head_json":{"title":"Foro Regional: \"La Importancia del Federalismo en la Justicia Electoral\" - Tribunal Electoral de la Ciudad de M\u00e9xico","robots":{"index":"index","follow":"follow","max-snippet":"max-snippet:-1","max-image-preview":"max-image-preview:large","max-video-preview":"max-video-preview:-1"},"canonical":"https:\/\/www.tecdmx.org.mx\/index.php\/destacados\/2019\/10\/16\/foro-regional-la-importancia-del-federalismo-en-la-justicia-electoral\/","og_locale":"es_ES","og_type":"article","og_title":"Foro Regional: \"La Importancia del Federalismo en la Justicia Electoral\" - Tribunal Electoral de la Ciudad de M\u00e9xico","og_description":"El Magistrado Presidente Gustavo Anzaldo Hern\u00e1ndez asisti\u00f3 al Foro Regional &#8220;La Importancia del Federalismo en la Justicia Electoral&#8221; organizado en Puebla por el Tribunal Electoral del Estado de Puebla, la [&hellip;]","og_url":"https:\/\/www.tecdmx.org.mx\/index.php\/destacados\/2019\/10\/16\/foro-regional-la-importancia-del-federalismo-en-la-justicia-electoral\/","og_site_name":"Tribunal Electoral de la Ciudad de M\u00e9xico","article_publisher":"https:\/\/www.facebook.com\/TECDMX\/","article_published_time":"2019-10-16T16:59:53+00:00","article_modified_time":"2019-11-11T05:01:35+00:00","og_image":[{"url":"http:\/\/www2.tecdmx.org.mx\/wp-content\/uploads\/2019\/11\/Foro-Federalismo-5-467x350.jpg"}],"author":"Difusion2025","twitter_card":"summary_large_image","twitter_creator":"@tecdmx","twitter_site":"@tecdmx","twitter_misc":{"Escrito por":"Difusion2025"},"schema":{"@context":"https:\/\/schema.org","@graph":[{"@type":"WebPage","@id":"https:\/\/www.tecdmx.org.mx\/index.php\/destacados\/2019\/10\/16\/foro-regional-la-importancia-del-federalismo-en-la-justicia-electoral\/","url":"https:\/\/www.tecdmx.org.mx\/index.php\/destacados\/2019\/10\/16\/foro-regional-la-importancia-del-federalismo-en-la-justicia-electoral\/","name":"Foro Regional: \"La Importancia del Federalismo en la Justicia Electoral\" - Tribunal Electoral de la Ciudad de M\u00e9xico","isPartOf":{"@id":"https:\/\/www.tecdmx.org.mx\/#website"},"primaryImageOfPage":{"@id":"https:\/\/www.tecdmx.org.mx\/index.php\/destacados\/2019\/10\/16\/foro-regional-la-importancia-del-federalismo-en-la-justicia-electoral\/#primaryimage"},"image":{"@id":"https:\/\/www.tecdmx.org.mx\/index.php\/destacados\/2019\/10\/16\/foro-regional-la-importancia-del-federalismo-en-la-justicia-electoral\/#primaryimage"},"thumbnailUrl":"http:\/\/www2.tecdmx.org.mx\/wp-content\/uploads\/2019\/11\/Foro-Federalismo-5-467x350.jpg","datePublished":"2019-10-16T16:59:53+00:00","dateModified":"2019-11-11T05:01:35+00:00","author":{"@id":"https:\/\/www.tecdmx.org.mx\/#\/schema\/person\/208c898199fb3234203823c5f0cf31d6"},"breadcrumb":{"@id":"https:\/\/www.tecdmx.org.mx\/index.php\/destacados\/2019\/10\/16\/foro-regional-la-importancia-del-federalismo-en-la-justicia-electoral\/#breadcrumb"},"inLanguage":"es","potentialAction":[{"@type":"ReadAction","target":["https:\/\/www.tecdmx.org.mx\/index.php\/destacados\/2019\/10\/16\/foro-regional-la-importancia-del-federalismo-en-la-justicia-electoral\/"]}]},{"@type":"ImageObject","inLanguage":"es","@id":"https:\/\/www.tecdmx.org.mx\/index.php\/destacados\/2019\/10\/16\/foro-regional-la-importancia-del-federalismo-en-la-justicia-electoral\/#primaryimage","url":"http:\/\/www2.tecdmx.org.mx\/wp-content\/uploads\/2019\/11\/Foro-Federalismo-5-467x350.jpg","contentUrl":"http:\/\/www2.tecdmx.org.mx\/wp-content\/uploads\/2019\/11\/Foro-Federalismo-5-467x350.jpg"},{"@type":"BreadcrumbList","@id":"https:\/\/www.tecdmx.org.mx\/index.php\/destacados\/2019\/10\/16\/foro-regional-la-importancia-del-federalismo-en-la-justicia-electoral\/#breadcrumb","itemListElement":[{"@type":"ListItem","position":1,"name":"Portada","item":"https:\/\/www.tecdmx.org.mx\/"},{"@type":"ListItem","position":2,"name":"Foro Regional: &#8220;La Importancia del Federalismo en la Justicia Electoral&#8221;"}]},{"@type":"WebSite","@id":"https:\/\/www.tecdmx.org.mx\/#website","url":"https:\/\/www.tecdmx.org.mx\/","name":"Tribunal Electoral de la Ciudad de M\u00e9xico","description":"25 a\u00f1os garantizando justicia en tu elecci\u00f3n","potentialAction":[{"@type":"SearchAction","target":{"@type":"EntryPoint","urlTemplate":"https:\/\/www.tecdmx.org.mx\/?s={search_term_string}"},"query-input":"required name=search_term_string"}],"inLanguage":"es"},{"@type":"Person","@id":"https:\/\/www.tecdmx.org.mx\/#\/schema\/person\/208c898199fb3234203823c5f0cf31d6","name":"Difusion2025","image":{"@type":"ImageObject","inLanguage":"es","@id":"https:\/\/www.tecdmx.org.mx\/#\/schema\/person\/image\/","url":"https:\/\/secure.gravatar.com\/avatar\/6f7a4ba3acb418040e90a2eb99b5df28?s=96&d=mm&r=g","contentUrl":"https:\/\/secure.gravatar.com\/avatar\/6f7a4ba3acb418040e90a2eb99b5df28?s=96&d=mm&r=g","caption":"Difusion2025"}}]}},"_links":{"self":[{"href":"https:\/\/www.tecdmx.org.mx\/index.php\/wp-json\/wp\/v2\/posts\/15120"}],"collection":[{"href":"https:\/\/www.tecdmx.org.mx\/index.php\/wp-json\/wp\/v2\/posts"}],"about":[{"href":"https:\/\/www.tecdmx.org.mx\/index.php\/wp-json\/wp\/v2\/types\/post"}],"author":[{"embeddable":true,"href":"https:\/\/www.tecdmx.org.mx\/index.php\/wp-json\/wp\/v2\/users\/13"}],"replies":[{"embeddable":true,"href":"https:\/\/www.tecdmx.org.mx\/index.php\/wp-json\/wp\/v2\/comments?post=15120"}],"version-history":[{"count":1,"href":"https:\/\/www.tecdmx.org.mx\/index.php\/wp-json\/wp\/v2\/posts\/15120\/revisions"}],"predecessor-version":[{"id":15126,"href":"https:\/\/www.tecdmx.org.mx\/index.php\/wp-json\/wp\/v2\/posts\/15120\/revisions\/15126"}],"wp:attachment":[{"href":"https:\/\/www.tecdmx.org.mx\/index.php\/wp-json\/wp\/v2\/media?parent=15120"}],"wp:term":[{"taxonomy":"category","embeddable":true,"href":"https:\/\/www.tecdmx.org.mx\/index.php\/wp-json\/wp\/v2\/categories?post=15120"},{"taxonomy":"post_tag","embeddable":true,"href":"https:\/\/www.tecdmx.org.mx\/index.php\/wp-json\/wp\/v2\/tags?post=15120"}],"curies":[{"name":"wp","href":"https:\/\/api.w.org\/{rel}","templated":true}]}}