{"id":15158,"date":"2019-10-28T17:19:29","date_gmt":"2019-10-28T17:19:29","guid":{"rendered":"http:\/\/www2.tecdmx.org.mx\/?p=15158"},"modified":"2019-11-11T05:21:42","modified_gmt":"2019-11-11T05:21:42","slug":"integracion-del-magistrado-armando-ambriz-hernandez-al-pleno-del-tecdmx","status":"publish","type":"post","link":"https:\/\/www.tecdmx.org.mx\/index.php\/destacados\/2019\/10\/28\/integracion-del-magistrado-armando-ambriz-hernandez-al-pleno-del-tecdmx\/","title":{"rendered":"Integraci\u00f3n del Magistrado Armando Ambriz Hern\u00e1ndez al Pleno del TECDMX"},"content":{"rendered":"\n<p>Se integr\u00f3 al pleno del Tribunal Electoral de la Ciudad de M\u00e9xico el Magistrado Armando Ambriz Hern\u00e1ndez. El Magistrado Presidente Gustavo Anzaldo, las Magistradas M. Alejandra Ch\u00e1vez Camarena, Martha Leticia Mercado Ram\u00edrez, y el Magistrado Juan Carlos S\u00e1nchez Le\u00f3n le dieron la bienvenida al TECDMX. <\/p>\n\n\n\n<ul class=\"wp-block-gallery aligncenter columns-1 wp-block-gallery-1 is-layout-flex wp-block-gallery-is-layout-flex\"><li class=\"blocks-gallery-item\"><figure><img loading=\"lazy\" decoding=\"async\" width=\"521\" height=\"350\" src=\"https:\/\/www.tecdmx.org.mx\/wp-content\/uploads\/2019\/11\/Integraci\u00f3n-AAH-3-521x350.jpg\" alt=\"\" data-id=\"15159\" data-link=\"http:\/\/www2.tecdmx.org.mx\/?attachment_id=15159\" class=\"wp-image-15159\" srcset=\"https:\/\/www.tecdmx.org.mx\/wp-content\/uploads\/2019\/11\/Integraci\u00f3n-AAH-3-372x250.jpg 372w, https:\/\/www.tecdmx.org.mx\/wp-content\/uploads\/2019\/11\/Integraci\u00f3n-AAH-3-768x516.jpg 768w, https:\/\/www.tecdmx.org.mx\/wp-content\/uploads\/2019\/11\/Integraci\u00f3n-AAH-3-521x350.jpg 521w, https:\/\/www.tecdmx.org.mx\/wp-content\/uploads\/2019\/11\/Integraci\u00f3n-AAH-3.jpg 1024w\" sizes=\"(max-width: 521px) 100vw, 521px\" \/><\/figure><\/li><li class=\"blocks-gallery-item\"><figure><img loading=\"lazy\" decoding=\"async\" width=\"525\" height=\"350\" src=\"https:\/\/www.tecdmx.org.mx\/wp-content\/uploads\/2019\/11\/Integraci\u00f3n-AAH-1-525x350.jpg\" alt=\"\" data-id=\"15160\" data-link=\"http:\/\/www2.tecdmx.org.mx\/?attachment_id=15160\" class=\"wp-image-15160\" srcset=\"https:\/\/www.tecdmx.org.mx\/wp-content\/uploads\/2019\/11\/Integraci\u00f3n-AAH-1-375x250.jpg 375w, https:\/\/www.tecdmx.org.mx\/wp-content\/uploads\/2019\/11\/Integraci\u00f3n-AAH-1-768x512.jpg 768w, https:\/\/www.tecdmx.org.mx\/wp-content\/uploads\/2019\/11\/Integraci\u00f3n-AAH-1-525x350.jpg 525w, https:\/\/www.tecdmx.org.mx\/wp-content\/uploads\/2019\/11\/Integraci\u00f3n-AAH-1.jpg 1024w\" sizes=\"(max-width: 525px) 100vw, 525px\" \/><\/figure><\/li><li class=\"blocks-gallery-item\"><figure><img loading=\"lazy\" decoding=\"async\" width=\"588\" height=\"350\" src=\"https:\/\/www.tecdmx.org.mx\/wp-content\/uploads\/2019\/11\/Integraci\u00f3n-AAH-2-588x350.jpg\" alt=\"\" data-id=\"15161\" data-link=\"http:\/\/www2.tecdmx.org.mx\/?attachment_id=15161\" class=\"wp-image-15161\" srcset=\"https:\/\/www.tecdmx.org.mx\/wp-content\/uploads\/2019\/11\/Integraci\u00f3n-AAH-2-420x250.jpg 420w, https:\/\/www.tecdmx.org.mx\/wp-content\/uploads\/2019\/11\/Integraci\u00f3n-AAH-2-768x458.jpg 768w, https:\/\/www.tecdmx.org.mx\/wp-content\/uploads\/2019\/11\/Integraci\u00f3n-AAH-2-588x350.jpg 588w, https:\/\/www.tecdmx.org.mx\/wp-content\/uploads\/2019\/11\/Integraci\u00f3n-AAH-2.jpg 1024w\" sizes=\"(max-width: 588px) 100vw, 588px\" \/><\/figure><\/li><\/ul>\n","protected":false},"excerpt":{"rendered":"<p>Se integr\u00f3 al pleno del Tribunal Electoral de la Ciudad de M\u00e9xico el Magistrado Armando Ambriz Hern\u00e1ndez. El Magistrado Presidente Gustavo Anzaldo, las Magistradas M. Alejandra Ch\u00e1vez Camarena, Martha Leticia [&hellip;]<\/p>\n","protected":false},"author":13,"featured_media":0,"comment_status":"open","ping_status":"open","sticky":false,"template":"","format":"standard","meta":{"_acf_changed":false,"_exactmetrics_skip_tracking":false,"_exactmetrics_sitenote_active":false,"_exactmetrics_sitenote_note":"","_exactmetrics_sitenote_category":0,"footnotes":""},"categories":[47,40],"tags":[],"acf":[],"yoast_head":"<!-- This site is optimized with the Yoast SEO plugin v22.3 - https:\/\/yoast.com\/wordpress\/plugins\/seo\/ -->\n<title>Integraci\u00f3n del Magistrado Armando Ambriz Hern\u00e1ndez al Pleno del TECDMX - Tribunal Electoral de la Ciudad de M\u00e9xico<\/title>\n<meta name=\"robots\" content=\"index, follow, max-snippet:-1, max-image-preview:large, max-video-preview:-1\" \/>\n<link rel=\"canonical\" href=\"https:\/\/www.tecdmx.org.mx\/index.php\/destacados\/2019\/10\/28\/integracion-del-magistrado-armando-ambriz-hernandez-al-pleno-del-tecdmx\/\" \/>\n<meta property=\"og:locale\" content=\"es_ES\" \/>\n<meta property=\"og:type\" content=\"article\" \/>\n<meta property=\"og:title\" content=\"Integraci\u00f3n del Magistrado Armando Ambriz Hern\u00e1ndez al Pleno del TECDMX - Tribunal Electoral de la Ciudad de M\u00e9xico\" \/>\n<meta property=\"og:description\" content=\"Se integr\u00f3 al pleno del Tribunal Electoral de la Ciudad de M\u00e9xico el Magistrado Armando Ambriz Hern\u00e1ndez. El Magistrado Presidente Gustavo Anzaldo, las Magistradas M. Alejandra Ch\u00e1vez Camarena, Martha Leticia [&hellip;]\" \/>\n<meta property=\"og:url\" content=\"https:\/\/www.tecdmx.org.mx\/index.php\/destacados\/2019\/10\/28\/integracion-del-magistrado-armando-ambriz-hernandez-al-pleno-del-tecdmx\/\" \/>\n<meta property=\"og:site_name\" content=\"Tribunal Electoral de la Ciudad de M\u00e9xico\" \/>\n<meta property=\"article:publisher\" content=\"https:\/\/www.facebook.com\/TECDMX\/\" \/>\n<meta property=\"article:published_time\" content=\"2019-10-28T17:19:29+00:00\" \/>\n<meta property=\"article:modified_time\" content=\"2019-11-11T05:21:42+00:00\" \/>\n<meta property=\"og:image\" content=\"http:\/\/www2.tecdmx.org.mx\/wp-content\/uploads\/2019\/11\/Integraci\u00f3n-AAH-3-521x350.jpg\" \/>\n<meta name=\"author\" content=\"Difusion2025\" \/>\n<meta name=\"twitter:card\" content=\"summary_large_image\" \/>\n<meta name=\"twitter:creator\" content=\"@tecdmx\" \/>\n<meta name=\"twitter:site\" content=\"@tecdmx\" \/>\n<meta name=\"twitter:label1\" content=\"Escrito por\" \/>\n\t<meta name=\"twitter:data1\" content=\"Difusion2025\" \/>\n<script type=\"application\/ld+json\" class=\"yoast-schema-graph\">{\"@context\":\"https:\/\/schema.org\",\"@graph\":[{\"@type\":\"WebPage\",\"@id\":\"https:\/\/www.tecdmx.org.mx\/index.php\/destacados\/2019\/10\/28\/integracion-del-magistrado-armando-ambriz-hernandez-al-pleno-del-tecdmx\/\",\"url\":\"https:\/\/www.tecdmx.org.mx\/index.php\/destacados\/2019\/10\/28\/integracion-del-magistrado-armando-ambriz-hernandez-al-pleno-del-tecdmx\/\",\"name\":\"Integraci\u00f3n del Magistrado Armando Ambriz Hern\u00e1ndez al Pleno del TECDMX - Tribunal Electoral de la Ciudad de M\u00e9xico\",\"isPartOf\":{\"@id\":\"https:\/\/www.tecdmx.org.mx\/#website\"},\"datePublished\":\"2019-10-28T17:19:29+00:00\",\"dateModified\":\"2019-11-11T05:21:42+00:00\",\"author\":{\"@id\":\"https:\/\/www.tecdmx.org.mx\/#\/schema\/person\/208c898199fb3234203823c5f0cf31d6\"},\"breadcrumb\":{\"@id\":\"https:\/\/www.tecdmx.org.mx\/index.php\/destacados\/2019\/10\/28\/integracion-del-magistrado-armando-ambriz-hernandez-al-pleno-del-tecdmx\/#breadcrumb\"},\"inLanguage\":\"es\",\"potentialAction\":[{\"@type\":\"ReadAction\",\"target\":[\"https:\/\/www.tecdmx.org.mx\/index.php\/destacados\/2019\/10\/28\/integracion-del-magistrado-armando-ambriz-hernandez-al-pleno-del-tecdmx\/\"]}]},{\"@type\":\"BreadcrumbList\",\"@id\":\"https:\/\/www.tecdmx.org.mx\/index.php\/destacados\/2019\/10\/28\/integracion-del-magistrado-armando-ambriz-hernandez-al-pleno-del-tecdmx\/#breadcrumb\",\"itemListElement\":[{\"@type\":\"ListItem\",\"position\":1,\"name\":\"Portada\",\"item\":\"https:\/\/www.tecdmx.org.mx\/\"},{\"@type\":\"ListItem\",\"position\":2,\"name\":\"Integraci\u00f3n del Magistrado Armando Ambriz Hern\u00e1ndez al Pleno del TECDMX\"}]},{\"@type\":\"WebSite\",\"@id\":\"https:\/\/www.tecdmx.org.mx\/#website\",\"url\":\"https:\/\/www.tecdmx.org.mx\/\",\"name\":\"Tribunal Electoral de la Ciudad de M\u00e9xico\",\"description\":\"25 a\u00f1os garantizando justicia en tu elecci\u00f3n\",\"potentialAction\":[{\"@type\":\"SearchAction\",\"target\":{\"@type\":\"EntryPoint\",\"urlTemplate\":\"https:\/\/www.tecdmx.org.mx\/?s={search_term_string}\"},\"query-input\":\"required name=search_term_string\"}],\"inLanguage\":\"es\"},{\"@type\":\"Person\",\"@id\":\"https:\/\/www.tecdmx.org.mx\/#\/schema\/person\/208c898199fb3234203823c5f0cf31d6\",\"name\":\"Difusion2025\",\"image\":{\"@type\":\"ImageObject\",\"inLanguage\":\"es\",\"@id\":\"https:\/\/www.tecdmx.org.mx\/#\/schema\/person\/image\/\",\"url\":\"https:\/\/secure.gravatar.com\/avatar\/6f7a4ba3acb418040e90a2eb99b5df28?s=96&d=mm&r=g\",\"contentUrl\":\"https:\/\/secure.gravatar.com\/avatar\/6f7a4ba3acb418040e90a2eb99b5df28?s=96&d=mm&r=g\",\"caption\":\"Difusion2025\"}}]}<\/script>\n<!-- \/ Yoast SEO plugin. -->","yoast_head_json":{"title":"Integraci\u00f3n del Magistrado Armando Ambriz Hern\u00e1ndez al Pleno del TECDMX - Tribunal Electoral de la Ciudad de M\u00e9xico","robots":{"index":"index","follow":"follow","max-snippet":"max-snippet:-1","max-image-preview":"max-image-preview:large","max-video-preview":"max-video-preview:-1"},"canonical":"https:\/\/www.tecdmx.org.mx\/index.php\/destacados\/2019\/10\/28\/integracion-del-magistrado-armando-ambriz-hernandez-al-pleno-del-tecdmx\/","og_locale":"es_ES","og_type":"article","og_title":"Integraci\u00f3n del Magistrado Armando Ambriz Hern\u00e1ndez al Pleno del TECDMX - Tribunal Electoral de la Ciudad de M\u00e9xico","og_description":"Se integr\u00f3 al pleno del Tribunal Electoral de la Ciudad de M\u00e9xico el Magistrado Armando Ambriz Hern\u00e1ndez. El Magistrado Presidente Gustavo Anzaldo, las Magistradas M. Alejandra Ch\u00e1vez Camarena, Martha Leticia [&hellip;]","og_url":"https:\/\/www.tecdmx.org.mx\/index.php\/destacados\/2019\/10\/28\/integracion-del-magistrado-armando-ambriz-hernandez-al-pleno-del-tecdmx\/","og_site_name":"Tribunal Electoral de la Ciudad de M\u00e9xico","article_publisher":"https:\/\/www.facebook.com\/TECDMX\/","article_published_time":"2019-10-28T17:19:29+00:00","article_modified_time":"2019-11-11T05:21:42+00:00","og_image":[{"url":"http:\/\/www2.tecdmx.org.mx\/wp-content\/uploads\/2019\/11\/Integraci\u00f3n-AAH-3-521x350.jpg"}],"author":"Difusion2025","twitter_card":"summary_large_image","twitter_creator":"@tecdmx","twitter_site":"@tecdmx","twitter_misc":{"Escrito por":"Difusion2025"},"schema":{"@context":"https:\/\/schema.org","@graph":[{"@type":"WebPage","@id":"https:\/\/www.tecdmx.org.mx\/index.php\/destacados\/2019\/10\/28\/integracion-del-magistrado-armando-ambriz-hernandez-al-pleno-del-tecdmx\/","url":"https:\/\/www.tecdmx.org.mx\/index.php\/destacados\/2019\/10\/28\/integracion-del-magistrado-armando-ambriz-hernandez-al-pleno-del-tecdmx\/","name":"Integraci\u00f3n del Magistrado Armando Ambriz Hern\u00e1ndez al Pleno del TECDMX - Tribunal Electoral de la Ciudad de M\u00e9xico","isPartOf":{"@id":"https:\/\/www.tecdmx.org.mx\/#website"},"datePublished":"2019-10-28T17:19:29+00:00","dateModified":"2019-11-11T05:21:42+00:00","author":{"@id":"https:\/\/www.tecdmx.org.mx\/#\/schema\/person\/208c898199fb3234203823c5f0cf31d6"},"breadcrumb":{"@id":"https:\/\/www.tecdmx.org.mx\/index.php\/destacados\/2019\/10\/28\/integracion-del-magistrado-armando-ambriz-hernandez-al-pleno-del-tecdmx\/#breadcrumb"},"inLanguage":"es","potentialAction":[{"@type":"ReadAction","target":["https:\/\/www.tecdmx.org.mx\/index.php\/destacados\/2019\/10\/28\/integracion-del-magistrado-armando-ambriz-hernandez-al-pleno-del-tecdmx\/"]}]},{"@type":"BreadcrumbList","@id":"https:\/\/www.tecdmx.org.mx\/index.php\/destacados\/2019\/10\/28\/integracion-del-magistrado-armando-ambriz-hernandez-al-pleno-del-tecdmx\/#breadcrumb","itemListElement":[{"@type":"ListItem","position":1,"name":"Portada","item":"https:\/\/www.tecdmx.org.mx\/"},{"@type":"ListItem","position":2,"name":"Integraci\u00f3n del Magistrado Armando Ambriz Hern\u00e1ndez al Pleno del TECDMX"}]},{"@type":"WebSite","@id":"https:\/\/www.tecdmx.org.mx\/#website","url":"https:\/\/www.tecdmx.org.mx\/","name":"Tribunal Electoral de la Ciudad de M\u00e9xico","description":"25 a\u00f1os garantizando justicia en tu elecci\u00f3n","potentialAction":[{"@type":"SearchAction","target":{"@type":"EntryPoint","urlTemplate":"https:\/\/www.tecdmx.org.mx\/?s={search_term_string}"},"query-input":"required name=search_term_string"}],"inLanguage":"es"},{"@type":"Person","@id":"https:\/\/www.tecdmx.org.mx\/#\/schema\/person\/208c898199fb3234203823c5f0cf31d6","name":"Difusion2025","image":{"@type":"ImageObject","inLanguage":"es","@id":"https:\/\/www.tecdmx.org.mx\/#\/schema\/person\/image\/","url":"https:\/\/secure.gravatar.com\/avatar\/6f7a4ba3acb418040e90a2eb99b5df28?s=96&d=mm&r=g","contentUrl":"https:\/\/secure.gravatar.com\/avatar\/6f7a4ba3acb418040e90a2eb99b5df28?s=96&d=mm&r=g","caption":"Difusion2025"}}]}},"_links":{"self":[{"href":"https:\/\/www.tecdmx.org.mx\/index.php\/wp-json\/wp\/v2\/posts\/15158"}],"collection":[{"href":"https:\/\/www.tecdmx.org.mx\/index.php\/wp-json\/wp\/v2\/posts"}],"about":[{"href":"https:\/\/www.tecdmx.org.mx\/index.php\/wp-json\/wp\/v2\/types\/post"}],"author":[{"embeddable":true,"href":"https:\/\/www.tecdmx.org.mx\/index.php\/wp-json\/wp\/v2\/users\/13"}],"replies":[{"embeddable":true,"href":"https:\/\/www.tecdmx.org.mx\/index.php\/wp-json\/wp\/v2\/comments?post=15158"}],"version-history":[{"count":1,"href":"https:\/\/www.tecdmx.org.mx\/index.php\/wp-json\/wp\/v2\/posts\/15158\/revisions"}],"predecessor-version":[{"id":15162,"href":"https:\/\/www.tecdmx.org.mx\/index.php\/wp-json\/wp\/v2\/posts\/15158\/revisions\/15162"}],"wp:attachment":[{"href":"https:\/\/www.tecdmx.org.mx\/index.php\/wp-json\/wp\/v2\/media?parent=15158"}],"wp:term":[{"taxonomy":"category","embeddable":true,"href":"https:\/\/www.tecdmx.org.mx\/index.php\/wp-json\/wp\/v2\/categories?post=15158"},{"taxonomy":"post_tag","embeddable":true,"href":"https:\/\/www.tecdmx.org.mx\/index.php\/wp-json\/wp\/v2\/tags?post=15158"}],"curies":[{"name":"wp","href":"https:\/\/api.w.org\/{rel}","templated":true}]}}