{"id":15432,"date":"2019-09-10T23:36:37","date_gmt":"2019-09-10T23:36:37","guid":{"rendered":"http:\/\/www2.tecdmx.org.mx\/?p=15432"},"modified":"2019-11-11T23:37:17","modified_gmt":"2019-11-11T23:37:17","slug":"aviso-sesion-publica-10-de-septiembre-2019","status":"publish","type":"post","link":"https:\/\/www.tecdmx.org.mx\/index.php\/avisos-publicos\/aviso-de-sesion\/2019\/09\/10\/aviso-sesion-publica-10-de-septiembre-2019\/","title":{"rendered":"AVISO SESIO\u0301N PU\u0301BLICA 10 DE SEPTIEMBRE 2019"},"content":{"rendered":"\n<p>EL PLENO DEL TRIBUNAL\nELECTORAL DE LA CIUDAD DE M\u00c9XICO CELEBRAR\u00c1 SESI\u00d3N P\u00daBLICA DE RESOLUCI\u00d3N EL D\u00cdA DIEZ\nDE SEPTIEMBRE DE DOS MIL DIECINUEVE A LAS CATORCE HORAS, EN EL SAL\u00d3N DESTINADO\nPARA TAL EFECTO, UBICADO EN EL TERCER PISO DE SU EDIFICIO SEDE, SITO EN LA\nCALLE MAGDALENA N\u00daMERO 21, COLONIA DEL VALLE, DEMARCACI\u00d3N TERRITORIAL BENITO\nJU\u00c1REZ, C\u00d3DIGO POSTAL 03100. LO ANTERIOR, CON FUNDAMENTO EN LOS ART\u00cdCULOS 2\nP\u00c1RRAFO TERCERO; 165 P\u00c1RRAFOS PRIMERO Y SEGUNDO, FRACCI\u00d3N V; 171, 178, 179\nFRACCIONES VII Y VIII; 180 FRACCI\u00d3N IV; 182 P\u00c1RRAFOS PRIMERO Y SEGUNDO, FRACCI\u00d3N\nII, Y \u00daLTIMO P\u00c1RRAFO; 184 FRACCI\u00d3N II, DEL C\u00d3DIGO DE INSTITUCIONES Y\nPROCEDIMIENTOS ELECTORALES DE LA CIUDAD DE M\u00c9XICO, RELACIONADOS CON LOS\nNUMERALES 85 P\u00c1RRAFO PRIMERO Y 86 P\u00c1RRAFO SEGUNDO, DE LA LEY PROCESAL ELECTORAL\nDE LA CIUDAD DE M\u00c9XICO, AS\u00cd COMO LOS DIVERSOS 7 Y 8 DEL REGLAMENTO INTERIOR DEL\nTRIBUNAL ELECTORAL DE LA CIUDAD DE M\u00c9XICO; CON EL OBJETO DE RESOLVER EL JUICIO\nELECTORAL QUE SE ENUNCIA EN EL CUADRO SIGUIENTE:<\/p>\n","protected":false},"excerpt":{"rendered":"<p>EL PLENO DEL TRIBUNAL ELECTORAL DE LA CIUDAD DE M\u00c9XICO CELEBRAR\u00c1 SESI\u00d3N P\u00daBLICA DE RESOLUCI\u00d3N EL D\u00cdA DIEZ DE SEPTIEMBRE DE DOS MIL DIECINUEVE A LAS CATORCE HORAS, EN EL [&hellip;]<\/p>\n","protected":false},"author":13,"featured_media":0,"comment_status":"open","ping_status":"open","sticky":false,"template":"","format":"standard","meta":{"_acf_changed":false,"_exactmetrics_skip_tracking":false,"_exactmetrics_sitenote_active":false,"_exactmetrics_sitenote_note":"","_exactmetrics_sitenote_category":0,"footnotes":""},"categories":[48,34],"tags":[],"acf":[],"yoast_head":"<!-- This site is optimized with the Yoast SEO plugin v22.3 - https:\/\/yoast.com\/wordpress\/plugins\/seo\/ -->\n<title>AVISO SESIO\u0301N PU\u0301BLICA 10 DE SEPTIEMBRE 2019 - Tribunal Electoral de la Ciudad de M\u00e9xico<\/title>\n<meta name=\"robots\" content=\"index, follow, max-snippet:-1, max-image-preview:large, max-video-preview:-1\" \/>\n<link rel=\"canonical\" href=\"https:\/\/www.tecdmx.org.mx\/index.php\/avisos-publicos\/aviso-de-sesion\/2019\/09\/10\/aviso-sesion-publica-10-de-septiembre-2019\/\" \/>\n<meta property=\"og:locale\" content=\"es_ES\" \/>\n<meta property=\"og:type\" content=\"article\" \/>\n<meta property=\"og:title\" content=\"AVISO SESIO\u0301N PU\u0301BLICA 10 DE SEPTIEMBRE 2019 - Tribunal Electoral de la Ciudad de M\u00e9xico\" \/>\n<meta property=\"og:description\" content=\"EL PLENO DEL TRIBUNAL ELECTORAL DE LA CIUDAD DE M\u00c9XICO CELEBRAR\u00c1 SESI\u00d3N P\u00daBLICA DE RESOLUCI\u00d3N EL D\u00cdA DIEZ DE SEPTIEMBRE DE DOS MIL DIECINUEVE A LAS CATORCE HORAS, EN EL [&hellip;]\" \/>\n<meta property=\"og:url\" content=\"https:\/\/www.tecdmx.org.mx\/index.php\/avisos-publicos\/aviso-de-sesion\/2019\/09\/10\/aviso-sesion-publica-10-de-septiembre-2019\/\" \/>\n<meta property=\"og:site_name\" content=\"Tribunal Electoral de la Ciudad de M\u00e9xico\" \/>\n<meta property=\"article:publisher\" content=\"https:\/\/www.facebook.com\/TECDMX\/\" \/>\n<meta property=\"article:published_time\" content=\"2019-09-10T23:36:37+00:00\" \/>\n<meta property=\"article:modified_time\" content=\"2019-11-11T23:37:17+00:00\" \/>\n<meta name=\"author\" content=\"Difusion2025\" \/>\n<meta name=\"twitter:card\" content=\"summary_large_image\" \/>\n<meta name=\"twitter:creator\" content=\"@tecdmx\" \/>\n<meta name=\"twitter:site\" content=\"@tecdmx\" \/>\n<meta name=\"twitter:label1\" content=\"Escrito por\" \/>\n\t<meta name=\"twitter:data1\" content=\"Difusion2025\" \/>\n\t<meta name=\"twitter:label2\" content=\"Tiempo de lectura\" \/>\n\t<meta name=\"twitter:data2\" content=\"1 minuto\" \/>\n<script type=\"application\/ld+json\" class=\"yoast-schema-graph\">{\"@context\":\"https:\/\/schema.org\",\"@graph\":[{\"@type\":\"WebPage\",\"@id\":\"https:\/\/www.tecdmx.org.mx\/index.php\/avisos-publicos\/aviso-de-sesion\/2019\/09\/10\/aviso-sesion-publica-10-de-septiembre-2019\/\",\"url\":\"https:\/\/www.tecdmx.org.mx\/index.php\/avisos-publicos\/aviso-de-sesion\/2019\/09\/10\/aviso-sesion-publica-10-de-septiembre-2019\/\",\"name\":\"AVISO SESIO\u0301N PU\u0301BLICA 10 DE SEPTIEMBRE 2019 - Tribunal Electoral de la Ciudad de M\u00e9xico\",\"isPartOf\":{\"@id\":\"https:\/\/www.tecdmx.org.mx\/#website\"},\"datePublished\":\"2019-09-10T23:36:37+00:00\",\"dateModified\":\"2019-11-11T23:37:17+00:00\",\"author\":{\"@id\":\"https:\/\/www.tecdmx.org.mx\/#\/schema\/person\/208c898199fb3234203823c5f0cf31d6\"},\"breadcrumb\":{\"@id\":\"https:\/\/www.tecdmx.org.mx\/index.php\/avisos-publicos\/aviso-de-sesion\/2019\/09\/10\/aviso-sesion-publica-10-de-septiembre-2019\/#breadcrumb\"},\"inLanguage\":\"es\",\"potentialAction\":[{\"@type\":\"ReadAction\",\"target\":[\"https:\/\/www.tecdmx.org.mx\/index.php\/avisos-publicos\/aviso-de-sesion\/2019\/09\/10\/aviso-sesion-publica-10-de-septiembre-2019\/\"]}]},{\"@type\":\"BreadcrumbList\",\"@id\":\"https:\/\/www.tecdmx.org.mx\/index.php\/avisos-publicos\/aviso-de-sesion\/2019\/09\/10\/aviso-sesion-publica-10-de-septiembre-2019\/#breadcrumb\",\"itemListElement\":[{\"@type\":\"ListItem\",\"position\":1,\"name\":\"Portada\",\"item\":\"https:\/\/www.tecdmx.org.mx\/\"},{\"@type\":\"ListItem\",\"position\":2,\"name\":\"AVISO SESIO\u0301N PU\u0301BLICA 10 DE SEPTIEMBRE 2019\"}]},{\"@type\":\"WebSite\",\"@id\":\"https:\/\/www.tecdmx.org.mx\/#website\",\"url\":\"https:\/\/www.tecdmx.org.mx\/\",\"name\":\"Tribunal Electoral de la Ciudad de M\u00e9xico\",\"description\":\"25 a\u00f1os garantizando justicia en tu elecci\u00f3n\",\"potentialAction\":[{\"@type\":\"SearchAction\",\"target\":{\"@type\":\"EntryPoint\",\"urlTemplate\":\"https:\/\/www.tecdmx.org.mx\/?s={search_term_string}\"},\"query-input\":\"required name=search_term_string\"}],\"inLanguage\":\"es\"},{\"@type\":\"Person\",\"@id\":\"https:\/\/www.tecdmx.org.mx\/#\/schema\/person\/208c898199fb3234203823c5f0cf31d6\",\"name\":\"Difusion2025\",\"image\":{\"@type\":\"ImageObject\",\"inLanguage\":\"es\",\"@id\":\"https:\/\/www.tecdmx.org.mx\/#\/schema\/person\/image\/\",\"url\":\"https:\/\/secure.gravatar.com\/avatar\/6f7a4ba3acb418040e90a2eb99b5df28?s=96&d=mm&r=g\",\"contentUrl\":\"https:\/\/secure.gravatar.com\/avatar\/6f7a4ba3acb418040e90a2eb99b5df28?s=96&d=mm&r=g\",\"caption\":\"Difusion2025\"}}]}<\/script>\n<!-- \/ Yoast SEO plugin. -->","yoast_head_json":{"title":"AVISO SESIO\u0301N PU\u0301BLICA 10 DE SEPTIEMBRE 2019 - Tribunal Electoral de la Ciudad de M\u00e9xico","robots":{"index":"index","follow":"follow","max-snippet":"max-snippet:-1","max-image-preview":"max-image-preview:large","max-video-preview":"max-video-preview:-1"},"canonical":"https:\/\/www.tecdmx.org.mx\/index.php\/avisos-publicos\/aviso-de-sesion\/2019\/09\/10\/aviso-sesion-publica-10-de-septiembre-2019\/","og_locale":"es_ES","og_type":"article","og_title":"AVISO SESIO\u0301N PU\u0301BLICA 10 DE SEPTIEMBRE 2019 - Tribunal Electoral de la Ciudad de M\u00e9xico","og_description":"EL PLENO DEL TRIBUNAL ELECTORAL DE LA CIUDAD DE M\u00c9XICO CELEBRAR\u00c1 SESI\u00d3N P\u00daBLICA DE RESOLUCI\u00d3N EL D\u00cdA DIEZ DE SEPTIEMBRE DE DOS MIL DIECINUEVE A LAS CATORCE HORAS, EN EL [&hellip;]","og_url":"https:\/\/www.tecdmx.org.mx\/index.php\/avisos-publicos\/aviso-de-sesion\/2019\/09\/10\/aviso-sesion-publica-10-de-septiembre-2019\/","og_site_name":"Tribunal Electoral de la Ciudad de M\u00e9xico","article_publisher":"https:\/\/www.facebook.com\/TECDMX\/","article_published_time":"2019-09-10T23:36:37+00:00","article_modified_time":"2019-11-11T23:37:17+00:00","author":"Difusion2025","twitter_card":"summary_large_image","twitter_creator":"@tecdmx","twitter_site":"@tecdmx","twitter_misc":{"Escrito por":"Difusion2025","Tiempo de lectura":"1 minuto"},"schema":{"@context":"https:\/\/schema.org","@graph":[{"@type":"WebPage","@id":"https:\/\/www.tecdmx.org.mx\/index.php\/avisos-publicos\/aviso-de-sesion\/2019\/09\/10\/aviso-sesion-publica-10-de-septiembre-2019\/","url":"https:\/\/www.tecdmx.org.mx\/index.php\/avisos-publicos\/aviso-de-sesion\/2019\/09\/10\/aviso-sesion-publica-10-de-septiembre-2019\/","name":"AVISO SESIO\u0301N PU\u0301BLICA 10 DE SEPTIEMBRE 2019 - Tribunal Electoral de la Ciudad de M\u00e9xico","isPartOf":{"@id":"https:\/\/www.tecdmx.org.mx\/#website"},"datePublished":"2019-09-10T23:36:37+00:00","dateModified":"2019-11-11T23:37:17+00:00","author":{"@id":"https:\/\/www.tecdmx.org.mx\/#\/schema\/person\/208c898199fb3234203823c5f0cf31d6"},"breadcrumb":{"@id":"https:\/\/www.tecdmx.org.mx\/index.php\/avisos-publicos\/aviso-de-sesion\/2019\/09\/10\/aviso-sesion-publica-10-de-septiembre-2019\/#breadcrumb"},"inLanguage":"es","potentialAction":[{"@type":"ReadAction","target":["https:\/\/www.tecdmx.org.mx\/index.php\/avisos-publicos\/aviso-de-sesion\/2019\/09\/10\/aviso-sesion-publica-10-de-septiembre-2019\/"]}]},{"@type":"BreadcrumbList","@id":"https:\/\/www.tecdmx.org.mx\/index.php\/avisos-publicos\/aviso-de-sesion\/2019\/09\/10\/aviso-sesion-publica-10-de-septiembre-2019\/#breadcrumb","itemListElement":[{"@type":"ListItem","position":1,"name":"Portada","item":"https:\/\/www.tecdmx.org.mx\/"},{"@type":"ListItem","position":2,"name":"AVISO SESIO\u0301N PU\u0301BLICA 10 DE SEPTIEMBRE 2019"}]},{"@type":"WebSite","@id":"https:\/\/www.tecdmx.org.mx\/#website","url":"https:\/\/www.tecdmx.org.mx\/","name":"Tribunal Electoral de la Ciudad de M\u00e9xico","description":"25 a\u00f1os garantizando justicia en tu elecci\u00f3n","potentialAction":[{"@type":"SearchAction","target":{"@type":"EntryPoint","urlTemplate":"https:\/\/www.tecdmx.org.mx\/?s={search_term_string}"},"query-input":"required name=search_term_string"}],"inLanguage":"es"},{"@type":"Person","@id":"https:\/\/www.tecdmx.org.mx\/#\/schema\/person\/208c898199fb3234203823c5f0cf31d6","name":"Difusion2025","image":{"@type":"ImageObject","inLanguage":"es","@id":"https:\/\/www.tecdmx.org.mx\/#\/schema\/person\/image\/","url":"https:\/\/secure.gravatar.com\/avatar\/6f7a4ba3acb418040e90a2eb99b5df28?s=96&d=mm&r=g","contentUrl":"https:\/\/secure.gravatar.com\/avatar\/6f7a4ba3acb418040e90a2eb99b5df28?s=96&d=mm&r=g","caption":"Difusion2025"}}]}},"_links":{"self":[{"href":"https:\/\/www.tecdmx.org.mx\/index.php\/wp-json\/wp\/v2\/posts\/15432"}],"collection":[{"href":"https:\/\/www.tecdmx.org.mx\/index.php\/wp-json\/wp\/v2\/posts"}],"about":[{"href":"https:\/\/www.tecdmx.org.mx\/index.php\/wp-json\/wp\/v2\/types\/post"}],"author":[{"embeddable":true,"href":"https:\/\/www.tecdmx.org.mx\/index.php\/wp-json\/wp\/v2\/users\/13"}],"replies":[{"embeddable":true,"href":"https:\/\/www.tecdmx.org.mx\/index.php\/wp-json\/wp\/v2\/comments?post=15432"}],"version-history":[{"count":2,"href":"https:\/\/www.tecdmx.org.mx\/index.php\/wp-json\/wp\/v2\/posts\/15432\/revisions"}],"predecessor-version":[{"id":15434,"href":"https:\/\/www.tecdmx.org.mx\/index.php\/wp-json\/wp\/v2\/posts\/15432\/revisions\/15434"}],"wp:attachment":[{"href":"https:\/\/www.tecdmx.org.mx\/index.php\/wp-json\/wp\/v2\/media?parent=15432"}],"wp:term":[{"taxonomy":"category","embeddable":true,"href":"https:\/\/www.tecdmx.org.mx\/index.php\/wp-json\/wp\/v2\/categories?post=15432"},{"taxonomy":"post_tag","embeddable":true,"href":"https:\/\/www.tecdmx.org.mx\/index.php\/wp-json\/wp\/v2\/tags?post=15432"}],"curies":[{"name":"wp","href":"https:\/\/api.w.org\/{rel}","templated":true}]}}