{"id":15435,"date":"2019-09-26T23:39:11","date_gmt":"2019-09-26T23:39:11","guid":{"rendered":"http:\/\/www2.tecdmx.org.mx\/?p=15435"},"modified":"2019-11-11T23:40:15","modified_gmt":"2019-11-11T23:40:15","slug":"aviso-sesion-publica-26-de-septiembre-2019","status":"publish","type":"post","link":"https:\/\/www.tecdmx.org.mx\/index.php\/avisos-publicos\/aviso-de-sesion\/2019\/09\/26\/aviso-sesion-publica-26-de-septiembre-2019\/","title":{"rendered":"AVISO SESIO\u0301N PU\u0301BLICA 26 DE SEPTIEMBRE 2019"},"content":{"rendered":"\n<p>EL PLENO DEL TRIBUNAL\nELECTORAL DE LA CIUDAD DE M\u00c9XICO CELEBRAR\u00c1 SESI\u00d3N P\u00daBLICA DE RESOLUCI\u00d3N EL D\u00cdA VEINTIS\u00c9IS\nDE SEPTIEMBRE DE DOS MIL DIECINUEVE A LAS DIEZ HORAS, EN EL SAL\u00d3N DESTINADO\nPARA TAL EFECTO, UBICADO EN EL TERCER PISO DE SU EDIFICIO SEDE, SITO EN LA\nCALLE MAGDALENA N\u00daMERO 21, COLONIA DEL VALLE, DEMARCACI\u00d3N TERRITORIAL BENITO\nJU\u00c1REZ, C\u00d3DIGO POSTAL 03100. LO ANTERIOR, CON FUNDAMENTO EN LOS ART\u00cdCULOS 2\nP\u00c1RRAFO TERCERO; 165 P\u00c1RRAFOS PRIMERO Y SEGUNDO, FRACCIONES II Y V; 171, 178,\n179 FRACCIONES IV Y VII; 180 FRACCI\u00d3N IV; 182 P\u00c1RRAFOS PRIMERO Y SEGUNDO,\nFRACCI\u00d3N II, Y \u00daLTIMO P\u00c1RRAFO; 184 FRACCI\u00d3N II, DEL C\u00d3DIGO DE INSTITUCIONES Y\nPROCEDIMIENTOS ELECTORALES DE LA CIUDAD DE M\u00c9XICO, RELACIONADOS CON LOS\nNUMERALES 85 P\u00c1RRAFO PRIMERO Y 86 P\u00c1RRAFO SEGUNDO, DE LA LEY PROCESAL ELECTORAL\nDE LA CIUDAD DE M\u00c9XICO, AS\u00cd COMO LOS DIVERSOS 7 Y 8 DEL REGLAMENTO INTERIOR DEL\nTRIBUNAL ELECTORAL DE LA CIUDAD DE M\u00c9XICO; CON EL OBJETO DE RESOLVER LOS\nJUICIOS PARA LA PROTECCI\u00d3N DE LOS DERECHOS POL\u00cdTICO-ELECTORALES DE LA\nCIUDADAN\u00cdA QUE SE ENUNCIAN EN EL CUADRO SIGUIENTE:<\/p>\n","protected":false},"excerpt":{"rendered":"<p>EL PLENO DEL TRIBUNAL ELECTORAL DE LA CIUDAD DE M\u00c9XICO CELEBRAR\u00c1 SESI\u00d3N P\u00daBLICA DE RESOLUCI\u00d3N EL D\u00cdA VEINTIS\u00c9IS DE SEPTIEMBRE DE DOS MIL DIECINUEVE A LAS DIEZ HORAS, EN EL [&hellip;]<\/p>\n","protected":false},"author":13,"featured_media":0,"comment_status":"open","ping_status":"open","sticky":false,"template":"","format":"standard","meta":{"_acf_changed":false,"_exactmetrics_skip_tracking":false,"_exactmetrics_sitenote_active":false,"_exactmetrics_sitenote_note":"","_exactmetrics_sitenote_category":0,"footnotes":""},"categories":[48,34],"tags":[],"acf":[],"yoast_head":"<!-- This site is optimized with the Yoast SEO plugin v22.3 - https:\/\/yoast.com\/wordpress\/plugins\/seo\/ -->\n<title>AVISO SESIO\u0301N PU\u0301BLICA 26 DE SEPTIEMBRE 2019 - Tribunal Electoral de la Ciudad de M\u00e9xico<\/title>\n<meta name=\"robots\" content=\"index, follow, max-snippet:-1, max-image-preview:large, max-video-preview:-1\" \/>\n<link rel=\"canonical\" href=\"https:\/\/www.tecdmx.org.mx\/index.php\/avisos-publicos\/aviso-de-sesion\/2019\/09\/26\/aviso-sesion-publica-26-de-septiembre-2019\/\" \/>\n<meta property=\"og:locale\" content=\"es_ES\" \/>\n<meta property=\"og:type\" content=\"article\" \/>\n<meta property=\"og:title\" content=\"AVISO SESIO\u0301N PU\u0301BLICA 26 DE SEPTIEMBRE 2019 - Tribunal Electoral de la Ciudad de M\u00e9xico\" \/>\n<meta property=\"og:description\" content=\"EL PLENO DEL TRIBUNAL ELECTORAL DE LA CIUDAD DE M\u00c9XICO CELEBRAR\u00c1 SESI\u00d3N P\u00daBLICA DE RESOLUCI\u00d3N EL D\u00cdA VEINTIS\u00c9IS DE SEPTIEMBRE DE DOS MIL DIECINUEVE A LAS DIEZ HORAS, EN EL [&hellip;]\" \/>\n<meta property=\"og:url\" content=\"https:\/\/www.tecdmx.org.mx\/index.php\/avisos-publicos\/aviso-de-sesion\/2019\/09\/26\/aviso-sesion-publica-26-de-septiembre-2019\/\" \/>\n<meta property=\"og:site_name\" content=\"Tribunal Electoral de la Ciudad de M\u00e9xico\" \/>\n<meta property=\"article:publisher\" content=\"https:\/\/www.facebook.com\/TECDMX\/\" \/>\n<meta property=\"article:published_time\" content=\"2019-09-26T23:39:11+00:00\" \/>\n<meta property=\"article:modified_time\" content=\"2019-11-11T23:40:15+00:00\" \/>\n<meta name=\"author\" content=\"Difusion2025\" \/>\n<meta name=\"twitter:card\" content=\"summary_large_image\" \/>\n<meta name=\"twitter:creator\" content=\"@tecdmx\" \/>\n<meta name=\"twitter:site\" content=\"@tecdmx\" \/>\n<meta name=\"twitter:label1\" content=\"Escrito por\" \/>\n\t<meta name=\"twitter:data1\" content=\"Difusion2025\" \/>\n\t<meta name=\"twitter:label2\" content=\"Tiempo de lectura\" \/>\n\t<meta name=\"twitter:data2\" content=\"1 minuto\" \/>\n<script type=\"application\/ld+json\" class=\"yoast-schema-graph\">{\"@context\":\"https:\/\/schema.org\",\"@graph\":[{\"@type\":\"WebPage\",\"@id\":\"https:\/\/www.tecdmx.org.mx\/index.php\/avisos-publicos\/aviso-de-sesion\/2019\/09\/26\/aviso-sesion-publica-26-de-septiembre-2019\/\",\"url\":\"https:\/\/www.tecdmx.org.mx\/index.php\/avisos-publicos\/aviso-de-sesion\/2019\/09\/26\/aviso-sesion-publica-26-de-septiembre-2019\/\",\"name\":\"AVISO SESIO\u0301N PU\u0301BLICA 26 DE SEPTIEMBRE 2019 - Tribunal Electoral de la Ciudad de M\u00e9xico\",\"isPartOf\":{\"@id\":\"https:\/\/www.tecdmx.org.mx\/#website\"},\"datePublished\":\"2019-09-26T23:39:11+00:00\",\"dateModified\":\"2019-11-11T23:40:15+00:00\",\"author\":{\"@id\":\"https:\/\/www.tecdmx.org.mx\/#\/schema\/person\/208c898199fb3234203823c5f0cf31d6\"},\"breadcrumb\":{\"@id\":\"https:\/\/www.tecdmx.org.mx\/index.php\/avisos-publicos\/aviso-de-sesion\/2019\/09\/26\/aviso-sesion-publica-26-de-septiembre-2019\/#breadcrumb\"},\"inLanguage\":\"es\",\"potentialAction\":[{\"@type\":\"ReadAction\",\"target\":[\"https:\/\/www.tecdmx.org.mx\/index.php\/avisos-publicos\/aviso-de-sesion\/2019\/09\/26\/aviso-sesion-publica-26-de-septiembre-2019\/\"]}]},{\"@type\":\"BreadcrumbList\",\"@id\":\"https:\/\/www.tecdmx.org.mx\/index.php\/avisos-publicos\/aviso-de-sesion\/2019\/09\/26\/aviso-sesion-publica-26-de-septiembre-2019\/#breadcrumb\",\"itemListElement\":[{\"@type\":\"ListItem\",\"position\":1,\"name\":\"Portada\",\"item\":\"https:\/\/www.tecdmx.org.mx\/\"},{\"@type\":\"ListItem\",\"position\":2,\"name\":\"AVISO SESIO\u0301N PU\u0301BLICA 26 DE SEPTIEMBRE 2019\"}]},{\"@type\":\"WebSite\",\"@id\":\"https:\/\/www.tecdmx.org.mx\/#website\",\"url\":\"https:\/\/www.tecdmx.org.mx\/\",\"name\":\"Tribunal Electoral de la Ciudad de M\u00e9xico\",\"description\":\"25 a\u00f1os garantizando justicia en tu elecci\u00f3n\",\"potentialAction\":[{\"@type\":\"SearchAction\",\"target\":{\"@type\":\"EntryPoint\",\"urlTemplate\":\"https:\/\/www.tecdmx.org.mx\/?s={search_term_string}\"},\"query-input\":\"required name=search_term_string\"}],\"inLanguage\":\"es\"},{\"@type\":\"Person\",\"@id\":\"https:\/\/www.tecdmx.org.mx\/#\/schema\/person\/208c898199fb3234203823c5f0cf31d6\",\"name\":\"Difusion2025\",\"image\":{\"@type\":\"ImageObject\",\"inLanguage\":\"es\",\"@id\":\"https:\/\/www.tecdmx.org.mx\/#\/schema\/person\/image\/\",\"url\":\"https:\/\/secure.gravatar.com\/avatar\/6f7a4ba3acb418040e90a2eb99b5df28?s=96&d=mm&r=g\",\"contentUrl\":\"https:\/\/secure.gravatar.com\/avatar\/6f7a4ba3acb418040e90a2eb99b5df28?s=96&d=mm&r=g\",\"caption\":\"Difusion2025\"}}]}<\/script>\n<!-- \/ Yoast SEO plugin. -->","yoast_head_json":{"title":"AVISO SESIO\u0301N PU\u0301BLICA 26 DE SEPTIEMBRE 2019 - Tribunal Electoral de la Ciudad de M\u00e9xico","robots":{"index":"index","follow":"follow","max-snippet":"max-snippet:-1","max-image-preview":"max-image-preview:large","max-video-preview":"max-video-preview:-1"},"canonical":"https:\/\/www.tecdmx.org.mx\/index.php\/avisos-publicos\/aviso-de-sesion\/2019\/09\/26\/aviso-sesion-publica-26-de-septiembre-2019\/","og_locale":"es_ES","og_type":"article","og_title":"AVISO SESIO\u0301N PU\u0301BLICA 26 DE SEPTIEMBRE 2019 - Tribunal Electoral de la Ciudad de M\u00e9xico","og_description":"EL PLENO DEL TRIBUNAL ELECTORAL DE LA CIUDAD DE M\u00c9XICO CELEBRAR\u00c1 SESI\u00d3N P\u00daBLICA DE RESOLUCI\u00d3N EL D\u00cdA VEINTIS\u00c9IS DE SEPTIEMBRE DE DOS MIL DIECINUEVE A LAS DIEZ HORAS, EN EL [&hellip;]","og_url":"https:\/\/www.tecdmx.org.mx\/index.php\/avisos-publicos\/aviso-de-sesion\/2019\/09\/26\/aviso-sesion-publica-26-de-septiembre-2019\/","og_site_name":"Tribunal Electoral de la Ciudad de M\u00e9xico","article_publisher":"https:\/\/www.facebook.com\/TECDMX\/","article_published_time":"2019-09-26T23:39:11+00:00","article_modified_time":"2019-11-11T23:40:15+00:00","author":"Difusion2025","twitter_card":"summary_large_image","twitter_creator":"@tecdmx","twitter_site":"@tecdmx","twitter_misc":{"Escrito por":"Difusion2025","Tiempo de lectura":"1 minuto"},"schema":{"@context":"https:\/\/schema.org","@graph":[{"@type":"WebPage","@id":"https:\/\/www.tecdmx.org.mx\/index.php\/avisos-publicos\/aviso-de-sesion\/2019\/09\/26\/aviso-sesion-publica-26-de-septiembre-2019\/","url":"https:\/\/www.tecdmx.org.mx\/index.php\/avisos-publicos\/aviso-de-sesion\/2019\/09\/26\/aviso-sesion-publica-26-de-septiembre-2019\/","name":"AVISO SESIO\u0301N PU\u0301BLICA 26 DE SEPTIEMBRE 2019 - Tribunal Electoral de la Ciudad de M\u00e9xico","isPartOf":{"@id":"https:\/\/www.tecdmx.org.mx\/#website"},"datePublished":"2019-09-26T23:39:11+00:00","dateModified":"2019-11-11T23:40:15+00:00","author":{"@id":"https:\/\/www.tecdmx.org.mx\/#\/schema\/person\/208c898199fb3234203823c5f0cf31d6"},"breadcrumb":{"@id":"https:\/\/www.tecdmx.org.mx\/index.php\/avisos-publicos\/aviso-de-sesion\/2019\/09\/26\/aviso-sesion-publica-26-de-septiembre-2019\/#breadcrumb"},"inLanguage":"es","potentialAction":[{"@type":"ReadAction","target":["https:\/\/www.tecdmx.org.mx\/index.php\/avisos-publicos\/aviso-de-sesion\/2019\/09\/26\/aviso-sesion-publica-26-de-septiembre-2019\/"]}]},{"@type":"BreadcrumbList","@id":"https:\/\/www.tecdmx.org.mx\/index.php\/avisos-publicos\/aviso-de-sesion\/2019\/09\/26\/aviso-sesion-publica-26-de-septiembre-2019\/#breadcrumb","itemListElement":[{"@type":"ListItem","position":1,"name":"Portada","item":"https:\/\/www.tecdmx.org.mx\/"},{"@type":"ListItem","position":2,"name":"AVISO SESIO\u0301N PU\u0301BLICA 26 DE SEPTIEMBRE 2019"}]},{"@type":"WebSite","@id":"https:\/\/www.tecdmx.org.mx\/#website","url":"https:\/\/www.tecdmx.org.mx\/","name":"Tribunal Electoral de la Ciudad de M\u00e9xico","description":"25 a\u00f1os garantizando justicia en tu elecci\u00f3n","potentialAction":[{"@type":"SearchAction","target":{"@type":"EntryPoint","urlTemplate":"https:\/\/www.tecdmx.org.mx\/?s={search_term_string}"},"query-input":"required name=search_term_string"}],"inLanguage":"es"},{"@type":"Person","@id":"https:\/\/www.tecdmx.org.mx\/#\/schema\/person\/208c898199fb3234203823c5f0cf31d6","name":"Difusion2025","image":{"@type":"ImageObject","inLanguage":"es","@id":"https:\/\/www.tecdmx.org.mx\/#\/schema\/person\/image\/","url":"https:\/\/secure.gravatar.com\/avatar\/6f7a4ba3acb418040e90a2eb99b5df28?s=96&d=mm&r=g","contentUrl":"https:\/\/secure.gravatar.com\/avatar\/6f7a4ba3acb418040e90a2eb99b5df28?s=96&d=mm&r=g","caption":"Difusion2025"}}]}},"_links":{"self":[{"href":"https:\/\/www.tecdmx.org.mx\/index.php\/wp-json\/wp\/v2\/posts\/15435"}],"collection":[{"href":"https:\/\/www.tecdmx.org.mx\/index.php\/wp-json\/wp\/v2\/posts"}],"about":[{"href":"https:\/\/www.tecdmx.org.mx\/index.php\/wp-json\/wp\/v2\/types\/post"}],"author":[{"embeddable":true,"href":"https:\/\/www.tecdmx.org.mx\/index.php\/wp-json\/wp\/v2\/users\/13"}],"replies":[{"embeddable":true,"href":"https:\/\/www.tecdmx.org.mx\/index.php\/wp-json\/wp\/v2\/comments?post=15435"}],"version-history":[{"count":4,"href":"https:\/\/www.tecdmx.org.mx\/index.php\/wp-json\/wp\/v2\/posts\/15435\/revisions"}],"predecessor-version":[{"id":15440,"href":"https:\/\/www.tecdmx.org.mx\/index.php\/wp-json\/wp\/v2\/posts\/15435\/revisions\/15440"}],"wp:attachment":[{"href":"https:\/\/www.tecdmx.org.mx\/index.php\/wp-json\/wp\/v2\/media?parent=15435"}],"wp:term":[{"taxonomy":"category","embeddable":true,"href":"https:\/\/www.tecdmx.org.mx\/index.php\/wp-json\/wp\/v2\/categories?post=15435"},{"taxonomy":"post_tag","embeddable":true,"href":"https:\/\/www.tecdmx.org.mx\/index.php\/wp-json\/wp\/v2\/tags?post=15435"}],"curies":[{"name":"wp","href":"https:\/\/api.w.org\/{rel}","templated":true}]}}