{"id":15562,"date":"2019-08-26T19:32:09","date_gmt":"2019-08-26T19:32:09","guid":{"rendered":"http:\/\/www2.tecdmx.org.mx\/?p=15562"},"modified":"2019-11-12T19:32:27","modified_gmt":"2019-11-12T19:32:27","slug":"debaten-expertos-sobre-el-rol-de-las-plataformas-digitales-y-redes-sociales-en-la-participacion-ciudadana-y-la-democracia","status":"publish","type":"post","link":"https:\/\/www.tecdmx.org.mx\/index.php\/comunicados\/2019\/08\/26\/debaten-expertos-sobre-el-rol-de-las-plataformas-digitales-y-redes-sociales-en-la-participacion-ciudadana-y-la-democracia\/","title":{"rendered":"Debaten expertos sobre el rol de las plataformas digitales y redes sociales en la participaci\u00f3n ciudadana y la democracia."},"content":{"rendered":"\n<p>\u2022 Participaron Hugo Rodr\u00edguez Nicolat, Lul\u00fa Barrera Campos, Jos\u00e9 Manuel Urquijo Ram\u00edrez y Claudia<br>\nCalvin Venero, as\u00ed como el Consejero Yuri Beltr\u00e1n Miranda como relator y Alejandra D\u00edaz de la Vega<br>\ncomo moderadora.<br>\n\u2022 El segundo di\u00e1logo democr\u00e1tico tuvo como sede las instalaciones del Tribunal Electoral de la Ciudad<br>\nde M\u00e9xico.<br>\n\u2022 La inauguraci\u00f3n y clausura fue realizada por el Magistrado Gustavo Anzaldo Hern\u00e1ndez y la Magistrada<br>\nMar\u00eda Silva Rojas, respectivamente.<br>\nEn las instalaciones del Tribunal Electoral de la Ciudad de M\u00e9xico continuaron los trabajos del Cuarto<br>\nCiclo de Di\u00e1logos Democr\u00e1ticos organizado por la Sala Regional Ciudad de M\u00e9xico del Tribunal<br>\nElectoral del Poder Judicial de la Federaci\u00f3n, as\u00ed como el Instituto Electoral y el Tribunal Electoral,<br>\nambos de la Ciudad de M\u00e9xico.<br>\nAl inaugurar el Segundo Di\u00e1logo Democr\u00e1tico, denominado \u201cRedes Sociales Digitales: su impacto en<br>\nla participaci\u00f3n y la ampliaci\u00f3n de derechos de la ciudadan\u00eda\u201d, el Magistrado Presidente del TECDMX,<br>\nGustavo Anzaldo Hern\u00e1ndez, afirm\u00f3 que el ejercicio de los derechos no se puede cuestionar y que es<br>\ndeber de las autoridades, de acuerdo con su \u00e1mbito de actuaci\u00f3n, garantizarlos, potenciarlos y<br>\ntutelarlos.<br>\nAl hacer un recuento sobre nuestro sistema democr\u00e1tico, Anzaldo Hern\u00e1ndez record\u00f3 que este se<br>\nfundamenta en la d\u00e9cada de los noventa y que, a pesar de diversos cambios sustantivos, la regulaci\u00f3n<br>\nelectoral no se ha podido adaptar del todo a las variaciones sociales.<br>\n\u201cHoy, adem\u00e1s de que las y los integrantes de la sociedad son diferentes a los que hab\u00eda a finales del<br>\nsiglo anterior, tambi\u00e9n han cambiado las formas de participaci\u00f3n y las expectativas en torno al<br>\nfen\u00f3meno pol\u00edtico-electoral\u201d, afirm\u00f3 el Magistrado Presidente del TECDMX.<br>\nPara concluir su intervenci\u00f3n, el Magistrado Anzaldo Hern\u00e1ndez reflexion\u00f3 sobre la forma en la que<br>\nha influido la diversificaci\u00f3n de los canales de comunicaci\u00f3n e interacci\u00f3n actuales en el ejercicio de<br>\nlas prerrogativas ciudadanas, afirmando que las redes sociales digitales han aportado de forma<br>\npositiva, en gran medida, aunque tambi\u00e9n se han utilizado para actos que no abonan al r\u00e9gimen<br>\ndemocr\u00e1tico y, en algunas ocasiones, afectan la convivencia social.<br>\nAl dar inicio a las reflexiones del di\u00e1logo, Alejandra D\u00edaz de la Vega, quien fungi\u00f3 como moderadora,<br>\npuso en contexto las condiciones en las que est\u00e1 M\u00e9xico en el uso de Internet, 71% por ciento de la<br>\npoblaci\u00f3n tiene acceso, con un tiempo de navegaci\u00f3n promedio de 8 horas y 20 minutos en redes<br>\nsociales, actividad predilecta de la ciudadan\u00eda al hacer uso de Internet.<br>\nAl reflexionar sobre c\u00f3mo se puede combatir la manipulaci\u00f3n masiva a trav\u00e9s de informaci\u00f3n dirigida<br>\ny fake news en plataformas socio-digitales, Hugo Rodr\u00edguez Nicolat, Director de Pol\u00edtica P\u00fablica de<br>\nTwitter en Am\u00e9rica Latina, consider\u00f3 que el desaf\u00edo est\u00e1 en mejorar la calidad de la informaci\u00f3n,<br>\ncuestionar lo que se consume y mejorar los procesos para su verificaci\u00f3n.<br>\nPor su parte, Lul\u00fa Barrera, Directora de Luchadoras, afirm\u00f3 que \u201cinternet es un espacio p\u00fablico y<br>\npol\u00edtico que debe examinarse de la misma manera que se hace con las relaciones de poder y<br>\ndesigualdades fuera del espacio digital\u201d.<br>\nRespecto de las acciones que pudieran llevar las plataformas digitales, el gobierno y la sociedad para<br>\nfomentar la participaci\u00f3n c\u00edvica digital, Barrera Campos afirm\u00f3 que se debe buscar una soluci\u00f3n<br>\necosist\u00e9mica, es decir, que involucre un trabajo entrelazado entre todas y todos los involucrados.<br>\nJos\u00e9 Manuel Urquijo Ram\u00edrez, miembro de la Red de J\u00f3venes Pol\u00edticos de las Am\u00e9ricas, consider\u00f3<br>\npreocupante que las herramientas de participaci\u00f3n ciudadana y rendici\u00f3n de cuentas no se utilicen,<br>\no se haga de forma inadecuada.<br>\n\u201cEs importante hablar de las herramientas digitales y nuevas tecnolog\u00edas como formas y canales para<br>\ngarantizar una participaci\u00f3n c\u00edvica enfocada a lo digital, pero tambi\u00e9n es importante fomentar la<br>\neducaci\u00f3n cr\u00edtica, para que las ni\u00f1as y ni\u00f1os puedan tener acceso a la informaci\u00f3n\u201d, resalt\u00f3 Urquijo<br>\nRam\u00edrez.<br>\nDurante su intervenci\u00f3n, la Dra. Claudia Calvin Venero consider\u00f3 que es muy importante entender<br>\nlos contextos y las intersecciones relacionadas con la educaci\u00f3n democr\u00e1tica y de cultura c\u00edvica, as\u00ed<br>\ncomo el desarrollo y fomento del pensamiento cr\u00edtico y pol\u00edtico de manera permanente.<br>\n\u201cEstamos abordando viejos problemas a trav\u00e9s de nuevas herramientas y nuevos espacios que, por<br>\nser virtuales, no dejan de ser reales\u201d, afirm\u00f3 Calvin Venero, considerando que esto implica un \u00e1mbito<br>\nde posibilidades que empodera a la ciudadana con relaci\u00f3n a la participaci\u00f3n pol\u00edtica.<br>\nPara concluir la mesa de di\u00e1logo, el Consejero del Instituto Electoral de la Ciudad de M\u00e9xico, Yuri<br>\nBeltr\u00e1n Miranda, quien realiz\u00f3 la relator\u00eda del evento, afirm\u00f3 que se tiene que buscar nivelar el piso<br>\npara que todos los grupos poblacionales tengan acceso a las plataformas digitales y las redes sociales.<br>\nPor su parte, la Magistrada de la Sala Regional Ciudad de M\u00e9xico y Coordinadora de este ciclo de<br>\ndi\u00e1logos, Mar\u00eda Silva Rojas, subray\u00f3 que el objetivo de los di\u00e1logos democr\u00e1ticos es reconocer cu\u00e1les<br>\nson los desaf\u00edos que enfrenta nuestra democracia y c\u00f3mo podemos fortalecerla desde los \u00f3rganos<br>\nadministrativos y jurisdiccionales electorales. Destac\u00f3 tambi\u00e9n que lo importante es dialogar no<br>\nsolamente en redes sociales; sino dialogar en nuestra vida cotidiana, entre todas y todos, para<br>\nconsolidar nuestra democracia.<br>\nFinalmente, la Magistrada Silva Rojas anunci\u00f3 que la tercera mesa del Cuarto Ciclo de Di\u00e1logos<br>\nDemocr\u00e1ticos se llevar\u00e1 a cabo en Puebla con el tema: \u201cMuerte al federalismo, nueva vida al<br>\nfederalismo. Desaf\u00edos frente a las presiones recentralizadoras\u201d, el pr\u00f3ximo lunes 23 de septiembre a<br>\nlas 12:00 horas en la Universidad Iberoamericana de dicha entidad.<br>\no-O-o <\/p>\n","protected":false},"excerpt":{"rendered":"<p>\u2022 Participaron Hugo Rodr\u00edguez Nicolat, Lul\u00fa Barrera Campos, Jos\u00e9 Manuel Urquijo Ram\u00edrez y Claudia Calvin Venero, as\u00ed como el Consejero Yuri Beltr\u00e1n Miranda como relator y Alejandra D\u00edaz de la [&hellip;]<\/p>\n","protected":false},"author":13,"featured_media":0,"comment_status":"open","ping_status":"open","sticky":false,"template":"","format":"standard","meta":{"_acf_changed":false,"_exactmetrics_skip_tracking":false,"_exactmetrics_sitenote_active":false,"_exactmetrics_sitenote_note":"","_exactmetrics_sitenote_category":0,"footnotes":""},"categories":[32],"tags":[],"acf":[],"yoast_head":"<!-- This site is optimized with the Yoast SEO plugin v22.3 - https:\/\/yoast.com\/wordpress\/plugins\/seo\/ -->\n<title>Debaten expertos sobre el rol de las plataformas digitales y redes sociales en la participaci\u00f3n ciudadana y la democracia. - Tribunal Electoral de la Ciudad de M\u00e9xico<\/title>\n<meta name=\"robots\" content=\"index, follow, max-snippet:-1, max-image-preview:large, max-video-preview:-1\" \/>\n<link rel=\"canonical\" href=\"https:\/\/www.tecdmx.org.mx\/index.php\/comunicados\/2019\/08\/26\/debaten-expertos-sobre-el-rol-de-las-plataformas-digitales-y-redes-sociales-en-la-participacion-ciudadana-y-la-democracia\/\" \/>\n<meta property=\"og:locale\" content=\"es_ES\" \/>\n<meta property=\"og:type\" content=\"article\" \/>\n<meta property=\"og:title\" content=\"Debaten expertos sobre el rol de las plataformas digitales y redes sociales en la participaci\u00f3n ciudadana y la democracia. - Tribunal Electoral de la Ciudad de M\u00e9xico\" \/>\n<meta property=\"og:description\" content=\"\u2022 Participaron Hugo Rodr\u00edguez Nicolat, Lul\u00fa Barrera Campos, Jos\u00e9 Manuel Urquijo Ram\u00edrez y Claudia Calvin Venero, as\u00ed como el Consejero Yuri Beltr\u00e1n Miranda como relator y Alejandra D\u00edaz de la [&hellip;]\" \/>\n<meta property=\"og:url\" content=\"https:\/\/www.tecdmx.org.mx\/index.php\/comunicados\/2019\/08\/26\/debaten-expertos-sobre-el-rol-de-las-plataformas-digitales-y-redes-sociales-en-la-participacion-ciudadana-y-la-democracia\/\" \/>\n<meta property=\"og:site_name\" content=\"Tribunal Electoral de la Ciudad de M\u00e9xico\" \/>\n<meta property=\"article:publisher\" content=\"https:\/\/www.facebook.com\/TECDMX\/\" \/>\n<meta property=\"article:published_time\" content=\"2019-08-26T19:32:09+00:00\" \/>\n<meta property=\"article:modified_time\" content=\"2019-11-12T19:32:27+00:00\" \/>\n<meta name=\"author\" content=\"Difusion2025\" \/>\n<meta name=\"twitter:card\" content=\"summary_large_image\" \/>\n<meta name=\"twitter:creator\" content=\"@tecdmx\" \/>\n<meta name=\"twitter:site\" content=\"@tecdmx\" \/>\n<meta name=\"twitter:label1\" content=\"Escrito por\" \/>\n\t<meta name=\"twitter:data1\" content=\"Difusion2025\" \/>\n\t<meta name=\"twitter:label2\" content=\"Tiempo de lectura\" \/>\n\t<meta name=\"twitter:data2\" content=\"5 minutos\" \/>\n<script type=\"application\/ld+json\" class=\"yoast-schema-graph\">{\"@context\":\"https:\/\/schema.org\",\"@graph\":[{\"@type\":\"WebPage\",\"@id\":\"https:\/\/www.tecdmx.org.mx\/index.php\/comunicados\/2019\/08\/26\/debaten-expertos-sobre-el-rol-de-las-plataformas-digitales-y-redes-sociales-en-la-participacion-ciudadana-y-la-democracia\/\",\"url\":\"https:\/\/www.tecdmx.org.mx\/index.php\/comunicados\/2019\/08\/26\/debaten-expertos-sobre-el-rol-de-las-plataformas-digitales-y-redes-sociales-en-la-participacion-ciudadana-y-la-democracia\/\",\"name\":\"Debaten expertos sobre el rol de las plataformas digitales y redes sociales en la participaci\u00f3n ciudadana y la democracia. - Tribunal Electoral de la Ciudad de M\u00e9xico\",\"isPartOf\":{\"@id\":\"https:\/\/www.tecdmx.org.mx\/#website\"},\"datePublished\":\"2019-08-26T19:32:09+00:00\",\"dateModified\":\"2019-11-12T19:32:27+00:00\",\"author\":{\"@id\":\"https:\/\/www.tecdmx.org.mx\/#\/schema\/person\/208c898199fb3234203823c5f0cf31d6\"},\"breadcrumb\":{\"@id\":\"https:\/\/www.tecdmx.org.mx\/index.php\/comunicados\/2019\/08\/26\/debaten-expertos-sobre-el-rol-de-las-plataformas-digitales-y-redes-sociales-en-la-participacion-ciudadana-y-la-democracia\/#breadcrumb\"},\"inLanguage\":\"es\",\"potentialAction\":[{\"@type\":\"ReadAction\",\"target\":[\"https:\/\/www.tecdmx.org.mx\/index.php\/comunicados\/2019\/08\/26\/debaten-expertos-sobre-el-rol-de-las-plataformas-digitales-y-redes-sociales-en-la-participacion-ciudadana-y-la-democracia\/\"]}]},{\"@type\":\"BreadcrumbList\",\"@id\":\"https:\/\/www.tecdmx.org.mx\/index.php\/comunicados\/2019\/08\/26\/debaten-expertos-sobre-el-rol-de-las-plataformas-digitales-y-redes-sociales-en-la-participacion-ciudadana-y-la-democracia\/#breadcrumb\",\"itemListElement\":[{\"@type\":\"ListItem\",\"position\":1,\"name\":\"Portada\",\"item\":\"https:\/\/www.tecdmx.org.mx\/\"},{\"@type\":\"ListItem\",\"position\":2,\"name\":\"Debaten expertos sobre el rol de las plataformas digitales y redes sociales en la participaci\u00f3n ciudadana y la democracia.\"}]},{\"@type\":\"WebSite\",\"@id\":\"https:\/\/www.tecdmx.org.mx\/#website\",\"url\":\"https:\/\/www.tecdmx.org.mx\/\",\"name\":\"Tribunal Electoral de la Ciudad de M\u00e9xico\",\"description\":\"25 a\u00f1os garantizando justicia en tu elecci\u00f3n\",\"potentialAction\":[{\"@type\":\"SearchAction\",\"target\":{\"@type\":\"EntryPoint\",\"urlTemplate\":\"https:\/\/www.tecdmx.org.mx\/?s={search_term_string}\"},\"query-input\":\"required name=search_term_string\"}],\"inLanguage\":\"es\"},{\"@type\":\"Person\",\"@id\":\"https:\/\/www.tecdmx.org.mx\/#\/schema\/person\/208c898199fb3234203823c5f0cf31d6\",\"name\":\"Difusion2025\",\"image\":{\"@type\":\"ImageObject\",\"inLanguage\":\"es\",\"@id\":\"https:\/\/www.tecdmx.org.mx\/#\/schema\/person\/image\/\",\"url\":\"https:\/\/secure.gravatar.com\/avatar\/6f7a4ba3acb418040e90a2eb99b5df28?s=96&d=mm&r=g\",\"contentUrl\":\"https:\/\/secure.gravatar.com\/avatar\/6f7a4ba3acb418040e90a2eb99b5df28?s=96&d=mm&r=g\",\"caption\":\"Difusion2025\"}}]}<\/script>\n<!-- \/ Yoast SEO plugin. -->","yoast_head_json":{"title":"Debaten expertos sobre el rol de las plataformas digitales y redes sociales en la participaci\u00f3n ciudadana y la democracia. - Tribunal Electoral de la Ciudad de M\u00e9xico","robots":{"index":"index","follow":"follow","max-snippet":"max-snippet:-1","max-image-preview":"max-image-preview:large","max-video-preview":"max-video-preview:-1"},"canonical":"https:\/\/www.tecdmx.org.mx\/index.php\/comunicados\/2019\/08\/26\/debaten-expertos-sobre-el-rol-de-las-plataformas-digitales-y-redes-sociales-en-la-participacion-ciudadana-y-la-democracia\/","og_locale":"es_ES","og_type":"article","og_title":"Debaten expertos sobre el rol de las plataformas digitales y redes sociales en la participaci\u00f3n ciudadana y la democracia. - Tribunal Electoral de la Ciudad de M\u00e9xico","og_description":"\u2022 Participaron Hugo Rodr\u00edguez Nicolat, Lul\u00fa Barrera Campos, Jos\u00e9 Manuel Urquijo Ram\u00edrez y Claudia Calvin Venero, as\u00ed como el Consejero Yuri Beltr\u00e1n Miranda como relator y Alejandra D\u00edaz de la [&hellip;]","og_url":"https:\/\/www.tecdmx.org.mx\/index.php\/comunicados\/2019\/08\/26\/debaten-expertos-sobre-el-rol-de-las-plataformas-digitales-y-redes-sociales-en-la-participacion-ciudadana-y-la-democracia\/","og_site_name":"Tribunal Electoral de la Ciudad de M\u00e9xico","article_publisher":"https:\/\/www.facebook.com\/TECDMX\/","article_published_time":"2019-08-26T19:32:09+00:00","article_modified_time":"2019-11-12T19:32:27+00:00","author":"Difusion2025","twitter_card":"summary_large_image","twitter_creator":"@tecdmx","twitter_site":"@tecdmx","twitter_misc":{"Escrito por":"Difusion2025","Tiempo de lectura":"5 minutos"},"schema":{"@context":"https:\/\/schema.org","@graph":[{"@type":"WebPage","@id":"https:\/\/www.tecdmx.org.mx\/index.php\/comunicados\/2019\/08\/26\/debaten-expertos-sobre-el-rol-de-las-plataformas-digitales-y-redes-sociales-en-la-participacion-ciudadana-y-la-democracia\/","url":"https:\/\/www.tecdmx.org.mx\/index.php\/comunicados\/2019\/08\/26\/debaten-expertos-sobre-el-rol-de-las-plataformas-digitales-y-redes-sociales-en-la-participacion-ciudadana-y-la-democracia\/","name":"Debaten expertos sobre el rol de las plataformas digitales y redes sociales en la participaci\u00f3n ciudadana y la democracia. - Tribunal Electoral de la Ciudad de M\u00e9xico","isPartOf":{"@id":"https:\/\/www.tecdmx.org.mx\/#website"},"datePublished":"2019-08-26T19:32:09+00:00","dateModified":"2019-11-12T19:32:27+00:00","author":{"@id":"https:\/\/www.tecdmx.org.mx\/#\/schema\/person\/208c898199fb3234203823c5f0cf31d6"},"breadcrumb":{"@id":"https:\/\/www.tecdmx.org.mx\/index.php\/comunicados\/2019\/08\/26\/debaten-expertos-sobre-el-rol-de-las-plataformas-digitales-y-redes-sociales-en-la-participacion-ciudadana-y-la-democracia\/#breadcrumb"},"inLanguage":"es","potentialAction":[{"@type":"ReadAction","target":["https:\/\/www.tecdmx.org.mx\/index.php\/comunicados\/2019\/08\/26\/debaten-expertos-sobre-el-rol-de-las-plataformas-digitales-y-redes-sociales-en-la-participacion-ciudadana-y-la-democracia\/"]}]},{"@type":"BreadcrumbList","@id":"https:\/\/www.tecdmx.org.mx\/index.php\/comunicados\/2019\/08\/26\/debaten-expertos-sobre-el-rol-de-las-plataformas-digitales-y-redes-sociales-en-la-participacion-ciudadana-y-la-democracia\/#breadcrumb","itemListElement":[{"@type":"ListItem","position":1,"name":"Portada","item":"https:\/\/www.tecdmx.org.mx\/"},{"@type":"ListItem","position":2,"name":"Debaten expertos sobre el rol de las plataformas digitales y redes sociales en la participaci\u00f3n ciudadana y la democracia."}]},{"@type":"WebSite","@id":"https:\/\/www.tecdmx.org.mx\/#website","url":"https:\/\/www.tecdmx.org.mx\/","name":"Tribunal Electoral de la Ciudad de M\u00e9xico","description":"25 a\u00f1os garantizando justicia en tu elecci\u00f3n","potentialAction":[{"@type":"SearchAction","target":{"@type":"EntryPoint","urlTemplate":"https:\/\/www.tecdmx.org.mx\/?s={search_term_string}"},"query-input":"required name=search_term_string"}],"inLanguage":"es"},{"@type":"Person","@id":"https:\/\/www.tecdmx.org.mx\/#\/schema\/person\/208c898199fb3234203823c5f0cf31d6","name":"Difusion2025","image":{"@type":"ImageObject","inLanguage":"es","@id":"https:\/\/www.tecdmx.org.mx\/#\/schema\/person\/image\/","url":"https:\/\/secure.gravatar.com\/avatar\/6f7a4ba3acb418040e90a2eb99b5df28?s=96&d=mm&r=g","contentUrl":"https:\/\/secure.gravatar.com\/avatar\/6f7a4ba3acb418040e90a2eb99b5df28?s=96&d=mm&r=g","caption":"Difusion2025"}}]}},"_links":{"self":[{"href":"https:\/\/www.tecdmx.org.mx\/index.php\/wp-json\/wp\/v2\/posts\/15562"}],"collection":[{"href":"https:\/\/www.tecdmx.org.mx\/index.php\/wp-json\/wp\/v2\/posts"}],"about":[{"href":"https:\/\/www.tecdmx.org.mx\/index.php\/wp-json\/wp\/v2\/types\/post"}],"author":[{"embeddable":true,"href":"https:\/\/www.tecdmx.org.mx\/index.php\/wp-json\/wp\/v2\/users\/13"}],"replies":[{"embeddable":true,"href":"https:\/\/www.tecdmx.org.mx\/index.php\/wp-json\/wp\/v2\/comments?post=15562"}],"version-history":[{"count":3,"href":"https:\/\/www.tecdmx.org.mx\/index.php\/wp-json\/wp\/v2\/posts\/15562\/revisions"}],"predecessor-version":[{"id":15566,"href":"https:\/\/www.tecdmx.org.mx\/index.php\/wp-json\/wp\/v2\/posts\/15562\/revisions\/15566"}],"wp:attachment":[{"href":"https:\/\/www.tecdmx.org.mx\/index.php\/wp-json\/wp\/v2\/media?parent=15562"}],"wp:term":[{"taxonomy":"category","embeddable":true,"href":"https:\/\/www.tecdmx.org.mx\/index.php\/wp-json\/wp\/v2\/categories?post=15562"},{"taxonomy":"post_tag","embeddable":true,"href":"https:\/\/www.tecdmx.org.mx\/index.php\/wp-json\/wp\/v2\/tags?post=15562"}],"curies":[{"name":"wp","href":"https:\/\/api.w.org\/{rel}","templated":true}]}}