{"id":15573,"date":"2019-09-02T19:35:13","date_gmt":"2019-09-02T19:35:13","guid":{"rendered":"http:\/\/www2.tecdmx.org.mx\/?p=15573"},"modified":"2019-11-12T19:35:22","modified_gmt":"2019-11-12T19:35:22","slug":"se-celebra-la-etapa-estatal-del-primer-concurso-de-oratoria-hablemos-de-democracia-igualdad-y-justicia","status":"publish","type":"post","link":"https:\/\/www.tecdmx.org.mx\/index.php\/comunicados\/2019\/09\/02\/se-celebra-la-etapa-estatal-del-primer-concurso-de-oratoria-hablemos-de-democracia-igualdad-y-justicia\/","title":{"rendered":"Se celebra la Etapa Estatal del Primer Concurso de Oratoria \u201cHablemos de Democracia, Igualdad y Justicia\u201d"},"content":{"rendered":"\n<p>\u2022 Esther Garc\u00eda Rodr\u00edguez y \u00c1ngel Mauricio Garc\u00eda Espinosa obtienen los primeros lugares y<br>\nparticipar\u00e1n en la Etapa Regional<br>\n\u2022 El Jurado estuvo compuesto por personas acad\u00e9micas e investigadoras de la UNAM y la UAM<br>\nEn las instalaciones del Tribunal Electoral de la Ciudad de M\u00e9xico (TECDMX) y con la presencia del<br>\nMagistrado Presidente Gustavo Anzaldo Hern\u00e1ndez, las Magistradas M. Alejandra Ch\u00e1vez Camarena<br>\ny Martha Leticia Mercado Ram\u00edrez, adem\u00e1s del Magistrado Armando Hern\u00e1ndez Cruz, se celebr\u00f3 la<br>\nEtapa Estatal del Primer Concurso de Oratoria \u201cHablemos de Democracia, Igualdad y Justicia\u201d, que<br>\norganizan el Tribunal Electoral del Poder Judicial de la Federaci\u00f3n y la Asociaci\u00f3n Nacional de<br>\nUniversidades e Instituciones de Educaci\u00f3n Superior (ANUIES) .<br>\nAl inaugurar el concurso, el Magistrado Presidente del TECDMX, Gustavo Anzaldo, indic\u00f3 que para<br>\neste \u00d3rgano Jurisdiccional es muy grato recibir en sus instalaciones este tipo de eventos que<br>\nfomentan en la ciudadan\u00eda la cultura democr\u00e1tica, a trav\u00e9s de la participaci\u00f3n de personas j\u00f3venes.<br>\n\u201cEn tiempos donde el di\u00e1logo se est\u00e1 erosionando y donde hay pocas posibilidades para el<br>\nintercambio de manera personal, siempre es emotivo ver que personas j\u00f3venes se hayan inscrito<br>\npara un concurso como el que nos convoca\u201d, afirm\u00f3 el Magistrado Presidente.<br>\nAl felicitar a las y los j\u00f3venes por su inter\u00e9s en este tipo de eventos, el Magistrado Presidente destac\u00f3<br>\nla importancia del poder de la palabra y conmin\u00f3 a las personas participantes a capacitarse y a seguir<br>\nprepar\u00e1ndose en el campo de la oratoria, la cual, dijo, requiere de claridad, concisi\u00f3n y elocuencia.<br>\nEn esta Etapa Estatal participaron 9 personas j\u00f3venes de entre 18 y 25 a\u00f1os, estudiantes de<br>\nlicenciaturas como derecho, historia, contadur\u00eda, econom\u00eda y medicina en universidades p\u00fablicas y<br>\nprivadas, quienes abordaron tem\u00e1ticas relacionadas con la democracia, igualdad, justicia, la<br>\nparticipaci\u00f3n y la paridad de g\u00e9nero.<br>\nAl concluir la ronda de participaciones, el Jurado Calificador, integrado por la doctora Sonia P\u00e9rez<br>\nToledo de la Universidad Aut\u00f3noma Metropolitana (UAM); el maestro Juan Alberto Garc\u00eda<br>\nRodr\u00edguez y el Maestro Arturo C\u00e1rdenas Ure\u00f1a, ambos de la UNAM, eligi\u00f3 a Esther Garc\u00eda Rodr\u00edguez<br>\ny \u00c1ngel Mauricio Garc\u00eda Espinosa, ambos estudiantes de Derecho en la UNAM, como los ganadores<br>\nde la Etapa Estatal de este concurso, quienes pasar\u00e1n a la Etapa Regional que se celebrar\u00e1 entre el<br>\n16 y el 20 de septiembre.<br>\nDe la etapa Regional se seleccionar\u00e1n a un hombre y una mujer para competir en la final a realizarse<br>\nel 17 de octubre en la Sala Superior del TEPJF.<br>\no-O-o<\/p>\n","protected":false},"excerpt":{"rendered":"<p>\u2022 Esther Garc\u00eda Rodr\u00edguez y \u00c1ngel Mauricio Garc\u00eda Espinosa obtienen los primeros lugares y participar\u00e1n en la Etapa Regional \u2022 El Jurado estuvo compuesto por personas acad\u00e9micas e investigadoras de [&hellip;]<\/p>\n","protected":false},"author":13,"featured_media":0,"comment_status":"open","ping_status":"open","sticky":false,"template":"","format":"standard","meta":{"_acf_changed":false,"_exactmetrics_skip_tracking":false,"_exactmetrics_sitenote_active":false,"_exactmetrics_sitenote_note":"","_exactmetrics_sitenote_category":0,"footnotes":""},"categories":[32],"tags":[],"acf":[],"yoast_head":"<!-- This site is optimized with the Yoast SEO plugin v22.3 - https:\/\/yoast.com\/wordpress\/plugins\/seo\/ -->\n<title>Se celebra la Etapa Estatal del Primer Concurso de Oratoria \u201cHablemos de Democracia, Igualdad y Justicia\u201d - Tribunal Electoral de la Ciudad de M\u00e9xico<\/title>\n<meta name=\"robots\" content=\"index, follow, max-snippet:-1, max-image-preview:large, max-video-preview:-1\" \/>\n<link rel=\"canonical\" href=\"https:\/\/www.tecdmx.org.mx\/index.php\/comunicados\/2019\/09\/02\/se-celebra-la-etapa-estatal-del-primer-concurso-de-oratoria-hablemos-de-democracia-igualdad-y-justicia\/\" \/>\n<meta property=\"og:locale\" content=\"es_ES\" \/>\n<meta property=\"og:type\" content=\"article\" \/>\n<meta property=\"og:title\" content=\"Se celebra la Etapa Estatal del Primer Concurso de Oratoria \u201cHablemos de Democracia, Igualdad y Justicia\u201d - Tribunal Electoral de la Ciudad de M\u00e9xico\" \/>\n<meta property=\"og:description\" content=\"\u2022 Esther Garc\u00eda Rodr\u00edguez y \u00c1ngel Mauricio Garc\u00eda Espinosa obtienen los primeros lugares y participar\u00e1n en la Etapa Regional \u2022 El Jurado estuvo compuesto por personas acad\u00e9micas e investigadoras de [&hellip;]\" \/>\n<meta property=\"og:url\" content=\"https:\/\/www.tecdmx.org.mx\/index.php\/comunicados\/2019\/09\/02\/se-celebra-la-etapa-estatal-del-primer-concurso-de-oratoria-hablemos-de-democracia-igualdad-y-justicia\/\" \/>\n<meta property=\"og:site_name\" content=\"Tribunal Electoral de la Ciudad de M\u00e9xico\" \/>\n<meta property=\"article:publisher\" content=\"https:\/\/www.facebook.com\/TECDMX\/\" \/>\n<meta property=\"article:published_time\" content=\"2019-09-02T19:35:13+00:00\" \/>\n<meta property=\"article:modified_time\" content=\"2019-11-12T19:35:22+00:00\" \/>\n<meta name=\"author\" content=\"Difusion2025\" \/>\n<meta name=\"twitter:card\" content=\"summary_large_image\" \/>\n<meta name=\"twitter:creator\" content=\"@tecdmx\" \/>\n<meta name=\"twitter:site\" content=\"@tecdmx\" \/>\n<meta name=\"twitter:label1\" content=\"Escrito por\" \/>\n\t<meta name=\"twitter:data1\" content=\"Difusion2025\" \/>\n\t<meta name=\"twitter:label2\" content=\"Tiempo de lectura\" \/>\n\t<meta name=\"twitter:data2\" content=\"2 minutos\" \/>\n<script type=\"application\/ld+json\" class=\"yoast-schema-graph\">{\"@context\":\"https:\/\/schema.org\",\"@graph\":[{\"@type\":\"WebPage\",\"@id\":\"https:\/\/www.tecdmx.org.mx\/index.php\/comunicados\/2019\/09\/02\/se-celebra-la-etapa-estatal-del-primer-concurso-de-oratoria-hablemos-de-democracia-igualdad-y-justicia\/\",\"url\":\"https:\/\/www.tecdmx.org.mx\/index.php\/comunicados\/2019\/09\/02\/se-celebra-la-etapa-estatal-del-primer-concurso-de-oratoria-hablemos-de-democracia-igualdad-y-justicia\/\",\"name\":\"Se celebra la Etapa Estatal del Primer Concurso de Oratoria \u201cHablemos de Democracia, Igualdad y Justicia\u201d - Tribunal Electoral de la Ciudad de M\u00e9xico\",\"isPartOf\":{\"@id\":\"https:\/\/www.tecdmx.org.mx\/#website\"},\"datePublished\":\"2019-09-02T19:35:13+00:00\",\"dateModified\":\"2019-11-12T19:35:22+00:00\",\"author\":{\"@id\":\"https:\/\/www.tecdmx.org.mx\/#\/schema\/person\/208c898199fb3234203823c5f0cf31d6\"},\"breadcrumb\":{\"@id\":\"https:\/\/www.tecdmx.org.mx\/index.php\/comunicados\/2019\/09\/02\/se-celebra-la-etapa-estatal-del-primer-concurso-de-oratoria-hablemos-de-democracia-igualdad-y-justicia\/#breadcrumb\"},\"inLanguage\":\"es\",\"potentialAction\":[{\"@type\":\"ReadAction\",\"target\":[\"https:\/\/www.tecdmx.org.mx\/index.php\/comunicados\/2019\/09\/02\/se-celebra-la-etapa-estatal-del-primer-concurso-de-oratoria-hablemos-de-democracia-igualdad-y-justicia\/\"]}]},{\"@type\":\"BreadcrumbList\",\"@id\":\"https:\/\/www.tecdmx.org.mx\/index.php\/comunicados\/2019\/09\/02\/se-celebra-la-etapa-estatal-del-primer-concurso-de-oratoria-hablemos-de-democracia-igualdad-y-justicia\/#breadcrumb\",\"itemListElement\":[{\"@type\":\"ListItem\",\"position\":1,\"name\":\"Portada\",\"item\":\"https:\/\/www.tecdmx.org.mx\/\"},{\"@type\":\"ListItem\",\"position\":2,\"name\":\"Se celebra la Etapa Estatal del Primer Concurso de Oratoria \u201cHablemos de Democracia, Igualdad y Justicia\u201d\"}]},{\"@type\":\"WebSite\",\"@id\":\"https:\/\/www.tecdmx.org.mx\/#website\",\"url\":\"https:\/\/www.tecdmx.org.mx\/\",\"name\":\"Tribunal Electoral de la Ciudad de M\u00e9xico\",\"description\":\"25 a\u00f1os garantizando justicia en tu elecci\u00f3n\",\"potentialAction\":[{\"@type\":\"SearchAction\",\"target\":{\"@type\":\"EntryPoint\",\"urlTemplate\":\"https:\/\/www.tecdmx.org.mx\/?s={search_term_string}\"},\"query-input\":\"required name=search_term_string\"}],\"inLanguage\":\"es\"},{\"@type\":\"Person\",\"@id\":\"https:\/\/www.tecdmx.org.mx\/#\/schema\/person\/208c898199fb3234203823c5f0cf31d6\",\"name\":\"Difusion2025\",\"image\":{\"@type\":\"ImageObject\",\"inLanguage\":\"es\",\"@id\":\"https:\/\/www.tecdmx.org.mx\/#\/schema\/person\/image\/\",\"url\":\"https:\/\/secure.gravatar.com\/avatar\/6f7a4ba3acb418040e90a2eb99b5df28?s=96&d=mm&r=g\",\"contentUrl\":\"https:\/\/secure.gravatar.com\/avatar\/6f7a4ba3acb418040e90a2eb99b5df28?s=96&d=mm&r=g\",\"caption\":\"Difusion2025\"}}]}<\/script>\n<!-- \/ Yoast SEO plugin. -->","yoast_head_json":{"title":"Se celebra la Etapa Estatal del Primer Concurso de Oratoria \u201cHablemos de Democracia, Igualdad y Justicia\u201d - Tribunal Electoral de la Ciudad de M\u00e9xico","robots":{"index":"index","follow":"follow","max-snippet":"max-snippet:-1","max-image-preview":"max-image-preview:large","max-video-preview":"max-video-preview:-1"},"canonical":"https:\/\/www.tecdmx.org.mx\/index.php\/comunicados\/2019\/09\/02\/se-celebra-la-etapa-estatal-del-primer-concurso-de-oratoria-hablemos-de-democracia-igualdad-y-justicia\/","og_locale":"es_ES","og_type":"article","og_title":"Se celebra la Etapa Estatal del Primer Concurso de Oratoria \u201cHablemos de Democracia, Igualdad y Justicia\u201d - Tribunal Electoral de la Ciudad de M\u00e9xico","og_description":"\u2022 Esther Garc\u00eda Rodr\u00edguez y \u00c1ngel Mauricio Garc\u00eda Espinosa obtienen los primeros lugares y participar\u00e1n en la Etapa Regional \u2022 El Jurado estuvo compuesto por personas acad\u00e9micas e investigadoras de [&hellip;]","og_url":"https:\/\/www.tecdmx.org.mx\/index.php\/comunicados\/2019\/09\/02\/se-celebra-la-etapa-estatal-del-primer-concurso-de-oratoria-hablemos-de-democracia-igualdad-y-justicia\/","og_site_name":"Tribunal Electoral de la Ciudad de M\u00e9xico","article_publisher":"https:\/\/www.facebook.com\/TECDMX\/","article_published_time":"2019-09-02T19:35:13+00:00","article_modified_time":"2019-11-12T19:35:22+00:00","author":"Difusion2025","twitter_card":"summary_large_image","twitter_creator":"@tecdmx","twitter_site":"@tecdmx","twitter_misc":{"Escrito por":"Difusion2025","Tiempo de lectura":"2 minutos"},"schema":{"@context":"https:\/\/schema.org","@graph":[{"@type":"WebPage","@id":"https:\/\/www.tecdmx.org.mx\/index.php\/comunicados\/2019\/09\/02\/se-celebra-la-etapa-estatal-del-primer-concurso-de-oratoria-hablemos-de-democracia-igualdad-y-justicia\/","url":"https:\/\/www.tecdmx.org.mx\/index.php\/comunicados\/2019\/09\/02\/se-celebra-la-etapa-estatal-del-primer-concurso-de-oratoria-hablemos-de-democracia-igualdad-y-justicia\/","name":"Se celebra la Etapa Estatal del Primer Concurso de Oratoria \u201cHablemos de Democracia, Igualdad y Justicia\u201d - Tribunal Electoral de la Ciudad de M\u00e9xico","isPartOf":{"@id":"https:\/\/www.tecdmx.org.mx\/#website"},"datePublished":"2019-09-02T19:35:13+00:00","dateModified":"2019-11-12T19:35:22+00:00","author":{"@id":"https:\/\/www.tecdmx.org.mx\/#\/schema\/person\/208c898199fb3234203823c5f0cf31d6"},"breadcrumb":{"@id":"https:\/\/www.tecdmx.org.mx\/index.php\/comunicados\/2019\/09\/02\/se-celebra-la-etapa-estatal-del-primer-concurso-de-oratoria-hablemos-de-democracia-igualdad-y-justicia\/#breadcrumb"},"inLanguage":"es","potentialAction":[{"@type":"ReadAction","target":["https:\/\/www.tecdmx.org.mx\/index.php\/comunicados\/2019\/09\/02\/se-celebra-la-etapa-estatal-del-primer-concurso-de-oratoria-hablemos-de-democracia-igualdad-y-justicia\/"]}]},{"@type":"BreadcrumbList","@id":"https:\/\/www.tecdmx.org.mx\/index.php\/comunicados\/2019\/09\/02\/se-celebra-la-etapa-estatal-del-primer-concurso-de-oratoria-hablemos-de-democracia-igualdad-y-justicia\/#breadcrumb","itemListElement":[{"@type":"ListItem","position":1,"name":"Portada","item":"https:\/\/www.tecdmx.org.mx\/"},{"@type":"ListItem","position":2,"name":"Se celebra la Etapa Estatal del Primer Concurso de Oratoria \u201cHablemos de Democracia, Igualdad y Justicia\u201d"}]},{"@type":"WebSite","@id":"https:\/\/www.tecdmx.org.mx\/#website","url":"https:\/\/www.tecdmx.org.mx\/","name":"Tribunal Electoral de la Ciudad de M\u00e9xico","description":"25 a\u00f1os garantizando justicia en tu elecci\u00f3n","potentialAction":[{"@type":"SearchAction","target":{"@type":"EntryPoint","urlTemplate":"https:\/\/www.tecdmx.org.mx\/?s={search_term_string}"},"query-input":"required name=search_term_string"}],"inLanguage":"es"},{"@type":"Person","@id":"https:\/\/www.tecdmx.org.mx\/#\/schema\/person\/208c898199fb3234203823c5f0cf31d6","name":"Difusion2025","image":{"@type":"ImageObject","inLanguage":"es","@id":"https:\/\/www.tecdmx.org.mx\/#\/schema\/person\/image\/","url":"https:\/\/secure.gravatar.com\/avatar\/6f7a4ba3acb418040e90a2eb99b5df28?s=96&d=mm&r=g","contentUrl":"https:\/\/secure.gravatar.com\/avatar\/6f7a4ba3acb418040e90a2eb99b5df28?s=96&d=mm&r=g","caption":"Difusion2025"}}]}},"_links":{"self":[{"href":"https:\/\/www.tecdmx.org.mx\/index.php\/wp-json\/wp\/v2\/posts\/15573"}],"collection":[{"href":"https:\/\/www.tecdmx.org.mx\/index.php\/wp-json\/wp\/v2\/posts"}],"about":[{"href":"https:\/\/www.tecdmx.org.mx\/index.php\/wp-json\/wp\/v2\/types\/post"}],"author":[{"embeddable":true,"href":"https:\/\/www.tecdmx.org.mx\/index.php\/wp-json\/wp\/v2\/users\/13"}],"replies":[{"embeddable":true,"href":"https:\/\/www.tecdmx.org.mx\/index.php\/wp-json\/wp\/v2\/comments?post=15573"}],"version-history":[{"count":3,"href":"https:\/\/www.tecdmx.org.mx\/index.php\/wp-json\/wp\/v2\/posts\/15573\/revisions"}],"predecessor-version":[{"id":15577,"href":"https:\/\/www.tecdmx.org.mx\/index.php\/wp-json\/wp\/v2\/posts\/15573\/revisions\/15577"}],"wp:attachment":[{"href":"https:\/\/www.tecdmx.org.mx\/index.php\/wp-json\/wp\/v2\/media?parent=15573"}],"wp:term":[{"taxonomy":"category","embeddable":true,"href":"https:\/\/www.tecdmx.org.mx\/index.php\/wp-json\/wp\/v2\/categories?post=15573"},{"taxonomy":"post_tag","embeddable":true,"href":"https:\/\/www.tecdmx.org.mx\/index.php\/wp-json\/wp\/v2\/tags?post=15573"}],"curies":[{"name":"wp","href":"https:\/\/api.w.org\/{rel}","templated":true}]}}