{"id":15584,"date":"2019-09-05T19:38:59","date_gmt":"2019-09-05T19:38:59","guid":{"rendered":"http:\/\/www2.tecdmx.org.mx\/?p=15584"},"modified":"2019-11-12T19:39:07","modified_gmt":"2019-11-12T19:39:07","slug":"resuelve-tecdmx-juicio-respecto-suspension-de-proceso-de-afiliacion-a-morena","status":"publish","type":"post","link":"https:\/\/www.tecdmx.org.mx\/index.php\/comunicados\/2019\/09\/05\/resuelve-tecdmx-juicio-respecto-suspension-de-proceso-de-afiliacion-a-morena\/","title":{"rendered":"Resuelve TECDMX juicio respecto suspensi\u00f3n de proceso de afiliaci\u00f3n a MORENA"},"content":{"rendered":"\n<p>En Sesi\u00f3n P\u00fablica, las Magistraturas integrantes del Pleno resolvieron un juicio para la protecci\u00f3n<br>\nde los derechos pol\u00edtico-electorales de la ciudadan\u00eda.<br>\nAl resolver el juicio TECDMX-JLDC-040\/2019, promovido por Jonathan Israel L\u00f3pez Granados quien<br>\ncontrovert\u00eda determinaci\u00f3n del Comit\u00e9 Ejecutivo Nacional de MORENA respecto la suspensi\u00f3n del<br>\nproceso de afiliaci\u00f3n a dicho instituto pol\u00edtico; el Pleno determin\u00f3 sobreseer el juicio de la<br>\nciudadan\u00eda al haber sido presentado de forma extempor\u00e1nea.<br>\nLo anterior, debido a que la parte actora tuvo conocimiento de dicha suspensi\u00f3n en agosto de 2018<br>\ny present\u00f3 la demanda hasta julio de 2019.<br>\no-O-o<\/p>\n\n\n\n<ul><li>Los criterios para las resoluciones de este Pleno son coincidentes.<\/li><\/ul>\n","protected":false},"excerpt":{"rendered":"<p>En Sesi\u00f3n P\u00fablica, las Magistraturas integrantes del Pleno resolvieron un juicio para la protecci\u00f3n de los derechos pol\u00edtico-electorales de la ciudadan\u00eda. Al resolver el juicio TECDMX-JLDC-040\/2019, promovido por Jonathan Israel [&hellip;]<\/p>\n","protected":false},"author":13,"featured_media":0,"comment_status":"open","ping_status":"open","sticky":false,"template":"","format":"standard","meta":{"_acf_changed":false,"_exactmetrics_skip_tracking":false,"_exactmetrics_sitenote_active":false,"_exactmetrics_sitenote_note":"","_exactmetrics_sitenote_category":0,"footnotes":""},"categories":[32],"tags":[],"acf":[],"yoast_head":"<!-- This site is optimized with the Yoast SEO plugin v22.3 - https:\/\/yoast.com\/wordpress\/plugins\/seo\/ -->\n<title>Resuelve TECDMX juicio respecto suspensi\u00f3n de proceso de afiliaci\u00f3n a MORENA - Tribunal Electoral de la Ciudad de M\u00e9xico<\/title>\n<meta name=\"robots\" content=\"index, follow, max-snippet:-1, max-image-preview:large, max-video-preview:-1\" \/>\n<link rel=\"canonical\" href=\"https:\/\/www.tecdmx.org.mx\/index.php\/comunicados\/2019\/09\/05\/resuelve-tecdmx-juicio-respecto-suspension-de-proceso-de-afiliacion-a-morena\/\" \/>\n<meta property=\"og:locale\" content=\"es_ES\" \/>\n<meta property=\"og:type\" content=\"article\" \/>\n<meta property=\"og:title\" content=\"Resuelve TECDMX juicio respecto suspensi\u00f3n de proceso de afiliaci\u00f3n a MORENA - Tribunal Electoral de la Ciudad de M\u00e9xico\" \/>\n<meta property=\"og:description\" content=\"En Sesi\u00f3n P\u00fablica, las Magistraturas integrantes del Pleno resolvieron un juicio para la protecci\u00f3n de los derechos pol\u00edtico-electorales de la ciudadan\u00eda. Al resolver el juicio TECDMX-JLDC-040\/2019, promovido por Jonathan Israel [&hellip;]\" \/>\n<meta property=\"og:url\" content=\"https:\/\/www.tecdmx.org.mx\/index.php\/comunicados\/2019\/09\/05\/resuelve-tecdmx-juicio-respecto-suspension-de-proceso-de-afiliacion-a-morena\/\" \/>\n<meta property=\"og:site_name\" content=\"Tribunal Electoral de la Ciudad de M\u00e9xico\" \/>\n<meta property=\"article:publisher\" content=\"https:\/\/www.facebook.com\/TECDMX\/\" \/>\n<meta property=\"article:published_time\" content=\"2019-09-05T19:38:59+00:00\" \/>\n<meta property=\"article:modified_time\" content=\"2019-11-12T19:39:07+00:00\" \/>\n<meta name=\"author\" content=\"Difusion2025\" \/>\n<meta name=\"twitter:card\" content=\"summary_large_image\" \/>\n<meta name=\"twitter:creator\" content=\"@tecdmx\" \/>\n<meta name=\"twitter:site\" content=\"@tecdmx\" \/>\n<meta name=\"twitter:label1\" content=\"Escrito por\" \/>\n\t<meta name=\"twitter:data1\" content=\"Difusion2025\" \/>\n\t<meta name=\"twitter:label2\" content=\"Tiempo de lectura\" \/>\n\t<meta name=\"twitter:data2\" content=\"1 minuto\" \/>\n<script type=\"application\/ld+json\" class=\"yoast-schema-graph\">{\"@context\":\"https:\/\/schema.org\",\"@graph\":[{\"@type\":\"WebPage\",\"@id\":\"https:\/\/www.tecdmx.org.mx\/index.php\/comunicados\/2019\/09\/05\/resuelve-tecdmx-juicio-respecto-suspension-de-proceso-de-afiliacion-a-morena\/\",\"url\":\"https:\/\/www.tecdmx.org.mx\/index.php\/comunicados\/2019\/09\/05\/resuelve-tecdmx-juicio-respecto-suspension-de-proceso-de-afiliacion-a-morena\/\",\"name\":\"Resuelve TECDMX juicio respecto suspensi\u00f3n de proceso de afiliaci\u00f3n a MORENA - Tribunal Electoral de la Ciudad de M\u00e9xico\",\"isPartOf\":{\"@id\":\"https:\/\/www.tecdmx.org.mx\/#website\"},\"datePublished\":\"2019-09-05T19:38:59+00:00\",\"dateModified\":\"2019-11-12T19:39:07+00:00\",\"author\":{\"@id\":\"https:\/\/www.tecdmx.org.mx\/#\/schema\/person\/208c898199fb3234203823c5f0cf31d6\"},\"breadcrumb\":{\"@id\":\"https:\/\/www.tecdmx.org.mx\/index.php\/comunicados\/2019\/09\/05\/resuelve-tecdmx-juicio-respecto-suspension-de-proceso-de-afiliacion-a-morena\/#breadcrumb\"},\"inLanguage\":\"es\",\"potentialAction\":[{\"@type\":\"ReadAction\",\"target\":[\"https:\/\/www.tecdmx.org.mx\/index.php\/comunicados\/2019\/09\/05\/resuelve-tecdmx-juicio-respecto-suspension-de-proceso-de-afiliacion-a-morena\/\"]}]},{\"@type\":\"BreadcrumbList\",\"@id\":\"https:\/\/www.tecdmx.org.mx\/index.php\/comunicados\/2019\/09\/05\/resuelve-tecdmx-juicio-respecto-suspension-de-proceso-de-afiliacion-a-morena\/#breadcrumb\",\"itemListElement\":[{\"@type\":\"ListItem\",\"position\":1,\"name\":\"Portada\",\"item\":\"https:\/\/www.tecdmx.org.mx\/\"},{\"@type\":\"ListItem\",\"position\":2,\"name\":\"Resuelve TECDMX juicio respecto suspensi\u00f3n de proceso de afiliaci\u00f3n a MORENA\"}]},{\"@type\":\"WebSite\",\"@id\":\"https:\/\/www.tecdmx.org.mx\/#website\",\"url\":\"https:\/\/www.tecdmx.org.mx\/\",\"name\":\"Tribunal Electoral de la Ciudad de M\u00e9xico\",\"description\":\"25 a\u00f1os garantizando justicia en tu elecci\u00f3n\",\"potentialAction\":[{\"@type\":\"SearchAction\",\"target\":{\"@type\":\"EntryPoint\",\"urlTemplate\":\"https:\/\/www.tecdmx.org.mx\/?s={search_term_string}\"},\"query-input\":\"required name=search_term_string\"}],\"inLanguage\":\"es\"},{\"@type\":\"Person\",\"@id\":\"https:\/\/www.tecdmx.org.mx\/#\/schema\/person\/208c898199fb3234203823c5f0cf31d6\",\"name\":\"Difusion2025\",\"image\":{\"@type\":\"ImageObject\",\"inLanguage\":\"es\",\"@id\":\"https:\/\/www.tecdmx.org.mx\/#\/schema\/person\/image\/\",\"url\":\"https:\/\/secure.gravatar.com\/avatar\/6f7a4ba3acb418040e90a2eb99b5df28?s=96&d=mm&r=g\",\"contentUrl\":\"https:\/\/secure.gravatar.com\/avatar\/6f7a4ba3acb418040e90a2eb99b5df28?s=96&d=mm&r=g\",\"caption\":\"Difusion2025\"}}]}<\/script>\n<!-- \/ Yoast SEO plugin. -->","yoast_head_json":{"title":"Resuelve TECDMX juicio respecto suspensi\u00f3n de proceso de afiliaci\u00f3n a MORENA - Tribunal Electoral de la Ciudad de M\u00e9xico","robots":{"index":"index","follow":"follow","max-snippet":"max-snippet:-1","max-image-preview":"max-image-preview:large","max-video-preview":"max-video-preview:-1"},"canonical":"https:\/\/www.tecdmx.org.mx\/index.php\/comunicados\/2019\/09\/05\/resuelve-tecdmx-juicio-respecto-suspension-de-proceso-de-afiliacion-a-morena\/","og_locale":"es_ES","og_type":"article","og_title":"Resuelve TECDMX juicio respecto suspensi\u00f3n de proceso de afiliaci\u00f3n a MORENA - Tribunal Electoral de la Ciudad de M\u00e9xico","og_description":"En Sesi\u00f3n P\u00fablica, las Magistraturas integrantes del Pleno resolvieron un juicio para la protecci\u00f3n de los derechos pol\u00edtico-electorales de la ciudadan\u00eda. Al resolver el juicio TECDMX-JLDC-040\/2019, promovido por Jonathan Israel [&hellip;]","og_url":"https:\/\/www.tecdmx.org.mx\/index.php\/comunicados\/2019\/09\/05\/resuelve-tecdmx-juicio-respecto-suspension-de-proceso-de-afiliacion-a-morena\/","og_site_name":"Tribunal Electoral de la Ciudad de M\u00e9xico","article_publisher":"https:\/\/www.facebook.com\/TECDMX\/","article_published_time":"2019-09-05T19:38:59+00:00","article_modified_time":"2019-11-12T19:39:07+00:00","author":"Difusion2025","twitter_card":"summary_large_image","twitter_creator":"@tecdmx","twitter_site":"@tecdmx","twitter_misc":{"Escrito por":"Difusion2025","Tiempo de lectura":"1 minuto"},"schema":{"@context":"https:\/\/schema.org","@graph":[{"@type":"WebPage","@id":"https:\/\/www.tecdmx.org.mx\/index.php\/comunicados\/2019\/09\/05\/resuelve-tecdmx-juicio-respecto-suspension-de-proceso-de-afiliacion-a-morena\/","url":"https:\/\/www.tecdmx.org.mx\/index.php\/comunicados\/2019\/09\/05\/resuelve-tecdmx-juicio-respecto-suspension-de-proceso-de-afiliacion-a-morena\/","name":"Resuelve TECDMX juicio respecto suspensi\u00f3n de proceso de afiliaci\u00f3n a MORENA - Tribunal Electoral de la Ciudad de M\u00e9xico","isPartOf":{"@id":"https:\/\/www.tecdmx.org.mx\/#website"},"datePublished":"2019-09-05T19:38:59+00:00","dateModified":"2019-11-12T19:39:07+00:00","author":{"@id":"https:\/\/www.tecdmx.org.mx\/#\/schema\/person\/208c898199fb3234203823c5f0cf31d6"},"breadcrumb":{"@id":"https:\/\/www.tecdmx.org.mx\/index.php\/comunicados\/2019\/09\/05\/resuelve-tecdmx-juicio-respecto-suspension-de-proceso-de-afiliacion-a-morena\/#breadcrumb"},"inLanguage":"es","potentialAction":[{"@type":"ReadAction","target":["https:\/\/www.tecdmx.org.mx\/index.php\/comunicados\/2019\/09\/05\/resuelve-tecdmx-juicio-respecto-suspension-de-proceso-de-afiliacion-a-morena\/"]}]},{"@type":"BreadcrumbList","@id":"https:\/\/www.tecdmx.org.mx\/index.php\/comunicados\/2019\/09\/05\/resuelve-tecdmx-juicio-respecto-suspension-de-proceso-de-afiliacion-a-morena\/#breadcrumb","itemListElement":[{"@type":"ListItem","position":1,"name":"Portada","item":"https:\/\/www.tecdmx.org.mx\/"},{"@type":"ListItem","position":2,"name":"Resuelve TECDMX juicio respecto suspensi\u00f3n de proceso de afiliaci\u00f3n a MORENA"}]},{"@type":"WebSite","@id":"https:\/\/www.tecdmx.org.mx\/#website","url":"https:\/\/www.tecdmx.org.mx\/","name":"Tribunal Electoral de la Ciudad de M\u00e9xico","description":"25 a\u00f1os garantizando justicia en tu elecci\u00f3n","potentialAction":[{"@type":"SearchAction","target":{"@type":"EntryPoint","urlTemplate":"https:\/\/www.tecdmx.org.mx\/?s={search_term_string}"},"query-input":"required name=search_term_string"}],"inLanguage":"es"},{"@type":"Person","@id":"https:\/\/www.tecdmx.org.mx\/#\/schema\/person\/208c898199fb3234203823c5f0cf31d6","name":"Difusion2025","image":{"@type":"ImageObject","inLanguage":"es","@id":"https:\/\/www.tecdmx.org.mx\/#\/schema\/person\/image\/","url":"https:\/\/secure.gravatar.com\/avatar\/6f7a4ba3acb418040e90a2eb99b5df28?s=96&d=mm&r=g","contentUrl":"https:\/\/secure.gravatar.com\/avatar\/6f7a4ba3acb418040e90a2eb99b5df28?s=96&d=mm&r=g","caption":"Difusion2025"}}]}},"_links":{"self":[{"href":"https:\/\/www.tecdmx.org.mx\/index.php\/wp-json\/wp\/v2\/posts\/15584"}],"collection":[{"href":"https:\/\/www.tecdmx.org.mx\/index.php\/wp-json\/wp\/v2\/posts"}],"about":[{"href":"https:\/\/www.tecdmx.org.mx\/index.php\/wp-json\/wp\/v2\/types\/post"}],"author":[{"embeddable":true,"href":"https:\/\/www.tecdmx.org.mx\/index.php\/wp-json\/wp\/v2\/users\/13"}],"replies":[{"embeddable":true,"href":"https:\/\/www.tecdmx.org.mx\/index.php\/wp-json\/wp\/v2\/comments?post=15584"}],"version-history":[{"count":3,"href":"https:\/\/www.tecdmx.org.mx\/index.php\/wp-json\/wp\/v2\/posts\/15584\/revisions"}],"predecessor-version":[{"id":15588,"href":"https:\/\/www.tecdmx.org.mx\/index.php\/wp-json\/wp\/v2\/posts\/15584\/revisions\/15588"}],"wp:attachment":[{"href":"https:\/\/www.tecdmx.org.mx\/index.php\/wp-json\/wp\/v2\/media?parent=15584"}],"wp:term":[{"taxonomy":"category","embeddable":true,"href":"https:\/\/www.tecdmx.org.mx\/index.php\/wp-json\/wp\/v2\/categories?post=15584"},{"taxonomy":"post_tag","embeddable":true,"href":"https:\/\/www.tecdmx.org.mx\/index.php\/wp-json\/wp\/v2\/tags?post=15584"}],"curies":[{"name":"wp","href":"https:\/\/api.w.org\/{rel}","templated":true}]}}