{"id":15610,"date":"2019-09-25T19:44:05","date_gmt":"2019-09-25T19:44:05","guid":{"rendered":"http:\/\/www2.tecdmx.org.mx\/?p=15610"},"modified":"2019-11-12T19:44:16","modified_gmt":"2019-11-12T19:44:16","slug":"discuten-posturas-sobre-posibles-reformas-electorales","status":"publish","type":"post","link":"https:\/\/www.tecdmx.org.mx\/index.php\/comunicados\/2019\/09\/25\/discuten-posturas-sobre-posibles-reformas-electorales\/","title":{"rendered":"Discuten posturas sobre posibles Reformas Electorales"},"content":{"rendered":"\n<p>\uf0b7 El Senado de la Rep\u00fablica, la C\u00e1mara de Diputados y el TECDMX organizaron el<br>\nforo \u201cParlamento Abierto, Hacia una Reforma Electoral. Cuarta<br>\nCircunscripci\u00f3n\u201d en el Instituto Belisario Dom\u00ednguez<br>\n\uf0b7 Las posibles reformas deben contemplar particularidades de cada entidad y con<br>\nello, dotar de un sentido de utilidad al sistema democr\u00e1tico, como un<br>\ninstrumento de transformaci\u00f3n social: Magistrado Presidente Gustavo Anzaldo<br>\nEl Senado de la Rep\u00fablica, la C\u00e1mara de Diputados y el Tribunal Electoral de la Ciudad de M\u00e9xico<br>\n(TECDMX) organizaron el foro \u201cParlamento Abierto. Hacia una Reforma Electoral. Cuarta<br>\nCircunscripci\u00f3n\u201d, que tiene por objeto discutir los retos y necesidades en materia electoral.<br>\nEl acto inaugural fue encabezado por el Senador Crist\u00f3bal Arias, la Diputada Roc\u00edo Barrera<br>\nBadillo, presidenta de la Comisi\u00f3n de Gobernaci\u00f3n y Poblaci\u00f3n; los Diputados Reginaldo Salazar<br>\ny Jorge Espadas; el Magistrado de la Sala Regional Ciudad de M\u00e9xico del Tribunal Electoral del<br>\nPoder Judicial, Jos\u00e9 Luis Ceballos; el Magistrado Presidente del TECDMX Gustavo Anzaldo<br>\nHern\u00e1ndez, as\u00ed como el Consejero Presidente del Instituto Electoral de la Ciudad de M\u00e9xico<br>\nMario Vel\u00e1zquez y la investigadora M\u00f3nica Guti\u00e9rrez.<br>\nDurante su mensaje, el Magistrado Presidente del TECDMX Gustavo Anzaldo Hern\u00e1ndez mencion\u00f3<br>\nque la revisi\u00f3n de la normativa que rige los procesos electorales democr\u00e1ticos, que se realizar\u00e1<br>\nen este foro, debe iniciar con un balance de los cambios hechos en la materia, las expectativas<br>\ngeneradas y los objetivos trazados en su momento y que se han cumplido, partiendo de lo que<br>\nse pretende reformar.<br>\nEl Magistrado Anzaldo Hern\u00e1ndez agreg\u00f3 que la reforma del a\u00f1o 2014 que dio origen a un nuevo<br>\nsistema electoral y que contiene una mejora de los procesos electorales y la economizaci\u00f3n de<br>\nlos recursos en su organizaci\u00f3n, puede proporcionar un balance de lo obtenido hasta hoy en los<br>\nestados de la rep\u00fablica, \u201cpor eso es necesario analizar lo que se modific\u00f3 y qu\u00e9 resultados<br>\narroj\u00f3. A partir de ello se obtendr\u00eda un esquema integral de modificaciones al sistema electivo\u201d.<br>\nAsimismo, resalt\u00f3 que con las posibles reformas se podr\u00edan vulnerar derechos de la ciudadan\u00eda<br>\ny por esta raz\u00f3n se deben contemplar las particularidades de cada una de las entidades para,<br>\ncon ello, dotar de un sentido de utilidad al sistema democr\u00e1tico, como un instrumento de<br>\ntransformaci\u00f3n social. <br>\nLa Diputada Federal Roc\u00edo Barrera destac\u00f3 la importancia de la realizaci\u00f3n de este tipo de foros<br>\npara escuchar a los especialistas en el tema, ante las discusiones que se dar\u00e1n en torno a la<br>\npresentaci\u00f3n de las futuras reformas electorales.<br>\nEn su intervenci\u00f3n, el Senador Crist\u00f3bal Arias habl\u00f3 de la importancia de la nueva realidad<br>\npol\u00edtica del pa\u00eds y el reto de brindar a la ciudadan\u00eda un nuevo escenario de participaci\u00f3n a la<br>\nluz de una nueva normatividad electoral.<br>\nParticipan en el Foro \u201cParlamento Abierto, Hacia una Reforma Electoral. Cuarta<br>\nCircunscripci\u00f3n\u201d expertos en materia electoral, acad\u00e9micos, investigadores, autoridades<br>\nelectorales y legisladores de la Cuarta Circunscripci\u00f3n que comprende los estados de Guerrero,<br>\nPuebla, Tlaxcala y la Ciudad de M\u00e9xico.<br>\nPor parte del TECDMX estuvieron presentes en el acto inaugural las Magistradas Martha Leticia<br>\nMercado Ram\u00edrez, M. Alejandra Ch\u00e1vez Camarena y el Magistrado Juan Carlos S\u00e1nchez Le\u00f3n.<br>\no-O-o<\/p>\n","protected":false},"excerpt":{"rendered":"<p>\uf0b7 El Senado de la Rep\u00fablica, la C\u00e1mara de Diputados y el TECDMX organizaron el foro \u201cParlamento Abierto, Hacia una Reforma Electoral. Cuarta Circunscripci\u00f3n\u201d en el Instituto Belisario Dom\u00ednguez \uf0b7 [&hellip;]<\/p>\n","protected":false},"author":13,"featured_media":0,"comment_status":"open","ping_status":"open","sticky":false,"template":"","format":"standard","meta":{"_acf_changed":false,"_exactmetrics_skip_tracking":false,"_exactmetrics_sitenote_active":false,"_exactmetrics_sitenote_note":"","_exactmetrics_sitenote_category":0,"footnotes":""},"categories":[32],"tags":[],"acf":[],"yoast_head":"<!-- This site is optimized with the Yoast SEO plugin v22.3 - https:\/\/yoast.com\/wordpress\/plugins\/seo\/ -->\n<title>Discuten posturas sobre posibles Reformas Electorales - Tribunal Electoral de la Ciudad de M\u00e9xico<\/title>\n<meta name=\"robots\" content=\"index, follow, max-snippet:-1, max-image-preview:large, max-video-preview:-1\" \/>\n<link rel=\"canonical\" href=\"https:\/\/www.tecdmx.org.mx\/index.php\/comunicados\/2019\/09\/25\/discuten-posturas-sobre-posibles-reformas-electorales\/\" \/>\n<meta property=\"og:locale\" content=\"es_ES\" \/>\n<meta property=\"og:type\" content=\"article\" \/>\n<meta property=\"og:title\" content=\"Discuten posturas sobre posibles Reformas Electorales - Tribunal Electoral de la Ciudad de M\u00e9xico\" \/>\n<meta property=\"og:description\" content=\"\uf0b7 El Senado de la Rep\u00fablica, la C\u00e1mara de Diputados y el TECDMX organizaron el foro \u201cParlamento Abierto, Hacia una Reforma Electoral. Cuarta Circunscripci\u00f3n\u201d en el Instituto Belisario Dom\u00ednguez \uf0b7 [&hellip;]\" \/>\n<meta property=\"og:url\" content=\"https:\/\/www.tecdmx.org.mx\/index.php\/comunicados\/2019\/09\/25\/discuten-posturas-sobre-posibles-reformas-electorales\/\" \/>\n<meta property=\"og:site_name\" content=\"Tribunal Electoral de la Ciudad de M\u00e9xico\" \/>\n<meta property=\"article:publisher\" content=\"https:\/\/www.facebook.com\/TECDMX\/\" \/>\n<meta property=\"article:published_time\" content=\"2019-09-25T19:44:05+00:00\" \/>\n<meta property=\"article:modified_time\" content=\"2019-11-12T19:44:16+00:00\" \/>\n<meta name=\"author\" content=\"Difusion2025\" \/>\n<meta name=\"twitter:card\" content=\"summary_large_image\" \/>\n<meta name=\"twitter:creator\" content=\"@tecdmx\" \/>\n<meta name=\"twitter:site\" content=\"@tecdmx\" \/>\n<meta name=\"twitter:label1\" content=\"Escrito por\" \/>\n\t<meta name=\"twitter:data1\" content=\"Difusion2025\" \/>\n\t<meta name=\"twitter:label2\" content=\"Tiempo de lectura\" \/>\n\t<meta name=\"twitter:data2\" content=\"3 minutos\" \/>\n<script type=\"application\/ld+json\" class=\"yoast-schema-graph\">{\"@context\":\"https:\/\/schema.org\",\"@graph\":[{\"@type\":\"WebPage\",\"@id\":\"https:\/\/www.tecdmx.org.mx\/index.php\/comunicados\/2019\/09\/25\/discuten-posturas-sobre-posibles-reformas-electorales\/\",\"url\":\"https:\/\/www.tecdmx.org.mx\/index.php\/comunicados\/2019\/09\/25\/discuten-posturas-sobre-posibles-reformas-electorales\/\",\"name\":\"Discuten posturas sobre posibles Reformas Electorales - Tribunal Electoral de la Ciudad de M\u00e9xico\",\"isPartOf\":{\"@id\":\"https:\/\/www.tecdmx.org.mx\/#website\"},\"datePublished\":\"2019-09-25T19:44:05+00:00\",\"dateModified\":\"2019-11-12T19:44:16+00:00\",\"author\":{\"@id\":\"https:\/\/www.tecdmx.org.mx\/#\/schema\/person\/208c898199fb3234203823c5f0cf31d6\"},\"breadcrumb\":{\"@id\":\"https:\/\/www.tecdmx.org.mx\/index.php\/comunicados\/2019\/09\/25\/discuten-posturas-sobre-posibles-reformas-electorales\/#breadcrumb\"},\"inLanguage\":\"es\",\"potentialAction\":[{\"@type\":\"ReadAction\",\"target\":[\"https:\/\/www.tecdmx.org.mx\/index.php\/comunicados\/2019\/09\/25\/discuten-posturas-sobre-posibles-reformas-electorales\/\"]}]},{\"@type\":\"BreadcrumbList\",\"@id\":\"https:\/\/www.tecdmx.org.mx\/index.php\/comunicados\/2019\/09\/25\/discuten-posturas-sobre-posibles-reformas-electorales\/#breadcrumb\",\"itemListElement\":[{\"@type\":\"ListItem\",\"position\":1,\"name\":\"Portada\",\"item\":\"https:\/\/www.tecdmx.org.mx\/\"},{\"@type\":\"ListItem\",\"position\":2,\"name\":\"Discuten posturas sobre posibles Reformas Electorales\"}]},{\"@type\":\"WebSite\",\"@id\":\"https:\/\/www.tecdmx.org.mx\/#website\",\"url\":\"https:\/\/www.tecdmx.org.mx\/\",\"name\":\"Tribunal Electoral de la Ciudad de M\u00e9xico\",\"description\":\"25 a\u00f1os garantizando justicia en tu elecci\u00f3n\",\"potentialAction\":[{\"@type\":\"SearchAction\",\"target\":{\"@type\":\"EntryPoint\",\"urlTemplate\":\"https:\/\/www.tecdmx.org.mx\/?s={search_term_string}\"},\"query-input\":\"required name=search_term_string\"}],\"inLanguage\":\"es\"},{\"@type\":\"Person\",\"@id\":\"https:\/\/www.tecdmx.org.mx\/#\/schema\/person\/208c898199fb3234203823c5f0cf31d6\",\"name\":\"Difusion2025\",\"image\":{\"@type\":\"ImageObject\",\"inLanguage\":\"es\",\"@id\":\"https:\/\/www.tecdmx.org.mx\/#\/schema\/person\/image\/\",\"url\":\"https:\/\/secure.gravatar.com\/avatar\/6f7a4ba3acb418040e90a2eb99b5df28?s=96&d=mm&r=g\",\"contentUrl\":\"https:\/\/secure.gravatar.com\/avatar\/6f7a4ba3acb418040e90a2eb99b5df28?s=96&d=mm&r=g\",\"caption\":\"Difusion2025\"}}]}<\/script>\n<!-- \/ Yoast SEO plugin. -->","yoast_head_json":{"title":"Discuten posturas sobre posibles Reformas Electorales - Tribunal Electoral de la Ciudad de M\u00e9xico","robots":{"index":"index","follow":"follow","max-snippet":"max-snippet:-1","max-image-preview":"max-image-preview:large","max-video-preview":"max-video-preview:-1"},"canonical":"https:\/\/www.tecdmx.org.mx\/index.php\/comunicados\/2019\/09\/25\/discuten-posturas-sobre-posibles-reformas-electorales\/","og_locale":"es_ES","og_type":"article","og_title":"Discuten posturas sobre posibles Reformas Electorales - Tribunal Electoral de la Ciudad de M\u00e9xico","og_description":"\uf0b7 El Senado de la Rep\u00fablica, la C\u00e1mara de Diputados y el TECDMX organizaron el foro \u201cParlamento Abierto, Hacia una Reforma Electoral. Cuarta Circunscripci\u00f3n\u201d en el Instituto Belisario Dom\u00ednguez \uf0b7 [&hellip;]","og_url":"https:\/\/www.tecdmx.org.mx\/index.php\/comunicados\/2019\/09\/25\/discuten-posturas-sobre-posibles-reformas-electorales\/","og_site_name":"Tribunal Electoral de la Ciudad de M\u00e9xico","article_publisher":"https:\/\/www.facebook.com\/TECDMX\/","article_published_time":"2019-09-25T19:44:05+00:00","article_modified_time":"2019-11-12T19:44:16+00:00","author":"Difusion2025","twitter_card":"summary_large_image","twitter_creator":"@tecdmx","twitter_site":"@tecdmx","twitter_misc":{"Escrito por":"Difusion2025","Tiempo de lectura":"3 minutos"},"schema":{"@context":"https:\/\/schema.org","@graph":[{"@type":"WebPage","@id":"https:\/\/www.tecdmx.org.mx\/index.php\/comunicados\/2019\/09\/25\/discuten-posturas-sobre-posibles-reformas-electorales\/","url":"https:\/\/www.tecdmx.org.mx\/index.php\/comunicados\/2019\/09\/25\/discuten-posturas-sobre-posibles-reformas-electorales\/","name":"Discuten posturas sobre posibles Reformas Electorales - Tribunal Electoral de la Ciudad de M\u00e9xico","isPartOf":{"@id":"https:\/\/www.tecdmx.org.mx\/#website"},"datePublished":"2019-09-25T19:44:05+00:00","dateModified":"2019-11-12T19:44:16+00:00","author":{"@id":"https:\/\/www.tecdmx.org.mx\/#\/schema\/person\/208c898199fb3234203823c5f0cf31d6"},"breadcrumb":{"@id":"https:\/\/www.tecdmx.org.mx\/index.php\/comunicados\/2019\/09\/25\/discuten-posturas-sobre-posibles-reformas-electorales\/#breadcrumb"},"inLanguage":"es","potentialAction":[{"@type":"ReadAction","target":["https:\/\/www.tecdmx.org.mx\/index.php\/comunicados\/2019\/09\/25\/discuten-posturas-sobre-posibles-reformas-electorales\/"]}]},{"@type":"BreadcrumbList","@id":"https:\/\/www.tecdmx.org.mx\/index.php\/comunicados\/2019\/09\/25\/discuten-posturas-sobre-posibles-reformas-electorales\/#breadcrumb","itemListElement":[{"@type":"ListItem","position":1,"name":"Portada","item":"https:\/\/www.tecdmx.org.mx\/"},{"@type":"ListItem","position":2,"name":"Discuten posturas sobre posibles Reformas Electorales"}]},{"@type":"WebSite","@id":"https:\/\/www.tecdmx.org.mx\/#website","url":"https:\/\/www.tecdmx.org.mx\/","name":"Tribunal Electoral de la Ciudad de M\u00e9xico","description":"25 a\u00f1os garantizando justicia en tu elecci\u00f3n","potentialAction":[{"@type":"SearchAction","target":{"@type":"EntryPoint","urlTemplate":"https:\/\/www.tecdmx.org.mx\/?s={search_term_string}"},"query-input":"required name=search_term_string"}],"inLanguage":"es"},{"@type":"Person","@id":"https:\/\/www.tecdmx.org.mx\/#\/schema\/person\/208c898199fb3234203823c5f0cf31d6","name":"Difusion2025","image":{"@type":"ImageObject","inLanguage":"es","@id":"https:\/\/www.tecdmx.org.mx\/#\/schema\/person\/image\/","url":"https:\/\/secure.gravatar.com\/avatar\/6f7a4ba3acb418040e90a2eb99b5df28?s=96&d=mm&r=g","contentUrl":"https:\/\/secure.gravatar.com\/avatar\/6f7a4ba3acb418040e90a2eb99b5df28?s=96&d=mm&r=g","caption":"Difusion2025"}}]}},"_links":{"self":[{"href":"https:\/\/www.tecdmx.org.mx\/index.php\/wp-json\/wp\/v2\/posts\/15610"}],"collection":[{"href":"https:\/\/www.tecdmx.org.mx\/index.php\/wp-json\/wp\/v2\/posts"}],"about":[{"href":"https:\/\/www.tecdmx.org.mx\/index.php\/wp-json\/wp\/v2\/types\/post"}],"author":[{"embeddable":true,"href":"https:\/\/www.tecdmx.org.mx\/index.php\/wp-json\/wp\/v2\/users\/13"}],"replies":[{"embeddable":true,"href":"https:\/\/www.tecdmx.org.mx\/index.php\/wp-json\/wp\/v2\/comments?post=15610"}],"version-history":[{"count":3,"href":"https:\/\/www.tecdmx.org.mx\/index.php\/wp-json\/wp\/v2\/posts\/15610\/revisions"}],"predecessor-version":[{"id":15614,"href":"https:\/\/www.tecdmx.org.mx\/index.php\/wp-json\/wp\/v2\/posts\/15610\/revisions\/15614"}],"wp:attachment":[{"href":"https:\/\/www.tecdmx.org.mx\/index.php\/wp-json\/wp\/v2\/media?parent=15610"}],"wp:term":[{"taxonomy":"category","embeddable":true,"href":"https:\/\/www.tecdmx.org.mx\/index.php\/wp-json\/wp\/v2\/categories?post=15610"},{"taxonomy":"post_tag","embeddable":true,"href":"https:\/\/www.tecdmx.org.mx\/index.php\/wp-json\/wp\/v2\/tags?post=15610"}],"curies":[{"name":"wp","href":"https:\/\/api.w.org\/{rel}","templated":true}]}}