{"id":15615,"date":"2019-09-26T19:45:13","date_gmt":"2019-09-26T19:45:13","guid":{"rendered":"http:\/\/www2.tecdmx.org.mx\/?p=15615"},"modified":"2019-11-12T19:45:23","modified_gmt":"2019-11-12T19:45:23","slug":"revoca-tecdmx-convocatoria-para-asamblea-publica-para-eleccion-del-consejo-general-de-los-pueblos-en-tlalpan","status":"publish","type":"post","link":"https:\/\/www.tecdmx.org.mx\/index.php\/comunicados\/2019\/09\/26\/revoca-tecdmx-convocatoria-para-asamblea-publica-para-eleccion-del-consejo-general-de-los-pueblos-en-tlalpan\/","title":{"rendered":"Revoca TECDMX convocatoria para Asamblea P\u00fablica para elecci\u00f3n del Consejo General de los Pueblos en Tlalpan"},"content":{"rendered":"\n<p>\u2022 El Pleno consider\u00f3 fundada la omisi\u00f3n de la Alcald\u00eda Tlalpan sobre consultar a habitantes de los<br>\npueblos de San Pedro M\u00e1rtir y San Andr\u00e9s Totoltepec, para llevar a cabo la elecci\u00f3n de integrantes del<br>\nConsejo General de los Pueblos.<br>\n\u2022 Se desech\u00f3 una demanda en contra de un acuerdo emitido por el \u00d3rgano de Justicia Intrapartidaria<br>\ndel Partido de la Revoluci\u00f3n Democr\u00e1tica al considerar que \u00e9ste no era un acto definitivo ni firme y,<br>\npor tanto, no le causa un perjuicio real, directo e inmediato a la parte actora.<br>\nLas Magistradas y Magistrados integrantes del Pleno del Tribunal Electoral de la Ciudad de M\u00e9xico<br>\n(TECDMX) celebr\u00f3 Sesi\u00f3n P\u00fablica en la que resolvieron siete Juicios para la Protecci\u00f3n de los Derechos<br>\nPol\u00edtico-Electorales de la Ciudadan\u00eda.<br>\nAl resolver el expediente TECDMX-JLDC-1337\/2019 y sus acumulados (JLDC-1347, JLDC-1350, JLDC1359, JLDC-1363 y JLDC-1364), todos ellos de este a\u00f1o, promovidos por diversas personas que<br>\ncontrovert\u00edan la Convocatoria de la Asamblea P\u00fablica para elegir a los habitantes que conformar\u00edan<br>\nel Consejo General de los Pueblos y quienes estar\u00edan encargados de llevar a cabo el proceso electivo<br>\nde Coordinador de los Pueblos; as\u00ed como, la omisi\u00f3n de la Alcald\u00eda de Tlalpan de consultarles a los<br>\nPueblos de San Pedro M\u00e1rtir y San Andr\u00e9s Totoltepec sobre su aprobaci\u00f3n o no en la integraci\u00f3n de<br>\ndichos Concejo y Coordinador y, finalmente, de todos y cada uno de los actos y efectos directos e<br>\nindirectos vinculados con la Convocatoria; el Pleno determin\u00f3 revocar la Convocatoria impugnada y<br>\ntodos y cada uno de los actos electivos vinculados y que sean consecuencia directa e indirecta de su<br>\nemisi\u00f3n, para que se lleve a cabo la consulta previa e informada, relacionada con elecci\u00f3n de las<br>\nautoridades.<br>\nLo anterior, al considerar que la Alcald\u00eda de Tlalpan, por un lado, omiti\u00f3 consultar a los Pueblos de<br>\nSan Pedro M\u00e1rtir y San Andr\u00e9s Totoltepec sobre su aprobaci\u00f3n o no para llevar a cabo la referida<br>\nelecci\u00f3n y, por el otro, en la Convocatoria a la Asamblea los habitantes de San Pedro M\u00e1rtir ya que <br>\nno fueron debidamente representados por las autoridades tradicionales por ellas designadas o<br>\nfacultadas y, por su parte, la autoridad de manera unilateral design\u00f3 al representante.<br>\nFinalmente, al resolver el expediente TECMDX-JLDC-1357\/2019, promovido por Brenda Paola Villena<br>\nGuill\u00e9n en contra del Acuerdo de 26 de agosto de 2019, emitido por el \u00d3rgano de Justicia Intrapartidaria<br>\ndel Partido de la Revoluci\u00f3n Democr\u00e1tica dentro de la Queja 89\/2019; el Pleno determin\u00f3 desechar de<br>\nplano la demanda al actualizarse la causal de improcedencia relativa a que el medio de impugnaci\u00f3n<br>\npresentado refiere a un acto que no cumple con la caracter\u00edstica de ser definitivo ni firme y, por tanto, no<br>\nle causa un perjuicio real, directo e inmediato a la parte actora.<br>\no-O-o<\/p>\n\n\n\n<ul><li>Los criterios para las resoluciones de este Pleno son coincidentes.<\/li><\/ul>\n","protected":false},"excerpt":{"rendered":"<p>\u2022 El Pleno consider\u00f3 fundada la omisi\u00f3n de la Alcald\u00eda Tlalpan sobre consultar a habitantes de los pueblos de San Pedro M\u00e1rtir y San Andr\u00e9s Totoltepec, para llevar a cabo [&hellip;]<\/p>\n","protected":false},"author":13,"featured_media":0,"comment_status":"open","ping_status":"open","sticky":false,"template":"","format":"standard","meta":{"_acf_changed":false,"_exactmetrics_skip_tracking":false,"_exactmetrics_sitenote_active":false,"_exactmetrics_sitenote_note":"","_exactmetrics_sitenote_category":0,"footnotes":""},"categories":[32],"tags":[],"acf":[],"yoast_head":"<!-- This site is optimized with the Yoast SEO plugin v22.3 - https:\/\/yoast.com\/wordpress\/plugins\/seo\/ -->\n<title>Revoca TECDMX convocatoria para Asamblea P\u00fablica para elecci\u00f3n del Consejo General de los Pueblos en Tlalpan - Tribunal Electoral de la Ciudad de M\u00e9xico<\/title>\n<meta name=\"robots\" content=\"index, follow, max-snippet:-1, max-image-preview:large, max-video-preview:-1\" \/>\n<link rel=\"canonical\" href=\"https:\/\/www.tecdmx.org.mx\/index.php\/comunicados\/2019\/09\/26\/revoca-tecdmx-convocatoria-para-asamblea-publica-para-eleccion-del-consejo-general-de-los-pueblos-en-tlalpan\/\" \/>\n<meta property=\"og:locale\" content=\"es_ES\" \/>\n<meta property=\"og:type\" content=\"article\" \/>\n<meta property=\"og:title\" content=\"Revoca TECDMX convocatoria para Asamblea P\u00fablica para elecci\u00f3n del Consejo General de los Pueblos en Tlalpan - Tribunal Electoral de la Ciudad de M\u00e9xico\" \/>\n<meta property=\"og:description\" content=\"\u2022 El Pleno consider\u00f3 fundada la omisi\u00f3n de la Alcald\u00eda Tlalpan sobre consultar a habitantes de los pueblos de San Pedro M\u00e1rtir y San Andr\u00e9s Totoltepec, para llevar a cabo [&hellip;]\" \/>\n<meta property=\"og:url\" content=\"https:\/\/www.tecdmx.org.mx\/index.php\/comunicados\/2019\/09\/26\/revoca-tecdmx-convocatoria-para-asamblea-publica-para-eleccion-del-consejo-general-de-los-pueblos-en-tlalpan\/\" \/>\n<meta property=\"og:site_name\" content=\"Tribunal Electoral de la Ciudad de M\u00e9xico\" \/>\n<meta property=\"article:publisher\" content=\"https:\/\/www.facebook.com\/TECDMX\/\" \/>\n<meta property=\"article:published_time\" content=\"2019-09-26T19:45:13+00:00\" \/>\n<meta property=\"article:modified_time\" content=\"2019-11-12T19:45:23+00:00\" \/>\n<meta name=\"author\" content=\"Difusion2025\" \/>\n<meta name=\"twitter:card\" content=\"summary_large_image\" \/>\n<meta name=\"twitter:creator\" content=\"@tecdmx\" \/>\n<meta name=\"twitter:site\" content=\"@tecdmx\" \/>\n<meta name=\"twitter:label1\" content=\"Escrito por\" \/>\n\t<meta name=\"twitter:data1\" content=\"Difusion2025\" \/>\n\t<meta name=\"twitter:label2\" content=\"Tiempo de lectura\" \/>\n\t<meta name=\"twitter:data2\" content=\"2 minutos\" \/>\n<script type=\"application\/ld+json\" class=\"yoast-schema-graph\">{\"@context\":\"https:\/\/schema.org\",\"@graph\":[{\"@type\":\"WebPage\",\"@id\":\"https:\/\/www.tecdmx.org.mx\/index.php\/comunicados\/2019\/09\/26\/revoca-tecdmx-convocatoria-para-asamblea-publica-para-eleccion-del-consejo-general-de-los-pueblos-en-tlalpan\/\",\"url\":\"https:\/\/www.tecdmx.org.mx\/index.php\/comunicados\/2019\/09\/26\/revoca-tecdmx-convocatoria-para-asamblea-publica-para-eleccion-del-consejo-general-de-los-pueblos-en-tlalpan\/\",\"name\":\"Revoca TECDMX convocatoria para Asamblea P\u00fablica para elecci\u00f3n del Consejo General de los Pueblos en Tlalpan - Tribunal Electoral de la Ciudad de M\u00e9xico\",\"isPartOf\":{\"@id\":\"https:\/\/www.tecdmx.org.mx\/#website\"},\"datePublished\":\"2019-09-26T19:45:13+00:00\",\"dateModified\":\"2019-11-12T19:45:23+00:00\",\"author\":{\"@id\":\"https:\/\/www.tecdmx.org.mx\/#\/schema\/person\/208c898199fb3234203823c5f0cf31d6\"},\"breadcrumb\":{\"@id\":\"https:\/\/www.tecdmx.org.mx\/index.php\/comunicados\/2019\/09\/26\/revoca-tecdmx-convocatoria-para-asamblea-publica-para-eleccion-del-consejo-general-de-los-pueblos-en-tlalpan\/#breadcrumb\"},\"inLanguage\":\"es\",\"potentialAction\":[{\"@type\":\"ReadAction\",\"target\":[\"https:\/\/www.tecdmx.org.mx\/index.php\/comunicados\/2019\/09\/26\/revoca-tecdmx-convocatoria-para-asamblea-publica-para-eleccion-del-consejo-general-de-los-pueblos-en-tlalpan\/\"]}]},{\"@type\":\"BreadcrumbList\",\"@id\":\"https:\/\/www.tecdmx.org.mx\/index.php\/comunicados\/2019\/09\/26\/revoca-tecdmx-convocatoria-para-asamblea-publica-para-eleccion-del-consejo-general-de-los-pueblos-en-tlalpan\/#breadcrumb\",\"itemListElement\":[{\"@type\":\"ListItem\",\"position\":1,\"name\":\"Portada\",\"item\":\"https:\/\/www.tecdmx.org.mx\/\"},{\"@type\":\"ListItem\",\"position\":2,\"name\":\"Revoca TECDMX convocatoria para Asamblea P\u00fablica para elecci\u00f3n del Consejo General de los Pueblos en Tlalpan\"}]},{\"@type\":\"WebSite\",\"@id\":\"https:\/\/www.tecdmx.org.mx\/#website\",\"url\":\"https:\/\/www.tecdmx.org.mx\/\",\"name\":\"Tribunal Electoral de la Ciudad de M\u00e9xico\",\"description\":\"25 a\u00f1os garantizando justicia en tu elecci\u00f3n\",\"potentialAction\":[{\"@type\":\"SearchAction\",\"target\":{\"@type\":\"EntryPoint\",\"urlTemplate\":\"https:\/\/www.tecdmx.org.mx\/?s={search_term_string}\"},\"query-input\":\"required name=search_term_string\"}],\"inLanguage\":\"es\"},{\"@type\":\"Person\",\"@id\":\"https:\/\/www.tecdmx.org.mx\/#\/schema\/person\/208c898199fb3234203823c5f0cf31d6\",\"name\":\"Difusion2025\",\"image\":{\"@type\":\"ImageObject\",\"inLanguage\":\"es\",\"@id\":\"https:\/\/www.tecdmx.org.mx\/#\/schema\/person\/image\/\",\"url\":\"https:\/\/secure.gravatar.com\/avatar\/6f7a4ba3acb418040e90a2eb99b5df28?s=96&d=mm&r=g\",\"contentUrl\":\"https:\/\/secure.gravatar.com\/avatar\/6f7a4ba3acb418040e90a2eb99b5df28?s=96&d=mm&r=g\",\"caption\":\"Difusion2025\"}}]}<\/script>\n<!-- \/ Yoast SEO plugin. -->","yoast_head_json":{"title":"Revoca TECDMX convocatoria para Asamblea P\u00fablica para elecci\u00f3n del Consejo General de los Pueblos en Tlalpan - Tribunal Electoral de la Ciudad de M\u00e9xico","robots":{"index":"index","follow":"follow","max-snippet":"max-snippet:-1","max-image-preview":"max-image-preview:large","max-video-preview":"max-video-preview:-1"},"canonical":"https:\/\/www.tecdmx.org.mx\/index.php\/comunicados\/2019\/09\/26\/revoca-tecdmx-convocatoria-para-asamblea-publica-para-eleccion-del-consejo-general-de-los-pueblos-en-tlalpan\/","og_locale":"es_ES","og_type":"article","og_title":"Revoca TECDMX convocatoria para Asamblea P\u00fablica para elecci\u00f3n del Consejo General de los Pueblos en Tlalpan - Tribunal Electoral de la Ciudad de M\u00e9xico","og_description":"\u2022 El Pleno consider\u00f3 fundada la omisi\u00f3n de la Alcald\u00eda Tlalpan sobre consultar a habitantes de los pueblos de San Pedro M\u00e1rtir y San Andr\u00e9s Totoltepec, para llevar a cabo [&hellip;]","og_url":"https:\/\/www.tecdmx.org.mx\/index.php\/comunicados\/2019\/09\/26\/revoca-tecdmx-convocatoria-para-asamblea-publica-para-eleccion-del-consejo-general-de-los-pueblos-en-tlalpan\/","og_site_name":"Tribunal Electoral de la Ciudad de M\u00e9xico","article_publisher":"https:\/\/www.facebook.com\/TECDMX\/","article_published_time":"2019-09-26T19:45:13+00:00","article_modified_time":"2019-11-12T19:45:23+00:00","author":"Difusion2025","twitter_card":"summary_large_image","twitter_creator":"@tecdmx","twitter_site":"@tecdmx","twitter_misc":{"Escrito por":"Difusion2025","Tiempo de lectura":"2 minutos"},"schema":{"@context":"https:\/\/schema.org","@graph":[{"@type":"WebPage","@id":"https:\/\/www.tecdmx.org.mx\/index.php\/comunicados\/2019\/09\/26\/revoca-tecdmx-convocatoria-para-asamblea-publica-para-eleccion-del-consejo-general-de-los-pueblos-en-tlalpan\/","url":"https:\/\/www.tecdmx.org.mx\/index.php\/comunicados\/2019\/09\/26\/revoca-tecdmx-convocatoria-para-asamblea-publica-para-eleccion-del-consejo-general-de-los-pueblos-en-tlalpan\/","name":"Revoca TECDMX convocatoria para Asamblea P\u00fablica para elecci\u00f3n del Consejo General de los Pueblos en Tlalpan - Tribunal Electoral de la Ciudad de M\u00e9xico","isPartOf":{"@id":"https:\/\/www.tecdmx.org.mx\/#website"},"datePublished":"2019-09-26T19:45:13+00:00","dateModified":"2019-11-12T19:45:23+00:00","author":{"@id":"https:\/\/www.tecdmx.org.mx\/#\/schema\/person\/208c898199fb3234203823c5f0cf31d6"},"breadcrumb":{"@id":"https:\/\/www.tecdmx.org.mx\/index.php\/comunicados\/2019\/09\/26\/revoca-tecdmx-convocatoria-para-asamblea-publica-para-eleccion-del-consejo-general-de-los-pueblos-en-tlalpan\/#breadcrumb"},"inLanguage":"es","potentialAction":[{"@type":"ReadAction","target":["https:\/\/www.tecdmx.org.mx\/index.php\/comunicados\/2019\/09\/26\/revoca-tecdmx-convocatoria-para-asamblea-publica-para-eleccion-del-consejo-general-de-los-pueblos-en-tlalpan\/"]}]},{"@type":"BreadcrumbList","@id":"https:\/\/www.tecdmx.org.mx\/index.php\/comunicados\/2019\/09\/26\/revoca-tecdmx-convocatoria-para-asamblea-publica-para-eleccion-del-consejo-general-de-los-pueblos-en-tlalpan\/#breadcrumb","itemListElement":[{"@type":"ListItem","position":1,"name":"Portada","item":"https:\/\/www.tecdmx.org.mx\/"},{"@type":"ListItem","position":2,"name":"Revoca TECDMX convocatoria para Asamblea P\u00fablica para elecci\u00f3n del Consejo General de los Pueblos en Tlalpan"}]},{"@type":"WebSite","@id":"https:\/\/www.tecdmx.org.mx\/#website","url":"https:\/\/www.tecdmx.org.mx\/","name":"Tribunal Electoral de la Ciudad de M\u00e9xico","description":"25 a\u00f1os garantizando justicia en tu elecci\u00f3n","potentialAction":[{"@type":"SearchAction","target":{"@type":"EntryPoint","urlTemplate":"https:\/\/www.tecdmx.org.mx\/?s={search_term_string}"},"query-input":"required name=search_term_string"}],"inLanguage":"es"},{"@type":"Person","@id":"https:\/\/www.tecdmx.org.mx\/#\/schema\/person\/208c898199fb3234203823c5f0cf31d6","name":"Difusion2025","image":{"@type":"ImageObject","inLanguage":"es","@id":"https:\/\/www.tecdmx.org.mx\/#\/schema\/person\/image\/","url":"https:\/\/secure.gravatar.com\/avatar\/6f7a4ba3acb418040e90a2eb99b5df28?s=96&d=mm&r=g","contentUrl":"https:\/\/secure.gravatar.com\/avatar\/6f7a4ba3acb418040e90a2eb99b5df28?s=96&d=mm&r=g","caption":"Difusion2025"}}]}},"_links":{"self":[{"href":"https:\/\/www.tecdmx.org.mx\/index.php\/wp-json\/wp\/v2\/posts\/15615"}],"collection":[{"href":"https:\/\/www.tecdmx.org.mx\/index.php\/wp-json\/wp\/v2\/posts"}],"about":[{"href":"https:\/\/www.tecdmx.org.mx\/index.php\/wp-json\/wp\/v2\/types\/post"}],"author":[{"embeddable":true,"href":"https:\/\/www.tecdmx.org.mx\/index.php\/wp-json\/wp\/v2\/users\/13"}],"replies":[{"embeddable":true,"href":"https:\/\/www.tecdmx.org.mx\/index.php\/wp-json\/wp\/v2\/comments?post=15615"}],"version-history":[{"count":3,"href":"https:\/\/www.tecdmx.org.mx\/index.php\/wp-json\/wp\/v2\/posts\/15615\/revisions"}],"predecessor-version":[{"id":15619,"href":"https:\/\/www.tecdmx.org.mx\/index.php\/wp-json\/wp\/v2\/posts\/15615\/revisions\/15619"}],"wp:attachment":[{"href":"https:\/\/www.tecdmx.org.mx\/index.php\/wp-json\/wp\/v2\/media?parent=15615"}],"wp:term":[{"taxonomy":"category","embeddable":true,"href":"https:\/\/www.tecdmx.org.mx\/index.php\/wp-json\/wp\/v2\/categories?post=15615"},{"taxonomy":"post_tag","embeddable":true,"href":"https:\/\/www.tecdmx.org.mx\/index.php\/wp-json\/wp\/v2\/tags?post=15615"}],"curies":[{"name":"wp","href":"https:\/\/api.w.org\/{rel}","templated":true}]}}