{"id":15620,"date":"2019-09-30T19:46:20","date_gmt":"2019-09-30T19:46:20","guid":{"rendered":"http:\/\/www2.tecdmx.org.mx\/?p=15620"},"modified":"2019-11-12T19:46:29","modified_gmt":"2019-11-12T19:46:29","slug":"celebra-tecdmx-foro-sobre-justicia-electoral-en-la-ciudad-de-mexico","status":"publish","type":"post","link":"https:\/\/www.tecdmx.org.mx\/index.php\/comunicados\/2019\/09\/30\/celebra-tecdmx-foro-sobre-justicia-electoral-en-la-ciudad-de-mexico\/","title":{"rendered":"Celebra TECDMX Foro sobre Justicia Electoral en la Ciudad de M\u00e9xico"},"content":{"rendered":"\n<p>\u2022 Este Foro busca ser un espacio de reflexi\u00f3n e intercambio de ideas para beneficio de los trabajos del<br>\nTribunal y para la ciudadan\u00eda, afirm\u00f3 el Magistrado Presidente Gustavo Anzaldo Hern\u00e1ndez.<br>\n\u2022 Se enmarca en el 20 Aniversario de la creaci\u00f3n del TECDMX y es tambi\u00e9n un homenaje para el<br>\nMagistrado Armando Hern\u00e1ndez Cruz, quien concluye su encargo el pr\u00f3ximo 6 de octubre.<br>\nComo parte de las actividades encaminadas al fortalecimiento de sus funciones sustantivas y el<br>\nimpulso de la cultura democr\u00e1tica, con la experiencia legislativa, administrativa, jurisdiccional y<br>\ndesde la academia, se llev\u00f3 a cabo la inauguraci\u00f3n del Foro: Justicia Electoral en la Ciudad de M\u00e9xico,<br>\norganizado por el Tribunal Electoral de la Ciudad de M\u00e9xico (TECDMX).<br>\nAl inaugurar los trabajos de este Foro, el Magistrado Presidente del TECDMX, Gustavo Anzaldo<br>\nHern\u00e1ndez, mencion\u00f3 la importancia de analizar los retos y \u00e1reas de oportunidad en materia<br>\npol\u00edtico-electoral con el objeto de fortalecer los trabajos de los Tribunales en aras de impulsar con<br>\nmayor fuerza la cultura democr\u00e1tica.<br>\nAsimismo, expres\u00f3 su agradecimiento al Dr. Armando Hern\u00e1ndez Cruz por el acompa\u00f1amiento que<br>\nha tenido durante su encargo como Magistrado Electoral de la Ciudad de M\u00e9xico.<br>\nAl hacer uso de la voz, la Magistrada Alejandra Ch\u00e1vez Camarena destac\u00f3 la contribuci\u00f3n de este<br>\nForo al impulso de la voluntad pol\u00edtica, entendida como la convicci\u00f3n de respetar y hacer respetar<br>\nla forma democr\u00e1tica de la rep\u00fablica, lo que significa hacer realidad el constante mejoramiento de<br>\nla vida de hombres y mujeres en la Ciudad de M\u00e9xico.<br>\n\u201cLegislar, administrar y juzgar a la luz del principio Pro Personae implica promover una ciudadan\u00eda<br>\nparticipativa y corresponsable de su propio proyecto de vida; incluyente y solidaria, con el objeto<br>\nde esclarecer la conciencia jur\u00eddica de la comunidad pol\u00edtica en favor de la legitimidad democr\u00e1tica<br>\ny la construcci\u00f3n de la ciudadan\u00eda\u201d, afirm\u00f3 la Magistrada Ch\u00e1vez Camarena.<br>\nPosteriormente, al tomar la palabra, el Consejero Jur\u00eddico y de Servicios Legales de la Ciudad de<br>\nM\u00e9xico, H\u00e9ctor Villegas Sandoval, recalc\u00f3 la importancia de tener una instituci\u00f3n aut\u00f3noma, viva y<br>\nparticipativa como el TECDMX. \u201cEs importante tener un instrumento con el que pueda contar la<br>\nciudadan\u00eda; poder tener un tribunal fuerte\u201d.<br>\nPor su parte, el Consejero Presidente del Instituto Electoral de la Ciudad de M\u00e9xico, Mario Vel\u00e1zquez<br>\nMiranda, afirm\u00f3 que la justicia electoral es uno de los temas m\u00e1s relevantes para el ejercicio de los<br>\nderechos pol\u00edtico-electorales de la ciudadan\u00eda, destacando la labor del TECDMX que, a trav\u00e9s de sus<br>\ndebates y di\u00e1logos en el Pleno, ha logrado generar y fomentar la participaci\u00f3n pol\u00edtica de las<br>\nmujeres, as\u00ed como de habitantes de pueblos y barrios originarios de la Ciudad de M\u00e9xico.<br>\n\u201cEstoy seguro que frente a la nueva legislaci\u00f3n, surgir\u00e1n interrogantes, nuevas cuestiones o<br>\nplanteamientos que tendr\u00e1n que ser resueltos por esta instituci\u00f3n electoral. Los principios que<br>\nimpone nuestra legislaci\u00f3n en materia electoral y, particularmente, en materia de participaci\u00f3n<br>\nciudadana, ser\u00e1n gu\u00eda para efecto de dar certeza a una elecci\u00f3n que ser\u00e1 de gran inter\u00e9s para la<br>\nciudadan\u00eda\u201d, expres\u00f3 el Consejero Presidente Vel\u00e1zquez Miranda.<br>\nEl evento cont\u00f3 con la participaci\u00f3n de la Magistrada Martha Leticia Mercado Ram\u00edrez y el<br>\nMagistrado Juan Carlos S\u00e1nchez, as\u00ed como del Diputado Jos\u00e9 Mart\u00edn Padilla, Presidente de la<br>\nComisi\u00f3n de Participaci\u00f3n Ciudadana del Congreso de la Ciudad de M\u00e9xico.<br>\nFinalmente, el Magistrado Presidente hizo entrega de un reconocimiento a nombre del Pleno, al<br>\nMagistrado Armando Hern\u00e1ndez Cruz, quien concluir\u00e1 su encargo como Magistrado del TECDMX el<br>\npr\u00f3ximo 6 de octubre de 2019.<br>\nAl concluir la inauguraci\u00f3n, el Magistrado Armando Hern\u00e1ndez Cruz imparti\u00f3 la Conferencia<br>\nMagistral \u201cPrincipio a favor de la persona (Principio Pro Personae) en la funci\u00f3n electoral\u201d, en la que<br>\ndestac\u00f3 la aplicaci\u00f3n y ejercicio de los derechos humanos en el \u00e1mbito jurisdiccional.<br>\nEl Foro continu\u00f3 con las mesas de trabajo \u201cEvoluci\u00f3n de la legislaci\u00f3n procesal electoral\u201d en la que<br>\nparticiparon el Exmagistrado Presidente de la Sala Superior del TEPJF, Jos\u00e9 Alejandro Luna Ramos;<br>\nel Diputado Jorge Triana Tena, Presidente de la Comisi\u00f3n de Asuntos Pol\u00edtico-Electorales del<br>\nCongreso local; el Exmagistrado del TECDMX, Eduardo Arana Miraval, y la Consejera del IECM<br>\nGabriela Williams Salazar.<br>\nAs\u00ed como la Mesa de Trabajo \u201cControl de Convencionalidad Electoral Local\u201d en la que estuvieron<br>\npresentes el Senador \u00d3scar Eduardo Ram\u00edrez Aguilar, Presidente de la Comisi\u00f3n de Puntos<br>\nConstitucionales; el Magistrado Presidente de la Sala Regional Ciudad de M\u00e9xico del TEPJF, H\u00e9ctor<br>\nRomero Bola\u00f1os, as\u00ed como Francisco Marcos Zorrilla Mateos, Ex Director de la Unidad Especializada<br>\nde Procedimientos Sancionadores TECDMX.<br>\nPara el martes 1 de octubre se tienen programadas las mesas \u201cR\u00e9gimen Sancionador Electoral\u201d, as\u00ed<br>\ncomo \u201cImplementaci\u00f3n de la perspectiva de g\u00e9nero en la justicia electoral local\u201d.<br>\no-O-o<\/p>\n","protected":false},"excerpt":{"rendered":"<p>\u2022 Este Foro busca ser un espacio de reflexi\u00f3n e intercambio de ideas para beneficio de los trabajos del Tribunal y para la ciudadan\u00eda, afirm\u00f3 el Magistrado Presidente Gustavo Anzaldo [&hellip;]<\/p>\n","protected":false},"author":13,"featured_media":0,"comment_status":"open","ping_status":"open","sticky":false,"template":"","format":"standard","meta":{"_acf_changed":false,"_exactmetrics_skip_tracking":false,"_exactmetrics_sitenote_active":false,"_exactmetrics_sitenote_note":"","_exactmetrics_sitenote_category":0,"footnotes":""},"categories":[32],"tags":[],"acf":[],"yoast_head":"<!-- This site is optimized with the Yoast SEO plugin v22.3 - https:\/\/yoast.com\/wordpress\/plugins\/seo\/ -->\n<title>Celebra TECDMX Foro sobre Justicia Electoral en la Ciudad de M\u00e9xico - Tribunal Electoral de la Ciudad de M\u00e9xico<\/title>\n<meta name=\"robots\" content=\"index, follow, max-snippet:-1, max-image-preview:large, max-video-preview:-1\" \/>\n<link rel=\"canonical\" href=\"https:\/\/www.tecdmx.org.mx\/index.php\/comunicados\/2019\/09\/30\/celebra-tecdmx-foro-sobre-justicia-electoral-en-la-ciudad-de-mexico\/\" \/>\n<meta property=\"og:locale\" content=\"es_ES\" \/>\n<meta property=\"og:type\" content=\"article\" \/>\n<meta property=\"og:title\" content=\"Celebra TECDMX Foro sobre Justicia Electoral en la Ciudad de M\u00e9xico - Tribunal Electoral de la Ciudad de M\u00e9xico\" \/>\n<meta property=\"og:description\" content=\"\u2022 Este Foro busca ser un espacio de reflexi\u00f3n e intercambio de ideas para beneficio de los trabajos del Tribunal y para la ciudadan\u00eda, afirm\u00f3 el Magistrado Presidente Gustavo Anzaldo [&hellip;]\" \/>\n<meta property=\"og:url\" content=\"https:\/\/www.tecdmx.org.mx\/index.php\/comunicados\/2019\/09\/30\/celebra-tecdmx-foro-sobre-justicia-electoral-en-la-ciudad-de-mexico\/\" \/>\n<meta property=\"og:site_name\" content=\"Tribunal Electoral de la Ciudad de M\u00e9xico\" \/>\n<meta property=\"article:publisher\" content=\"https:\/\/www.facebook.com\/TECDMX\/\" \/>\n<meta property=\"article:published_time\" content=\"2019-09-30T19:46:20+00:00\" \/>\n<meta property=\"article:modified_time\" content=\"2019-11-12T19:46:29+00:00\" \/>\n<meta name=\"author\" content=\"Difusion2025\" \/>\n<meta name=\"twitter:card\" content=\"summary_large_image\" \/>\n<meta name=\"twitter:creator\" content=\"@tecdmx\" \/>\n<meta name=\"twitter:site\" content=\"@tecdmx\" \/>\n<meta name=\"twitter:label1\" content=\"Escrito por\" \/>\n\t<meta name=\"twitter:data1\" content=\"Difusion2025\" \/>\n\t<meta name=\"twitter:label2\" content=\"Tiempo de lectura\" \/>\n\t<meta name=\"twitter:data2\" content=\"4 minutos\" \/>\n<script type=\"application\/ld+json\" class=\"yoast-schema-graph\">{\"@context\":\"https:\/\/schema.org\",\"@graph\":[{\"@type\":\"WebPage\",\"@id\":\"https:\/\/www.tecdmx.org.mx\/index.php\/comunicados\/2019\/09\/30\/celebra-tecdmx-foro-sobre-justicia-electoral-en-la-ciudad-de-mexico\/\",\"url\":\"https:\/\/www.tecdmx.org.mx\/index.php\/comunicados\/2019\/09\/30\/celebra-tecdmx-foro-sobre-justicia-electoral-en-la-ciudad-de-mexico\/\",\"name\":\"Celebra TECDMX Foro sobre Justicia Electoral en la Ciudad de M\u00e9xico - Tribunal Electoral de la Ciudad de M\u00e9xico\",\"isPartOf\":{\"@id\":\"https:\/\/www.tecdmx.org.mx\/#website\"},\"datePublished\":\"2019-09-30T19:46:20+00:00\",\"dateModified\":\"2019-11-12T19:46:29+00:00\",\"author\":{\"@id\":\"https:\/\/www.tecdmx.org.mx\/#\/schema\/person\/208c898199fb3234203823c5f0cf31d6\"},\"breadcrumb\":{\"@id\":\"https:\/\/www.tecdmx.org.mx\/index.php\/comunicados\/2019\/09\/30\/celebra-tecdmx-foro-sobre-justicia-electoral-en-la-ciudad-de-mexico\/#breadcrumb\"},\"inLanguage\":\"es\",\"potentialAction\":[{\"@type\":\"ReadAction\",\"target\":[\"https:\/\/www.tecdmx.org.mx\/index.php\/comunicados\/2019\/09\/30\/celebra-tecdmx-foro-sobre-justicia-electoral-en-la-ciudad-de-mexico\/\"]}]},{\"@type\":\"BreadcrumbList\",\"@id\":\"https:\/\/www.tecdmx.org.mx\/index.php\/comunicados\/2019\/09\/30\/celebra-tecdmx-foro-sobre-justicia-electoral-en-la-ciudad-de-mexico\/#breadcrumb\",\"itemListElement\":[{\"@type\":\"ListItem\",\"position\":1,\"name\":\"Portada\",\"item\":\"https:\/\/www.tecdmx.org.mx\/\"},{\"@type\":\"ListItem\",\"position\":2,\"name\":\"Celebra TECDMX Foro sobre Justicia Electoral en la Ciudad de M\u00e9xico\"}]},{\"@type\":\"WebSite\",\"@id\":\"https:\/\/www.tecdmx.org.mx\/#website\",\"url\":\"https:\/\/www.tecdmx.org.mx\/\",\"name\":\"Tribunal Electoral de la Ciudad de M\u00e9xico\",\"description\":\"25 a\u00f1os garantizando justicia en tu elecci\u00f3n\",\"potentialAction\":[{\"@type\":\"SearchAction\",\"target\":{\"@type\":\"EntryPoint\",\"urlTemplate\":\"https:\/\/www.tecdmx.org.mx\/?s={search_term_string}\"},\"query-input\":\"required name=search_term_string\"}],\"inLanguage\":\"es\"},{\"@type\":\"Person\",\"@id\":\"https:\/\/www.tecdmx.org.mx\/#\/schema\/person\/208c898199fb3234203823c5f0cf31d6\",\"name\":\"Difusion2025\",\"image\":{\"@type\":\"ImageObject\",\"inLanguage\":\"es\",\"@id\":\"https:\/\/www.tecdmx.org.mx\/#\/schema\/person\/image\/\",\"url\":\"https:\/\/secure.gravatar.com\/avatar\/6f7a4ba3acb418040e90a2eb99b5df28?s=96&d=mm&r=g\",\"contentUrl\":\"https:\/\/secure.gravatar.com\/avatar\/6f7a4ba3acb418040e90a2eb99b5df28?s=96&d=mm&r=g\",\"caption\":\"Difusion2025\"}}]}<\/script>\n<!-- \/ Yoast SEO plugin. -->","yoast_head_json":{"title":"Celebra TECDMX Foro sobre Justicia Electoral en la Ciudad de M\u00e9xico - Tribunal Electoral de la Ciudad de M\u00e9xico","robots":{"index":"index","follow":"follow","max-snippet":"max-snippet:-1","max-image-preview":"max-image-preview:large","max-video-preview":"max-video-preview:-1"},"canonical":"https:\/\/www.tecdmx.org.mx\/index.php\/comunicados\/2019\/09\/30\/celebra-tecdmx-foro-sobre-justicia-electoral-en-la-ciudad-de-mexico\/","og_locale":"es_ES","og_type":"article","og_title":"Celebra TECDMX Foro sobre Justicia Electoral en la Ciudad de M\u00e9xico - Tribunal Electoral de la Ciudad de M\u00e9xico","og_description":"\u2022 Este Foro busca ser un espacio de reflexi\u00f3n e intercambio de ideas para beneficio de los trabajos del Tribunal y para la ciudadan\u00eda, afirm\u00f3 el Magistrado Presidente Gustavo Anzaldo [&hellip;]","og_url":"https:\/\/www.tecdmx.org.mx\/index.php\/comunicados\/2019\/09\/30\/celebra-tecdmx-foro-sobre-justicia-electoral-en-la-ciudad-de-mexico\/","og_site_name":"Tribunal Electoral de la Ciudad de M\u00e9xico","article_publisher":"https:\/\/www.facebook.com\/TECDMX\/","article_published_time":"2019-09-30T19:46:20+00:00","article_modified_time":"2019-11-12T19:46:29+00:00","author":"Difusion2025","twitter_card":"summary_large_image","twitter_creator":"@tecdmx","twitter_site":"@tecdmx","twitter_misc":{"Escrito por":"Difusion2025","Tiempo de lectura":"4 minutos"},"schema":{"@context":"https:\/\/schema.org","@graph":[{"@type":"WebPage","@id":"https:\/\/www.tecdmx.org.mx\/index.php\/comunicados\/2019\/09\/30\/celebra-tecdmx-foro-sobre-justicia-electoral-en-la-ciudad-de-mexico\/","url":"https:\/\/www.tecdmx.org.mx\/index.php\/comunicados\/2019\/09\/30\/celebra-tecdmx-foro-sobre-justicia-electoral-en-la-ciudad-de-mexico\/","name":"Celebra TECDMX Foro sobre Justicia Electoral en la Ciudad de M\u00e9xico - Tribunal Electoral de la Ciudad de M\u00e9xico","isPartOf":{"@id":"https:\/\/www.tecdmx.org.mx\/#website"},"datePublished":"2019-09-30T19:46:20+00:00","dateModified":"2019-11-12T19:46:29+00:00","author":{"@id":"https:\/\/www.tecdmx.org.mx\/#\/schema\/person\/208c898199fb3234203823c5f0cf31d6"},"breadcrumb":{"@id":"https:\/\/www.tecdmx.org.mx\/index.php\/comunicados\/2019\/09\/30\/celebra-tecdmx-foro-sobre-justicia-electoral-en-la-ciudad-de-mexico\/#breadcrumb"},"inLanguage":"es","potentialAction":[{"@type":"ReadAction","target":["https:\/\/www.tecdmx.org.mx\/index.php\/comunicados\/2019\/09\/30\/celebra-tecdmx-foro-sobre-justicia-electoral-en-la-ciudad-de-mexico\/"]}]},{"@type":"BreadcrumbList","@id":"https:\/\/www.tecdmx.org.mx\/index.php\/comunicados\/2019\/09\/30\/celebra-tecdmx-foro-sobre-justicia-electoral-en-la-ciudad-de-mexico\/#breadcrumb","itemListElement":[{"@type":"ListItem","position":1,"name":"Portada","item":"https:\/\/www.tecdmx.org.mx\/"},{"@type":"ListItem","position":2,"name":"Celebra TECDMX Foro sobre Justicia Electoral en la Ciudad de M\u00e9xico"}]},{"@type":"WebSite","@id":"https:\/\/www.tecdmx.org.mx\/#website","url":"https:\/\/www.tecdmx.org.mx\/","name":"Tribunal Electoral de la Ciudad de M\u00e9xico","description":"25 a\u00f1os garantizando justicia en tu elecci\u00f3n","potentialAction":[{"@type":"SearchAction","target":{"@type":"EntryPoint","urlTemplate":"https:\/\/www.tecdmx.org.mx\/?s={search_term_string}"},"query-input":"required name=search_term_string"}],"inLanguage":"es"},{"@type":"Person","@id":"https:\/\/www.tecdmx.org.mx\/#\/schema\/person\/208c898199fb3234203823c5f0cf31d6","name":"Difusion2025","image":{"@type":"ImageObject","inLanguage":"es","@id":"https:\/\/www.tecdmx.org.mx\/#\/schema\/person\/image\/","url":"https:\/\/secure.gravatar.com\/avatar\/6f7a4ba3acb418040e90a2eb99b5df28?s=96&d=mm&r=g","contentUrl":"https:\/\/secure.gravatar.com\/avatar\/6f7a4ba3acb418040e90a2eb99b5df28?s=96&d=mm&r=g","caption":"Difusion2025"}}]}},"_links":{"self":[{"href":"https:\/\/www.tecdmx.org.mx\/index.php\/wp-json\/wp\/v2\/posts\/15620"}],"collection":[{"href":"https:\/\/www.tecdmx.org.mx\/index.php\/wp-json\/wp\/v2\/posts"}],"about":[{"href":"https:\/\/www.tecdmx.org.mx\/index.php\/wp-json\/wp\/v2\/types\/post"}],"author":[{"embeddable":true,"href":"https:\/\/www.tecdmx.org.mx\/index.php\/wp-json\/wp\/v2\/users\/13"}],"replies":[{"embeddable":true,"href":"https:\/\/www.tecdmx.org.mx\/index.php\/wp-json\/wp\/v2\/comments?post=15620"}],"version-history":[{"count":3,"href":"https:\/\/www.tecdmx.org.mx\/index.php\/wp-json\/wp\/v2\/posts\/15620\/revisions"}],"predecessor-version":[{"id":15624,"href":"https:\/\/www.tecdmx.org.mx\/index.php\/wp-json\/wp\/v2\/posts\/15620\/revisions\/15624"}],"wp:attachment":[{"href":"https:\/\/www.tecdmx.org.mx\/index.php\/wp-json\/wp\/v2\/media?parent=15620"}],"wp:term":[{"taxonomy":"category","embeddable":true,"href":"https:\/\/www.tecdmx.org.mx\/index.php\/wp-json\/wp\/v2\/categories?post=15620"},{"taxonomy":"post_tag","embeddable":true,"href":"https:\/\/www.tecdmx.org.mx\/index.php\/wp-json\/wp\/v2\/tags?post=15620"}],"curies":[{"name":"wp","href":"https:\/\/api.w.org\/{rel}","templated":true}]}}