{"id":15636,"date":"2019-10-01T19:49:01","date_gmt":"2019-10-01T19:49:01","guid":{"rendered":"http:\/\/www2.tecdmx.org.mx\/?p=15636"},"modified":"2019-11-12T19:49:09","modified_gmt":"2019-11-12T19:49:09","slug":"dialogan-expertos-sobre-implementacion-de-perspectiva-de-genero-en-la-justicia-local","status":"publish","type":"post","link":"https:\/\/www.tecdmx.org.mx\/index.php\/comunicados\/2019\/10\/01\/dialogan-expertos-sobre-implementacion-de-perspectiva-de-genero-en-la-justicia-local\/","title":{"rendered":"Dialogan expertos sobre implementaci\u00f3n de perspectiva de g\u00e9nero en la justicia local"},"content":{"rendered":"\n<p>\u2022 La mesa fue moderada por Iris Gonz\u00e1lez V\u00e1zquez, titular de la Coordinaci\u00f3n de Derechos Humanos y<br>\nG\u00e9nero.<br>\n\u2022 El Magistrado Presidente, Gustavo Anzaldo Hern\u00e1ndez, fungi\u00f3 como relator de la mesa.<br>\n\u2022 El evento fue clausurado por el Magistrado Armando Hern\u00e1ndez Cruz.<br>\nEn el marco de los trabajos del Foro \u201cJusticia Electoral en la Ciudad de M\u00e9xico\u201d organizado por el<br>\nTribunal Electoral de la Ciudad de M\u00e9xico (TECDMX), se celebr\u00f3 la cuarta y \u00faltima mesa de trabajo<br>\nen el que personas expertas en la materia electoral analizaron el tema relativo a la Implementaci\u00f3n<br>\nde la Perspectiva de G\u00e9nero en la Justicia Electoral Local.<br>\nEl Magistrado Presidente, Gustavo Anzaldo Hern\u00e1ndez, afirm\u00f3 que uno de los retos que tienen las<br>\nautoridades electorales es la preparaci\u00f3n que deben tomar para afrontar las resoluciones y mejorar<br>\nlos procesos electorales, entre ellos el mejoramiento del marco normativo.<br>\n\u201cConceptos que se han ido desarrollando como el de violencia pol\u00edtica de g\u00e9nero tienen un<br>\ncomponente ideol\u00f3gico, te\u00f3rico y un avance en el desarrollo en la l\u00ednea argumentativa que han<br>\nestablecido los tribunales v\u00eda de interpretaci\u00f3n, pero si nosotros revisamos la normativa nos vamos<br>\na dar cuenta que no hay una correspondencia exacta y, a veces partimos de premisas equivocadas<br>\nporque damos por un hecho que la violencia pol\u00edtica contra las mujeres tiene una regulaci\u00f3n<br>\nacabada y que entonces es obligatorio hacer la aplicaci\u00f3n y deducimos algunas consecuencias, que<br>\nlamentablemente no est\u00e1n previstas en la norma\u201d, expres\u00f3 el Magistrado Presidente Anzaldo<br>\nHern\u00e1ndez.<br>\nAl hacer uso de la voz, la Magistrada de la Sala Regional Ciudad de M\u00e9xico, Mar\u00eda Silva Rojas,<br>\npresent\u00f3 diversos ejemplos de la implementaci\u00f3n de la perspectiva de g\u00e9nero realizada por parte<br>\nde los tribunales locales de la Cuarta Circunscripci\u00f3n Electoral, destacando la elecci\u00f3n de Alcald\u00edas <br>\ny Concejal\u00edas en la Ciudad de M\u00e9xico en la que el TECDMX resolvi\u00f3 con perspectiva de g\u00e9nero y<br>\nmantuvo en una demarcaci\u00f3n m\u00e1s mujeres que hombres ocupando el cargo de Concejala.<br>\nAl preguntar sobre la importancia de que los tribunales locales implementen la perspectiva de<br>\ng\u00e9nero, la Magistrada Silva Rojas afirm\u00f3 que \u201cson la primera puerta de acceso;son quienes conocen<br>\nel contexto en el que vive la sociedad cuyos asuntos est\u00e1n en controversia y est\u00e1n dirimiendo; y<br>\nadem\u00e1s porque el porcentaje de sentencias de tribunales electorales locales impugnadas ante<br>\ninstancias federales es baj\u00edsimo\u201d.<br>\nPor su parte, la Magistrada de la Sala Regional Guadalajara y ex Magistrada del TECDMX, Gabriela<br>\ndel Valle P\u00e9rez, afirm\u00f3 que la implementaci\u00f3n de la perspectiva de g\u00e9nero en la justicia electoral<br>\nlocal coadyuva a la construcci\u00f3n de un estado respetuoso de la democracia y los derechos humanos.<br>\nLa Magistrada Del Valle P\u00e9rez consider\u00f3 algunos puntos a trabajar de manera conjunta, resaltando<br>\nque \u201cnuestras acciones futuras deben estar encaminadas a hacer efectiva la reforma de paridad de<br>\n2019, el tema de la integraci\u00f3n de n\u00fameros impares, la violencia pol\u00edtica de g\u00e9nero y el<br>\nfinanciamiento otorgado a candidatas\u201d, las cuales podr\u00edan ser incluidas como acciones afirmativas.<br>\nDurante su participaci\u00f3n, Clicerio Coello Garc\u00e9s, Coordinador Normativo del PHAE, reflexion\u00f3 sobre<br>\nel Constitucionalismo Transformador y los cambios que se deben realizar en Am\u00e9rica Latina para<br>\nlograr avances en materia de derechos humanos, paridad de g\u00e9nero y, en general, mejorar<br>\ncondiciones para transformar realidades.<br>\n\u201cMuchos sectores de la poblaci\u00f3n siguen hoy excluidos de una serie de beneficios, en donde est\u00e1 la<br>\nposibilidad de ejercer sus derechos pol\u00edticos en plenitud. A d\u00eda de hoy, sectores est\u00e1n excluidos de<br>\nuna participaci\u00f3n pol\u00edtica eficaz, vemos como personas con discapacidad, personas privadas de su<br>\nlibertad, personas en situaci\u00f3n de calle, en el \u00e1mbito ind\u00edgena y comunitario siguen barreras para la<br>\nparticipaci\u00f3n pol\u00edtica de las mujeres\u201d advirti\u00f3 Coello Garc\u00e9s.<br>\nPara cerrar la mesa, Jes\u00fas Anl\u00e9n Alem\u00e1n, Magistrado del Tribunal de Justicia Administrativa de la<br>\nCiudad de M\u00e9xico, y quien fungi\u00f3 como relator de la mesa, consider\u00f3 fundamental buscar hacer <br>\nresoluciones m\u00e1s accesibles, con menos formalismos, para que la gente pueda entenderlas y poder<br>\ntener una justicia m\u00e1s cercana con la ciudadan\u00eda.<br>\nEl Magistrado Armando Hern\u00e1ndez Cruz, quien concluye el pr\u00f3ximo 6 de octubre su encargo como<br>\nMagistrado, clausur\u00f3 los trabajos de este Foro resaltando la importancia del Tribunal Electoral de la<br>\nCiudad de M\u00e9xico como un ente difusor de la cultura c\u00edvica democr\u00e1tica y la protecci\u00f3n de los<br>\nderechos pol\u00edtico-electorales de la ciudadan\u00eda.<br>\n\u201cEsta actividad acad\u00e9mica pone al Tribunal Electoral en la vanguardia del di\u00e1logo judicial que<br>\ntenemos con la sociedad, el di\u00e1logo judicial que tenemos con otras instancias y tribunales. Este tipo<br>\nde eventos nos permite a todas las personas servidoras p\u00fablicas del Tribunal reflexionar sobre los<br>\ncriterios judiciales de aplicaci\u00f3n cotidiana y las distintas visiones que hay sobre las materia\u201d,<br>\nconcluy\u00f3 el Magistrado Hern\u00e1ndez Cruz.<br>\no-O-o<\/p>\n","protected":false},"excerpt":{"rendered":"<p>\u2022 La mesa fue moderada por Iris Gonz\u00e1lez V\u00e1zquez, titular de la Coordinaci\u00f3n de Derechos Humanos y G\u00e9nero. \u2022 El Magistrado Presidente, Gustavo Anzaldo Hern\u00e1ndez, fungi\u00f3 como relator de la [&hellip;]<\/p>\n","protected":false},"author":13,"featured_media":0,"comment_status":"open","ping_status":"open","sticky":false,"template":"","format":"standard","meta":{"_acf_changed":false,"_exactmetrics_skip_tracking":false,"_exactmetrics_sitenote_active":false,"_exactmetrics_sitenote_note":"","_exactmetrics_sitenote_category":0,"footnotes":""},"categories":[32],"tags":[],"acf":[],"yoast_head":"<!-- This site is optimized with the Yoast SEO plugin v22.3 - https:\/\/yoast.com\/wordpress\/plugins\/seo\/ -->\n<title>Dialogan expertos sobre implementaci\u00f3n de perspectiva de g\u00e9nero en la justicia local - Tribunal Electoral de la Ciudad de M\u00e9xico<\/title>\n<meta name=\"robots\" content=\"index, follow, max-snippet:-1, max-image-preview:large, max-video-preview:-1\" \/>\n<link rel=\"canonical\" href=\"https:\/\/www.tecdmx.org.mx\/index.php\/comunicados\/2019\/10\/01\/dialogan-expertos-sobre-implementacion-de-perspectiva-de-genero-en-la-justicia-local\/\" \/>\n<meta property=\"og:locale\" content=\"es_ES\" \/>\n<meta property=\"og:type\" content=\"article\" \/>\n<meta property=\"og:title\" content=\"Dialogan expertos sobre implementaci\u00f3n de perspectiva de g\u00e9nero en la justicia local - Tribunal Electoral de la Ciudad de M\u00e9xico\" \/>\n<meta property=\"og:description\" content=\"\u2022 La mesa fue moderada por Iris Gonz\u00e1lez V\u00e1zquez, titular de la Coordinaci\u00f3n de Derechos Humanos y G\u00e9nero. \u2022 El Magistrado Presidente, Gustavo Anzaldo Hern\u00e1ndez, fungi\u00f3 como relator de la [&hellip;]\" \/>\n<meta property=\"og:url\" content=\"https:\/\/www.tecdmx.org.mx\/index.php\/comunicados\/2019\/10\/01\/dialogan-expertos-sobre-implementacion-de-perspectiva-de-genero-en-la-justicia-local\/\" \/>\n<meta property=\"og:site_name\" content=\"Tribunal Electoral de la Ciudad de M\u00e9xico\" \/>\n<meta property=\"article:publisher\" content=\"https:\/\/www.facebook.com\/TECDMX\/\" \/>\n<meta property=\"article:published_time\" content=\"2019-10-01T19:49:01+00:00\" \/>\n<meta property=\"article:modified_time\" content=\"2019-11-12T19:49:09+00:00\" \/>\n<meta name=\"author\" content=\"Difusion2025\" \/>\n<meta name=\"twitter:card\" content=\"summary_large_image\" \/>\n<meta name=\"twitter:creator\" content=\"@tecdmx\" \/>\n<meta name=\"twitter:site\" content=\"@tecdmx\" \/>\n<meta name=\"twitter:label1\" content=\"Escrito por\" \/>\n\t<meta name=\"twitter:data1\" content=\"Difusion2025\" \/>\n\t<meta name=\"twitter:label2\" content=\"Tiempo de lectura\" \/>\n\t<meta name=\"twitter:data2\" content=\"4 minutos\" \/>\n<script type=\"application\/ld+json\" class=\"yoast-schema-graph\">{\"@context\":\"https:\/\/schema.org\",\"@graph\":[{\"@type\":\"WebPage\",\"@id\":\"https:\/\/www.tecdmx.org.mx\/index.php\/comunicados\/2019\/10\/01\/dialogan-expertos-sobre-implementacion-de-perspectiva-de-genero-en-la-justicia-local\/\",\"url\":\"https:\/\/www.tecdmx.org.mx\/index.php\/comunicados\/2019\/10\/01\/dialogan-expertos-sobre-implementacion-de-perspectiva-de-genero-en-la-justicia-local\/\",\"name\":\"Dialogan expertos sobre implementaci\u00f3n de perspectiva de g\u00e9nero en la justicia local - Tribunal Electoral de la Ciudad de M\u00e9xico\",\"isPartOf\":{\"@id\":\"https:\/\/www.tecdmx.org.mx\/#website\"},\"datePublished\":\"2019-10-01T19:49:01+00:00\",\"dateModified\":\"2019-11-12T19:49:09+00:00\",\"author\":{\"@id\":\"https:\/\/www.tecdmx.org.mx\/#\/schema\/person\/208c898199fb3234203823c5f0cf31d6\"},\"breadcrumb\":{\"@id\":\"https:\/\/www.tecdmx.org.mx\/index.php\/comunicados\/2019\/10\/01\/dialogan-expertos-sobre-implementacion-de-perspectiva-de-genero-en-la-justicia-local\/#breadcrumb\"},\"inLanguage\":\"es\",\"potentialAction\":[{\"@type\":\"ReadAction\",\"target\":[\"https:\/\/www.tecdmx.org.mx\/index.php\/comunicados\/2019\/10\/01\/dialogan-expertos-sobre-implementacion-de-perspectiva-de-genero-en-la-justicia-local\/\"]}]},{\"@type\":\"BreadcrumbList\",\"@id\":\"https:\/\/www.tecdmx.org.mx\/index.php\/comunicados\/2019\/10\/01\/dialogan-expertos-sobre-implementacion-de-perspectiva-de-genero-en-la-justicia-local\/#breadcrumb\",\"itemListElement\":[{\"@type\":\"ListItem\",\"position\":1,\"name\":\"Portada\",\"item\":\"https:\/\/www.tecdmx.org.mx\/\"},{\"@type\":\"ListItem\",\"position\":2,\"name\":\"Dialogan expertos sobre implementaci\u00f3n de perspectiva de g\u00e9nero en la justicia local\"}]},{\"@type\":\"WebSite\",\"@id\":\"https:\/\/www.tecdmx.org.mx\/#website\",\"url\":\"https:\/\/www.tecdmx.org.mx\/\",\"name\":\"Tribunal Electoral de la Ciudad de M\u00e9xico\",\"description\":\"25 a\u00f1os garantizando justicia en tu elecci\u00f3n\",\"potentialAction\":[{\"@type\":\"SearchAction\",\"target\":{\"@type\":\"EntryPoint\",\"urlTemplate\":\"https:\/\/www.tecdmx.org.mx\/?s={search_term_string}\"},\"query-input\":\"required name=search_term_string\"}],\"inLanguage\":\"es\"},{\"@type\":\"Person\",\"@id\":\"https:\/\/www.tecdmx.org.mx\/#\/schema\/person\/208c898199fb3234203823c5f0cf31d6\",\"name\":\"Difusion2025\",\"image\":{\"@type\":\"ImageObject\",\"inLanguage\":\"es\",\"@id\":\"https:\/\/www.tecdmx.org.mx\/#\/schema\/person\/image\/\",\"url\":\"https:\/\/secure.gravatar.com\/avatar\/6f7a4ba3acb418040e90a2eb99b5df28?s=96&d=mm&r=g\",\"contentUrl\":\"https:\/\/secure.gravatar.com\/avatar\/6f7a4ba3acb418040e90a2eb99b5df28?s=96&d=mm&r=g\",\"caption\":\"Difusion2025\"}}]}<\/script>\n<!-- \/ Yoast SEO plugin. -->","yoast_head_json":{"title":"Dialogan expertos sobre implementaci\u00f3n de perspectiva de g\u00e9nero en la justicia local - Tribunal Electoral de la Ciudad de M\u00e9xico","robots":{"index":"index","follow":"follow","max-snippet":"max-snippet:-1","max-image-preview":"max-image-preview:large","max-video-preview":"max-video-preview:-1"},"canonical":"https:\/\/www.tecdmx.org.mx\/index.php\/comunicados\/2019\/10\/01\/dialogan-expertos-sobre-implementacion-de-perspectiva-de-genero-en-la-justicia-local\/","og_locale":"es_ES","og_type":"article","og_title":"Dialogan expertos sobre implementaci\u00f3n de perspectiva de g\u00e9nero en la justicia local - Tribunal Electoral de la Ciudad de M\u00e9xico","og_description":"\u2022 La mesa fue moderada por Iris Gonz\u00e1lez V\u00e1zquez, titular de la Coordinaci\u00f3n de Derechos Humanos y G\u00e9nero. \u2022 El Magistrado Presidente, Gustavo Anzaldo Hern\u00e1ndez, fungi\u00f3 como relator de la [&hellip;]","og_url":"https:\/\/www.tecdmx.org.mx\/index.php\/comunicados\/2019\/10\/01\/dialogan-expertos-sobre-implementacion-de-perspectiva-de-genero-en-la-justicia-local\/","og_site_name":"Tribunal Electoral de la Ciudad de M\u00e9xico","article_publisher":"https:\/\/www.facebook.com\/TECDMX\/","article_published_time":"2019-10-01T19:49:01+00:00","article_modified_time":"2019-11-12T19:49:09+00:00","author":"Difusion2025","twitter_card":"summary_large_image","twitter_creator":"@tecdmx","twitter_site":"@tecdmx","twitter_misc":{"Escrito por":"Difusion2025","Tiempo de lectura":"4 minutos"},"schema":{"@context":"https:\/\/schema.org","@graph":[{"@type":"WebPage","@id":"https:\/\/www.tecdmx.org.mx\/index.php\/comunicados\/2019\/10\/01\/dialogan-expertos-sobre-implementacion-de-perspectiva-de-genero-en-la-justicia-local\/","url":"https:\/\/www.tecdmx.org.mx\/index.php\/comunicados\/2019\/10\/01\/dialogan-expertos-sobre-implementacion-de-perspectiva-de-genero-en-la-justicia-local\/","name":"Dialogan expertos sobre implementaci\u00f3n de perspectiva de g\u00e9nero en la justicia local - Tribunal Electoral de la Ciudad de M\u00e9xico","isPartOf":{"@id":"https:\/\/www.tecdmx.org.mx\/#website"},"datePublished":"2019-10-01T19:49:01+00:00","dateModified":"2019-11-12T19:49:09+00:00","author":{"@id":"https:\/\/www.tecdmx.org.mx\/#\/schema\/person\/208c898199fb3234203823c5f0cf31d6"},"breadcrumb":{"@id":"https:\/\/www.tecdmx.org.mx\/index.php\/comunicados\/2019\/10\/01\/dialogan-expertos-sobre-implementacion-de-perspectiva-de-genero-en-la-justicia-local\/#breadcrumb"},"inLanguage":"es","potentialAction":[{"@type":"ReadAction","target":["https:\/\/www.tecdmx.org.mx\/index.php\/comunicados\/2019\/10\/01\/dialogan-expertos-sobre-implementacion-de-perspectiva-de-genero-en-la-justicia-local\/"]}]},{"@type":"BreadcrumbList","@id":"https:\/\/www.tecdmx.org.mx\/index.php\/comunicados\/2019\/10\/01\/dialogan-expertos-sobre-implementacion-de-perspectiva-de-genero-en-la-justicia-local\/#breadcrumb","itemListElement":[{"@type":"ListItem","position":1,"name":"Portada","item":"https:\/\/www.tecdmx.org.mx\/"},{"@type":"ListItem","position":2,"name":"Dialogan expertos sobre implementaci\u00f3n de perspectiva de g\u00e9nero en la justicia local"}]},{"@type":"WebSite","@id":"https:\/\/www.tecdmx.org.mx\/#website","url":"https:\/\/www.tecdmx.org.mx\/","name":"Tribunal Electoral de la Ciudad de M\u00e9xico","description":"25 a\u00f1os garantizando justicia en tu elecci\u00f3n","potentialAction":[{"@type":"SearchAction","target":{"@type":"EntryPoint","urlTemplate":"https:\/\/www.tecdmx.org.mx\/?s={search_term_string}"},"query-input":"required name=search_term_string"}],"inLanguage":"es"},{"@type":"Person","@id":"https:\/\/www.tecdmx.org.mx\/#\/schema\/person\/208c898199fb3234203823c5f0cf31d6","name":"Difusion2025","image":{"@type":"ImageObject","inLanguage":"es","@id":"https:\/\/www.tecdmx.org.mx\/#\/schema\/person\/image\/","url":"https:\/\/secure.gravatar.com\/avatar\/6f7a4ba3acb418040e90a2eb99b5df28?s=96&d=mm&r=g","contentUrl":"https:\/\/secure.gravatar.com\/avatar\/6f7a4ba3acb418040e90a2eb99b5df28?s=96&d=mm&r=g","caption":"Difusion2025"}}]}},"_links":{"self":[{"href":"https:\/\/www.tecdmx.org.mx\/index.php\/wp-json\/wp\/v2\/posts\/15636"}],"collection":[{"href":"https:\/\/www.tecdmx.org.mx\/index.php\/wp-json\/wp\/v2\/posts"}],"about":[{"href":"https:\/\/www.tecdmx.org.mx\/index.php\/wp-json\/wp\/v2\/types\/post"}],"author":[{"embeddable":true,"href":"https:\/\/www.tecdmx.org.mx\/index.php\/wp-json\/wp\/v2\/users\/13"}],"replies":[{"embeddable":true,"href":"https:\/\/www.tecdmx.org.mx\/index.php\/wp-json\/wp\/v2\/comments?post=15636"}],"version-history":[{"count":3,"href":"https:\/\/www.tecdmx.org.mx\/index.php\/wp-json\/wp\/v2\/posts\/15636\/revisions"}],"predecessor-version":[{"id":15640,"href":"https:\/\/www.tecdmx.org.mx\/index.php\/wp-json\/wp\/v2\/posts\/15636\/revisions\/15640"}],"wp:attachment":[{"href":"https:\/\/www.tecdmx.org.mx\/index.php\/wp-json\/wp\/v2\/media?parent=15636"}],"wp:term":[{"taxonomy":"category","embeddable":true,"href":"https:\/\/www.tecdmx.org.mx\/index.php\/wp-json\/wp\/v2\/categories?post=15636"},{"taxonomy":"post_tag","embeddable":true,"href":"https:\/\/www.tecdmx.org.mx\/index.php\/wp-json\/wp\/v2\/tags?post=15636"}],"curies":[{"name":"wp","href":"https:\/\/api.w.org\/{rel}","templated":true}]}}