{"id":15652,"date":"2019-10-08T19:51:57","date_gmt":"2019-10-08T19:51:57","guid":{"rendered":"http:\/\/www2.tecdmx.org.mx\/?p=15652"},"modified":"2019-11-12T19:52:07","modified_gmt":"2019-11-12T19:52:07","slug":"confirma-tecdmx-resolucion-de-comision-de-justicia-del-consejo-nacional-del-partido-accion-nacional","status":"publish","type":"post","link":"https:\/\/www.tecdmx.org.mx\/index.php\/comunicados\/2019\/10\/08\/confirma-tecdmx-resolucion-de-comision-de-justicia-del-consejo-nacional-del-partido-accion-nacional\/","title":{"rendered":"Confirma TECDMX resoluci\u00f3n de Comisi\u00f3n de Justicia del Consejo Nacional del Partido Acci\u00f3n Nacional"},"content":{"rendered":"\n<p>\u2022 La parte actora controvert\u00eda la resoluci\u00f3n en la que no se le acredit\u00f3 su calidad de militante desde<br>\n2016.<br>\n\u2022 Se desech\u00f3 un juicio relativo a la convocatoria para elecci\u00f3n de la persona Coordinadora de Enlace<br>\nTerritorial en el Pueblo de San Pedro Atocpan, Milpa Alta.<br>\nEl Pleno del Tribunal Electoral de la Ciudad de M\u00e9xico (TECDMX) celebr\u00f3 Sesi\u00f3n P\u00fablica en la que<br>\nresolvieron dos Juicios para la Protecci\u00f3n de los Derechos Pol\u00edtico-Electorales de la Ciudadan\u00eda (JLDC).<br>\nAl resolver el juicio TECDMX-JLDC-1356\/2019, promovido por Mar\u00eda Alejandra Reyes, en contra de la<br>\nresoluci\u00f3n de la Comisi\u00f3n de Justicia del Consejo Nacional del Partido Acci\u00f3n Nacional en el Juicio de<br>\nInconformidad 89 de este a\u00f1o, a trav\u00e9s de la cual no se acredit\u00f3 su calidad de militante desde el 2016;<br>\nlas Magistradas y Magistrados resolvieron confirmar dicha resoluci\u00f3n al considerar los agravios<br>\npresentados por la parte actora como infundados, toda vez que la Comisi\u00f3n responsable act\u00fao dentro<br>\ndel marco normativo que rige su actuaci\u00f3n, ya que bas\u00f3 su determinaci\u00f3n en el procedimiento<br>\nintegral de afiliaci\u00f3n previamente establecido en la normativa interna del partido.<br>\nFinalmente, respecto al juicio TECDMX-JLDC-1358\/2019, promovido por Ver\u00f3nica Cabello Cruz y<br>\notras personas en el que controvert\u00edan la convocatoria para elegir a la persona Coordinadora de<br>\nEnlace Territorial para el periodo 2019-2022 en el Pueblo de San Pedro Atocpan, de la Demarcaci\u00f3n<br>\nMilpa Alta; las Magistraturas integrantes del Pleno determinaron desechar de plano la demanda al<br>\nhaber sido presentada de forma extempor\u00e1nea.<br>\no-O-o<\/p>\n\n\n\n<ul><li>Los criterios para las resoluciones de este Pleno son coincidentes.<\/li><\/ul>\n","protected":false},"excerpt":{"rendered":"<p>\u2022 La parte actora controvert\u00eda la resoluci\u00f3n en la que no se le acredit\u00f3 su calidad de militante desde 2016. \u2022 Se desech\u00f3 un juicio relativo a la convocatoria para [&hellip;]<\/p>\n","protected":false},"author":13,"featured_media":0,"comment_status":"open","ping_status":"open","sticky":false,"template":"","format":"standard","meta":{"_acf_changed":false,"_exactmetrics_skip_tracking":false,"_exactmetrics_sitenote_active":false,"_exactmetrics_sitenote_note":"","_exactmetrics_sitenote_category":0,"footnotes":""},"categories":[32],"tags":[],"acf":[],"yoast_head":"<!-- This site is optimized with the Yoast SEO plugin v22.3 - https:\/\/yoast.com\/wordpress\/plugins\/seo\/ -->\n<title>Confirma TECDMX resoluci\u00f3n de Comisi\u00f3n de Justicia del Consejo Nacional del Partido Acci\u00f3n Nacional - Tribunal Electoral de la Ciudad de M\u00e9xico<\/title>\n<meta name=\"robots\" content=\"index, follow, max-snippet:-1, max-image-preview:large, max-video-preview:-1\" \/>\n<link rel=\"canonical\" href=\"https:\/\/www.tecdmx.org.mx\/index.php\/comunicados\/2019\/10\/08\/confirma-tecdmx-resolucion-de-comision-de-justicia-del-consejo-nacional-del-partido-accion-nacional\/\" \/>\n<meta property=\"og:locale\" content=\"es_ES\" \/>\n<meta property=\"og:type\" content=\"article\" \/>\n<meta property=\"og:title\" content=\"Confirma TECDMX resoluci\u00f3n de Comisi\u00f3n de Justicia del Consejo Nacional del Partido Acci\u00f3n Nacional - Tribunal Electoral de la Ciudad de M\u00e9xico\" \/>\n<meta property=\"og:description\" content=\"\u2022 La parte actora controvert\u00eda la resoluci\u00f3n en la que no se le acredit\u00f3 su calidad de militante desde 2016. \u2022 Se desech\u00f3 un juicio relativo a la convocatoria para [&hellip;]\" \/>\n<meta property=\"og:url\" content=\"https:\/\/www.tecdmx.org.mx\/index.php\/comunicados\/2019\/10\/08\/confirma-tecdmx-resolucion-de-comision-de-justicia-del-consejo-nacional-del-partido-accion-nacional\/\" \/>\n<meta property=\"og:site_name\" content=\"Tribunal Electoral de la Ciudad de M\u00e9xico\" \/>\n<meta property=\"article:publisher\" content=\"https:\/\/www.facebook.com\/TECDMX\/\" \/>\n<meta property=\"article:published_time\" content=\"2019-10-08T19:51:57+00:00\" \/>\n<meta property=\"article:modified_time\" content=\"2019-11-12T19:52:07+00:00\" \/>\n<meta name=\"author\" content=\"Difusion2025\" \/>\n<meta name=\"twitter:card\" content=\"summary_large_image\" \/>\n<meta name=\"twitter:creator\" content=\"@tecdmx\" \/>\n<meta name=\"twitter:site\" content=\"@tecdmx\" \/>\n<meta name=\"twitter:label1\" content=\"Escrito por\" \/>\n\t<meta name=\"twitter:data1\" content=\"Difusion2025\" \/>\n\t<meta name=\"twitter:label2\" content=\"Tiempo de lectura\" \/>\n\t<meta name=\"twitter:data2\" content=\"1 minuto\" \/>\n<script type=\"application\/ld+json\" class=\"yoast-schema-graph\">{\"@context\":\"https:\/\/schema.org\",\"@graph\":[{\"@type\":\"WebPage\",\"@id\":\"https:\/\/www.tecdmx.org.mx\/index.php\/comunicados\/2019\/10\/08\/confirma-tecdmx-resolucion-de-comision-de-justicia-del-consejo-nacional-del-partido-accion-nacional\/\",\"url\":\"https:\/\/www.tecdmx.org.mx\/index.php\/comunicados\/2019\/10\/08\/confirma-tecdmx-resolucion-de-comision-de-justicia-del-consejo-nacional-del-partido-accion-nacional\/\",\"name\":\"Confirma TECDMX resoluci\u00f3n de Comisi\u00f3n de Justicia del Consejo Nacional del Partido Acci\u00f3n Nacional - Tribunal Electoral de la Ciudad de M\u00e9xico\",\"isPartOf\":{\"@id\":\"https:\/\/www.tecdmx.org.mx\/#website\"},\"datePublished\":\"2019-10-08T19:51:57+00:00\",\"dateModified\":\"2019-11-12T19:52:07+00:00\",\"author\":{\"@id\":\"https:\/\/www.tecdmx.org.mx\/#\/schema\/person\/208c898199fb3234203823c5f0cf31d6\"},\"breadcrumb\":{\"@id\":\"https:\/\/www.tecdmx.org.mx\/index.php\/comunicados\/2019\/10\/08\/confirma-tecdmx-resolucion-de-comision-de-justicia-del-consejo-nacional-del-partido-accion-nacional\/#breadcrumb\"},\"inLanguage\":\"es\",\"potentialAction\":[{\"@type\":\"ReadAction\",\"target\":[\"https:\/\/www.tecdmx.org.mx\/index.php\/comunicados\/2019\/10\/08\/confirma-tecdmx-resolucion-de-comision-de-justicia-del-consejo-nacional-del-partido-accion-nacional\/\"]}]},{\"@type\":\"BreadcrumbList\",\"@id\":\"https:\/\/www.tecdmx.org.mx\/index.php\/comunicados\/2019\/10\/08\/confirma-tecdmx-resolucion-de-comision-de-justicia-del-consejo-nacional-del-partido-accion-nacional\/#breadcrumb\",\"itemListElement\":[{\"@type\":\"ListItem\",\"position\":1,\"name\":\"Portada\",\"item\":\"https:\/\/www.tecdmx.org.mx\/\"},{\"@type\":\"ListItem\",\"position\":2,\"name\":\"Confirma TECDMX resoluci\u00f3n de Comisi\u00f3n de Justicia del Consejo Nacional del Partido Acci\u00f3n Nacional\"}]},{\"@type\":\"WebSite\",\"@id\":\"https:\/\/www.tecdmx.org.mx\/#website\",\"url\":\"https:\/\/www.tecdmx.org.mx\/\",\"name\":\"Tribunal Electoral de la Ciudad de M\u00e9xico\",\"description\":\"25 a\u00f1os garantizando justicia en tu elecci\u00f3n\",\"potentialAction\":[{\"@type\":\"SearchAction\",\"target\":{\"@type\":\"EntryPoint\",\"urlTemplate\":\"https:\/\/www.tecdmx.org.mx\/?s={search_term_string}\"},\"query-input\":\"required name=search_term_string\"}],\"inLanguage\":\"es\"},{\"@type\":\"Person\",\"@id\":\"https:\/\/www.tecdmx.org.mx\/#\/schema\/person\/208c898199fb3234203823c5f0cf31d6\",\"name\":\"Difusion2025\",\"image\":{\"@type\":\"ImageObject\",\"inLanguage\":\"es\",\"@id\":\"https:\/\/www.tecdmx.org.mx\/#\/schema\/person\/image\/\",\"url\":\"https:\/\/secure.gravatar.com\/avatar\/6f7a4ba3acb418040e90a2eb99b5df28?s=96&d=mm&r=g\",\"contentUrl\":\"https:\/\/secure.gravatar.com\/avatar\/6f7a4ba3acb418040e90a2eb99b5df28?s=96&d=mm&r=g\",\"caption\":\"Difusion2025\"}}]}<\/script>\n<!-- \/ Yoast SEO plugin. -->","yoast_head_json":{"title":"Confirma TECDMX resoluci\u00f3n de Comisi\u00f3n de Justicia del Consejo Nacional del Partido Acci\u00f3n Nacional - Tribunal Electoral de la Ciudad de M\u00e9xico","robots":{"index":"index","follow":"follow","max-snippet":"max-snippet:-1","max-image-preview":"max-image-preview:large","max-video-preview":"max-video-preview:-1"},"canonical":"https:\/\/www.tecdmx.org.mx\/index.php\/comunicados\/2019\/10\/08\/confirma-tecdmx-resolucion-de-comision-de-justicia-del-consejo-nacional-del-partido-accion-nacional\/","og_locale":"es_ES","og_type":"article","og_title":"Confirma TECDMX resoluci\u00f3n de Comisi\u00f3n de Justicia del Consejo Nacional del Partido Acci\u00f3n Nacional - Tribunal Electoral de la Ciudad de M\u00e9xico","og_description":"\u2022 La parte actora controvert\u00eda la resoluci\u00f3n en la que no se le acredit\u00f3 su calidad de militante desde 2016. \u2022 Se desech\u00f3 un juicio relativo a la convocatoria para [&hellip;]","og_url":"https:\/\/www.tecdmx.org.mx\/index.php\/comunicados\/2019\/10\/08\/confirma-tecdmx-resolucion-de-comision-de-justicia-del-consejo-nacional-del-partido-accion-nacional\/","og_site_name":"Tribunal Electoral de la Ciudad de M\u00e9xico","article_publisher":"https:\/\/www.facebook.com\/TECDMX\/","article_published_time":"2019-10-08T19:51:57+00:00","article_modified_time":"2019-11-12T19:52:07+00:00","author":"Difusion2025","twitter_card":"summary_large_image","twitter_creator":"@tecdmx","twitter_site":"@tecdmx","twitter_misc":{"Escrito por":"Difusion2025","Tiempo de lectura":"1 minuto"},"schema":{"@context":"https:\/\/schema.org","@graph":[{"@type":"WebPage","@id":"https:\/\/www.tecdmx.org.mx\/index.php\/comunicados\/2019\/10\/08\/confirma-tecdmx-resolucion-de-comision-de-justicia-del-consejo-nacional-del-partido-accion-nacional\/","url":"https:\/\/www.tecdmx.org.mx\/index.php\/comunicados\/2019\/10\/08\/confirma-tecdmx-resolucion-de-comision-de-justicia-del-consejo-nacional-del-partido-accion-nacional\/","name":"Confirma TECDMX resoluci\u00f3n de Comisi\u00f3n de Justicia del Consejo Nacional del Partido Acci\u00f3n Nacional - Tribunal Electoral de la Ciudad de M\u00e9xico","isPartOf":{"@id":"https:\/\/www.tecdmx.org.mx\/#website"},"datePublished":"2019-10-08T19:51:57+00:00","dateModified":"2019-11-12T19:52:07+00:00","author":{"@id":"https:\/\/www.tecdmx.org.mx\/#\/schema\/person\/208c898199fb3234203823c5f0cf31d6"},"breadcrumb":{"@id":"https:\/\/www.tecdmx.org.mx\/index.php\/comunicados\/2019\/10\/08\/confirma-tecdmx-resolucion-de-comision-de-justicia-del-consejo-nacional-del-partido-accion-nacional\/#breadcrumb"},"inLanguage":"es","potentialAction":[{"@type":"ReadAction","target":["https:\/\/www.tecdmx.org.mx\/index.php\/comunicados\/2019\/10\/08\/confirma-tecdmx-resolucion-de-comision-de-justicia-del-consejo-nacional-del-partido-accion-nacional\/"]}]},{"@type":"BreadcrumbList","@id":"https:\/\/www.tecdmx.org.mx\/index.php\/comunicados\/2019\/10\/08\/confirma-tecdmx-resolucion-de-comision-de-justicia-del-consejo-nacional-del-partido-accion-nacional\/#breadcrumb","itemListElement":[{"@type":"ListItem","position":1,"name":"Portada","item":"https:\/\/www.tecdmx.org.mx\/"},{"@type":"ListItem","position":2,"name":"Confirma TECDMX resoluci\u00f3n de Comisi\u00f3n de Justicia del Consejo Nacional del Partido Acci\u00f3n Nacional"}]},{"@type":"WebSite","@id":"https:\/\/www.tecdmx.org.mx\/#website","url":"https:\/\/www.tecdmx.org.mx\/","name":"Tribunal Electoral de la Ciudad de M\u00e9xico","description":"25 a\u00f1os garantizando justicia en tu elecci\u00f3n","potentialAction":[{"@type":"SearchAction","target":{"@type":"EntryPoint","urlTemplate":"https:\/\/www.tecdmx.org.mx\/?s={search_term_string}"},"query-input":"required name=search_term_string"}],"inLanguage":"es"},{"@type":"Person","@id":"https:\/\/www.tecdmx.org.mx\/#\/schema\/person\/208c898199fb3234203823c5f0cf31d6","name":"Difusion2025","image":{"@type":"ImageObject","inLanguage":"es","@id":"https:\/\/www.tecdmx.org.mx\/#\/schema\/person\/image\/","url":"https:\/\/secure.gravatar.com\/avatar\/6f7a4ba3acb418040e90a2eb99b5df28?s=96&d=mm&r=g","contentUrl":"https:\/\/secure.gravatar.com\/avatar\/6f7a4ba3acb418040e90a2eb99b5df28?s=96&d=mm&r=g","caption":"Difusion2025"}}]}},"_links":{"self":[{"href":"https:\/\/www.tecdmx.org.mx\/index.php\/wp-json\/wp\/v2\/posts\/15652"}],"collection":[{"href":"https:\/\/www.tecdmx.org.mx\/index.php\/wp-json\/wp\/v2\/posts"}],"about":[{"href":"https:\/\/www.tecdmx.org.mx\/index.php\/wp-json\/wp\/v2\/types\/post"}],"author":[{"embeddable":true,"href":"https:\/\/www.tecdmx.org.mx\/index.php\/wp-json\/wp\/v2\/users\/13"}],"replies":[{"embeddable":true,"href":"https:\/\/www.tecdmx.org.mx\/index.php\/wp-json\/wp\/v2\/comments?post=15652"}],"version-history":[{"count":3,"href":"https:\/\/www.tecdmx.org.mx\/index.php\/wp-json\/wp\/v2\/posts\/15652\/revisions"}],"predecessor-version":[{"id":15656,"href":"https:\/\/www.tecdmx.org.mx\/index.php\/wp-json\/wp\/v2\/posts\/15652\/revisions\/15656"}],"wp:attachment":[{"href":"https:\/\/www.tecdmx.org.mx\/index.php\/wp-json\/wp\/v2\/media?parent=15652"}],"wp:term":[{"taxonomy":"category","embeddable":true,"href":"https:\/\/www.tecdmx.org.mx\/index.php\/wp-json\/wp\/v2\/categories?post=15652"},{"taxonomy":"post_tag","embeddable":true,"href":"https:\/\/www.tecdmx.org.mx\/index.php\/wp-json\/wp\/v2\/tags?post=15652"}],"curies":[{"name":"wp","href":"https:\/\/api.w.org\/{rel}","templated":true}]}}