{"id":15663,"date":"2019-10-17T19:53:44","date_gmt":"2019-10-17T19:53:44","guid":{"rendered":"http:\/\/www2.tecdmx.org.mx\/?p=15663"},"modified":"2019-11-12T19:54:04","modified_gmt":"2019-11-12T19:54:04","slug":"con-voluntad-politica-y-un-adecuado-esquema-normativo-es-posible-cumplir-la-paridad-en-la-integracion-de-los-organos-colegiados-de-eleccion-popular","status":"publish","type":"post","link":"https:\/\/www.tecdmx.org.mx\/index.php\/comunicados\/2019\/10\/17\/con-voluntad-politica-y-un-adecuado-esquema-normativo-es-posible-cumplir-la-paridad-en-la-integracion-de-los-organos-colegiados-de-eleccion-popular\/","title":{"rendered":"Con voluntad pol\u00edtica y un adecuado esquema normativo es posible cumplir la paridad en la integraci\u00f3n de los \u00f3rganos colegiados de elecci\u00f3n popular"},"content":{"rendered":"\n<p>\u2022 El TECDMX conmemora el 66\u00ba Aniversario del reconocimiento del derecho al voto de las mujeres.<br>\nEl Tribunal Electoral de la Ciudad de M\u00e9xico (TECDMX) organiz\u00f3 un Conversatorio con motivo de la<br>\nconmemoraci\u00f3n del 66\u00ba Aniversario del Reconocimiento Constitucional del Derecho al voto de las<br>\nMujeres en nuestro pa\u00eds.<br>\nDurante la inauguraci\u00f3n del evento, el Magistrado Presidente del TECDMX, Gustavo Anzaldo<br>\nHern\u00e1ndez se\u00f1al\u00f3 que con voluntad pol\u00edtica y un adecuado esquema normativo es posible cumplir<br>\nla paridad en la integraci\u00f3n de los \u00f3rganos colegiados de elecci\u00f3n popular, como sucede con el<br>\nCongreso local.<br>\n\u201cEn la Ciudad de M\u00e9xico hemos tenido un avance, el pasado proceso electivo dio como resultado<br>\nver que es posible tener un Congreso integrado por el mismo n\u00famero de hombres que mujeres, y<br>\nque tambi\u00e9n es posible que en los \u00f3rganos colegiados de las Alcald\u00edas haya una mayor participaci\u00f3n<br>\nde las mujeres, lo que demuestra que s\u00f3lo se necesita voluntad pol\u00edtica y un esquema normativo<br>\nadecuado que contemple mecanismos de compensaci\u00f3n para el g\u00e9nero subrepresentado\u201d.<br>\nAgreg\u00f3 que el reconocimiento de un derecho de poco o nada sirve si no hay condiciones para<br>\nhacerlo efectivo y si no se tienen medios para demandar su protecci\u00f3n en caso de ser necesario.<br>\nEl Magistrado Presidente dijo que muchos de los avances que se han tenido en materia de respeto<br>\nde los derechos pol\u00edtico- electorales de las mujeres \u201chan derivado de la l\u00ednea de resoluci\u00f3n y de los<br>\ncriterios jurisprudenciales que han sustentado los Tribunales Electorales\u201d y agreg\u00f3 que hay buenas<br>\nnoticias, como la emisi\u00f3n de dos criterios de la Suprema Corte de Justicia de la Naci\u00f3n que, desde<br>\nsu perspectiva, cambiar\u00e1n la forma de concebir los procesos electorales de nuestro pa\u00eds y ser\u00e1n de <br>\nnotable beneficio para las mujeres, al estar enfocados en el tema de paridad de g\u00e9nero de forma<br>\nvertical y horizontal, tanto en el Congreso como en las presidencias municipales.<br>\nPor su parte, la Magistrada Alejandra Ch\u00e1vez Camarena, presidenta del Comit\u00e9 de G\u00e9nero y<br>\nDerechos Humanos del TECDMX, consider\u00f3 que la etapa de lucha por el reconocimiento de los<br>\nderechos pol\u00edticos de las mujeres cumpli\u00f3 su objetivo con la promulgaci\u00f3n de la reforma<br>\nconstitucional que reconoci\u00f3 la igualdad pol\u00edtica de las mujeres a ejercer, y hacer valer su voz y su<br>\nvoto, en la construcci\u00f3n del devenir democr\u00e1tico nacional.<br>\n\u201cActualmente, la afirmaci\u00f3n de progresividad del derecho al sufragio de las mujeres se expresa con<br>\nla reforma constitucional denominada \u00abparidad en todo\u00bb, lo cual ampl\u00eda el horizonte de la sola<br>\nexistencia pol\u00edtica hacia el reconocimiento de mujeres y hombres como seres humanos iguales. Esta<br>\noportunidad de vivir con dignidad no es posible sin la voluntad pol\u00edtica para materializarla\u201d, expres\u00f3<br>\nla Magistrada Ch\u00e1vez Camarena.<br>\nDurante el conversatorio, el Dr. Carlos B\u00e1ez Silva, quien fungi\u00f3 como moderador, destac\u00f3 que la<br>\nhistoria del reconocimiento de los derechos pol\u00edticos de las mujeres, iniciada en 1953, es una<br>\nhistoria inconclusa, cruda y que todos debemos enfrentar desde nuestros diferentes \u00e1mbitos de<br>\nacci\u00f3n para que todas y todos gocemos de plena libertad y de plena igualdad.<br>\nAl hacer uso de la voz, la Presidenta de la Comisi\u00f3n Nacional de Defensa de los Derechos Pol\u00edticos<br>\nde las Mujeres, A.C., Joanna Alejandra Felipe Torres, destac\u00f3 el paso hist\u00f3rico que se ha dado en<br>\nmateria de acceso efectivo de las mujeres a espacios de toma de decisi\u00f3n, iniciando con un sistema<br>\nde cuotas para pasar a un sistema paritario.<br>\nLa acad\u00e9mica de la Universidad Nacional Aut\u00f3noma de M\u00e9xico, Karolina Monika Gilas, abord\u00f3 la<br>\nproblem\u00e1tica de la violencia pol\u00edtica en contra de las mujeres y llam\u00f3 a reflexionar sobre las<br>\nnecesidades que tenemos como sociedad para alcanzar una democracia paritaria y vencer las<br>\nbarreras que hist\u00f3ricamente se han impuesto.<br>\nPara concluir las participaciones del Conversatorio, la titular de la Defensor\u00eda P\u00fablica de<br>\nParticipaci\u00f3n Ciudadana y de Procesos Democr\u00e1ticos del TECDMX, Sandra Araceli Vivanco Morales,<br>\nafirm\u00f3 que el reto que tenemos hoy radica en el qu\u00e9 hacer, tanto como sociedad como instituciones,<br>\npara lograr que las mujeres que levantan la mano y que quieran participar en los procesos<br>\ndemocr\u00e1ticos, no mueran en el intento.<br>\nEl evento cont\u00f3 tambi\u00e9n con la participaci\u00f3n de la Magistrada Martha Mercado Ram\u00edrez, el<br>\nMagistrado Juan Carlos S\u00e1nchez Le\u00f3n, as\u00ed como el Magistrado Jes\u00fas Anlen Alem\u00e1n , del Tribunal de<br>\nJusticia Administrativa de la Ciudad de M\u00e9xico, y los representantes de los partidos Movimiento de<br>\nRegeneraci\u00f3n Nacional (Morena), Julio C\u00e9sar Garridos, y del Partido Revolucionario Institucional<br>\n(PRI), Ren\u00e9 Enrique Vivanco.<br>\no-O-o<\/p>\n","protected":false},"excerpt":{"rendered":"<p>\u2022 El TECDMX conmemora el 66\u00ba Aniversario del reconocimiento del derecho al voto de las mujeres. El Tribunal Electoral de la Ciudad de M\u00e9xico (TECDMX) organiz\u00f3 un Conversatorio con motivo [&hellip;]<\/p>\n","protected":false},"author":13,"featured_media":0,"comment_status":"open","ping_status":"open","sticky":false,"template":"","format":"standard","meta":{"_acf_changed":false,"_exactmetrics_skip_tracking":false,"_exactmetrics_sitenote_active":false,"_exactmetrics_sitenote_note":"","_exactmetrics_sitenote_category":0,"footnotes":""},"categories":[32],"tags":[],"acf":[],"yoast_head":"<!-- This site is optimized with the Yoast SEO plugin v22.3 - https:\/\/yoast.com\/wordpress\/plugins\/seo\/ -->\n<title>Con voluntad pol\u00edtica y un adecuado esquema normativo es posible cumplir la paridad en la integraci\u00f3n de los \u00f3rganos colegiados de elecci\u00f3n popular - Tribunal Electoral de la Ciudad de M\u00e9xico<\/title>\n<meta name=\"robots\" content=\"index, follow, max-snippet:-1, max-image-preview:large, max-video-preview:-1\" \/>\n<link rel=\"canonical\" href=\"https:\/\/www.tecdmx.org.mx\/index.php\/comunicados\/2019\/10\/17\/con-voluntad-politica-y-un-adecuado-esquema-normativo-es-posible-cumplir-la-paridad-en-la-integracion-de-los-organos-colegiados-de-eleccion-popular\/\" \/>\n<meta property=\"og:locale\" content=\"es_ES\" \/>\n<meta property=\"og:type\" content=\"article\" \/>\n<meta property=\"og:title\" content=\"Con voluntad pol\u00edtica y un adecuado esquema normativo es posible cumplir la paridad en la integraci\u00f3n de los \u00f3rganos colegiados de elecci\u00f3n popular - Tribunal Electoral de la Ciudad de M\u00e9xico\" \/>\n<meta property=\"og:description\" content=\"\u2022 El TECDMX conmemora el 66\u00ba Aniversario del reconocimiento del derecho al voto de las mujeres. El Tribunal Electoral de la Ciudad de M\u00e9xico (TECDMX) organiz\u00f3 un Conversatorio con motivo [&hellip;]\" \/>\n<meta property=\"og:url\" content=\"https:\/\/www.tecdmx.org.mx\/index.php\/comunicados\/2019\/10\/17\/con-voluntad-politica-y-un-adecuado-esquema-normativo-es-posible-cumplir-la-paridad-en-la-integracion-de-los-organos-colegiados-de-eleccion-popular\/\" \/>\n<meta property=\"og:site_name\" content=\"Tribunal Electoral de la Ciudad de M\u00e9xico\" \/>\n<meta property=\"article:publisher\" content=\"https:\/\/www.facebook.com\/TECDMX\/\" \/>\n<meta property=\"article:published_time\" content=\"2019-10-17T19:53:44+00:00\" \/>\n<meta property=\"article:modified_time\" content=\"2019-11-12T19:54:04+00:00\" \/>\n<meta name=\"author\" content=\"Difusion2025\" \/>\n<meta name=\"twitter:card\" content=\"summary_large_image\" \/>\n<meta name=\"twitter:creator\" content=\"@tecdmx\" \/>\n<meta name=\"twitter:site\" content=\"@tecdmx\" \/>\n<meta name=\"twitter:label1\" content=\"Escrito por\" \/>\n\t<meta name=\"twitter:data1\" content=\"Difusion2025\" \/>\n\t<meta name=\"twitter:label2\" content=\"Tiempo de lectura\" \/>\n\t<meta name=\"twitter:data2\" content=\"4 minutos\" \/>\n<script type=\"application\/ld+json\" class=\"yoast-schema-graph\">{\"@context\":\"https:\/\/schema.org\",\"@graph\":[{\"@type\":\"WebPage\",\"@id\":\"https:\/\/www.tecdmx.org.mx\/index.php\/comunicados\/2019\/10\/17\/con-voluntad-politica-y-un-adecuado-esquema-normativo-es-posible-cumplir-la-paridad-en-la-integracion-de-los-organos-colegiados-de-eleccion-popular\/\",\"url\":\"https:\/\/www.tecdmx.org.mx\/index.php\/comunicados\/2019\/10\/17\/con-voluntad-politica-y-un-adecuado-esquema-normativo-es-posible-cumplir-la-paridad-en-la-integracion-de-los-organos-colegiados-de-eleccion-popular\/\",\"name\":\"Con voluntad pol\u00edtica y un adecuado esquema normativo es posible cumplir la paridad en la integraci\u00f3n de los \u00f3rganos colegiados de elecci\u00f3n popular - Tribunal Electoral de la Ciudad de M\u00e9xico\",\"isPartOf\":{\"@id\":\"https:\/\/www.tecdmx.org.mx\/#website\"},\"datePublished\":\"2019-10-17T19:53:44+00:00\",\"dateModified\":\"2019-11-12T19:54:04+00:00\",\"author\":{\"@id\":\"https:\/\/www.tecdmx.org.mx\/#\/schema\/person\/208c898199fb3234203823c5f0cf31d6\"},\"breadcrumb\":{\"@id\":\"https:\/\/www.tecdmx.org.mx\/index.php\/comunicados\/2019\/10\/17\/con-voluntad-politica-y-un-adecuado-esquema-normativo-es-posible-cumplir-la-paridad-en-la-integracion-de-los-organos-colegiados-de-eleccion-popular\/#breadcrumb\"},\"inLanguage\":\"es\",\"potentialAction\":[{\"@type\":\"ReadAction\",\"target\":[\"https:\/\/www.tecdmx.org.mx\/index.php\/comunicados\/2019\/10\/17\/con-voluntad-politica-y-un-adecuado-esquema-normativo-es-posible-cumplir-la-paridad-en-la-integracion-de-los-organos-colegiados-de-eleccion-popular\/\"]}]},{\"@type\":\"BreadcrumbList\",\"@id\":\"https:\/\/www.tecdmx.org.mx\/index.php\/comunicados\/2019\/10\/17\/con-voluntad-politica-y-un-adecuado-esquema-normativo-es-posible-cumplir-la-paridad-en-la-integracion-de-los-organos-colegiados-de-eleccion-popular\/#breadcrumb\",\"itemListElement\":[{\"@type\":\"ListItem\",\"position\":1,\"name\":\"Portada\",\"item\":\"https:\/\/www.tecdmx.org.mx\/\"},{\"@type\":\"ListItem\",\"position\":2,\"name\":\"Con voluntad pol\u00edtica y un adecuado esquema normativo es posible cumplir la paridad en la integraci\u00f3n de los \u00f3rganos colegiados de elecci\u00f3n popular\"}]},{\"@type\":\"WebSite\",\"@id\":\"https:\/\/www.tecdmx.org.mx\/#website\",\"url\":\"https:\/\/www.tecdmx.org.mx\/\",\"name\":\"Tribunal Electoral de la Ciudad de M\u00e9xico\",\"description\":\"25 a\u00f1os garantizando justicia en tu elecci\u00f3n\",\"potentialAction\":[{\"@type\":\"SearchAction\",\"target\":{\"@type\":\"EntryPoint\",\"urlTemplate\":\"https:\/\/www.tecdmx.org.mx\/?s={search_term_string}\"},\"query-input\":\"required name=search_term_string\"}],\"inLanguage\":\"es\"},{\"@type\":\"Person\",\"@id\":\"https:\/\/www.tecdmx.org.mx\/#\/schema\/person\/208c898199fb3234203823c5f0cf31d6\",\"name\":\"Difusion2025\",\"image\":{\"@type\":\"ImageObject\",\"inLanguage\":\"es\",\"@id\":\"https:\/\/www.tecdmx.org.mx\/#\/schema\/person\/image\/\",\"url\":\"https:\/\/secure.gravatar.com\/avatar\/6f7a4ba3acb418040e90a2eb99b5df28?s=96&d=mm&r=g\",\"contentUrl\":\"https:\/\/secure.gravatar.com\/avatar\/6f7a4ba3acb418040e90a2eb99b5df28?s=96&d=mm&r=g\",\"caption\":\"Difusion2025\"}}]}<\/script>\n<!-- \/ Yoast SEO plugin. -->","yoast_head_json":{"title":"Con voluntad pol\u00edtica y un adecuado esquema normativo es posible cumplir la paridad en la integraci\u00f3n de los \u00f3rganos colegiados de elecci\u00f3n popular - Tribunal Electoral de la Ciudad de M\u00e9xico","robots":{"index":"index","follow":"follow","max-snippet":"max-snippet:-1","max-image-preview":"max-image-preview:large","max-video-preview":"max-video-preview:-1"},"canonical":"https:\/\/www.tecdmx.org.mx\/index.php\/comunicados\/2019\/10\/17\/con-voluntad-politica-y-un-adecuado-esquema-normativo-es-posible-cumplir-la-paridad-en-la-integracion-de-los-organos-colegiados-de-eleccion-popular\/","og_locale":"es_ES","og_type":"article","og_title":"Con voluntad pol\u00edtica y un adecuado esquema normativo es posible cumplir la paridad en la integraci\u00f3n de los \u00f3rganos colegiados de elecci\u00f3n popular - Tribunal Electoral de la Ciudad de M\u00e9xico","og_description":"\u2022 El TECDMX conmemora el 66\u00ba Aniversario del reconocimiento del derecho al voto de las mujeres. El Tribunal Electoral de la Ciudad de M\u00e9xico (TECDMX) organiz\u00f3 un Conversatorio con motivo [&hellip;]","og_url":"https:\/\/www.tecdmx.org.mx\/index.php\/comunicados\/2019\/10\/17\/con-voluntad-politica-y-un-adecuado-esquema-normativo-es-posible-cumplir-la-paridad-en-la-integracion-de-los-organos-colegiados-de-eleccion-popular\/","og_site_name":"Tribunal Electoral de la Ciudad de M\u00e9xico","article_publisher":"https:\/\/www.facebook.com\/TECDMX\/","article_published_time":"2019-10-17T19:53:44+00:00","article_modified_time":"2019-11-12T19:54:04+00:00","author":"Difusion2025","twitter_card":"summary_large_image","twitter_creator":"@tecdmx","twitter_site":"@tecdmx","twitter_misc":{"Escrito por":"Difusion2025","Tiempo de lectura":"4 minutos"},"schema":{"@context":"https:\/\/schema.org","@graph":[{"@type":"WebPage","@id":"https:\/\/www.tecdmx.org.mx\/index.php\/comunicados\/2019\/10\/17\/con-voluntad-politica-y-un-adecuado-esquema-normativo-es-posible-cumplir-la-paridad-en-la-integracion-de-los-organos-colegiados-de-eleccion-popular\/","url":"https:\/\/www.tecdmx.org.mx\/index.php\/comunicados\/2019\/10\/17\/con-voluntad-politica-y-un-adecuado-esquema-normativo-es-posible-cumplir-la-paridad-en-la-integracion-de-los-organos-colegiados-de-eleccion-popular\/","name":"Con voluntad pol\u00edtica y un adecuado esquema normativo es posible cumplir la paridad en la integraci\u00f3n de los \u00f3rganos colegiados de elecci\u00f3n popular - Tribunal Electoral de la Ciudad de M\u00e9xico","isPartOf":{"@id":"https:\/\/www.tecdmx.org.mx\/#website"},"datePublished":"2019-10-17T19:53:44+00:00","dateModified":"2019-11-12T19:54:04+00:00","author":{"@id":"https:\/\/www.tecdmx.org.mx\/#\/schema\/person\/208c898199fb3234203823c5f0cf31d6"},"breadcrumb":{"@id":"https:\/\/www.tecdmx.org.mx\/index.php\/comunicados\/2019\/10\/17\/con-voluntad-politica-y-un-adecuado-esquema-normativo-es-posible-cumplir-la-paridad-en-la-integracion-de-los-organos-colegiados-de-eleccion-popular\/#breadcrumb"},"inLanguage":"es","potentialAction":[{"@type":"ReadAction","target":["https:\/\/www.tecdmx.org.mx\/index.php\/comunicados\/2019\/10\/17\/con-voluntad-politica-y-un-adecuado-esquema-normativo-es-posible-cumplir-la-paridad-en-la-integracion-de-los-organos-colegiados-de-eleccion-popular\/"]}]},{"@type":"BreadcrumbList","@id":"https:\/\/www.tecdmx.org.mx\/index.php\/comunicados\/2019\/10\/17\/con-voluntad-politica-y-un-adecuado-esquema-normativo-es-posible-cumplir-la-paridad-en-la-integracion-de-los-organos-colegiados-de-eleccion-popular\/#breadcrumb","itemListElement":[{"@type":"ListItem","position":1,"name":"Portada","item":"https:\/\/www.tecdmx.org.mx\/"},{"@type":"ListItem","position":2,"name":"Con voluntad pol\u00edtica y un adecuado esquema normativo es posible cumplir la paridad en la integraci\u00f3n de los \u00f3rganos colegiados de elecci\u00f3n popular"}]},{"@type":"WebSite","@id":"https:\/\/www.tecdmx.org.mx\/#website","url":"https:\/\/www.tecdmx.org.mx\/","name":"Tribunal Electoral de la Ciudad de M\u00e9xico","description":"25 a\u00f1os garantizando justicia en tu elecci\u00f3n","potentialAction":[{"@type":"SearchAction","target":{"@type":"EntryPoint","urlTemplate":"https:\/\/www.tecdmx.org.mx\/?s={search_term_string}"},"query-input":"required name=search_term_string"}],"inLanguage":"es"},{"@type":"Person","@id":"https:\/\/www.tecdmx.org.mx\/#\/schema\/person\/208c898199fb3234203823c5f0cf31d6","name":"Difusion2025","image":{"@type":"ImageObject","inLanguage":"es","@id":"https:\/\/www.tecdmx.org.mx\/#\/schema\/person\/image\/","url":"https:\/\/secure.gravatar.com\/avatar\/6f7a4ba3acb418040e90a2eb99b5df28?s=96&d=mm&r=g","contentUrl":"https:\/\/secure.gravatar.com\/avatar\/6f7a4ba3acb418040e90a2eb99b5df28?s=96&d=mm&r=g","caption":"Difusion2025"}}]}},"_links":{"self":[{"href":"https:\/\/www.tecdmx.org.mx\/index.php\/wp-json\/wp\/v2\/posts\/15663"}],"collection":[{"href":"https:\/\/www.tecdmx.org.mx\/index.php\/wp-json\/wp\/v2\/posts"}],"about":[{"href":"https:\/\/www.tecdmx.org.mx\/index.php\/wp-json\/wp\/v2\/types\/post"}],"author":[{"embeddable":true,"href":"https:\/\/www.tecdmx.org.mx\/index.php\/wp-json\/wp\/v2\/users\/13"}],"replies":[{"embeddable":true,"href":"https:\/\/www.tecdmx.org.mx\/index.php\/wp-json\/wp\/v2\/comments?post=15663"}],"version-history":[{"count":4,"href":"https:\/\/www.tecdmx.org.mx\/index.php\/wp-json\/wp\/v2\/posts\/15663\/revisions"}],"predecessor-version":[{"id":15668,"href":"https:\/\/www.tecdmx.org.mx\/index.php\/wp-json\/wp\/v2\/posts\/15663\/revisions\/15668"}],"wp:attachment":[{"href":"https:\/\/www.tecdmx.org.mx\/index.php\/wp-json\/wp\/v2\/media?parent=15663"}],"wp:term":[{"taxonomy":"category","embeddable":true,"href":"https:\/\/www.tecdmx.org.mx\/index.php\/wp-json\/wp\/v2\/categories?post=15663"},{"taxonomy":"post_tag","embeddable":true,"href":"https:\/\/www.tecdmx.org.mx\/index.php\/wp-json\/wp\/v2\/tags?post=15663"}],"curies":[{"name":"wp","href":"https:\/\/api.w.org\/{rel}","templated":true}]}}