{"id":15764,"date":"2019-11-12T15:48:17","date_gmt":"2019-11-12T15:48:17","guid":{"rendered":"http:\/\/www2.tecdmx.org.mx\/?p=15764"},"modified":"2019-11-14T16:44:47","modified_gmt":"2019-11-14T16:44:47","slug":"encuentro-regional-de-institutos-tribunales-electorales-e-ine-iv-circunscripcion","status":"publish","type":"post","link":"https:\/\/www.tecdmx.org.mx\/index.php\/destacados\/2019\/11\/12\/encuentro-regional-de-institutos-tribunales-electorales-e-ine-iv-circunscripcion\/","title":{"rendered":"Encuentro Regional de Institutos, Tribunales Electorales e INE. IV Circunscripci\u00f3n."},"content":{"rendered":"\n<p>Las Magistradas Alejandra Ch\u00e1vez Camarena, Martha Leticia Mercado Ram\u00edrez, y el Magistrado Armando Ambriz Hern\u00e1ndez participaron en el Encuentro Regional de Institutos, Tribunales Electorales e INE, IV Circunscripci\u00f3n, de la Sala Regional Ciudad de M\u00e9xico del TEPJF.<\/p>\n\n\n\n<ul class=\"wp-block-gallery aligncenter columns-1 wp-block-gallery-1 is-layout-flex wp-block-gallery-is-layout-flex\"><li class=\"blocks-gallery-item\"><figure><img loading=\"lazy\" decoding=\"async\" width=\"583\" height=\"350\" src=\"https:\/\/www.tecdmx.org.mx\/wp-content\/uploads\/2019\/11\/01-3-583x350.jpg\" alt=\"\" data-id=\"15765\" data-link=\"http:\/\/www2.tecdmx.org.mx\/?attachment_id=15765\" class=\"wp-image-15765\" srcset=\"https:\/\/www.tecdmx.org.mx\/wp-content\/uploads\/2019\/11\/01-3-417x250.jpg 417w, https:\/\/www.tecdmx.org.mx\/wp-content\/uploads\/2019\/11\/01-3-768x461.jpg 768w, https:\/\/www.tecdmx.org.mx\/wp-content\/uploads\/2019\/11\/01-3-583x350.jpg 583w, https:\/\/www.tecdmx.org.mx\/wp-content\/uploads\/2019\/11\/01-3.jpg 1280w\" sizes=\"(max-width: 583px) 100vw, 583px\" \/><\/figure><\/li><li class=\"blocks-gallery-item\"><figure><img loading=\"lazy\" decoding=\"async\" width=\"499\" height=\"350\" src=\"https:\/\/www.tecdmx.org.mx\/wp-content\/uploads\/2019\/11\/03-3-499x350.jpg\" alt=\"\" data-id=\"15766\" data-link=\"http:\/\/www2.tecdmx.org.mx\/?attachment_id=15766\" class=\"wp-image-15766\" srcset=\"https:\/\/www.tecdmx.org.mx\/wp-content\/uploads\/2019\/11\/03-3-356x250.jpg 356w, https:\/\/www.tecdmx.org.mx\/wp-content\/uploads\/2019\/11\/03-3-768x539.jpg 768w, https:\/\/www.tecdmx.org.mx\/wp-content\/uploads\/2019\/11\/03-3-499x350.jpg 499w, https:\/\/www.tecdmx.org.mx\/wp-content\/uploads\/2019\/11\/03-3.jpg 1280w\" sizes=\"(max-width: 499px) 100vw, 499px\" \/><\/figure><\/li><li class=\"blocks-gallery-item\"><figure><img loading=\"lazy\" decoding=\"async\" width=\"451\" height=\"350\" src=\"https:\/\/www.tecdmx.org.mx\/wp-content\/uploads\/2019\/11\/04-3-451x350.jpg\" alt=\"\" data-id=\"15767\" data-link=\"http:\/\/www2.tecdmx.org.mx\/?attachment_id=15767\" class=\"wp-image-15767\" srcset=\"https:\/\/www.tecdmx.org.mx\/wp-content\/uploads\/2019\/11\/04-3-322x250.jpg 322w, https:\/\/www.tecdmx.org.mx\/wp-content\/uploads\/2019\/11\/04-3-768x596.jpg 768w, https:\/\/www.tecdmx.org.mx\/wp-content\/uploads\/2019\/11\/04-3-451x350.jpg 451w, https:\/\/www.tecdmx.org.mx\/wp-content\/uploads\/2019\/11\/04-3.jpg 1280w\" sizes=\"(max-width: 451px) 100vw, 451px\" \/><\/figure><\/li><\/ul>\n","protected":false},"excerpt":{"rendered":"<p>Las Magistradas Alejandra Ch\u00e1vez Camarena, Martha Leticia Mercado Ram\u00edrez, y el Magistrado Armando Ambriz Hern\u00e1ndez participaron en el Encuentro Regional de Institutos, Tribunales Electorales e INE, IV Circunscripci\u00f3n, de la Sala Regional Ciudad de M\u00e9xico del TEPJF.<\/p>\n","protected":false},"author":13,"featured_media":15765,"comment_status":"open","ping_status":"open","sticky":false,"template":"","format":"standard","meta":{"_acf_changed":false,"_exactmetrics_skip_tracking":false,"_exactmetrics_sitenote_active":false,"_exactmetrics_sitenote_note":"","_exactmetrics_sitenote_category":0,"footnotes":""},"categories":[47,40],"tags":[],"acf":[],"yoast_head":"<!-- This site is optimized with the Yoast SEO plugin v22.3 - https:\/\/yoast.com\/wordpress\/plugins\/seo\/ -->\n<title>Encuentro Regional de Institutos, Tribunales Electorales e INE. IV Circunscripci\u00f3n. - Tribunal Electoral de la Ciudad de M\u00e9xico<\/title>\n<meta name=\"robots\" content=\"index, follow, max-snippet:-1, max-image-preview:large, max-video-preview:-1\" \/>\n<link rel=\"canonical\" href=\"https:\/\/www.tecdmx.org.mx\/index.php\/destacados\/2019\/11\/12\/encuentro-regional-de-institutos-tribunales-electorales-e-ine-iv-circunscripcion\/\" \/>\n<meta property=\"og:locale\" content=\"es_ES\" \/>\n<meta property=\"og:type\" content=\"article\" \/>\n<meta property=\"og:title\" content=\"Encuentro Regional de Institutos, Tribunales Electorales e INE. IV Circunscripci\u00f3n. - Tribunal Electoral de la Ciudad de M\u00e9xico\" \/>\n<meta property=\"og:description\" content=\"Las Magistradas Alejandra Ch\u00e1vez Camarena, Martha Leticia Mercado Ram\u00edrez, y el Magistrado Armando Ambriz Hern\u00e1ndez participaron en el Encuentro Regional de Institutos, Tribunales Electorales e INE, IV Circunscripci\u00f3n, de la Sala Regional Ciudad de M\u00e9xico del TEPJF.\" \/>\n<meta property=\"og:url\" content=\"https:\/\/www.tecdmx.org.mx\/index.php\/destacados\/2019\/11\/12\/encuentro-regional-de-institutos-tribunales-electorales-e-ine-iv-circunscripcion\/\" \/>\n<meta property=\"og:site_name\" content=\"Tribunal Electoral de la Ciudad de M\u00e9xico\" \/>\n<meta property=\"article:publisher\" content=\"https:\/\/www.facebook.com\/TECDMX\/\" \/>\n<meta property=\"article:published_time\" content=\"2019-11-12T15:48:17+00:00\" \/>\n<meta property=\"article:modified_time\" content=\"2019-11-14T16:44:47+00:00\" \/>\n<meta property=\"og:image\" content=\"https:\/\/www.tecdmx.org.mx\/wp-content\/uploads\/2019\/11\/01-3.jpg\" \/>\n\t<meta property=\"og:image:width\" content=\"1280\" \/>\n\t<meta property=\"og:image:height\" content=\"768\" \/>\n\t<meta property=\"og:image:type\" content=\"image\/jpeg\" \/>\n<meta name=\"author\" content=\"Difusion2025\" \/>\n<meta name=\"twitter:card\" content=\"summary_large_image\" \/>\n<meta name=\"twitter:creator\" content=\"@tecdmx\" \/>\n<meta name=\"twitter:site\" content=\"@tecdmx\" \/>\n<meta name=\"twitter:label1\" content=\"Escrito por\" \/>\n\t<meta name=\"twitter:data1\" content=\"Difusion2025\" \/>\n<script type=\"application\/ld+json\" class=\"yoast-schema-graph\">{\"@context\":\"https:\/\/schema.org\",\"@graph\":[{\"@type\":\"WebPage\",\"@id\":\"https:\/\/www.tecdmx.org.mx\/index.php\/destacados\/2019\/11\/12\/encuentro-regional-de-institutos-tribunales-electorales-e-ine-iv-circunscripcion\/\",\"url\":\"https:\/\/www.tecdmx.org.mx\/index.php\/destacados\/2019\/11\/12\/encuentro-regional-de-institutos-tribunales-electorales-e-ine-iv-circunscripcion\/\",\"name\":\"Encuentro Regional de Institutos, Tribunales Electorales e INE. IV Circunscripci\u00f3n. - Tribunal Electoral de la Ciudad de M\u00e9xico\",\"isPartOf\":{\"@id\":\"https:\/\/www.tecdmx.org.mx\/#website\"},\"primaryImageOfPage\":{\"@id\":\"https:\/\/www.tecdmx.org.mx\/index.php\/destacados\/2019\/11\/12\/encuentro-regional-de-institutos-tribunales-electorales-e-ine-iv-circunscripcion\/#primaryimage\"},\"image\":{\"@id\":\"https:\/\/www.tecdmx.org.mx\/index.php\/destacados\/2019\/11\/12\/encuentro-regional-de-institutos-tribunales-electorales-e-ine-iv-circunscripcion\/#primaryimage\"},\"thumbnailUrl\":\"https:\/\/www.tecdmx.org.mx\/wp-content\/uploads\/2019\/11\/01-3.jpg\",\"datePublished\":\"2019-11-12T15:48:17+00:00\",\"dateModified\":\"2019-11-14T16:44:47+00:00\",\"author\":{\"@id\":\"https:\/\/www.tecdmx.org.mx\/#\/schema\/person\/208c898199fb3234203823c5f0cf31d6\"},\"breadcrumb\":{\"@id\":\"https:\/\/www.tecdmx.org.mx\/index.php\/destacados\/2019\/11\/12\/encuentro-regional-de-institutos-tribunales-electorales-e-ine-iv-circunscripcion\/#breadcrumb\"},\"inLanguage\":\"es\",\"potentialAction\":[{\"@type\":\"ReadAction\",\"target\":[\"https:\/\/www.tecdmx.org.mx\/index.php\/destacados\/2019\/11\/12\/encuentro-regional-de-institutos-tribunales-electorales-e-ine-iv-circunscripcion\/\"]}]},{\"@type\":\"ImageObject\",\"inLanguage\":\"es\",\"@id\":\"https:\/\/www.tecdmx.org.mx\/index.php\/destacados\/2019\/11\/12\/encuentro-regional-de-institutos-tribunales-electorales-e-ine-iv-circunscripcion\/#primaryimage\",\"url\":\"https:\/\/www.tecdmx.org.mx\/wp-content\/uploads\/2019\/11\/01-3.jpg\",\"contentUrl\":\"https:\/\/www.tecdmx.org.mx\/wp-content\/uploads\/2019\/11\/01-3.jpg\",\"width\":1280,\"height\":768},{\"@type\":\"BreadcrumbList\",\"@id\":\"https:\/\/www.tecdmx.org.mx\/index.php\/destacados\/2019\/11\/12\/encuentro-regional-de-institutos-tribunales-electorales-e-ine-iv-circunscripcion\/#breadcrumb\",\"itemListElement\":[{\"@type\":\"ListItem\",\"position\":1,\"name\":\"Portada\",\"item\":\"https:\/\/www.tecdmx.org.mx\/\"},{\"@type\":\"ListItem\",\"position\":2,\"name\":\"Encuentro Regional de Institutos, Tribunales Electorales e INE. IV Circunscripci\u00f3n.\"}]},{\"@type\":\"WebSite\",\"@id\":\"https:\/\/www.tecdmx.org.mx\/#website\",\"url\":\"https:\/\/www.tecdmx.org.mx\/\",\"name\":\"Tribunal Electoral de la Ciudad de M\u00e9xico\",\"description\":\"25 a\u00f1os garantizando justicia en tu elecci\u00f3n\",\"potentialAction\":[{\"@type\":\"SearchAction\",\"target\":{\"@type\":\"EntryPoint\",\"urlTemplate\":\"https:\/\/www.tecdmx.org.mx\/?s={search_term_string}\"},\"query-input\":\"required name=search_term_string\"}],\"inLanguage\":\"es\"},{\"@type\":\"Person\",\"@id\":\"https:\/\/www.tecdmx.org.mx\/#\/schema\/person\/208c898199fb3234203823c5f0cf31d6\",\"name\":\"Difusion2025\",\"image\":{\"@type\":\"ImageObject\",\"inLanguage\":\"es\",\"@id\":\"https:\/\/www.tecdmx.org.mx\/#\/schema\/person\/image\/\",\"url\":\"https:\/\/secure.gravatar.com\/avatar\/6f7a4ba3acb418040e90a2eb99b5df28?s=96&d=mm&r=g\",\"contentUrl\":\"https:\/\/secure.gravatar.com\/avatar\/6f7a4ba3acb418040e90a2eb99b5df28?s=96&d=mm&r=g\",\"caption\":\"Difusion2025\"}}]}<\/script>\n<!-- \/ Yoast SEO plugin. -->","yoast_head_json":{"title":"Encuentro Regional de Institutos, Tribunales Electorales e INE. IV Circunscripci\u00f3n. - Tribunal Electoral de la Ciudad de M\u00e9xico","robots":{"index":"index","follow":"follow","max-snippet":"max-snippet:-1","max-image-preview":"max-image-preview:large","max-video-preview":"max-video-preview:-1"},"canonical":"https:\/\/www.tecdmx.org.mx\/index.php\/destacados\/2019\/11\/12\/encuentro-regional-de-institutos-tribunales-electorales-e-ine-iv-circunscripcion\/","og_locale":"es_ES","og_type":"article","og_title":"Encuentro Regional de Institutos, Tribunales Electorales e INE. IV Circunscripci\u00f3n. - Tribunal Electoral de la Ciudad de M\u00e9xico","og_description":"Las Magistradas Alejandra Ch\u00e1vez Camarena, Martha Leticia Mercado Ram\u00edrez, y el Magistrado Armando Ambriz Hern\u00e1ndez participaron en el Encuentro Regional de Institutos, Tribunales Electorales e INE, IV Circunscripci\u00f3n, de la Sala Regional Ciudad de M\u00e9xico del TEPJF.","og_url":"https:\/\/www.tecdmx.org.mx\/index.php\/destacados\/2019\/11\/12\/encuentro-regional-de-institutos-tribunales-electorales-e-ine-iv-circunscripcion\/","og_site_name":"Tribunal Electoral de la Ciudad de M\u00e9xico","article_publisher":"https:\/\/www.facebook.com\/TECDMX\/","article_published_time":"2019-11-12T15:48:17+00:00","article_modified_time":"2019-11-14T16:44:47+00:00","og_image":[{"width":1280,"height":768,"url":"https:\/\/www.tecdmx.org.mx\/wp-content\/uploads\/2019\/11\/01-3.jpg","type":"image\/jpeg"}],"author":"Difusion2025","twitter_card":"summary_large_image","twitter_creator":"@tecdmx","twitter_site":"@tecdmx","twitter_misc":{"Escrito por":"Difusion2025"},"schema":{"@context":"https:\/\/schema.org","@graph":[{"@type":"WebPage","@id":"https:\/\/www.tecdmx.org.mx\/index.php\/destacados\/2019\/11\/12\/encuentro-regional-de-institutos-tribunales-electorales-e-ine-iv-circunscripcion\/","url":"https:\/\/www.tecdmx.org.mx\/index.php\/destacados\/2019\/11\/12\/encuentro-regional-de-institutos-tribunales-electorales-e-ine-iv-circunscripcion\/","name":"Encuentro Regional de Institutos, Tribunales Electorales e INE. IV Circunscripci\u00f3n. - Tribunal Electoral de la Ciudad de M\u00e9xico","isPartOf":{"@id":"https:\/\/www.tecdmx.org.mx\/#website"},"primaryImageOfPage":{"@id":"https:\/\/www.tecdmx.org.mx\/index.php\/destacados\/2019\/11\/12\/encuentro-regional-de-institutos-tribunales-electorales-e-ine-iv-circunscripcion\/#primaryimage"},"image":{"@id":"https:\/\/www.tecdmx.org.mx\/index.php\/destacados\/2019\/11\/12\/encuentro-regional-de-institutos-tribunales-electorales-e-ine-iv-circunscripcion\/#primaryimage"},"thumbnailUrl":"https:\/\/www.tecdmx.org.mx\/wp-content\/uploads\/2019\/11\/01-3.jpg","datePublished":"2019-11-12T15:48:17+00:00","dateModified":"2019-11-14T16:44:47+00:00","author":{"@id":"https:\/\/www.tecdmx.org.mx\/#\/schema\/person\/208c898199fb3234203823c5f0cf31d6"},"breadcrumb":{"@id":"https:\/\/www.tecdmx.org.mx\/index.php\/destacados\/2019\/11\/12\/encuentro-regional-de-institutos-tribunales-electorales-e-ine-iv-circunscripcion\/#breadcrumb"},"inLanguage":"es","potentialAction":[{"@type":"ReadAction","target":["https:\/\/www.tecdmx.org.mx\/index.php\/destacados\/2019\/11\/12\/encuentro-regional-de-institutos-tribunales-electorales-e-ine-iv-circunscripcion\/"]}]},{"@type":"ImageObject","inLanguage":"es","@id":"https:\/\/www.tecdmx.org.mx\/index.php\/destacados\/2019\/11\/12\/encuentro-regional-de-institutos-tribunales-electorales-e-ine-iv-circunscripcion\/#primaryimage","url":"https:\/\/www.tecdmx.org.mx\/wp-content\/uploads\/2019\/11\/01-3.jpg","contentUrl":"https:\/\/www.tecdmx.org.mx\/wp-content\/uploads\/2019\/11\/01-3.jpg","width":1280,"height":768},{"@type":"BreadcrumbList","@id":"https:\/\/www.tecdmx.org.mx\/index.php\/destacados\/2019\/11\/12\/encuentro-regional-de-institutos-tribunales-electorales-e-ine-iv-circunscripcion\/#breadcrumb","itemListElement":[{"@type":"ListItem","position":1,"name":"Portada","item":"https:\/\/www.tecdmx.org.mx\/"},{"@type":"ListItem","position":2,"name":"Encuentro Regional de Institutos, Tribunales Electorales e INE. IV Circunscripci\u00f3n."}]},{"@type":"WebSite","@id":"https:\/\/www.tecdmx.org.mx\/#website","url":"https:\/\/www.tecdmx.org.mx\/","name":"Tribunal Electoral de la Ciudad de M\u00e9xico","description":"25 a\u00f1os garantizando justicia en tu elecci\u00f3n","potentialAction":[{"@type":"SearchAction","target":{"@type":"EntryPoint","urlTemplate":"https:\/\/www.tecdmx.org.mx\/?s={search_term_string}"},"query-input":"required name=search_term_string"}],"inLanguage":"es"},{"@type":"Person","@id":"https:\/\/www.tecdmx.org.mx\/#\/schema\/person\/208c898199fb3234203823c5f0cf31d6","name":"Difusion2025","image":{"@type":"ImageObject","inLanguage":"es","@id":"https:\/\/www.tecdmx.org.mx\/#\/schema\/person\/image\/","url":"https:\/\/secure.gravatar.com\/avatar\/6f7a4ba3acb418040e90a2eb99b5df28?s=96&d=mm&r=g","contentUrl":"https:\/\/secure.gravatar.com\/avatar\/6f7a4ba3acb418040e90a2eb99b5df28?s=96&d=mm&r=g","caption":"Difusion2025"}}]}},"_links":{"self":[{"href":"https:\/\/www.tecdmx.org.mx\/index.php\/wp-json\/wp\/v2\/posts\/15764"}],"collection":[{"href":"https:\/\/www.tecdmx.org.mx\/index.php\/wp-json\/wp\/v2\/posts"}],"about":[{"href":"https:\/\/www.tecdmx.org.mx\/index.php\/wp-json\/wp\/v2\/types\/post"}],"author":[{"embeddable":true,"href":"https:\/\/www.tecdmx.org.mx\/index.php\/wp-json\/wp\/v2\/users\/13"}],"replies":[{"embeddable":true,"href":"https:\/\/www.tecdmx.org.mx\/index.php\/wp-json\/wp\/v2\/comments?post=15764"}],"version-history":[{"count":3,"href":"https:\/\/www.tecdmx.org.mx\/index.php\/wp-json\/wp\/v2\/posts\/15764\/revisions"}],"predecessor-version":[{"id":15790,"href":"https:\/\/www.tecdmx.org.mx\/index.php\/wp-json\/wp\/v2\/posts\/15764\/revisions\/15790"}],"wp:featuredmedia":[{"embeddable":true,"href":"https:\/\/www.tecdmx.org.mx\/index.php\/wp-json\/wp\/v2\/media\/15765"}],"wp:attachment":[{"href":"https:\/\/www.tecdmx.org.mx\/index.php\/wp-json\/wp\/v2\/media?parent=15764"}],"wp:term":[{"taxonomy":"category","embeddable":true,"href":"https:\/\/www.tecdmx.org.mx\/index.php\/wp-json\/wp\/v2\/categories?post=15764"},{"taxonomy":"post_tag","embeddable":true,"href":"https:\/\/www.tecdmx.org.mx\/index.php\/wp-json\/wp\/v2\/tags?post=15764"}],"curies":[{"name":"wp","href":"https:\/\/api.w.org\/{rel}","templated":true}]}}