{"id":16228,"date":"2019-11-26T16:49:36","date_gmt":"2019-11-26T16:49:36","guid":{"rendered":"https:\/\/www.tecdmx.org.mx\/?p=16228"},"modified":"2019-11-26T16:50:45","modified_gmt":"2019-11-26T16:50:45","slug":"conmemora-tecdmx-dia-internacional-de-la-eliminacion-de-la-violencia-contra-la-mujer-destacando-importancia-del-lenguaje-incluyente-para-alcanzar-la-igualdad-sustantiva","status":"publish","type":"post","link":"https:\/\/www.tecdmx.org.mx\/index.php\/comunicados\/2019\/11\/26\/conmemora-tecdmx-dia-internacional-de-la-eliminacion-de-la-violencia-contra-la-mujer-destacando-importancia-del-lenguaje-incluyente-para-alcanzar-la-igualdad-sustantiva\/","title":{"rendered":"Conmemora TECDMX D\u00eda Internacional de la Eliminaci\u00f3n de la Violencia contra la Mujer destacando importancia del Lenguaje Incluyente para alcanzar la igualdad sustantiva"},"content":{"rendered":"\n<p>\u00b7&nbsp;&nbsp;&nbsp;&nbsp;&nbsp;&nbsp;&nbsp;Se celebr\u00f3 un conversatorio en el que participaron el Magistrado del TEPJF, Felipe de la Mata Piza\u00f1a, y la Directora de M\u00e1s Proyectos, Alma \u00c1lvarez Villalobos.<\/p>\n\n\n\n<p>\u00b7&nbsp;&nbsp;&nbsp;&nbsp;&nbsp;&nbsp;&nbsp;El conversatorio fue moderado por la Magistrada Alejandra Ch\u00e1vez Camarena, presidenta del Comit\u00e9 de G\u00e9nero y Derechos Humanos del TECDMX.<\/p>\n\n\n\n<p>\u00b7&nbsp;&nbsp;&nbsp;&nbsp;&nbsp;&nbsp;&nbsp;La inauguraci\u00f3n cont\u00f3 con la participaci\u00f3n de la titular de la Coordinaci\u00f3n de Derechos Humanos y G\u00e9nero del TECDMX, Iris Gonz\u00e1lez V\u00e1zquez, as\u00ed como de Patricia S\u00e1nchez Galaviz, titular de la Unidad T\u00e9cnica de Derechos Humanos y G\u00e9nero del Tribunal de Justicia Administrativa de la CDMX.<\/p>\n\n\n\n<p>El Tribunal Electoral de la Ciudad de M\u00e9xico (TECDMX) celebr\u00f3 el Conversatorio&nbsp;<strong>\u201cLenguaje incluyente como parte consustancial de la igualdad sustantiva. Alcances, retos y perspectivas\u201d<\/strong>, en el marco de las actividades por la Conmemoraci\u00f3n del&nbsp;D\u00eda Internacional de la Eliminaci\u00f3n de la Violencia contra la Mujer.<\/p>\n\n\n\n<p>Al inaugurar el evento, el Magistrado Armando Ambriz Hern\u00e1ndez destac\u00f3 que la igualdad entre mujeres y hombres es un derecho humano que orienta todo el quehacer social; afirmando tambi\u00e9n que se debe tomar conciencia para definir qu\u00e9 mecanismos deben utilizarse para erradicar las conductas que afectan los derechos de todas las personas, considerando que uno de ellos es el lenguaje incluyente.<\/p>\n\n\n\n<p>\u201cEl lenguaje incluyente no tiene como fin prohibir o imponer reglas triviales de modales o falsa cortes\u00eda que se agotan saludando a los ciudadanos o ciudadanas. La trascendental importancia del lenguaje incluyente es la transformaci\u00f3n de la conciencia social a favor de la solidaridad, el mutuo entendimiento y el buen vivir\u201d, recalc\u00f3 el Magistrado Ambriz Hern\u00e1ndez.<\/p>\n\n\n\n<p>Por su parte, la Magistrada Alejandra Ch\u00e1vez Camarena, integrante del Pleno del TECDMX y Presidenta del Comit\u00e9 de G\u00e9nero y Derechos Humanos, inici\u00f3 el Conversatorio destacando el compromiso de este Tribunal Electoral, tanto de manera interna como externa, con los temas relacionados con la equidad de g\u00e9nero y la implementaci\u00f3n del lenguaje incluyente al realizar diversos documentos, manuales y materiales.<\/p>\n\n\n\n<p>\u201cLa finalidad de este tipo de conversatorios y eventos es que se pueda facilitar el saber y conocer el qu\u00e9 y por qu\u00e9 tenemos que utilizar el lenguaje neutro y no sexista, el c\u00f3mo podemos usarlo con la finalidad del conocimiento y uso del mismo\u201d, afirm\u00f3 la Magistrada Ch\u00e1vez Camarena<\/p>\n\n\n\n<p>Al hacer uso de la voz, el Magistrado de la Sala Superior del Tribunal Electoral del Poder Judicial de la Federaci\u00f3n (TEPJF), Felipe de la Mata Piza\u00f1a, inici\u00f3 su participaci\u00f3n afirmando que estamos mal en materia de violencia pol\u00edtica de g\u00e9nero porque la Constituci\u00f3n tiene principios generales que no han sido aterrizados de manera puntual en una legislaci\u00f3n espec\u00edfica.<\/p>\n\n\n\n<p>\u201c\u00bfPor qu\u00e9 si todos pensamos lo mismo, no ha pasado?. El tema es que s\u00ed se necesita esta legislaci\u00f3n para hacer espec\u00edficos los requisitos de sanciones o, en su caso nulidades, que existan en los temas que tengan que ver con violencia pol\u00edtica por raz\u00f3n de g\u00e9nero\u201d, consider\u00f3 el Magistrado de la Mata Piza\u00f1a.<\/p>\n\n\n\n<p>Asimismo, realiz\u00f3 un ejercicio de an\u00e1lisis sobre c\u00f3mo aplicar los precedentes de la Sala Superior y, en general, los criterios de los Tribunales Electorales, sobre asuntos relacionados con violencia pol\u00edtica de g\u00e9nero.<\/p>\n\n\n\n<p>Para concluir, el Magistrado de la Sala Superior asegur\u00f3 que es fundamental visibilizar y empoderar a las mujeres para que tengan un acceso pleno al ejercicio de sus derechos pol\u00edtico-electorales y a cargos de elecci\u00f3n popular.<\/p>\n\n\n\n<p>Por su parte, la Directora de \u201cM\u00e1s Proyectos S.C.\u201d y experta en temas de comunicaci\u00f3n y lenguaje, Alma \u00c1lvarez Villalobos, reflexion\u00f3 sobre la necesidad de tener m\u00e1s ingenio para conseguir que el lenguaje visibilice a las mujeres y ponga el foco en ellas.<\/p>\n\n\n\n<p>\u201cLa forma m\u00e1s com\u00fan de denostarse entre dos hombres es asemejarlos a mujeres. Mientras sigamos usando en el lenguaje cotidiano todas estas formas de invisibilizar a las mujeres, de denostarlas, no vamos a poder llevarlas al terreno de lo legal\u201d, expres\u00f3 \u00c1lvarez Villalobos.<\/p>\n\n\n\n<p>Para concluir, la maestra Alma \u00c1lvarez Villalobos, afirm\u00f3 que vale la pena esforzarnos desde el lenguaje en ser incluyentes, abatiendo los rezagos que tienen las mujeres, ind\u00edgenas y dem\u00e1s grupos de atenci\u00f3n prioritaria. Tambi\u00e9n se debe realizar un ejercicio de pensar con inclusi\u00f3n para considerar a los grupos que no hemos incluido en nuestra vida.<\/p>\n\n\n\n<p>Finalmente, la Magistrada Alejandra Ch\u00e1vez Camarena, quien fungi\u00f3 como moderadora, concluy\u00f3 que para alcanzar la sensibilizaci\u00f3n y entender que la violencia pol\u00edtica por razones de g\u00e9nero contra las mujeres es una realidad, se debe contar con la participaci\u00f3n de hombres y mujeres.<\/p>\n\n\n\n<p>\u201cTenemos que cambiar nuestra cultura, nuestra mente, nuestras ideas, para lograr visibilizar, incluir y empoderar a las mujeres. Pero esto lo debemos de lograr de la mano, hombres y mujeres\u201d, concluy\u00f3 la Magistrada Ch\u00e1vez Camarena.<\/p>\n\n\n\n<p>El evento cont\u00f3 con la asistencia de la Magistrada Irma Ram\u00edrez, del Tribunal Federal de Conciliaci\u00f3n y Arbitraje, as\u00ed como de Jos\u00e9 \u00c1ngel Yuen, Magistrado del Tribunal de Justicia Electoral del Estado de Zacatecas.<\/p>\n\n\n\n<p><strong>o-O-o<\/strong><\/p>\n","protected":false},"excerpt":{"rendered":"<p>Conmemora TECDMX D\u00eda Internacional de la Eliminaci\u00f3n de la Violencia contra la Mujer destacando importancia del Lenguaje Incluyente para alcanzar la igualdad sustantiva<\/p>\n","protected":false},"author":13,"featured_media":16229,"comment_status":"open","ping_status":"open","sticky":false,"template":"","format":"standard","meta":{"_acf_changed":false,"_exactmetrics_skip_tracking":false,"_exactmetrics_sitenote_active":false,"_exactmetrics_sitenote_note":"","_exactmetrics_sitenote_category":0,"footnotes":""},"categories":[32,47],"tags":[],"acf":[],"yoast_head":"<!-- This site is optimized with the Yoast SEO plugin v22.3 - https:\/\/yoast.com\/wordpress\/plugins\/seo\/ -->\n<title>Conmemora TECDMX D\u00eda Internacional de la Eliminaci\u00f3n de la Violencia contra la Mujer destacando importancia del Lenguaje Incluyente para alcanzar la igualdad sustantiva - Tribunal Electoral de la Ciudad de M\u00e9xico<\/title>\n<meta name=\"robots\" content=\"index, follow, max-snippet:-1, max-image-preview:large, max-video-preview:-1\" \/>\n<link rel=\"canonical\" href=\"https:\/\/www.tecdmx.org.mx\/index.php\/comunicados\/2019\/11\/26\/conmemora-tecdmx-dia-internacional-de-la-eliminacion-de-la-violencia-contra-la-mujer-destacando-importancia-del-lenguaje-incluyente-para-alcanzar-la-igualdad-sustantiva\/\" \/>\n<meta property=\"og:locale\" content=\"es_ES\" \/>\n<meta property=\"og:type\" content=\"article\" \/>\n<meta property=\"og:title\" content=\"Conmemora TECDMX D\u00eda Internacional de la Eliminaci\u00f3n de la Violencia contra la Mujer destacando importancia del Lenguaje Incluyente para alcanzar la igualdad sustantiva - Tribunal Electoral de la Ciudad de M\u00e9xico\" \/>\n<meta property=\"og:description\" content=\"Conmemora TECDMX D\u00eda Internacional de la Eliminaci\u00f3n de la Violencia contra la Mujer destacando importancia del Lenguaje Incluyente para alcanzar la igualdad sustantiva\" \/>\n<meta property=\"og:url\" content=\"https:\/\/www.tecdmx.org.mx\/index.php\/comunicados\/2019\/11\/26\/conmemora-tecdmx-dia-internacional-de-la-eliminacion-de-la-violencia-contra-la-mujer-destacando-importancia-del-lenguaje-incluyente-para-alcanzar-la-igualdad-sustantiva\/\" \/>\n<meta property=\"og:site_name\" content=\"Tribunal Electoral de la Ciudad de M\u00e9xico\" \/>\n<meta property=\"article:publisher\" content=\"https:\/\/www.facebook.com\/TECDMX\/\" \/>\n<meta property=\"article:published_time\" content=\"2019-11-26T16:49:36+00:00\" \/>\n<meta property=\"article:modified_time\" content=\"2019-11-26T16:50:45+00:00\" \/>\n<meta property=\"og:image\" content=\"https:\/\/www.tecdmx.org.mx\/wp-content\/uploads\/2019\/11\/Foto_boletin-.png\" \/>\n\t<meta property=\"og:image:width\" content=\"824\" \/>\n\t<meta property=\"og:image:height\" content=\"486\" \/>\n\t<meta property=\"og:image:type\" content=\"image\/png\" \/>\n<meta name=\"author\" content=\"Difusion2025\" \/>\n<meta name=\"twitter:card\" content=\"summary_large_image\" \/>\n<meta name=\"twitter:creator\" content=\"@tecdmx\" \/>\n<meta name=\"twitter:site\" content=\"@tecdmx\" \/>\n<meta name=\"twitter:label1\" content=\"Escrito por\" \/>\n\t<meta name=\"twitter:data1\" content=\"Difusion2025\" \/>\n\t<meta name=\"twitter:label2\" content=\"Tiempo de lectura\" \/>\n\t<meta name=\"twitter:data2\" content=\"4 minutos\" \/>\n<script type=\"application\/ld+json\" class=\"yoast-schema-graph\">{\"@context\":\"https:\/\/schema.org\",\"@graph\":[{\"@type\":\"WebPage\",\"@id\":\"https:\/\/www.tecdmx.org.mx\/index.php\/comunicados\/2019\/11\/26\/conmemora-tecdmx-dia-internacional-de-la-eliminacion-de-la-violencia-contra-la-mujer-destacando-importancia-del-lenguaje-incluyente-para-alcanzar-la-igualdad-sustantiva\/\",\"url\":\"https:\/\/www.tecdmx.org.mx\/index.php\/comunicados\/2019\/11\/26\/conmemora-tecdmx-dia-internacional-de-la-eliminacion-de-la-violencia-contra-la-mujer-destacando-importancia-del-lenguaje-incluyente-para-alcanzar-la-igualdad-sustantiva\/\",\"name\":\"Conmemora TECDMX D\u00eda Internacional de la Eliminaci\u00f3n de la Violencia contra la Mujer destacando importancia del Lenguaje Incluyente para alcanzar la igualdad sustantiva - Tribunal Electoral de la Ciudad de M\u00e9xico\",\"isPartOf\":{\"@id\":\"https:\/\/www.tecdmx.org.mx\/#website\"},\"primaryImageOfPage\":{\"@id\":\"https:\/\/www.tecdmx.org.mx\/index.php\/comunicados\/2019\/11\/26\/conmemora-tecdmx-dia-internacional-de-la-eliminacion-de-la-violencia-contra-la-mujer-destacando-importancia-del-lenguaje-incluyente-para-alcanzar-la-igualdad-sustantiva\/#primaryimage\"},\"image\":{\"@id\":\"https:\/\/www.tecdmx.org.mx\/index.php\/comunicados\/2019\/11\/26\/conmemora-tecdmx-dia-internacional-de-la-eliminacion-de-la-violencia-contra-la-mujer-destacando-importancia-del-lenguaje-incluyente-para-alcanzar-la-igualdad-sustantiva\/#primaryimage\"},\"thumbnailUrl\":\"https:\/\/www.tecdmx.org.mx\/wp-content\/uploads\/2019\/11\/Foto_boletin-.png\",\"datePublished\":\"2019-11-26T16:49:36+00:00\",\"dateModified\":\"2019-11-26T16:50:45+00:00\",\"author\":{\"@id\":\"https:\/\/www.tecdmx.org.mx\/#\/schema\/person\/208c898199fb3234203823c5f0cf31d6\"},\"breadcrumb\":{\"@id\":\"https:\/\/www.tecdmx.org.mx\/index.php\/comunicados\/2019\/11\/26\/conmemora-tecdmx-dia-internacional-de-la-eliminacion-de-la-violencia-contra-la-mujer-destacando-importancia-del-lenguaje-incluyente-para-alcanzar-la-igualdad-sustantiva\/#breadcrumb\"},\"inLanguage\":\"es\",\"potentialAction\":[{\"@type\":\"ReadAction\",\"target\":[\"https:\/\/www.tecdmx.org.mx\/index.php\/comunicados\/2019\/11\/26\/conmemora-tecdmx-dia-internacional-de-la-eliminacion-de-la-violencia-contra-la-mujer-destacando-importancia-del-lenguaje-incluyente-para-alcanzar-la-igualdad-sustantiva\/\"]}]},{\"@type\":\"ImageObject\",\"inLanguage\":\"es\",\"@id\":\"https:\/\/www.tecdmx.org.mx\/index.php\/comunicados\/2019\/11\/26\/conmemora-tecdmx-dia-internacional-de-la-eliminacion-de-la-violencia-contra-la-mujer-destacando-importancia-del-lenguaje-incluyente-para-alcanzar-la-igualdad-sustantiva\/#primaryimage\",\"url\":\"https:\/\/www.tecdmx.org.mx\/wp-content\/uploads\/2019\/11\/Foto_boletin-.png\",\"contentUrl\":\"https:\/\/www.tecdmx.org.mx\/wp-content\/uploads\/2019\/11\/Foto_boletin-.png\",\"width\":824,\"height\":486},{\"@type\":\"BreadcrumbList\",\"@id\":\"https:\/\/www.tecdmx.org.mx\/index.php\/comunicados\/2019\/11\/26\/conmemora-tecdmx-dia-internacional-de-la-eliminacion-de-la-violencia-contra-la-mujer-destacando-importancia-del-lenguaje-incluyente-para-alcanzar-la-igualdad-sustantiva\/#breadcrumb\",\"itemListElement\":[{\"@type\":\"ListItem\",\"position\":1,\"name\":\"Portada\",\"item\":\"https:\/\/www.tecdmx.org.mx\/\"},{\"@type\":\"ListItem\",\"position\":2,\"name\":\"Conmemora TECDMX D\u00eda Internacional de la Eliminaci\u00f3n de la Violencia contra la Mujer destacando importancia del Lenguaje Incluyente para alcanzar la igualdad sustantiva\"}]},{\"@type\":\"WebSite\",\"@id\":\"https:\/\/www.tecdmx.org.mx\/#website\",\"url\":\"https:\/\/www.tecdmx.org.mx\/\",\"name\":\"Tribunal Electoral de la Ciudad de M\u00e9xico\",\"description\":\"25 a\u00f1os garantizando justicia en tu elecci\u00f3n\",\"potentialAction\":[{\"@type\":\"SearchAction\",\"target\":{\"@type\":\"EntryPoint\",\"urlTemplate\":\"https:\/\/www.tecdmx.org.mx\/?s={search_term_string}\"},\"query-input\":\"required name=search_term_string\"}],\"inLanguage\":\"es\"},{\"@type\":\"Person\",\"@id\":\"https:\/\/www.tecdmx.org.mx\/#\/schema\/person\/208c898199fb3234203823c5f0cf31d6\",\"name\":\"Difusion2025\",\"image\":{\"@type\":\"ImageObject\",\"inLanguage\":\"es\",\"@id\":\"https:\/\/www.tecdmx.org.mx\/#\/schema\/person\/image\/\",\"url\":\"https:\/\/secure.gravatar.com\/avatar\/6f7a4ba3acb418040e90a2eb99b5df28?s=96&d=mm&r=g\",\"contentUrl\":\"https:\/\/secure.gravatar.com\/avatar\/6f7a4ba3acb418040e90a2eb99b5df28?s=96&d=mm&r=g\",\"caption\":\"Difusion2025\"}}]}<\/script>\n<!-- \/ Yoast SEO plugin. -->","yoast_head_json":{"title":"Conmemora TECDMX D\u00eda Internacional de la Eliminaci\u00f3n de la Violencia contra la Mujer destacando importancia del Lenguaje Incluyente para alcanzar la igualdad sustantiva - Tribunal Electoral de la Ciudad de M\u00e9xico","robots":{"index":"index","follow":"follow","max-snippet":"max-snippet:-1","max-image-preview":"max-image-preview:large","max-video-preview":"max-video-preview:-1"},"canonical":"https:\/\/www.tecdmx.org.mx\/index.php\/comunicados\/2019\/11\/26\/conmemora-tecdmx-dia-internacional-de-la-eliminacion-de-la-violencia-contra-la-mujer-destacando-importancia-del-lenguaje-incluyente-para-alcanzar-la-igualdad-sustantiva\/","og_locale":"es_ES","og_type":"article","og_title":"Conmemora TECDMX D\u00eda Internacional de la Eliminaci\u00f3n de la Violencia contra la Mujer destacando importancia del Lenguaje Incluyente para alcanzar la igualdad sustantiva - Tribunal Electoral de la Ciudad de M\u00e9xico","og_description":"Conmemora TECDMX D\u00eda Internacional de la Eliminaci\u00f3n de la Violencia contra la Mujer destacando importancia del Lenguaje Incluyente para alcanzar la igualdad sustantiva","og_url":"https:\/\/www.tecdmx.org.mx\/index.php\/comunicados\/2019\/11\/26\/conmemora-tecdmx-dia-internacional-de-la-eliminacion-de-la-violencia-contra-la-mujer-destacando-importancia-del-lenguaje-incluyente-para-alcanzar-la-igualdad-sustantiva\/","og_site_name":"Tribunal Electoral de la Ciudad de M\u00e9xico","article_publisher":"https:\/\/www.facebook.com\/TECDMX\/","article_published_time":"2019-11-26T16:49:36+00:00","article_modified_time":"2019-11-26T16:50:45+00:00","og_image":[{"width":824,"height":486,"url":"https:\/\/www.tecdmx.org.mx\/wp-content\/uploads\/2019\/11\/Foto_boletin-.png","type":"image\/png"}],"author":"Difusion2025","twitter_card":"summary_large_image","twitter_creator":"@tecdmx","twitter_site":"@tecdmx","twitter_misc":{"Escrito por":"Difusion2025","Tiempo de lectura":"4 minutos"},"schema":{"@context":"https:\/\/schema.org","@graph":[{"@type":"WebPage","@id":"https:\/\/www.tecdmx.org.mx\/index.php\/comunicados\/2019\/11\/26\/conmemora-tecdmx-dia-internacional-de-la-eliminacion-de-la-violencia-contra-la-mujer-destacando-importancia-del-lenguaje-incluyente-para-alcanzar-la-igualdad-sustantiva\/","url":"https:\/\/www.tecdmx.org.mx\/index.php\/comunicados\/2019\/11\/26\/conmemora-tecdmx-dia-internacional-de-la-eliminacion-de-la-violencia-contra-la-mujer-destacando-importancia-del-lenguaje-incluyente-para-alcanzar-la-igualdad-sustantiva\/","name":"Conmemora TECDMX D\u00eda Internacional de la Eliminaci\u00f3n de la Violencia contra la Mujer destacando importancia del Lenguaje Incluyente para alcanzar la igualdad sustantiva - Tribunal Electoral de la Ciudad de M\u00e9xico","isPartOf":{"@id":"https:\/\/www.tecdmx.org.mx\/#website"},"primaryImageOfPage":{"@id":"https:\/\/www.tecdmx.org.mx\/index.php\/comunicados\/2019\/11\/26\/conmemora-tecdmx-dia-internacional-de-la-eliminacion-de-la-violencia-contra-la-mujer-destacando-importancia-del-lenguaje-incluyente-para-alcanzar-la-igualdad-sustantiva\/#primaryimage"},"image":{"@id":"https:\/\/www.tecdmx.org.mx\/index.php\/comunicados\/2019\/11\/26\/conmemora-tecdmx-dia-internacional-de-la-eliminacion-de-la-violencia-contra-la-mujer-destacando-importancia-del-lenguaje-incluyente-para-alcanzar-la-igualdad-sustantiva\/#primaryimage"},"thumbnailUrl":"https:\/\/www.tecdmx.org.mx\/wp-content\/uploads\/2019\/11\/Foto_boletin-.png","datePublished":"2019-11-26T16:49:36+00:00","dateModified":"2019-11-26T16:50:45+00:00","author":{"@id":"https:\/\/www.tecdmx.org.mx\/#\/schema\/person\/208c898199fb3234203823c5f0cf31d6"},"breadcrumb":{"@id":"https:\/\/www.tecdmx.org.mx\/index.php\/comunicados\/2019\/11\/26\/conmemora-tecdmx-dia-internacional-de-la-eliminacion-de-la-violencia-contra-la-mujer-destacando-importancia-del-lenguaje-incluyente-para-alcanzar-la-igualdad-sustantiva\/#breadcrumb"},"inLanguage":"es","potentialAction":[{"@type":"ReadAction","target":["https:\/\/www.tecdmx.org.mx\/index.php\/comunicados\/2019\/11\/26\/conmemora-tecdmx-dia-internacional-de-la-eliminacion-de-la-violencia-contra-la-mujer-destacando-importancia-del-lenguaje-incluyente-para-alcanzar-la-igualdad-sustantiva\/"]}]},{"@type":"ImageObject","inLanguage":"es","@id":"https:\/\/www.tecdmx.org.mx\/index.php\/comunicados\/2019\/11\/26\/conmemora-tecdmx-dia-internacional-de-la-eliminacion-de-la-violencia-contra-la-mujer-destacando-importancia-del-lenguaje-incluyente-para-alcanzar-la-igualdad-sustantiva\/#primaryimage","url":"https:\/\/www.tecdmx.org.mx\/wp-content\/uploads\/2019\/11\/Foto_boletin-.png","contentUrl":"https:\/\/www.tecdmx.org.mx\/wp-content\/uploads\/2019\/11\/Foto_boletin-.png","width":824,"height":486},{"@type":"BreadcrumbList","@id":"https:\/\/www.tecdmx.org.mx\/index.php\/comunicados\/2019\/11\/26\/conmemora-tecdmx-dia-internacional-de-la-eliminacion-de-la-violencia-contra-la-mujer-destacando-importancia-del-lenguaje-incluyente-para-alcanzar-la-igualdad-sustantiva\/#breadcrumb","itemListElement":[{"@type":"ListItem","position":1,"name":"Portada","item":"https:\/\/www.tecdmx.org.mx\/"},{"@type":"ListItem","position":2,"name":"Conmemora TECDMX D\u00eda Internacional de la Eliminaci\u00f3n de la Violencia contra la Mujer destacando importancia del Lenguaje Incluyente para alcanzar la igualdad sustantiva"}]},{"@type":"WebSite","@id":"https:\/\/www.tecdmx.org.mx\/#website","url":"https:\/\/www.tecdmx.org.mx\/","name":"Tribunal Electoral de la Ciudad de M\u00e9xico","description":"25 a\u00f1os garantizando justicia en tu elecci\u00f3n","potentialAction":[{"@type":"SearchAction","target":{"@type":"EntryPoint","urlTemplate":"https:\/\/www.tecdmx.org.mx\/?s={search_term_string}"},"query-input":"required name=search_term_string"}],"inLanguage":"es"},{"@type":"Person","@id":"https:\/\/www.tecdmx.org.mx\/#\/schema\/person\/208c898199fb3234203823c5f0cf31d6","name":"Difusion2025","image":{"@type":"ImageObject","inLanguage":"es","@id":"https:\/\/www.tecdmx.org.mx\/#\/schema\/person\/image\/","url":"https:\/\/secure.gravatar.com\/avatar\/6f7a4ba3acb418040e90a2eb99b5df28?s=96&d=mm&r=g","contentUrl":"https:\/\/secure.gravatar.com\/avatar\/6f7a4ba3acb418040e90a2eb99b5df28?s=96&d=mm&r=g","caption":"Difusion2025"}}]}},"_links":{"self":[{"href":"https:\/\/www.tecdmx.org.mx\/index.php\/wp-json\/wp\/v2\/posts\/16228"}],"collection":[{"href":"https:\/\/www.tecdmx.org.mx\/index.php\/wp-json\/wp\/v2\/posts"}],"about":[{"href":"https:\/\/www.tecdmx.org.mx\/index.php\/wp-json\/wp\/v2\/types\/post"}],"author":[{"embeddable":true,"href":"https:\/\/www.tecdmx.org.mx\/index.php\/wp-json\/wp\/v2\/users\/13"}],"replies":[{"embeddable":true,"href":"https:\/\/www.tecdmx.org.mx\/index.php\/wp-json\/wp\/v2\/comments?post=16228"}],"version-history":[{"count":3,"href":"https:\/\/www.tecdmx.org.mx\/index.php\/wp-json\/wp\/v2\/posts\/16228\/revisions"}],"predecessor-version":[{"id":16233,"href":"https:\/\/www.tecdmx.org.mx\/index.php\/wp-json\/wp\/v2\/posts\/16228\/revisions\/16233"}],"wp:featuredmedia":[{"embeddable":true,"href":"https:\/\/www.tecdmx.org.mx\/index.php\/wp-json\/wp\/v2\/media\/16229"}],"wp:attachment":[{"href":"https:\/\/www.tecdmx.org.mx\/index.php\/wp-json\/wp\/v2\/media?parent=16228"}],"wp:term":[{"taxonomy":"category","embeddable":true,"href":"https:\/\/www.tecdmx.org.mx\/index.php\/wp-json\/wp\/v2\/categories?post=16228"},{"taxonomy":"post_tag","embeddable":true,"href":"https:\/\/www.tecdmx.org.mx\/index.php\/wp-json\/wp\/v2\/tags?post=16228"}],"curies":[{"name":"wp","href":"https:\/\/api.w.org\/{rel}","templated":true}]}}