{"id":16363,"date":"2019-12-03T20:14:00","date_gmt":"2019-12-03T20:14:00","guid":{"rendered":"https:\/\/www.tecdmx.org.mx\/?p=16363"},"modified":"2019-12-04T20:14:35","modified_gmt":"2019-12-04T20:14:35","slug":"destaca-tecdmx-importancia-de-la-visibilizacion-de-las-personas-con-discapacidad-para-fortalecer-la-cultura-de-la-inclusion","status":"publish","type":"post","link":"https:\/\/www.tecdmx.org.mx\/index.php\/comunicados\/2019\/12\/03\/destaca-tecdmx-importancia-de-la-visibilizacion-de-las-personas-con-discapacidad-para-fortalecer-la-cultura-de-la-inclusion\/","title":{"rendered":"Destaca TECDMX importancia de la visibilizaci\u00f3n de las personas con discapacidad para fortalecer la cultura de la inclusi\u00f3n"},"content":{"rendered":"\n<p>\u00b7&nbsp;&nbsp;&nbsp;&nbsp;&nbsp;&nbsp;&nbsp;Se celebr\u00f3 un conversatorio con cinco paratletas de M\u00e9xico y Cuba que han obtenido diversas medallas y r\u00e9cords en competencias para personas con discapacidad<\/p>\n\n\n\n<p>\u00b7&nbsp;&nbsp;&nbsp;&nbsp;&nbsp;&nbsp;&nbsp;El TECDMX busca con estos foros visibilizar y generar conciencia sobre la necesidad de una cultura de inclusi\u00f3n a favor de las personas con discapacidad.<\/p>\n\n\n\n<p>Como parte del programa institucional \u201cIncluyeTECDMX\u201d y en el marco del D\u00eda Internacional de las Personas con Discapacidad, el Tribunal Electoral de la Ciudad de M\u00e9xico (TECDMX) celebr\u00f3 el evento \u201cConversando con\u2026\u201d, el cual reuni\u00f3 a cinco atletas paral\u00edmpicos de diversas disciplinas para compartir su experiencia en el deporte de alto rendimiento y la discapacidad.<\/p>\n\n\n\n<p>Al inaugurar el conversatorio, la Magistrada Martha Mercado Ram\u00edrez afirm\u00f3 que este evento fue una oportunidad de oro tanto para las personas asistentes como las y los paratletas, pues poder intercambiar experiencias con quienes hacen vida, resultar\u00e1 muy satisfactorio, siendo el TECDMX un Tribunal sensible a los temas de discapacidad e inclusi\u00f3n.<\/p>\n\n\n\n<p>\u201cPretendemos un evento c\u00e1lido, un tema de cercan\u00eda con ellos, poder conocerlos a nivel humano, conocer sus retos y lo que tienen que enfrentar diario\u201d, refiri\u00f3 la Magistrada Mercado Ram\u00edrez.<\/p>\n\n\n\n<p>Al hacer uso de la voz, Fabiola Ram\u00edrez Mart\u00ednez, quien es nadadora, licenciada en Derecho, participante en dos Juegos Paral\u00edmpicos y considerada como la cuarta mejor nadadora del mundo en 2013, expres\u00f3 que la presi\u00f3n del deporte de alto rendimiento y la falta de apoyo por parte de las instituciones p\u00fablicas provoca que en muchas ocasiones la vida de los atletas paral\u00edmpicos sea muy complicada. Por otra parte, se\u00f1al\u00f3 que las personas con discapacidad pueden y deben tener acceso a otros espacios como el acad\u00e9mico y laboral considerando que un d\u00eda pudieran llegar a ser Magistradas, Magistrados o cualquier otra profesi\u00f3n.<\/p>\n\n\n\n<p>Por su parte, el cubano Lorenzo P\u00e9rez Escalona, plusmarquista en nataci\u00f3n paral\u00edmpica y multimedallista en diversas disciplinas acu\u00e1ticas, afirm\u00f3 que la discapacidad no es una limitante para tener una vida satisfactoria e hizo un llamado a que la gente no los conozca como \u201cdiscapacichuecos\u201d sino como personas con capacidades extraordinarias.<\/p>\n\n\n\n<p>Posteriormente, Nesbith Marlene V\u00e1zquez, nadadora paral\u00edmpica y multimedallista en los Parapanamericanos Lima 2019, dijo que espera que en un futuro exista mayor inclusi\u00f3n para las personas con discapacidad. Destac\u00f3 que el amor, la pasi\u00f3n hacia una meta, la disciplina y la responsabilidad hacen que valga la pena el sacrificio que representa ser un atleta de alto rendimiento con discapacidad.<\/p>\n\n\n\n<p>En el mismo orden de ideas, Marcos Rafael Z\u00e1rate, joven nadador paral\u00edmpico que obtuvo 6 medallas en los recientes Juegos Parapanamericanos 2019, consider\u00f3 que el manejo actual del deporte nacional privilegia los apoyos a deportistas que no est\u00e1n dando buenos resultados y deja de lado a atletas paral\u00edmpicos que s\u00ed est\u00e1n generando medallas y r\u00e9cords para el deporte mexicano, lo que le pareci\u00f3 injusto.<\/p>\n\n\n\n<p>Asimismo, Daniela Velazco Maldonado, corredora de velocidad con discapacidad visual que cuenta con medallas de oro, plata y bronce en diversas justas deportivas, afirm\u00f3 que los atletas paral\u00edmpicos, y en general las personas con discapacidad, tienen las mismas capacidades para hacer las cosas y que s\u00f3lo buscan ser parte de una sociedad en la que todos sean iguales.<\/p>\n\n\n\n<p>Para concluir las participaciones, Carmen Azucena Villalobos Mart\u00edn, maestra en acondicionamiento f\u00edsico y representante de atletas paral\u00edmpicos, destac\u00f3 que actualmente en nuestro pa\u00eds en muchas ocasiones se la da mayor peso a la imagen que al valor humano, lo que ha complicado el acceso de paratletas a apoyos y patrocinios que les permitan mejorar en su desempe\u00f1o deportivo.<\/p>\n\n\n\n<p>Finalmente, el evento cont\u00f3 con la participaci\u00f3n de la Magistrada Alejandra Ch\u00e1vez Camarena y el Magistrado Juan Carlos S\u00e1nchez Le\u00f3n.<\/p>\n\n\n\n<p><strong>o-O-o<\/strong><\/p>\n","protected":false},"excerpt":{"rendered":"<p>\u00b7&nbsp;&nbsp;&nbsp;&nbsp;&nbsp;&nbsp;&nbsp;Se celebr\u00f3 un conversatorio con cinco paratletas de M\u00e9xico y Cuba que han obtenido diversas medallas y r\u00e9cords en competencias para personas con discapacidad \u00b7&nbsp;&nbsp;&nbsp;&nbsp;&nbsp;&nbsp;&nbsp;El TECDMX busca con estos foros [&hellip;]<\/p>\n","protected":false},"author":13,"featured_media":16364,"comment_status":"open","ping_status":"open","sticky":false,"template":"","format":"standard","meta":{"_acf_changed":false,"_exactmetrics_skip_tracking":false,"_exactmetrics_sitenote_active":false,"_exactmetrics_sitenote_note":"","_exactmetrics_sitenote_category":0,"footnotes":""},"categories":[32,47],"tags":[],"acf":[],"yoast_head":"<!-- This site is optimized with the Yoast SEO plugin v22.3 - https:\/\/yoast.com\/wordpress\/plugins\/seo\/ -->\n<title>Destaca TECDMX importancia de la visibilizaci\u00f3n de las personas con discapacidad para fortalecer la cultura de la inclusi\u00f3n - Tribunal Electoral de la Ciudad de M\u00e9xico<\/title>\n<meta name=\"robots\" content=\"index, follow, max-snippet:-1, max-image-preview:large, max-video-preview:-1\" \/>\n<link rel=\"canonical\" href=\"https:\/\/www.tecdmx.org.mx\/index.php\/comunicados\/2019\/12\/03\/destaca-tecdmx-importancia-de-la-visibilizacion-de-las-personas-con-discapacidad-para-fortalecer-la-cultura-de-la-inclusion\/\" \/>\n<meta property=\"og:locale\" content=\"es_ES\" \/>\n<meta property=\"og:type\" content=\"article\" \/>\n<meta property=\"og:title\" content=\"Destaca TECDMX importancia de la visibilizaci\u00f3n de las personas con discapacidad para fortalecer la cultura de la inclusi\u00f3n - Tribunal Electoral de la Ciudad de M\u00e9xico\" \/>\n<meta property=\"og:description\" content=\"\u00b7&nbsp;&nbsp;&nbsp;&nbsp;&nbsp;&nbsp;&nbsp;Se celebr\u00f3 un conversatorio con cinco paratletas de M\u00e9xico y Cuba que han obtenido diversas medallas y r\u00e9cords en competencias para personas con discapacidad \u00b7&nbsp;&nbsp;&nbsp;&nbsp;&nbsp;&nbsp;&nbsp;El TECDMX busca con estos foros [&hellip;]\" \/>\n<meta property=\"og:url\" content=\"https:\/\/www.tecdmx.org.mx\/index.php\/comunicados\/2019\/12\/03\/destaca-tecdmx-importancia-de-la-visibilizacion-de-las-personas-con-discapacidad-para-fortalecer-la-cultura-de-la-inclusion\/\" \/>\n<meta property=\"og:site_name\" content=\"Tribunal Electoral de la Ciudad de M\u00e9xico\" \/>\n<meta property=\"article:publisher\" content=\"https:\/\/www.facebook.com\/TECDMX\/\" \/>\n<meta property=\"article:published_time\" content=\"2019-12-03T20:14:00+00:00\" \/>\n<meta property=\"article:modified_time\" content=\"2019-12-04T20:14:35+00:00\" \/>\n<meta property=\"og:image\" content=\"https:\/\/www.tecdmx.org.mx\/wp-content\/uploads\/2019\/12\/Foto-Paratletas-scaled.jpg\" \/>\n\t<meta property=\"og:image:width\" content=\"2560\" \/>\n\t<meta property=\"og:image:height\" content=\"1236\" \/>\n\t<meta property=\"og:image:type\" content=\"image\/jpeg\" \/>\n<meta name=\"author\" content=\"Difusion2025\" \/>\n<meta name=\"twitter:card\" content=\"summary_large_image\" \/>\n<meta name=\"twitter:creator\" content=\"@tecdmx\" \/>\n<meta name=\"twitter:site\" content=\"@tecdmx\" \/>\n<meta name=\"twitter:label1\" content=\"Escrito por\" \/>\n\t<meta name=\"twitter:data1\" content=\"Difusion2025\" \/>\n\t<meta name=\"twitter:label2\" content=\"Tiempo de lectura\" \/>\n\t<meta name=\"twitter:data2\" content=\"3 minutos\" \/>\n<script type=\"application\/ld+json\" class=\"yoast-schema-graph\">{\"@context\":\"https:\/\/schema.org\",\"@graph\":[{\"@type\":\"WebPage\",\"@id\":\"https:\/\/www.tecdmx.org.mx\/index.php\/comunicados\/2019\/12\/03\/destaca-tecdmx-importancia-de-la-visibilizacion-de-las-personas-con-discapacidad-para-fortalecer-la-cultura-de-la-inclusion\/\",\"url\":\"https:\/\/www.tecdmx.org.mx\/index.php\/comunicados\/2019\/12\/03\/destaca-tecdmx-importancia-de-la-visibilizacion-de-las-personas-con-discapacidad-para-fortalecer-la-cultura-de-la-inclusion\/\",\"name\":\"Destaca TECDMX importancia de la visibilizaci\u00f3n de las personas con discapacidad para fortalecer la cultura de la inclusi\u00f3n - Tribunal Electoral de la Ciudad de M\u00e9xico\",\"isPartOf\":{\"@id\":\"https:\/\/www.tecdmx.org.mx\/#website\"},\"primaryImageOfPage\":{\"@id\":\"https:\/\/www.tecdmx.org.mx\/index.php\/comunicados\/2019\/12\/03\/destaca-tecdmx-importancia-de-la-visibilizacion-de-las-personas-con-discapacidad-para-fortalecer-la-cultura-de-la-inclusion\/#primaryimage\"},\"image\":{\"@id\":\"https:\/\/www.tecdmx.org.mx\/index.php\/comunicados\/2019\/12\/03\/destaca-tecdmx-importancia-de-la-visibilizacion-de-las-personas-con-discapacidad-para-fortalecer-la-cultura-de-la-inclusion\/#primaryimage\"},\"thumbnailUrl\":\"https:\/\/www.tecdmx.org.mx\/wp-content\/uploads\/2019\/12\/Foto-Paratletas-scaled.jpg\",\"datePublished\":\"2019-12-03T20:14:00+00:00\",\"dateModified\":\"2019-12-04T20:14:35+00:00\",\"author\":{\"@id\":\"https:\/\/www.tecdmx.org.mx\/#\/schema\/person\/208c898199fb3234203823c5f0cf31d6\"},\"breadcrumb\":{\"@id\":\"https:\/\/www.tecdmx.org.mx\/index.php\/comunicados\/2019\/12\/03\/destaca-tecdmx-importancia-de-la-visibilizacion-de-las-personas-con-discapacidad-para-fortalecer-la-cultura-de-la-inclusion\/#breadcrumb\"},\"inLanguage\":\"es\",\"potentialAction\":[{\"@type\":\"ReadAction\",\"target\":[\"https:\/\/www.tecdmx.org.mx\/index.php\/comunicados\/2019\/12\/03\/destaca-tecdmx-importancia-de-la-visibilizacion-de-las-personas-con-discapacidad-para-fortalecer-la-cultura-de-la-inclusion\/\"]}]},{\"@type\":\"ImageObject\",\"inLanguage\":\"es\",\"@id\":\"https:\/\/www.tecdmx.org.mx\/index.php\/comunicados\/2019\/12\/03\/destaca-tecdmx-importancia-de-la-visibilizacion-de-las-personas-con-discapacidad-para-fortalecer-la-cultura-de-la-inclusion\/#primaryimage\",\"url\":\"https:\/\/www.tecdmx.org.mx\/wp-content\/uploads\/2019\/12\/Foto-Paratletas-scaled.jpg\",\"contentUrl\":\"https:\/\/www.tecdmx.org.mx\/wp-content\/uploads\/2019\/12\/Foto-Paratletas-scaled.jpg\",\"width\":2560,\"height\":1236},{\"@type\":\"BreadcrumbList\",\"@id\":\"https:\/\/www.tecdmx.org.mx\/index.php\/comunicados\/2019\/12\/03\/destaca-tecdmx-importancia-de-la-visibilizacion-de-las-personas-con-discapacidad-para-fortalecer-la-cultura-de-la-inclusion\/#breadcrumb\",\"itemListElement\":[{\"@type\":\"ListItem\",\"position\":1,\"name\":\"Portada\",\"item\":\"https:\/\/www.tecdmx.org.mx\/\"},{\"@type\":\"ListItem\",\"position\":2,\"name\":\"Destaca TECDMX importancia de la visibilizaci\u00f3n de las personas con discapacidad para fortalecer la cultura de la inclusi\u00f3n\"}]},{\"@type\":\"WebSite\",\"@id\":\"https:\/\/www.tecdmx.org.mx\/#website\",\"url\":\"https:\/\/www.tecdmx.org.mx\/\",\"name\":\"Tribunal Electoral de la Ciudad de M\u00e9xico\",\"description\":\"25 a\u00f1os garantizando justicia en tu elecci\u00f3n\",\"potentialAction\":[{\"@type\":\"SearchAction\",\"target\":{\"@type\":\"EntryPoint\",\"urlTemplate\":\"https:\/\/www.tecdmx.org.mx\/?s={search_term_string}\"},\"query-input\":\"required name=search_term_string\"}],\"inLanguage\":\"es\"},{\"@type\":\"Person\",\"@id\":\"https:\/\/www.tecdmx.org.mx\/#\/schema\/person\/208c898199fb3234203823c5f0cf31d6\",\"name\":\"Difusion2025\",\"image\":{\"@type\":\"ImageObject\",\"inLanguage\":\"es\",\"@id\":\"https:\/\/www.tecdmx.org.mx\/#\/schema\/person\/image\/\",\"url\":\"https:\/\/secure.gravatar.com\/avatar\/6f7a4ba3acb418040e90a2eb99b5df28?s=96&d=mm&r=g\",\"contentUrl\":\"https:\/\/secure.gravatar.com\/avatar\/6f7a4ba3acb418040e90a2eb99b5df28?s=96&d=mm&r=g\",\"caption\":\"Difusion2025\"}}]}<\/script>\n<!-- \/ Yoast SEO plugin. -->","yoast_head_json":{"title":"Destaca TECDMX importancia de la visibilizaci\u00f3n de las personas con discapacidad para fortalecer la cultura de la inclusi\u00f3n - Tribunal Electoral de la Ciudad de M\u00e9xico","robots":{"index":"index","follow":"follow","max-snippet":"max-snippet:-1","max-image-preview":"max-image-preview:large","max-video-preview":"max-video-preview:-1"},"canonical":"https:\/\/www.tecdmx.org.mx\/index.php\/comunicados\/2019\/12\/03\/destaca-tecdmx-importancia-de-la-visibilizacion-de-las-personas-con-discapacidad-para-fortalecer-la-cultura-de-la-inclusion\/","og_locale":"es_ES","og_type":"article","og_title":"Destaca TECDMX importancia de la visibilizaci\u00f3n de las personas con discapacidad para fortalecer la cultura de la inclusi\u00f3n - Tribunal Electoral de la Ciudad de M\u00e9xico","og_description":"\u00b7&nbsp;&nbsp;&nbsp;&nbsp;&nbsp;&nbsp;&nbsp;Se celebr\u00f3 un conversatorio con cinco paratletas de M\u00e9xico y Cuba que han obtenido diversas medallas y r\u00e9cords en competencias para personas con discapacidad \u00b7&nbsp;&nbsp;&nbsp;&nbsp;&nbsp;&nbsp;&nbsp;El TECDMX busca con estos foros [&hellip;]","og_url":"https:\/\/www.tecdmx.org.mx\/index.php\/comunicados\/2019\/12\/03\/destaca-tecdmx-importancia-de-la-visibilizacion-de-las-personas-con-discapacidad-para-fortalecer-la-cultura-de-la-inclusion\/","og_site_name":"Tribunal Electoral de la Ciudad de M\u00e9xico","article_publisher":"https:\/\/www.facebook.com\/TECDMX\/","article_published_time":"2019-12-03T20:14:00+00:00","article_modified_time":"2019-12-04T20:14:35+00:00","og_image":[{"width":2560,"height":1236,"url":"https:\/\/www.tecdmx.org.mx\/wp-content\/uploads\/2019\/12\/Foto-Paratletas-scaled.jpg","type":"image\/jpeg"}],"author":"Difusion2025","twitter_card":"summary_large_image","twitter_creator":"@tecdmx","twitter_site":"@tecdmx","twitter_misc":{"Escrito por":"Difusion2025","Tiempo de lectura":"3 minutos"},"schema":{"@context":"https:\/\/schema.org","@graph":[{"@type":"WebPage","@id":"https:\/\/www.tecdmx.org.mx\/index.php\/comunicados\/2019\/12\/03\/destaca-tecdmx-importancia-de-la-visibilizacion-de-las-personas-con-discapacidad-para-fortalecer-la-cultura-de-la-inclusion\/","url":"https:\/\/www.tecdmx.org.mx\/index.php\/comunicados\/2019\/12\/03\/destaca-tecdmx-importancia-de-la-visibilizacion-de-las-personas-con-discapacidad-para-fortalecer-la-cultura-de-la-inclusion\/","name":"Destaca TECDMX importancia de la visibilizaci\u00f3n de las personas con discapacidad para fortalecer la cultura de la inclusi\u00f3n - Tribunal Electoral de la Ciudad de M\u00e9xico","isPartOf":{"@id":"https:\/\/www.tecdmx.org.mx\/#website"},"primaryImageOfPage":{"@id":"https:\/\/www.tecdmx.org.mx\/index.php\/comunicados\/2019\/12\/03\/destaca-tecdmx-importancia-de-la-visibilizacion-de-las-personas-con-discapacidad-para-fortalecer-la-cultura-de-la-inclusion\/#primaryimage"},"image":{"@id":"https:\/\/www.tecdmx.org.mx\/index.php\/comunicados\/2019\/12\/03\/destaca-tecdmx-importancia-de-la-visibilizacion-de-las-personas-con-discapacidad-para-fortalecer-la-cultura-de-la-inclusion\/#primaryimage"},"thumbnailUrl":"https:\/\/www.tecdmx.org.mx\/wp-content\/uploads\/2019\/12\/Foto-Paratletas-scaled.jpg","datePublished":"2019-12-03T20:14:00+00:00","dateModified":"2019-12-04T20:14:35+00:00","author":{"@id":"https:\/\/www.tecdmx.org.mx\/#\/schema\/person\/208c898199fb3234203823c5f0cf31d6"},"breadcrumb":{"@id":"https:\/\/www.tecdmx.org.mx\/index.php\/comunicados\/2019\/12\/03\/destaca-tecdmx-importancia-de-la-visibilizacion-de-las-personas-con-discapacidad-para-fortalecer-la-cultura-de-la-inclusion\/#breadcrumb"},"inLanguage":"es","potentialAction":[{"@type":"ReadAction","target":["https:\/\/www.tecdmx.org.mx\/index.php\/comunicados\/2019\/12\/03\/destaca-tecdmx-importancia-de-la-visibilizacion-de-las-personas-con-discapacidad-para-fortalecer-la-cultura-de-la-inclusion\/"]}]},{"@type":"ImageObject","inLanguage":"es","@id":"https:\/\/www.tecdmx.org.mx\/index.php\/comunicados\/2019\/12\/03\/destaca-tecdmx-importancia-de-la-visibilizacion-de-las-personas-con-discapacidad-para-fortalecer-la-cultura-de-la-inclusion\/#primaryimage","url":"https:\/\/www.tecdmx.org.mx\/wp-content\/uploads\/2019\/12\/Foto-Paratletas-scaled.jpg","contentUrl":"https:\/\/www.tecdmx.org.mx\/wp-content\/uploads\/2019\/12\/Foto-Paratletas-scaled.jpg","width":2560,"height":1236},{"@type":"BreadcrumbList","@id":"https:\/\/www.tecdmx.org.mx\/index.php\/comunicados\/2019\/12\/03\/destaca-tecdmx-importancia-de-la-visibilizacion-de-las-personas-con-discapacidad-para-fortalecer-la-cultura-de-la-inclusion\/#breadcrumb","itemListElement":[{"@type":"ListItem","position":1,"name":"Portada","item":"https:\/\/www.tecdmx.org.mx\/"},{"@type":"ListItem","position":2,"name":"Destaca TECDMX importancia de la visibilizaci\u00f3n de las personas con discapacidad para fortalecer la cultura de la inclusi\u00f3n"}]},{"@type":"WebSite","@id":"https:\/\/www.tecdmx.org.mx\/#website","url":"https:\/\/www.tecdmx.org.mx\/","name":"Tribunal Electoral de la Ciudad de M\u00e9xico","description":"25 a\u00f1os garantizando justicia en tu elecci\u00f3n","potentialAction":[{"@type":"SearchAction","target":{"@type":"EntryPoint","urlTemplate":"https:\/\/www.tecdmx.org.mx\/?s={search_term_string}"},"query-input":"required name=search_term_string"}],"inLanguage":"es"},{"@type":"Person","@id":"https:\/\/www.tecdmx.org.mx\/#\/schema\/person\/208c898199fb3234203823c5f0cf31d6","name":"Difusion2025","image":{"@type":"ImageObject","inLanguage":"es","@id":"https:\/\/www.tecdmx.org.mx\/#\/schema\/person\/image\/","url":"https:\/\/secure.gravatar.com\/avatar\/6f7a4ba3acb418040e90a2eb99b5df28?s=96&d=mm&r=g","contentUrl":"https:\/\/secure.gravatar.com\/avatar\/6f7a4ba3acb418040e90a2eb99b5df28?s=96&d=mm&r=g","caption":"Difusion2025"}}]}},"_links":{"self":[{"href":"https:\/\/www.tecdmx.org.mx\/index.php\/wp-json\/wp\/v2\/posts\/16363"}],"collection":[{"href":"https:\/\/www.tecdmx.org.mx\/index.php\/wp-json\/wp\/v2\/posts"}],"about":[{"href":"https:\/\/www.tecdmx.org.mx\/index.php\/wp-json\/wp\/v2\/types\/post"}],"author":[{"embeddable":true,"href":"https:\/\/www.tecdmx.org.mx\/index.php\/wp-json\/wp\/v2\/users\/13"}],"replies":[{"embeddable":true,"href":"https:\/\/www.tecdmx.org.mx\/index.php\/wp-json\/wp\/v2\/comments?post=16363"}],"version-history":[{"count":1,"href":"https:\/\/www.tecdmx.org.mx\/index.php\/wp-json\/wp\/v2\/posts\/16363\/revisions"}],"predecessor-version":[{"id":16365,"href":"https:\/\/www.tecdmx.org.mx\/index.php\/wp-json\/wp\/v2\/posts\/16363\/revisions\/16365"}],"wp:featuredmedia":[{"embeddable":true,"href":"https:\/\/www.tecdmx.org.mx\/index.php\/wp-json\/wp\/v2\/media\/16364"}],"wp:attachment":[{"href":"https:\/\/www.tecdmx.org.mx\/index.php\/wp-json\/wp\/v2\/media?parent=16363"}],"wp:term":[{"taxonomy":"category","embeddable":true,"href":"https:\/\/www.tecdmx.org.mx\/index.php\/wp-json\/wp\/v2\/categories?post=16363"},{"taxonomy":"post_tag","embeddable":true,"href":"https:\/\/www.tecdmx.org.mx\/index.php\/wp-json\/wp\/v2\/tags?post=16363"}],"curies":[{"name":"wp","href":"https:\/\/api.w.org\/{rel}","templated":true}]}}