{"id":16390,"date":"2019-11-25T16:36:00","date_gmt":"2019-11-25T16:36:00","guid":{"rendered":"https:\/\/www.tecdmx.org.mx\/?p=16390"},"modified":"2019-12-05T16:40:23","modified_gmt":"2019-12-05T16:40:23","slug":"conversatorio-lenguaje-incluyente-como-parte-consustancial-de-la-igualdad-sustantiva-alcances-retos-y-perspectivas","status":"publish","type":"post","link":"https:\/\/www.tecdmx.org.mx\/index.php\/eventos\/2019\/11\/25\/conversatorio-lenguaje-incluyente-como-parte-consustancial-de-la-igualdad-sustantiva-alcances-retos-y-perspectivas\/","title":{"rendered":"Conversatorio \u201cLenguaje Incluyente como parte consustancial de la igualdad sustantiva. Alcances, retos y perspectivas\u201d"},"content":{"rendered":"\n<p>Como parte de las actividades para conmemorar el D\u00eda Internacional de la Eliminaci\u00f3n de la Violencia contra la Mujer, la Magistrada Alejandra Ch\u00e1vez Camarena encabez\u00f3 el Conversatorio \u201cLenguaje Incluyente como parte consustancial de la igualdad sustantiva. Alcances, retos y perspectivas\u201d, junto con la maestra Alma \u00c1lvarez Villalobos y el Magistrado Felipe de la Mata Piza\u00f1a. El Magistrado Armando Ambriz Hern\u00e1ndez, inaugur\u00f3 y dio un mensaje.<\/p>\n\n\n\n<figure class=\"wp-block-gallery columns-2 is-cropped wp-block-gallery-1 is-layout-flex wp-block-gallery-is-layout-flex\"><ul class=\"blocks-gallery-grid\"><li class=\"blocks-gallery-item\"><figure><img loading=\"lazy\" decoding=\"async\" width=\"525\" height=\"350\" src=\"https:\/\/www.tecdmx.org.mx\/wp-content\/uploads\/2019\/12\/05-1-525x350.jpg\" alt=\"\" data-id=\"16395\" data-full-url=\"https:\/\/www.tecdmx.org.mx\/wp-content\/uploads\/2019\/12\/05-1.jpg\" data-link=\"https:\/\/www.tecdmx.org.mx\/?attachment_id=16395\" class=\"wp-image-16395\" srcset=\"https:\/\/www.tecdmx.org.mx\/wp-content\/uploads\/2019\/12\/05-1-375x250.jpg 375w, https:\/\/www.tecdmx.org.mx\/wp-content\/uploads\/2019\/12\/05-1-525x350.jpg 525w, https:\/\/www.tecdmx.org.mx\/wp-content\/uploads\/2019\/12\/05-1-768x512.jpg 768w, https:\/\/www.tecdmx.org.mx\/wp-content\/uploads\/2019\/12\/05-1.jpg 1280w\" sizes=\"(max-width: 525px) 100vw, 525px\" \/><\/figure><\/li><li class=\"blocks-gallery-item\"><figure><img loading=\"lazy\" decoding=\"async\" width=\"525\" height=\"350\" src=\"https:\/\/www.tecdmx.org.mx\/wp-content\/uploads\/2019\/12\/04-1-525x350.jpg\" alt=\"\" data-id=\"16394\" data-full-url=\"https:\/\/www.tecdmx.org.mx\/wp-content\/uploads\/2019\/12\/04-1.jpg\" data-link=\"https:\/\/www.tecdmx.org.mx\/?attachment_id=16394\" class=\"wp-image-16394\" srcset=\"https:\/\/www.tecdmx.org.mx\/wp-content\/uploads\/2019\/12\/04-1-375x250.jpg 375w, https:\/\/www.tecdmx.org.mx\/wp-content\/uploads\/2019\/12\/04-1-525x350.jpg 525w, https:\/\/www.tecdmx.org.mx\/wp-content\/uploads\/2019\/12\/04-1-768x512.jpg 768w, https:\/\/www.tecdmx.org.mx\/wp-content\/uploads\/2019\/12\/04-1.jpg 1280w\" sizes=\"(max-width: 525px) 100vw, 525px\" \/><\/figure><\/li><li class=\"blocks-gallery-item\"><figure><img loading=\"lazy\" decoding=\"async\" width=\"490\" height=\"350\" src=\"https:\/\/www.tecdmx.org.mx\/wp-content\/uploads\/2019\/12\/03-1-490x350.jpg\" alt=\"\" data-id=\"16393\" data-full-url=\"https:\/\/www.tecdmx.org.mx\/wp-content\/uploads\/2019\/12\/03-1.jpg\" data-link=\"https:\/\/www.tecdmx.org.mx\/?attachment_id=16393\" class=\"wp-image-16393\" srcset=\"https:\/\/www.tecdmx.org.mx\/wp-content\/uploads\/2019\/12\/03-1-350x250.jpg 350w, https:\/\/www.tecdmx.org.mx\/wp-content\/uploads\/2019\/12\/03-1-490x350.jpg 490w, https:\/\/www.tecdmx.org.mx\/wp-content\/uploads\/2019\/12\/03-1.jpg 680w\" sizes=\"(max-width: 490px) 100vw, 490px\" \/><\/figure><\/li><li class=\"blocks-gallery-item\"><figure><img loading=\"lazy\" decoding=\"async\" width=\"525\" height=\"350\" src=\"https:\/\/www.tecdmx.org.mx\/wp-content\/uploads\/2019\/12\/01-1-525x350.jpg\" alt=\"\" data-id=\"16391\" data-full-url=\"https:\/\/www.tecdmx.org.mx\/wp-content\/uploads\/2019\/12\/01-1.jpg\" data-link=\"https:\/\/www.tecdmx.org.mx\/?attachment_id=16391\" class=\"wp-image-16391\" srcset=\"https:\/\/www.tecdmx.org.mx\/wp-content\/uploads\/2019\/12\/01-1-375x250.jpg 375w, https:\/\/www.tecdmx.org.mx\/wp-content\/uploads\/2019\/12\/01-1-525x350.jpg 525w, https:\/\/www.tecdmx.org.mx\/wp-content\/uploads\/2019\/12\/01-1-768x512.jpg 768w, https:\/\/www.tecdmx.org.mx\/wp-content\/uploads\/2019\/12\/01-1.jpg 1280w\" sizes=\"(max-width: 525px) 100vw, 525px\" \/><\/figure><\/li><\/ul><\/figure>\n","protected":false},"excerpt":{"rendered":"<p>Como parte de las actividades para conmemorar el D\u00eda Internacional de la Eliminaci\u00f3n de la Violencia contra la Mujer, la Magistrada Alejandra Ch\u00e1vez Camarena encabez\u00f3 el Conversatorio \u201cLenguaje Incluyente como parte consustancial de la igualdad sustantiva. Alcances, retos y perspectivas\u201d, junto con la maestra Alma \u00c1lvarez Villalobos y el Magistrado Felipe de la Mata Piza\u00f1a. El Magistrado Armando Ambriz Hern\u00e1ndez, inaugur\u00f3 y dio un mensaje, <\/p>\n","protected":false},"author":13,"featured_media":16392,"comment_status":"open","ping_status":"open","sticky":false,"template":"","format":"standard","meta":{"_acf_changed":false,"_exactmetrics_skip_tracking":false,"_exactmetrics_sitenote_active":false,"_exactmetrics_sitenote_note":"","_exactmetrics_sitenote_category":0,"footnotes":""},"categories":[47,40],"tags":[],"acf":[],"yoast_head":"<!-- This site is optimized with the Yoast SEO plugin v22.3 - https:\/\/yoast.com\/wordpress\/plugins\/seo\/ -->\n<title>Conversatorio \u201cLenguaje Incluyente como parte consustancial de la igualdad sustantiva. Alcances, retos y perspectivas\u201d - Tribunal Electoral de la Ciudad de M\u00e9xico<\/title>\n<meta name=\"robots\" content=\"index, follow, max-snippet:-1, max-image-preview:large, max-video-preview:-1\" \/>\n<link rel=\"canonical\" href=\"https:\/\/www.tecdmx.org.mx\/index.php\/eventos\/2019\/11\/25\/conversatorio-lenguaje-incluyente-como-parte-consustancial-de-la-igualdad-sustantiva-alcances-retos-y-perspectivas\/\" \/>\n<meta property=\"og:locale\" content=\"es_ES\" \/>\n<meta property=\"og:type\" content=\"article\" \/>\n<meta property=\"og:title\" content=\"Conversatorio \u201cLenguaje Incluyente como parte consustancial de la igualdad sustantiva. Alcances, retos y perspectivas\u201d - Tribunal Electoral de la Ciudad de M\u00e9xico\" \/>\n<meta property=\"og:description\" content=\"Como parte de las actividades para conmemorar el D\u00eda Internacional de la Eliminaci\u00f3n de la Violencia contra la Mujer, la Magistrada Alejandra Ch\u00e1vez Camarena encabez\u00f3 el Conversatorio \u201cLenguaje Incluyente como parte consustancial de la igualdad sustantiva. Alcances, retos y perspectivas\u201d, junto con la maestra Alma \u00c1lvarez Villalobos y el Magistrado Felipe de la Mata Piza\u00f1a. El Magistrado Armando Ambriz Hern\u00e1ndez, inaugur\u00f3 y dio un mensaje,\" \/>\n<meta property=\"og:url\" content=\"https:\/\/www.tecdmx.org.mx\/index.php\/eventos\/2019\/11\/25\/conversatorio-lenguaje-incluyente-como-parte-consustancial-de-la-igualdad-sustantiva-alcances-retos-y-perspectivas\/\" \/>\n<meta property=\"og:site_name\" content=\"Tribunal Electoral de la Ciudad de M\u00e9xico\" \/>\n<meta property=\"article:publisher\" content=\"https:\/\/www.facebook.com\/TECDMX\/\" \/>\n<meta property=\"article:published_time\" content=\"2019-11-25T16:36:00+00:00\" \/>\n<meta property=\"article:modified_time\" content=\"2019-12-05T16:40:23+00:00\" \/>\n<meta property=\"og:image\" content=\"https:\/\/www.tecdmx.org.mx\/wp-content\/uploads\/2019\/12\/02-1.jpg\" \/>\n\t<meta property=\"og:image:width\" content=\"1280\" \/>\n\t<meta property=\"og:image:height\" content=\"853\" \/>\n\t<meta property=\"og:image:type\" content=\"image\/jpeg\" \/>\n<meta name=\"author\" content=\"Difusion2025\" \/>\n<meta name=\"twitter:card\" content=\"summary_large_image\" \/>\n<meta name=\"twitter:creator\" content=\"@tecdmx\" \/>\n<meta name=\"twitter:site\" content=\"@tecdmx\" \/>\n<meta name=\"twitter:label1\" content=\"Escrito por\" \/>\n\t<meta name=\"twitter:data1\" content=\"Difusion2025\" \/>\n<script type=\"application\/ld+json\" class=\"yoast-schema-graph\">{\"@context\":\"https:\/\/schema.org\",\"@graph\":[{\"@type\":\"WebPage\",\"@id\":\"https:\/\/www.tecdmx.org.mx\/index.php\/eventos\/2019\/11\/25\/conversatorio-lenguaje-incluyente-como-parte-consustancial-de-la-igualdad-sustantiva-alcances-retos-y-perspectivas\/\",\"url\":\"https:\/\/www.tecdmx.org.mx\/index.php\/eventos\/2019\/11\/25\/conversatorio-lenguaje-incluyente-como-parte-consustancial-de-la-igualdad-sustantiva-alcances-retos-y-perspectivas\/\",\"name\":\"Conversatorio \u201cLenguaje Incluyente como parte consustancial de la igualdad sustantiva. Alcances, retos y perspectivas\u201d - Tribunal Electoral de la Ciudad de M\u00e9xico\",\"isPartOf\":{\"@id\":\"https:\/\/www.tecdmx.org.mx\/#website\"},\"primaryImageOfPage\":{\"@id\":\"https:\/\/www.tecdmx.org.mx\/index.php\/eventos\/2019\/11\/25\/conversatorio-lenguaje-incluyente-como-parte-consustancial-de-la-igualdad-sustantiva-alcances-retos-y-perspectivas\/#primaryimage\"},\"image\":{\"@id\":\"https:\/\/www.tecdmx.org.mx\/index.php\/eventos\/2019\/11\/25\/conversatorio-lenguaje-incluyente-como-parte-consustancial-de-la-igualdad-sustantiva-alcances-retos-y-perspectivas\/#primaryimage\"},\"thumbnailUrl\":\"https:\/\/www.tecdmx.org.mx\/wp-content\/uploads\/2019\/12\/02-1.jpg\",\"datePublished\":\"2019-11-25T16:36:00+00:00\",\"dateModified\":\"2019-12-05T16:40:23+00:00\",\"author\":{\"@id\":\"https:\/\/www.tecdmx.org.mx\/#\/schema\/person\/208c898199fb3234203823c5f0cf31d6\"},\"breadcrumb\":{\"@id\":\"https:\/\/www.tecdmx.org.mx\/index.php\/eventos\/2019\/11\/25\/conversatorio-lenguaje-incluyente-como-parte-consustancial-de-la-igualdad-sustantiva-alcances-retos-y-perspectivas\/#breadcrumb\"},\"inLanguage\":\"es\",\"potentialAction\":[{\"@type\":\"ReadAction\",\"target\":[\"https:\/\/www.tecdmx.org.mx\/index.php\/eventos\/2019\/11\/25\/conversatorio-lenguaje-incluyente-como-parte-consustancial-de-la-igualdad-sustantiva-alcances-retos-y-perspectivas\/\"]}]},{\"@type\":\"ImageObject\",\"inLanguage\":\"es\",\"@id\":\"https:\/\/www.tecdmx.org.mx\/index.php\/eventos\/2019\/11\/25\/conversatorio-lenguaje-incluyente-como-parte-consustancial-de-la-igualdad-sustantiva-alcances-retos-y-perspectivas\/#primaryimage\",\"url\":\"https:\/\/www.tecdmx.org.mx\/wp-content\/uploads\/2019\/12\/02-1.jpg\",\"contentUrl\":\"https:\/\/www.tecdmx.org.mx\/wp-content\/uploads\/2019\/12\/02-1.jpg\",\"width\":1280,\"height\":853},{\"@type\":\"BreadcrumbList\",\"@id\":\"https:\/\/www.tecdmx.org.mx\/index.php\/eventos\/2019\/11\/25\/conversatorio-lenguaje-incluyente-como-parte-consustancial-de-la-igualdad-sustantiva-alcances-retos-y-perspectivas\/#breadcrumb\",\"itemListElement\":[{\"@type\":\"ListItem\",\"position\":1,\"name\":\"Portada\",\"item\":\"https:\/\/www.tecdmx.org.mx\/\"},{\"@type\":\"ListItem\",\"position\":2,\"name\":\"Conversatorio \u201cLenguaje Incluyente como parte consustancial de la igualdad sustantiva. Alcances, retos y perspectivas\u201d\"}]},{\"@type\":\"WebSite\",\"@id\":\"https:\/\/www.tecdmx.org.mx\/#website\",\"url\":\"https:\/\/www.tecdmx.org.mx\/\",\"name\":\"Tribunal Electoral de la Ciudad de M\u00e9xico\",\"description\":\"25 a\u00f1os garantizando justicia en tu elecci\u00f3n\",\"potentialAction\":[{\"@type\":\"SearchAction\",\"target\":{\"@type\":\"EntryPoint\",\"urlTemplate\":\"https:\/\/www.tecdmx.org.mx\/?s={search_term_string}\"},\"query-input\":\"required name=search_term_string\"}],\"inLanguage\":\"es\"},{\"@type\":\"Person\",\"@id\":\"https:\/\/www.tecdmx.org.mx\/#\/schema\/person\/208c898199fb3234203823c5f0cf31d6\",\"name\":\"Difusion2025\",\"image\":{\"@type\":\"ImageObject\",\"inLanguage\":\"es\",\"@id\":\"https:\/\/www.tecdmx.org.mx\/#\/schema\/person\/image\/\",\"url\":\"https:\/\/secure.gravatar.com\/avatar\/6f7a4ba3acb418040e90a2eb99b5df28?s=96&d=mm&r=g\",\"contentUrl\":\"https:\/\/secure.gravatar.com\/avatar\/6f7a4ba3acb418040e90a2eb99b5df28?s=96&d=mm&r=g\",\"caption\":\"Difusion2025\"}}]}<\/script>\n<!-- \/ Yoast SEO plugin. -->","yoast_head_json":{"title":"Conversatorio \u201cLenguaje Incluyente como parte consustancial de la igualdad sustantiva. Alcances, retos y perspectivas\u201d - Tribunal Electoral de la Ciudad de M\u00e9xico","robots":{"index":"index","follow":"follow","max-snippet":"max-snippet:-1","max-image-preview":"max-image-preview:large","max-video-preview":"max-video-preview:-1"},"canonical":"https:\/\/www.tecdmx.org.mx\/index.php\/eventos\/2019\/11\/25\/conversatorio-lenguaje-incluyente-como-parte-consustancial-de-la-igualdad-sustantiva-alcances-retos-y-perspectivas\/","og_locale":"es_ES","og_type":"article","og_title":"Conversatorio \u201cLenguaje Incluyente como parte consustancial de la igualdad sustantiva. Alcances, retos y perspectivas\u201d - Tribunal Electoral de la Ciudad de M\u00e9xico","og_description":"Como parte de las actividades para conmemorar el D\u00eda Internacional de la Eliminaci\u00f3n de la Violencia contra la Mujer, la Magistrada Alejandra Ch\u00e1vez Camarena encabez\u00f3 el Conversatorio \u201cLenguaje Incluyente como parte consustancial de la igualdad sustantiva. Alcances, retos y perspectivas\u201d, junto con la maestra Alma \u00c1lvarez Villalobos y el Magistrado Felipe de la Mata Piza\u00f1a. El Magistrado Armando Ambriz Hern\u00e1ndez, inaugur\u00f3 y dio un mensaje,","og_url":"https:\/\/www.tecdmx.org.mx\/index.php\/eventos\/2019\/11\/25\/conversatorio-lenguaje-incluyente-como-parte-consustancial-de-la-igualdad-sustantiva-alcances-retos-y-perspectivas\/","og_site_name":"Tribunal Electoral de la Ciudad de M\u00e9xico","article_publisher":"https:\/\/www.facebook.com\/TECDMX\/","article_published_time":"2019-11-25T16:36:00+00:00","article_modified_time":"2019-12-05T16:40:23+00:00","og_image":[{"width":1280,"height":853,"url":"https:\/\/www.tecdmx.org.mx\/wp-content\/uploads\/2019\/12\/02-1.jpg","type":"image\/jpeg"}],"author":"Difusion2025","twitter_card":"summary_large_image","twitter_creator":"@tecdmx","twitter_site":"@tecdmx","twitter_misc":{"Escrito por":"Difusion2025"},"schema":{"@context":"https:\/\/schema.org","@graph":[{"@type":"WebPage","@id":"https:\/\/www.tecdmx.org.mx\/index.php\/eventos\/2019\/11\/25\/conversatorio-lenguaje-incluyente-como-parte-consustancial-de-la-igualdad-sustantiva-alcances-retos-y-perspectivas\/","url":"https:\/\/www.tecdmx.org.mx\/index.php\/eventos\/2019\/11\/25\/conversatorio-lenguaje-incluyente-como-parte-consustancial-de-la-igualdad-sustantiva-alcances-retos-y-perspectivas\/","name":"Conversatorio \u201cLenguaje Incluyente como parte consustancial de la igualdad sustantiva. Alcances, retos y perspectivas\u201d - Tribunal Electoral de la Ciudad de M\u00e9xico","isPartOf":{"@id":"https:\/\/www.tecdmx.org.mx\/#website"},"primaryImageOfPage":{"@id":"https:\/\/www.tecdmx.org.mx\/index.php\/eventos\/2019\/11\/25\/conversatorio-lenguaje-incluyente-como-parte-consustancial-de-la-igualdad-sustantiva-alcances-retos-y-perspectivas\/#primaryimage"},"image":{"@id":"https:\/\/www.tecdmx.org.mx\/index.php\/eventos\/2019\/11\/25\/conversatorio-lenguaje-incluyente-como-parte-consustancial-de-la-igualdad-sustantiva-alcances-retos-y-perspectivas\/#primaryimage"},"thumbnailUrl":"https:\/\/www.tecdmx.org.mx\/wp-content\/uploads\/2019\/12\/02-1.jpg","datePublished":"2019-11-25T16:36:00+00:00","dateModified":"2019-12-05T16:40:23+00:00","author":{"@id":"https:\/\/www.tecdmx.org.mx\/#\/schema\/person\/208c898199fb3234203823c5f0cf31d6"},"breadcrumb":{"@id":"https:\/\/www.tecdmx.org.mx\/index.php\/eventos\/2019\/11\/25\/conversatorio-lenguaje-incluyente-como-parte-consustancial-de-la-igualdad-sustantiva-alcances-retos-y-perspectivas\/#breadcrumb"},"inLanguage":"es","potentialAction":[{"@type":"ReadAction","target":["https:\/\/www.tecdmx.org.mx\/index.php\/eventos\/2019\/11\/25\/conversatorio-lenguaje-incluyente-como-parte-consustancial-de-la-igualdad-sustantiva-alcances-retos-y-perspectivas\/"]}]},{"@type":"ImageObject","inLanguage":"es","@id":"https:\/\/www.tecdmx.org.mx\/index.php\/eventos\/2019\/11\/25\/conversatorio-lenguaje-incluyente-como-parte-consustancial-de-la-igualdad-sustantiva-alcances-retos-y-perspectivas\/#primaryimage","url":"https:\/\/www.tecdmx.org.mx\/wp-content\/uploads\/2019\/12\/02-1.jpg","contentUrl":"https:\/\/www.tecdmx.org.mx\/wp-content\/uploads\/2019\/12\/02-1.jpg","width":1280,"height":853},{"@type":"BreadcrumbList","@id":"https:\/\/www.tecdmx.org.mx\/index.php\/eventos\/2019\/11\/25\/conversatorio-lenguaje-incluyente-como-parte-consustancial-de-la-igualdad-sustantiva-alcances-retos-y-perspectivas\/#breadcrumb","itemListElement":[{"@type":"ListItem","position":1,"name":"Portada","item":"https:\/\/www.tecdmx.org.mx\/"},{"@type":"ListItem","position":2,"name":"Conversatorio \u201cLenguaje Incluyente como parte consustancial de la igualdad sustantiva. Alcances, retos y perspectivas\u201d"}]},{"@type":"WebSite","@id":"https:\/\/www.tecdmx.org.mx\/#website","url":"https:\/\/www.tecdmx.org.mx\/","name":"Tribunal Electoral de la Ciudad de M\u00e9xico","description":"25 a\u00f1os garantizando justicia en tu elecci\u00f3n","potentialAction":[{"@type":"SearchAction","target":{"@type":"EntryPoint","urlTemplate":"https:\/\/www.tecdmx.org.mx\/?s={search_term_string}"},"query-input":"required name=search_term_string"}],"inLanguage":"es"},{"@type":"Person","@id":"https:\/\/www.tecdmx.org.mx\/#\/schema\/person\/208c898199fb3234203823c5f0cf31d6","name":"Difusion2025","image":{"@type":"ImageObject","inLanguage":"es","@id":"https:\/\/www.tecdmx.org.mx\/#\/schema\/person\/image\/","url":"https:\/\/secure.gravatar.com\/avatar\/6f7a4ba3acb418040e90a2eb99b5df28?s=96&d=mm&r=g","contentUrl":"https:\/\/secure.gravatar.com\/avatar\/6f7a4ba3acb418040e90a2eb99b5df28?s=96&d=mm&r=g","caption":"Difusion2025"}}]}},"_links":{"self":[{"href":"https:\/\/www.tecdmx.org.mx\/index.php\/wp-json\/wp\/v2\/posts\/16390"}],"collection":[{"href":"https:\/\/www.tecdmx.org.mx\/index.php\/wp-json\/wp\/v2\/posts"}],"about":[{"href":"https:\/\/www.tecdmx.org.mx\/index.php\/wp-json\/wp\/v2\/types\/post"}],"author":[{"embeddable":true,"href":"https:\/\/www.tecdmx.org.mx\/index.php\/wp-json\/wp\/v2\/users\/13"}],"replies":[{"embeddable":true,"href":"https:\/\/www.tecdmx.org.mx\/index.php\/wp-json\/wp\/v2\/comments?post=16390"}],"version-history":[{"count":3,"href":"https:\/\/www.tecdmx.org.mx\/index.php\/wp-json\/wp\/v2\/posts\/16390\/revisions"}],"predecessor-version":[{"id":16398,"href":"https:\/\/www.tecdmx.org.mx\/index.php\/wp-json\/wp\/v2\/posts\/16390\/revisions\/16398"}],"wp:featuredmedia":[{"embeddable":true,"href":"https:\/\/www.tecdmx.org.mx\/index.php\/wp-json\/wp\/v2\/media\/16392"}],"wp:attachment":[{"href":"https:\/\/www.tecdmx.org.mx\/index.php\/wp-json\/wp\/v2\/media?parent=16390"}],"wp:term":[{"taxonomy":"category","embeddable":true,"href":"https:\/\/www.tecdmx.org.mx\/index.php\/wp-json\/wp\/v2\/categories?post=16390"},{"taxonomy":"post_tag","embeddable":true,"href":"https:\/\/www.tecdmx.org.mx\/index.php\/wp-json\/wp\/v2\/tags?post=16390"}],"curies":[{"name":"wp","href":"https:\/\/api.w.org\/{rel}","templated":true}]}}